{"id":9933,"date":"2012-12-31T10:00:16","date_gmt":"2012-12-31T09:00:16","guid":{"rendered":"http:\/\/www.moda.es\/blog\/?p=9933"},"modified":"2020-04-27T18:29:43","modified_gmt":"2020-04-27T17:29:43","slug":"2012-un-ano-lleno-de-moda","status":"publish","type":"post","link":"http:\/\/www.moda.es\/blog\/2012-un-ano-lleno-de-moda\/","title":{"rendered":"2012, un a\u00f1o lleno de moda"},"content":{"rendered":"<p>Se acaba el a\u00f1o. 366 d\u00edas que han pasado llenos de proyectos, anuncios, nuevas campa\u00f1as y mucha, \u00a1much\u00edsima acci\u00f3n! En el \u00faltimo d\u00eda del a\u00f1o repasamos contigo los mejores momentos fashion de 2012.<\/p>\n<p>&nbsp;<\/p>\n<p>Si algo ha caracterizado al a\u00f1o que hoy termina han sido los cambios de silla. De silla, de chaqueta, de taller&#8230; 2012 ha estado lleno de cambios en los templos de la moda. <strong>Raf Simons y Hedi Slimane<\/strong> protagonizaron sus propias batallas de estilo en sus primeras colecciones para <strong>Dior<\/strong> e <strong>YSL<\/strong> respectivamente marcando en ambos casos un antes y un despu\u00e9s en la historia de sus nuevas marcas, tanto que Slimane cambi\u00f3 el nombre y el logotipo, y ha trasladado su sede de dise\u00f1o a Los \u00c1ngeles. <strong>Nicolas Ghesqui\u00e9re<\/strong> dej\u00f3 <strong>Balenciaga<\/strong> pero <strong>Alexander Wang<\/strong> fue a cubrir su puesto. <strong>Christopher Kane<\/strong> dej\u00f3 <strong>Versus, Derek Lam <\/strong>se fue de<strong> Tod&#8217;s <\/strong>y<strong> Stefano Pilati<\/strong>, damnificado de YSL, se traslad\u00f3 a <strong>Ermenegildo Zegna<\/strong>. Para marearse.<\/p>\n<p style=\"text-align: center\">\u00a0<a href=\"https:\/\/i0.wp.com\/www.moda.es\/blog\/wp-content\/uploads\/2012\/12\/Stefano-Pilati-Derel-Lam-Raf-Simons-Alexander-Wang-Christopher-Kane-Nicolas-Ghesquiere-Hedi-Slimane.jpg\" target=\"_blank\"><img data-attachment-id=\"9944\" data-permalink=\"http:\/\/www.moda.es\/blog\/2012-un-ano-lleno-de-moda\/stefano-pilati-derel-lam-raf-simons-alexander-wang-christopher-kane-nicolas-ghesquiere-hedi-slimane\/\" data-orig-file=\"https:\/\/i0.wp.com\/www.moda.es\/blog\/wp-content\/uploads\/2012\/12\/Stefano-Pilati-Derel-Lam-Raf-Simons-Alexander-Wang-Christopher-Kane-Nicolas-Ghesquiere-Hedi-Slimane.jpg?fit=500%2C600\" data-orig-size=\"500,600\" data-comments-opened=\"1\" data-image-meta=\"{&quot;aperture&quot;:&quot;0&quot;,&quot;credit&quot;:&quot;&quot;,&quot;camera&quot;:&quot;&quot;,&quot;caption&quot;:&quot;&quot;,&quot;created_timestamp&quot;:&quot;0&quot;,&quot;copyright&quot;:&quot;&quot;,&quot;focal_length&quot;:&quot;0&quot;,&quot;iso&quot;:&quot;0&quot;,&quot;shutter_speed&quot;:&quot;0&quot;,&quot;title&quot;:&quot;&quot;}\" data-image-title=\"Stefano Pilati &#8211; Derel Lam &#8211; Raf Simons &#8211; Alexander Wang &#8211; Christopher Kane &#8211; Nicolas Ghesquiere &#8211; Hedi Slimane\" data-image-description=\"\" data-image-caption=\"\" data-medium-file=\"https:\/\/i0.wp.com\/www.moda.es\/blog\/wp-content\/uploads\/2012\/12\/Stefano-Pilati-Derel-Lam-Raf-Simons-Alexander-Wang-Christopher-Kane-Nicolas-Ghesquiere-Hedi-Slimane.jpg?fit=250%2C300\" data-large-file=\"https:\/\/i0.wp.com\/www.moda.es\/blog\/wp-content\/uploads\/2012\/12\/Stefano-Pilati-Derel-Lam-Raf-Simons-Alexander-Wang-Christopher-Kane-Nicolas-Ghesquiere-Hedi-Slimane.jpg?fit=500%2C600\" loading=\"lazy\" class=\"aligncenter size-full wp-image-9944\" alt=\"Stefano Pilati - Derel Lam - Raf Simons - Alexander Wang - Christopher Kane - Nicolas Ghesquiere - Hedi Slimane\" src=\"https:\/\/i0.wp.com\/www.moda.es\/blog\/wp-content\/uploads\/2012\/12\/Stefano-Pilati-Derel-Lam-Raf-Simons-Alexander-Wang-Christopher-Kane-Nicolas-Ghesquiere-Hedi-Slimane.jpg?resize=500%2C600\" width=\"500\" height=\"600\" srcset=\"https:\/\/i0.wp.com\/www.moda.es\/blog\/wp-content\/uploads\/2012\/12\/Stefano-Pilati-Derel-Lam-Raf-Simons-Alexander-Wang-Christopher-Kane-Nicolas-Ghesquiere-Hedi-Slimane.jpg?w=500 500w, https:\/\/i0.wp.com\/www.moda.es\/blog\/wp-content\/uploads\/2012\/12\/Stefano-Pilati-Derel-Lam-Raf-Simons-Alexander-Wang-Christopher-Kane-Nicolas-Ghesquiere-Hedi-Slimane.jpg?resize=250%2C300 250w\" sizes=\"(max-width: 500px) 100vw, 500px\" data-recalc-dims=\"1\" \/><\/a><\/p>\n<p>2012 ha sido tambi\u00e9n el a\u00f1o de las colaboraciones.<strong> Gala Gonz\u00e1lez<\/strong> para <strong>Mango<\/strong>, <strong>Carine Roitfeld<\/strong> para <strong>MAC Scott Schuman<\/strong> para <strong>Coach<\/strong>, <strong>Thakoon<\/strong> para <strong>Nars<\/strong>, <strong>Chistopher Raeburn<\/strong> para <strong>Levi&#8217;s<\/strong>, <strong>Anna Dello Russo<\/strong> para <strong>H&amp;M<\/strong>, <strong>Maison Martin Margiela<\/strong> tambi\u00e9n para H&amp;M, y hasta <strong>David Beckham<\/strong> se ha asociado a la marca sueca. La lista es interminable.<\/p>\n<p>&nbsp;<\/p>\n<p>En 2012 nos rendimos a nuevas <strong>tendencias<\/strong> y conservamos los b\u00e1sicos: el estilo militar que siempre acierta, la silueta peplum, los guantes largos, los cinturones ce\u00f1idos a la cintura, las l\u00edneas geom\u00e9tricas, el volumen en las caderas, los estampados animales y de animales (de hecho los estampados en todas sus versiones), el brillo en todas sus vertientes, las sudaderas, el look apache, las capas, el cuero, los brocados, el toque g\u00f3tico&#8230; \u00bfCu\u00e1l ha sido tu preferida?<\/p>\n<p style=\"text-align: center\">\u00a0<a href=\"https:\/\/i0.wp.com\/www.moda.es\/blog\/wp-content\/uploads\/2012\/12\/Tendencias-2012.jpg\" target=\"_blank\"><img data-attachment-id=\"9946\" data-permalink=\"http:\/\/www.moda.es\/blog\/2012-un-ano-lleno-de-moda\/tendencias-2012\/\" data-orig-file=\"https:\/\/i0.wp.com\/www.moda.es\/blog\/wp-content\/uploads\/2012\/12\/Tendencias-2012.jpg?fit=500%2C634\" data-orig-size=\"500,634\" data-comments-opened=\"1\" data-image-meta=\"{&quot;aperture&quot;:&quot;0&quot;,&quot;credit&quot;:&quot;&quot;,&quot;camera&quot;:&quot;&quot;,&quot;caption&quot;:&quot;&quot;,&quot;created_timestamp&quot;:&quot;0&quot;,&quot;copyright&quot;:&quot;&quot;,&quot;focal_length&quot;:&quot;0&quot;,&quot;iso&quot;:&quot;0&quot;,&quot;shutter_speed&quot;:&quot;0&quot;,&quot;title&quot;:&quot;&quot;}\" data-image-title=\"Tendencias 2012\" data-image-description=\"\" data-image-caption=\"\" data-medium-file=\"https:\/\/i0.wp.com\/www.moda.es\/blog\/wp-content\/uploads\/2012\/12\/Tendencias-2012.jpg?fit=236%2C300\" data-large-file=\"https:\/\/i0.wp.com\/www.moda.es\/blog\/wp-content\/uploads\/2012\/12\/Tendencias-2012.jpg?fit=500%2C634\" loading=\"lazy\" class=\"aligncenter size-full wp-image-9946\" alt=\"Tendencias 2012\" src=\"https:\/\/i0.wp.com\/www.moda.es\/blog\/wp-content\/uploads\/2012\/12\/Tendencias-2012.jpg?resize=500%2C634\" width=\"500\" height=\"634\" srcset=\"https:\/\/i0.wp.com\/www.moda.es\/blog\/wp-content\/uploads\/2012\/12\/Tendencias-2012.jpg?w=500 500w, https:\/\/i0.wp.com\/www.moda.es\/blog\/wp-content\/uploads\/2012\/12\/Tendencias-2012.jpg?resize=236%2C300 236w\" sizes=\"(max-width: 500px) 100vw, 500px\" data-recalc-dims=\"1\" \/><\/a><\/p>\n<p>Adem\u00e1s, por fin dimos carpetazo a la serie Gossip Girl aunque con un final un poco forzado, <strong>Marni<\/strong> ha entrado ha formar parte del imperio <strong>Diesel<\/strong> de <strong>Renzo Rosso<\/strong>, hemos celebrado los aniversarios de Lanvin, Moncler, Lacoste, Valentino, Ray Ban y Tiffany &amp; Co y los Juegos Ol\u00edmpicos de Londres fueron escenario de encuentros: Las <strong>Spice Girls<\/strong> volvieron a darse cita para una gra actuaci\u00f3n y las mejores modelos brit\u00e1nicas capitaneadas por <strong>Naomi Campbell<\/strong> y <strong>Kate Moss<\/strong> desfilaron juntas en la Ceremonia de Clausura de las Olimpiadas. Otra modelo britsh, <strong>Cara Delevingne<\/strong>, se ha alzado con el t\u00edtulo de Modelo del A\u00f1o en los British Awards.<\/p>\n<p style=\"text-align: center\">\u00a0<a href=\"https:\/\/i0.wp.com\/www.moda.es\/blog\/wp-content\/uploads\/2012\/12\/Ceremonia-de-clausura-Juegos-Olimpicos1.jpg\" target=\"_blank\"><img loading=\"lazy\" class=\"aligncenter\" alt=\"2012 Olympic Games - Closing Ceremony\" src=\"https:\/\/i0.wp.com\/www.moda.es\/blog\/wp-content\/uploads\/2012\/12\/Ceremonia-de-clausura-Juegos-Olimpicos1.jpg?resize=400%2C280\" width=\"400\" height=\"280\" data-recalc-dims=\"1\" \/><\/a><\/p>\n<p>Pero no todo fueron alegr\u00edas porque en el a\u00f1o que hoy cerramos se han lidiado varias demandas legales. <strong>Louboutin vs Yves Saint Laurent<\/strong> se zanj\u00f3 con la victoria del zapatero en la guerra por el monopolio de la suela roja y <strong>Gucci<\/strong> recibi\u00f3 la nada desde\u00f1able cantidad de\u00a04,66 millones d\u00f3lares tras su demanda contra <strong>Guess<\/strong> por el uso del logotipo de las G entrelazadas.<\/p>\n<p style=\"text-align: center\"><a href=\"https:\/\/i0.wp.com\/www.moda.es\/blog\/wp-content\/uploads\/2012\/12\/Louboutin-vs-YSL.jpg\" target=\"_blank\"><img data-attachment-id=\"9942\" data-permalink=\"http:\/\/www.moda.es\/blog\/2012-un-ano-lleno-de-moda\/louboutin-vs-ysl\/\" data-orig-file=\"https:\/\/i0.wp.com\/www.moda.es\/blog\/wp-content\/uploads\/2012\/12\/Louboutin-vs-YSL.jpg?fit=500%2C329\" data-orig-size=\"500,329\" data-comments-opened=\"1\" data-image-meta=\"{&quot;aperture&quot;:&quot;0&quot;,&quot;credit&quot;:&quot;&quot;,&quot;camera&quot;:&quot;&quot;,&quot;caption&quot;:&quot;&quot;,&quot;created_timestamp&quot;:&quot;0&quot;,&quot;copyright&quot;:&quot;&quot;,&quot;focal_length&quot;:&quot;0&quot;,&quot;iso&quot;:&quot;0&quot;,&quot;shutter_speed&quot;:&quot;0&quot;,&quot;title&quot;:&quot;&quot;}\" data-image-title=\"Louboutin vs YSL\" data-image-description=\"\" data-image-caption=\"\" data-medium-file=\"https:\/\/i0.wp.com\/www.moda.es\/blog\/wp-content\/uploads\/2012\/12\/Louboutin-vs-YSL.jpg?fit=300%2C197\" data-large-file=\"https:\/\/i0.wp.com\/www.moda.es\/blog\/wp-content\/uploads\/2012\/12\/Louboutin-vs-YSL.jpg?fit=500%2C329\" loading=\"lazy\" class=\"aligncenter size-full wp-image-9942\" alt=\"Louboutin vs YSL\" src=\"https:\/\/i0.wp.com\/www.moda.es\/blog\/wp-content\/uploads\/2012\/12\/Louboutin-vs-YSL.jpg?resize=500%2C329\" width=\"500\" height=\"329\" srcset=\"https:\/\/i0.wp.com\/www.moda.es\/blog\/wp-content\/uploads\/2012\/12\/Louboutin-vs-YSL.jpg?w=500 500w, https:\/\/i0.wp.com\/www.moda.es\/blog\/wp-content\/uploads\/2012\/12\/Louboutin-vs-YSL.jpg?resize=300%2C197 300w\" sizes=\"(max-width: 500px) 100vw, 500px\" data-recalc-dims=\"1\" \/><\/a><\/p>\n<p>Desde luego, \u00a12013 va a tener mucho trabajo para sorprendernos igual! De momento ya sabemos que se se avecina una Semana de la Alta Costura muy\u00a0 \u00abbaja\u00bb con la ausencia de <strong>Givenchy<\/strong>&#8230; \u00bfqu\u00e9 ser\u00e1 lo pr\u00f3ximo?<\/p>\n<p>&nbsp;<\/p>\n<p>\u00a1Feliz a\u00f1o nuevo!<\/p>\n<p>&nbsp;<\/p>\n<p>&nbsp;<\/p>\n<p>\u00a9Forbes \/ Style \/ Firmas<\/p>\n<p>&nbsp;                             <\/p>\n","protected":false},"excerpt":{"rendered":"<p>Se acaba el a\u00f1o. 366 d\u00edas que han pasado llenos de proyectos, anuncios, nuevas campa\u00f1as y mucha, \u00a1much\u00edsima acci\u00f3n! En el \u00faltimo d\u00eda del a\u00f1o repasamos contigo los mejores momentos fashion de 2012. &nbsp; Si algo ha caracterizado al a\u00f1o que hoy termina han sido los cambios de silla. De [&hellip;]<\/p>\n","protected":false},"author":3,"featured_media":16932,"comment_status":"open","ping_status":"open","sticky":false,"template":"","format":"standard","meta":{"jetpack_publicize_message":"","jetpack_is_tweetstorm":false,"jetpack_publicize_feature_enabled":true},"categories":[12,27],"tags":[66,89,108,163,165,200,211,243,255,262,263,313,337,354,371,372,377,384,471,548,555,563,566,587,650,665,747,761,808,831,838,840,874,890,955],"jetpack_publicize_connections":[],"jetpack_featured_media_url":"https:\/\/i0.wp.com\/www.moda.es\/blog\/wp-content\/uploads\/2012\/12\/Stefano-Pilati-Derel-Lam-Raf-Simons-Alexander-Wang-Christopher-Kane-Nicolas-Ghesquiere-Hedi-Slimane1.jpg?fit=500%2C600","jetpack_sharing_enabled":true,"jetpack_shortlink":"https:\/\/wp.me\/p4tJCC-2Ad","jetpack-related-posts":[{"id":20489,"url":"http:\/\/www.moda.es\/blog\/hedi-slimane-abandona-saint-laurent\/","url_meta":{"origin":9933,"position":0},"title":"Hedi Slimane abandona Saint Laurent","date":"abril 2, 2016","format":false,"excerpt":"Hedi Slimane,ha abandonado su papel de director creativo\u00a0de\u00a0Saint Laurent\u00a0seg\u00fan ha anunciado el\u00a0\u00a0propietario de Kering. El anuncio se ha producido en el momento en el que finalizaba su contrato con la \u00a0confirmando los rumores que han estado circulando por la industria de la moda desde finales del a\u00f1o pasado. \"Lo que\u2026","rel":"","context":"En \u00abActualidad\u00bb","img":{"alt_text":"","src":"https:\/\/i0.wp.com\/www.moda.es\/blog\/wp-content\/uploads\/2016\/04\/Captura-de-pantalla-2016-04-02-a-las-18.25.45.png?fit=778%2C517&resize=350%2C200","width":350,"height":200},"classes":[]},{"id":21534,"url":"http:\/\/www.moda.es\/blog\/2016-un-ano-de-moda\/","url_meta":{"origin":9933,"position":1},"title":"2016: Un a\u00f1o de moda","date":"diciembre 31, 2016","format":false,"excerpt":"La moda es cambio, eso est\u00e1 claro y no habr\u00eda a\u00f1o de moda que se precie si no estuviera lleno de ellos. En 2016 hemos perdido\u00a0a muchos\u00a0grandes de la moda, la m\u00e1s reciente Franca Sozzani, ha habido muchos movimientos creativos, y colaboraciones\u00a0de moda que han hecho que\u00a0todo el mundo saliera\u2026","rel":"","context":"En \u00abDestacados\u00bb","img":{"alt_text":"","src":"https:\/\/i0.wp.com\/www.moda.es\/blog\/wp-content\/uploads\/2016\/12\/Captura-de-pantalla-2016-12-31-a-las-17.03.06.png?fit=351%2C525&resize=350%2C200","width":350,"height":200},"classes":[]},{"id":131,"url":"http:\/\/www.moda.es\/blog\/hedi-slimane-en-blanco-y-negro\/","url_meta":{"origin":9933,"position":2},"title":"Hedi Slimane en blanco y negro","date":"diciembre 6, 2010","format":false,"excerpt":"El otro d\u00eda iba hablando con un amigo sobre este blog y, debatiendo sobre fot\u00f3grafos especializados en moda, me dijo: \u00bfpor qu\u00e9 no hablas de dise\u00f1adores que se han pasado a la fotograf\u00eda? Est\u00e1 Hedi Slimane, por ejemplo, que de ser el director creativo de Dior Homme se ha pasado\u2026","rel":"","context":"En \u00abDise\u00f1adores\u00bb","img":{"alt_text":"","src":"https:\/\/i0.wp.com\/1.bp.blogspot.com\/_-pc3kUMgEBE\/S_frIsphzBI\/AAAAAAAAAS0\/4ctMv_kkZYA\/s1600\/benicassim,slimane,2007.jpg?resize=350%2C200","width":350,"height":200},"classes":[]},{"id":9089,"url":"http:\/\/www.moda.es\/blog\/paris-fashion-week-nuestro-resumen\/","url_meta":{"origin":9933,"position":3},"title":"Par\u00eds Fashion Week, nuestro resumen","date":"octubre 9, 2012","format":false,"excerpt":"Las webs de las revistas m\u00e1s importantes han ido subiendo im\u00e1genes de los desfiles de cada una de las semanas de la moda casi al instante y al poco tiempo, al menos, un d\u00eda han ido subiendo sus cr\u00edticas. Nosotros hemos preferido esperar a que pasara el toro para con\u2026","rel":"","context":"En \u00abPasarelas\u00bb","img":{"alt_text":"","src":"https:\/\/i0.wp.com\/www.moda.es\/blog\/wp-content\/uploads\/2012\/10\/Saint-Laurent_Look-41-e13497412183291.jpg?fit=400%2C601&resize=350%2C200","width":350,"height":200},"classes":[]},{"id":20203,"url":"http:\/\/www.moda.es\/blog\/vacarello-como-sustituto-de-slimane\/","url_meta":{"origin":9933,"position":4},"title":"\u00bfVacarello como sustituto de Slimane?","date":"enero 15, 2016","format":false,"excerpt":"Aunque Yves Saint Laurent fue muy insistente hace s\u00f3lo una semana sobre los rumores de\u00a0la salida de su director creativo, Hedi Slimane, diciendo que eran\u00a0s\u00f3lo \"falsas especulaciones\", los rumores no van a desaparecer, \u00a0y esta vez, \u00a0adem\u00e1s hay un sucesor\u00a0en debate:\u00a0Antony Vaccarello. Las negociaciones del contrato de Slimane todav\u00eda no\u2026","rel":"","context":"En \u00abActualidad\u00bb","img":{"alt_text":"","src":"https:\/\/i0.wp.com\/www.moda.es\/blog\/wp-content\/uploads\/2016\/01\/Captura-de-pantalla-2016-01-15-a-las-22.52.09.png?fit=300%2C451&resize=350%2C200","width":350,"height":200},"classes":[]},{"id":19651,"url":"http:\/\/www.moda.es\/blog\/yves-saint-laurent-volvera-a-hacer-alta-costura\/","url_meta":{"origin":9933,"position":5},"title":"Yves Saint Laurent volver\u00e1 a hacer Alta Costura","date":"agosto 1, 2015","format":false,"excerpt":"Yves Saint Laurent ha anunciado que\u00a0tiene previsto regresar a la Alta Costura\u00a0por primera vez despu\u00e9s de m\u00e1s de una d\u00e9cada. La casa francesa, que en el pasado mostr\u00f3 una colecci\u00f3n de Alta Costura creada por el fundador en 2002, justo antes de su retiro, a\u00fan no ha confirmado si va\u2026","rel":"","context":"En \u00abColecciones\u00bb","img":{"alt_text":"","src":"https:\/\/i0.wp.com\/www.moda.es\/blog\/wp-content\/uploads\/2015\/08\/Captura-de-pantalla-2015-08-01-a-las-16.13.31.png?fit=277%2C378&resize=350%2C200","width":350,"height":200},"classes":[]}],"_links":{"self":[{"href":"http:\/\/www.moda.es\/blog\/wp-json\/wp\/v2\/posts\/9933"}],"collection":[{"href":"http:\/\/www.moda.es\/blog\/wp-json\/wp\/v2\/posts"}],"about":[{"href":"http:\/\/www.moda.es\/blog\/wp-json\/wp\/v2\/types\/post"}],"author":[{"embeddable":true,"href":"http:\/\/www.moda.es\/blog\/wp-json\/wp\/v2\/users\/3"}],"replies":[{"embeddable":true,"href":"http:\/\/www.moda.es\/blog\/wp-json\/wp\/v2\/comments?post=9933"}],"version-history":[{"count":7,"href":"http:\/\/www.moda.es\/blog\/wp-json\/wp\/v2\/posts\/9933\/revisions"}],"predecessor-version":[{"id":36741,"href":"http:\/\/www.moda.es\/blog\/wp-json\/wp\/v2\/posts\/9933\/revisions\/36741"}],"wp:featuredmedia":[{"embeddable":true,"href":"http:\/\/www.moda.es\/blog\/wp-json\/wp\/v2\/media\/16932"}],"wp:attachment":[{"href":"http:\/\/www.moda.es\/blog\/wp-json\/wp\/v2\/media?parent=9933"}],"wp:term":[{"taxonomy":"category","embeddable":true,"href":"http:\/\/www.moda.es\/blog\/wp-json\/wp\/v2\/categories?post=9933"},{"taxonomy":"post_tag","embeddable":true,"href":"http:\/\/www.moda.es\/blog\/wp-json\/wp\/v2\/tags?post=9933"}],"curies":[{"name":"wp","href":"https:\/\/api.w.org\/{rel}","templated":true}]}}