{"id":9623,"date":"2012-12-20T23:46:29","date_gmt":"2012-12-20T22:46:29","guid":{"rendered":"http:\/\/www.moda.es\/blog\/?p=9623"},"modified":"2020-04-27T18:31:06","modified_gmt":"2020-04-27T17:31:06","slug":"givenchy-descansa-de-la-alta-costura","status":"publish","type":"post","link":"http:\/\/www.moda.es\/blog\/givenchy-descansa-de-la-alta-costura\/","title":{"rendered":"Givenchy descansa de la Alta Costura"},"content":{"rendered":"<p>Triste pero cierto. Hasta los cuentos de hadas ponen los pies en la tierra alguna vez. La firma m\u00e1s elitista, sublime, perfecta y talentosa decide darse un respiro: Givenchy abandona por una temporada (al menos no es definitivo) sus desfiles de Alta Costura.<\/p>\n<p>Teniendo en cuenta que ya en 2010 se cambiaron los grandes show por presentaciones \u00edntimas en los que no se superaban las 15 propuestas, este parece un paso obvio, a\u00fan as\u00ed, la marca continuar\u00e1 financiando su atelier de alta costura y\u00a0Ricardo Tisci\u00a0mantendr\u00e1 las presentaciones privadas para <em>celebrities<\/em> y clientes y no dejar\u00e1 de elaborar dise\u00f1os \u00fanicos para eventos como la emblem\u00e1tica Gala de los MET, por ejemplo.<\/p>\n<p>&nbsp;<\/p>\n<p style=\"text-align: center\"><a href=\"https:\/\/i0.wp.com\/www.moda.es\/blog\/wp-content\/uploads\/2012\/12\/givenchy.jpg\" target=\"_blank\"><img data-attachment-id=\"9624\" data-permalink=\"http:\/\/www.moda.es\/blog\/givenchy-descansa-de-la-alta-costura\/givenchy\/\" data-orig-file=\"https:\/\/i0.wp.com\/www.moda.es\/blog\/wp-content\/uploads\/2012\/12\/givenchy.jpg?fit=500%2C378\" data-orig-size=\"500,378\" data-comments-opened=\"1\" data-image-meta=\"{&quot;aperture&quot;:&quot;0&quot;,&quot;credit&quot;:&quot;&quot;,&quot;camera&quot;:&quot;&quot;,&quot;caption&quot;:&quot;&quot;,&quot;created_timestamp&quot;:&quot;0&quot;,&quot;copyright&quot;:&quot;&quot;,&quot;focal_length&quot;:&quot;0&quot;,&quot;iso&quot;:&quot;0&quot;,&quot;shutter_speed&quot;:&quot;0&quot;,&quot;title&quot;:&quot;&quot;}\" data-image-title=\"givenchy\" data-image-description=\"\" data-image-caption=\"\" data-medium-file=\"https:\/\/i0.wp.com\/www.moda.es\/blog\/wp-content\/uploads\/2012\/12\/givenchy.jpg?fit=300%2C226\" data-large-file=\"https:\/\/i0.wp.com\/www.moda.es\/blog\/wp-content\/uploads\/2012\/12\/givenchy.jpg?fit=500%2C378\" loading=\"lazy\" class=\"aligncenter size-full wp-image-9624\" alt=\"givenchy\" src=\"https:\/\/i0.wp.com\/www.moda.es\/blog\/wp-content\/uploads\/2012\/12\/givenchy.jpg?resize=500%2C378\" width=\"500\" height=\"378\" srcset=\"https:\/\/i0.wp.com\/www.moda.es\/blog\/wp-content\/uploads\/2012\/12\/givenchy.jpg?w=500 500w, https:\/\/i0.wp.com\/www.moda.es\/blog\/wp-content\/uploads\/2012\/12\/givenchy.jpg?resize=300%2C226 300w\" sizes=\"(max-width: 500px) 100vw, 500px\" data-recalc-dims=\"1\" \/><\/a><\/p>\n<p>&nbsp;<\/p>\n<p>As\u00ed, enero se presenta con otro color&#8230; mucho m\u00e1s gris. Ya era patente en las \u00faltimas temporadas que la Alta Costura se estaba volviendo cada vez m\u00e1s \u00abbaja\u00bb. Baja en creatividad, en apuestas, en riesgo, es espect\u00e1culo&#8230; A\u00fan as\u00ed, desde un punto de vista objetivo la decisi\u00f3n es l\u00f3gica. La costura es cara, tanto en tiempo como en dinero, requiere unas habilidades que no todos los modistos tienen y el mercado cada vez compra menos. Hemos perdido el sue\u00f1o pero sin duda la decisi\u00f3n es inteligente, y probablemente no ser\u00e1 \u00e9ste el \u00faltimo anuncio de este tipo que presenciemos porque la moda, a pesar de ser un arte, tambi\u00e9n tiene que apretarse el cintur\u00f3n.<\/p>\n<p>&nbsp;<\/p>\n<p>&nbsp;<\/p>\n<p>\u00a9Style<\/p>\n<p>&nbsp;<\/p>\n<p>&nbsp;                             <\/p>\n","protected":false},"excerpt":{"rendered":"<p>Triste pero cierto. Hasta los cuentos de hadas ponen los pies en la tierra alguna vez. La firma m\u00e1s elitista, sublime, perfecta y talentosa decide darse un respiro: Givenchy abandona por una temporada (al menos no es definitivo) sus desfiles de Alta Costura. Teniendo en cuenta que ya en 2010 [&hellip;]<\/p>\n","protected":false},"author":3,"featured_media":16919,"comment_status":"open","ping_status":"open","sticky":false,"template":"","format":"standard","meta":{"jetpack_publicize_message":"","jetpack_is_tweetstorm":false,"jetpack_publicize_feature_enabled":true},"categories":[12,23],"tags":[72,354,763],"jetpack_publicize_connections":[],"jetpack_featured_media_url":"https:\/\/i0.wp.com\/www.moda.es\/blog\/wp-content\/uploads\/2012\/12\/givenchy1.jpg?fit=500%2C378","jetpack_sharing_enabled":true,"jetpack_shortlink":"https:\/\/wp.me\/p4tJCC-2vd","jetpack-related-posts":[{"id":11424,"url":"http:\/\/www.moda.es\/blog\/ricardo-tisci-crea-el-vestuario-para-el-proximo-tour-de-rihanna\/","url_meta":{"origin":9623,"position":0},"title":"Ricardo Tisci crea el vestuario para el pr\u00f3ximo tour de Rihanna","date":"marzo 12, 2013","format":false,"excerpt":"\u00a0 Rihanna y su Diamonds World Tour arranca con fuerza. Con fuerza y con Givechy porque la casa y su Director Creativo, Ricardo Tisci, son los responsables del vestuario que luce la cantante durante el primer acto de sus conciertos. En su primera actuaci\u00f3n, celebrada en Buffalo, Nueva York, la\u2026","rel":"","context":"En \u00abDise\u00f1adores\u00bb","img":{"alt_text":"","src":"https:\/\/i0.wp.com\/www.moda.es\/blog\/wp-content\/uploads\/2013\/03\/Riccardo-Tisci-para-Rihanna1.jpg?fit=409%2C613&resize=350%2C200","width":350,"height":200},"classes":[]},{"id":2602,"url":"http:\/\/www.moda.es\/blog\/la-alta-costura-del-siglo-xxi\/","url_meta":{"origin":9623,"position":1},"title":"La alta costura del siglo XXI","date":"julio 10, 2011","format":false,"excerpt":"Hoy regreso a uno de mis favoritos: Riccardo Tisci para Givenchy.\u00a0El pasado martes present\u00f3 su nueva colecci\u00f3n en los desfiles de la alta costura de Par\u00eds.\u00a0\"Pureza, ligereza, fragilidad\", as\u00ed resumi\u00f3 el dise\u00f1ador su enfoque, como recoge la web Style.com. La colecci\u00f3n de Tisci de alta costura para el oto\u00f1o-invierno 2011\/\u2026","rel":"","context":"En \u00abPasarelas\u00bb","img":{"alt_text":"","src":"https:\/\/i0.wp.com\/www.moda.es\/blog\/wp-content\/uploads\/2011\/07\/022m1.jpg?fit=320%2C480&resize=350%2C200","width":350,"height":200},"classes":[]},{"id":21934,"url":"http:\/\/www.moda.es\/blog\/givenchy-nombra-a-su-primera-directora-creativa-femenina\/","url_meta":{"origin":9623,"position":2},"title":"Givenchy nombra a su primera directora creativa femenina","date":"marzo 22, 2017","format":false,"excerpt":"En sus 65 a\u00f1os de existencia, la casa Givenchy - conocida por su ropa de mujer - nunca ha tenido una mujer en su tim\u00f3n. Todo eso cambiar\u00e1 el 2 de mayo, cuando Clare Waight Keller, antes de Chlo\u00e9, llegue\u00a0para reemplazar a Riccardo Tisci. (Algo nos dice que los ejecutivos\u2026","rel":"","context":"En \u00abActualidad\u00bb","img":{"alt_text":"","src":"https:\/\/i0.wp.com\/www.moda.es\/blog\/wp-content\/uploads\/2017\/03\/Captura-de-pantalla-2017-03-22-a-las-21.18.28.png?fit=422%2C424&resize=350%2C200","width":350,"height":200},"classes":[]},{"id":652,"url":"http:\/\/www.moda.es\/blog\/evocacion-nipona\/","url_meta":{"origin":9623,"position":3},"title":"Evocaci\u00f3n nipona","date":"enero 28, 2011","format":false,"excerpt":"Acaba de clausurarse la semana de la Alta Costura de Par\u00eds. Otro a\u00f1o de hacernos so\u00f1ar. Otro a\u00f1o de espect\u00e1culo, de derroche de imaginaci\u00f3n, de construcciones imposibles sobre tejidos hechas posibles. S\u00f3lo las mejores casas, las m\u00e1s asentadas, y\u00a0los dise\u00f1adores de creatividad iluminada pueden entrar en la alta costura. En\u2026","rel":"","context":"En \u00abPasarelas\u00bb","img":{"alt_text":"","src":"https:\/\/i0.wp.com\/www.moda.es\/blog\/wp-content\/uploads\/2011\/01\/6a00d8341bfb1653ef0147e1fc66c3970b1.gif?fit=506%2C404&resize=350%2C200","width":350,"height":200},"classes":[]},{"id":19651,"url":"http:\/\/www.moda.es\/blog\/yves-saint-laurent-volvera-a-hacer-alta-costura\/","url_meta":{"origin":9623,"position":4},"title":"Yves Saint Laurent volver\u00e1 a hacer Alta Costura","date":"agosto 1, 2015","format":false,"excerpt":"Yves Saint Laurent ha anunciado que\u00a0tiene previsto regresar a la Alta Costura\u00a0por primera vez despu\u00e9s de m\u00e1s de una d\u00e9cada. La casa francesa, que en el pasado mostr\u00f3 una colecci\u00f3n de Alta Costura creada por el fundador en 2002, justo antes de su retiro, a\u00fan no ha confirmado si va\u2026","rel":"","context":"En \u00abColecciones\u00bb","img":{"alt_text":"","src":"https:\/\/i0.wp.com\/www.moda.es\/blog\/wp-content\/uploads\/2015\/08\/Captura-de-pantalla-2015-08-01-a-las-16.13.31.png?fit=277%2C378&resize=350%2C200","width":350,"height":200},"classes":[]},{"id":990,"url":"http:\/\/www.moda.es\/blog\/and-the-oscar-goes-to\/","url_meta":{"origin":9623,"position":5},"title":"And the Oscar goes to&#8230;","date":"febrero 28, 2011","format":false,"excerpt":"La noche de los \u00d3scar ha sido otra vez una noche de estrellas y glamour. Las actrices vestidas por los mejores dise\u00f1adores, algunas llevando vestidos de alta costura, han desfilado por la alfombra roja. Os presento el top ten de las mejores galas de este a\u00f1o. 1. Cate Blanchett impresionante\u2026","rel":"","context":"En \u00abAlfombra Roja\u00bb","img":{"alt_text":"","src":"https:\/\/i0.wp.com\/www.moda.es\/blog\/wp-content\/uploads\/2011\/02\/Cate-Blanchett-at-the-Osc-0111.jpg?fit=640%2C480&resize=350%2C200","width":350,"height":200},"classes":[]}],"_links":{"self":[{"href":"http:\/\/www.moda.es\/blog\/wp-json\/wp\/v2\/posts\/9623"}],"collection":[{"href":"http:\/\/www.moda.es\/blog\/wp-json\/wp\/v2\/posts"}],"about":[{"href":"http:\/\/www.moda.es\/blog\/wp-json\/wp\/v2\/types\/post"}],"author":[{"embeddable":true,"href":"http:\/\/www.moda.es\/blog\/wp-json\/wp\/v2\/users\/3"}],"replies":[{"embeddable":true,"href":"http:\/\/www.moda.es\/blog\/wp-json\/wp\/v2\/comments?post=9623"}],"version-history":[{"count":5,"href":"http:\/\/www.moda.es\/blog\/wp-json\/wp\/v2\/posts\/9623\/revisions"}],"predecessor-version":[{"id":36750,"href":"http:\/\/www.moda.es\/blog\/wp-json\/wp\/v2\/posts\/9623\/revisions\/36750"}],"wp:featuredmedia":[{"embeddable":true,"href":"http:\/\/www.moda.es\/blog\/wp-json\/wp\/v2\/media\/16919"}],"wp:attachment":[{"href":"http:\/\/www.moda.es\/blog\/wp-json\/wp\/v2\/media?parent=9623"}],"wp:term":[{"taxonomy":"category","embeddable":true,"href":"http:\/\/www.moda.es\/blog\/wp-json\/wp\/v2\/categories?post=9623"},{"taxonomy":"post_tag","embeddable":true,"href":"http:\/\/www.moda.es\/blog\/wp-json\/wp\/v2\/tags?post=9623"}],"curies":[{"name":"wp","href":"https:\/\/api.w.org\/{rel}","templated":true}]}}