{"id":9383,"date":"2012-12-07T17:00:52","date_gmt":"2012-12-07T16:00:52","guid":{"rendered":"http:\/\/www.moda.es\/blog\/?p=9383"},"modified":"2020-04-27T18:32:46","modified_gmt":"2020-04-27T17:32:46","slug":"miranda-kerr-nueva-imagen-de-mango","status":"publish","type":"post","link":"http:\/\/www.moda.es\/blog\/miranda-kerr-nueva-imagen-de-mango\/","title":{"rendered":"Miranda Kerr, nueva imagen de Mango"},"content":{"rendered":"<p>Kate Moss ya tiene sustituta en Mango. No tiene tanto carisma ni engancha tanto como la Moss pero sin duda no le falta belleza.<\/p>\n<p>&nbsp;<\/p>\n<p>Tras Lizzy Jagger, las hermanas Cruz, Milla Jovovich, Claudia\u00a0Schiffer, Christie Turlington, Isabeli Fontana, Scarlett Johansson y el largo desfile de rostros famosos que han protagonizado las campa\u00f1as de la marca,\u00a0Miranda Kerr, uno de los \u00e1ngeles de Victoria\u00b4s Secret, se une a la lista, \u00bfo quiz\u00e1s\u00a0deber\u00edamos decir \u00e1ngel ca\u00eddo? Parece ser que tras la inclusi\u00f3n de la marca de lencer\u00eda en la lista negra de Greenpeace, la modelo podr\u00eda estar plante\u00e1ndose continuar con su participaci\u00f3n en\u00a0la pasarela de bragas m\u00e1s famosa del mundo.<\/p>\n<p>&nbsp;<\/p>\n<p><a href=\"https:\/\/i0.wp.com\/www.moda.es\/blog\/wp-content\/uploads\/2012\/12\/MANGO_Miranda-Kerr.jpg\"><img data-attachment-id=\"9386\" data-permalink=\"http:\/\/www.moda.es\/blog\/miranda-kerr-nueva-imagen-de-mango\/mango_miranda-kerr\/\" data-orig-file=\"https:\/\/i0.wp.com\/www.moda.es\/blog\/wp-content\/uploads\/2012\/12\/MANGO_Miranda-Kerr.jpg?fit=500%2C334\" data-orig-size=\"500,334\" data-comments-opened=\"1\" data-image-meta=\"{&quot;aperture&quot;:&quot;0&quot;,&quot;credit&quot;:&quot;&quot;,&quot;camera&quot;:&quot;&quot;,&quot;caption&quot;:&quot;&quot;,&quot;created_timestamp&quot;:&quot;1353413923&quot;,&quot;copyright&quot;:&quot;&quot;,&quot;focal_length&quot;:&quot;0&quot;,&quot;iso&quot;:&quot;0&quot;,&quot;shutter_speed&quot;:&quot;0&quot;,&quot;title&quot;:&quot;&quot;}\" data-image-title=\"MANGO_Miranda Kerr\" data-image-description=\"\" data-image-caption=\"\" data-medium-file=\"https:\/\/i0.wp.com\/www.moda.es\/blog\/wp-content\/uploads\/2012\/12\/MANGO_Miranda-Kerr.jpg?fit=300%2C200\" data-large-file=\"https:\/\/i0.wp.com\/www.moda.es\/blog\/wp-content\/uploads\/2012\/12\/MANGO_Miranda-Kerr.jpg?fit=500%2C334\" loading=\"lazy\" class=\"aligncenter size-full wp-image-9386\" src=\"https:\/\/i0.wp.com\/www.moda.es\/blog\/wp-content\/uploads\/2012\/12\/MANGO_Miranda-Kerr.jpg?resize=500%2C334\" alt=\"\" width=\"500\" height=\"334\" srcset=\"https:\/\/i0.wp.com\/www.moda.es\/blog\/wp-content\/uploads\/2012\/12\/MANGO_Miranda-Kerr.jpg?w=500 500w, https:\/\/i0.wp.com\/www.moda.es\/blog\/wp-content\/uploads\/2012\/12\/MANGO_Miranda-Kerr.jpg?resize=300%2C200 300w\" sizes=\"(max-width: 500px) 100vw, 500px\" data-recalc-dims=\"1\" \/><\/a><\/p>\n<p>&nbsp;<\/p>\n<p>Fotografiada en Nueva York por <em>\u00a0<\/em>Inez van Lamsweerde y Vinoodh Matadin, con G\u00e9raldine Saglio dirigiendo el estilismo y con Lisa Butler y Christiaan Houtenbos al mando del maquillaje y la peluquer\u00eda, la campa\u00f1a todav\u00eda es un misterio, pero se adivina fresca y muy chic. \u00bfQu\u00e9 habr\u00e1 aportado la que seg\u00fan la revista People es una de las mujeres mejor vestidas del\u00a0 2012? Habr\u00e1 que esperar un poquito, la modelo\u00a0visitar\u00e1 nuestro pa\u00eds durante este mes para presentar\u00a0esta nueva campa\u00f1a de la marca.<\/p>\n<p>&nbsp;<\/p>\n<p>Kerr\u00a0est\u00e1 muy ilusionada con el nuevo proyecto y as\u00ed lo ha declarado: \u00abEstoy encantada de colaborar con Mango para la temporada Primavera-Verano 2013. Nos lo hemos pasado muy bien rodando la campa\u00f1a y ha sido muy f\u00e1cil trabajar con todo el equipo. Adem\u00e1s, Mango \u00a0es una marca que me encanta. \u00a1Siempre encuentras la prenda perfecta para cada ocasi\u00f3n\u00bb.<\/p>\n<p>&nbsp;<\/p>\n<p>Por su parte,\u00a0la divisi\u00f3n masculina, HE by\u00a0Mango, tambi\u00e9n estrena cara. El modelo Andr\u00e9s Velencoso destrona a Gerard Piqu\u00e9 (lo sentimos, futboleros) y ser\u00e1 la nueva imagen de la pr\u00f3xima colecci\u00f3n masculina de la casa.<\/p>\n<p>&nbsp;<\/p>\n<p><a href=\"https:\/\/i0.wp.com\/www.moda.es\/blog\/wp-content\/uploads\/2012\/12\/Andres-Velencoso-MANGO.jpg\"><img data-attachment-id=\"9387\" data-permalink=\"http:\/\/www.moda.es\/blog\/miranda-kerr-nueva-imagen-de-mango\/andres-velencoso-mango\/\" data-orig-file=\"https:\/\/i0.wp.com\/www.moda.es\/blog\/wp-content\/uploads\/2012\/12\/Andres-Velencoso-MANGO.jpg?fit=500%2C349\" data-orig-size=\"500,349\" data-comments-opened=\"1\" data-image-meta=\"{&quot;aperture&quot;:&quot;0&quot;,&quot;credit&quot;:&quot;&quot;,&quot;camera&quot;:&quot;&quot;,&quot;caption&quot;:&quot;&quot;,&quot;created_timestamp&quot;:&quot;0&quot;,&quot;copyright&quot;:&quot;&quot;,&quot;focal_length&quot;:&quot;0&quot;,&quot;iso&quot;:&quot;0&quot;,&quot;shutter_speed&quot;:&quot;0&quot;,&quot;title&quot;:&quot;&quot;}\" data-image-title=\"Andres-Velencoso-MANGO\" data-image-description=\"\" data-image-caption=\"\" data-medium-file=\"https:\/\/i0.wp.com\/www.moda.es\/blog\/wp-content\/uploads\/2012\/12\/Andres-Velencoso-MANGO.jpg?fit=300%2C209\" data-large-file=\"https:\/\/i0.wp.com\/www.moda.es\/blog\/wp-content\/uploads\/2012\/12\/Andres-Velencoso-MANGO.jpg?fit=500%2C349\" loading=\"lazy\" class=\"aligncenter size-full wp-image-9387\" src=\"https:\/\/i0.wp.com\/www.moda.es\/blog\/wp-content\/uploads\/2012\/12\/Andres-Velencoso-MANGO.jpg?resize=500%2C349\" alt=\"\" width=\"500\" height=\"349\" srcset=\"https:\/\/i0.wp.com\/www.moda.es\/blog\/wp-content\/uploads\/2012\/12\/Andres-Velencoso-MANGO.jpg?w=500 500w, https:\/\/i0.wp.com\/www.moda.es\/blog\/wp-content\/uploads\/2012\/12\/Andres-Velencoso-MANGO.jpg?resize=300%2C209 300w\" sizes=\"(max-width: 500px) 100vw, 500px\" data-recalc-dims=\"1\" \/><\/a><\/p>\n<p>&nbsp;<\/p>\n<p>\u00bfQu\u00e9 te parecen los nuevos\u00a0fichajes?<\/p>\n<p>&nbsp;<\/p>\n<p>\u00a9Mango<\/p>\n<p>&nbsp;<\/p>\n<p>&nbsp;                             <\/p>\n","protected":false},"excerpt":{"rendered":"<p>Kate Moss ya tiene sustituta en Mango. No tiene tanto carisma ni engancha tanto como la Moss pero sin duda no le falta belleza. &nbsp; Tras Lizzy Jagger, las hermanas Cruz, Milla Jovovich, Claudia\u00a0Schiffer, Christie Turlington, Isabeli Fontana, Scarlett Johansson y el largo desfile de rostros famosos que han protagonizado [&hellip;]<\/p>\n","protected":false},"author":3,"featured_media":16906,"comment_status":"open","ping_status":"open","sticky":false,"template":"","format":"standard","meta":{"jetpack_publicize_message":"","jetpack_is_tweetstorm":false,"jetpack_publicize_feature_enabled":true},"categories":[3,8,14,19],"tags":[82,192,196,209,364,383,402,410,537,539,566,619,622,633,705,806,932,936],"jetpack_publicize_connections":[],"jetpack_featured_media_url":"https:\/\/i0.wp.com\/www.moda.es\/blog\/wp-content\/uploads\/2012\/12\/MANGO_Miranda-Kerr1.jpg?fit=500%2C334","jetpack_sharing_enabled":true,"jetpack_shortlink":"https:\/\/wp.me\/p4tJCC-2rl","jetpack-related-posts":[{"id":15619,"url":"http:\/\/www.moda.es\/blog\/mango-y-daria-capitulo-dos\/","url_meta":{"origin":9383,"position":0},"title":"Mango y Daria, cap\u00edtulo dos","date":"enero 16, 2014","format":false,"excerpt":"En el mes de Daria Werbowy, ya tenemos m\u00e1s im\u00e1genes de la campa\u00f1a que protagoniza para Mango. En noviembre se anunci\u00f3 que la modelo Daria Werbowy sustituir\u00eda a Miranda Kerr como la cara de Mango, con una campa\u00f1a fotografiada por Josh Olins en Lanzarote. Ahora las im\u00e1genes de una Daria\u2026","rel":"","context":"En \u00abCampa\u00f1as\u00bb","img":{"alt_text":"","src":"https:\/\/i0.wp.com\/www.moda.es\/blog\/wp-content\/uploads\/2014\/01\/Mango-311.jpg?fit=500%2C375&resize=350%2C200","width":350,"height":200},"classes":[]},{"id":18526,"url":"http:\/\/www.moda.es\/blog\/tenemos-chica-nueva-en-mango\/","url_meta":{"origin":9383,"position":1},"title":"Tenemos chica nueva en Mango","date":"noviembre 18, 2014","format":false,"excerpt":"Aunque estamos pensando en las compras de navidad, Mango ya ha desvelado el nombre de la que ser\u00e1 la nueva imagen en su pr\u00f3xima temporada Primavera\/Verano 2015: Anna Ewers. Aunque la modelo debuta en la marca catalana, hace tiempo que esta alemana de 21 a\u00f1os comenz\u00f3\u00a0 a caminar sobre las\u2026","rel":"","context":"En \u00abActualidad\u00bb","img":{"alt_text":"","src":"https:\/\/i0.wp.com\/www.moda.es\/blog\/wp-content\/uploads\/2014\/11\/MANGO-Anna-Ewers.jpg?fit=650%2C872&resize=350%2C200","width":350,"height":200},"classes":[]},{"id":18865,"url":"http:\/\/www.moda.es\/blog\/tenemos-chica-nueva-en-mango-2\/","url_meta":{"origin":9383,"position":2},"title":"Tenemos chica nueva en Mango","date":"febrero 5, 2015","format":false,"excerpt":"Mango comienza el a\u00f1o con su habitual renovaci\u00f3n de chica de campa\u00f1a. Tras el doblete de Miranda Kerr y Darja Daria Werbowy, 2015 ser\u00e1 el a\u00f1o de Anna Ewers. A sus 21 a\u00f1os, la participaci\u00f3n de esta modelo alemana en las pasarelas m\u00e1s internacionales se ha hecho frecuente, especialmente desde\u2026","rel":"","context":"En \u00abCampa\u00f1as\u00bb","img":{"alt_text":"","src":"https:\/\/i0.wp.com\/www.moda.es\/blog\/wp-content\/uploads\/2015\/02\/mango1.jpg?fit=650%2C881&resize=350%2C200","width":350,"height":200},"classes":[]},{"id":13355,"url":"http:\/\/www.moda.es\/blog\/miranda-kerr-repite-con-mango\/","url_meta":{"origin":9383,"position":3},"title":"Miranda Kerr repite con Mango","date":"julio 15, 2013","format":false,"excerpt":"Si algo funciona ser\u00eda un error no intentar repetirlo, \u00bfverdad? Pues eso mismo han pensado desde Mango. La marca catalana ya tiene nueva campa\u00f1a para la temporada Oto\u00f1o - Invierno 2013 y Miranda Kerr vuelve a ser su protagonista. Por el momento s\u00f3lo tenemos una imagen, pero promete. Siguiendo la\u2026","rel":"","context":"En \u00abActualidad\u00bb","img":{"alt_text":"","src":"https:\/\/i0.wp.com\/www.moda.es\/blog\/wp-content\/uploads\/2013\/07\/Miranda-Kerr.jpg?fit=400%2C565&resize=350%2C200","width":350,"height":200},"classes":[]},{"id":13723,"url":"http:\/\/www.moda.es\/blog\/50-anos-del-calendario-pirelli\/","url_meta":{"origin":9383,"position":4},"title":"50 a\u00f1os del calendario Pirelli","date":"agosto 14, 2013","format":false,"excerpt":"Uno de los calendarios m\u00e1s famosos cumple 50 a\u00f1os, y como un aniversario as\u00ed no se celebra todos los d\u00edas, qu\u00e9 mejor que hacer su propio homenaje rodeado algunas de las mejores top models de ayer y hoy. Miranda Kerr,\u00a0Helena Christensen y Alessandra Ambrosio son algunas de las modelos que\u2026","rel":"","context":"En \u00abActualidad\u00bb","img":{"alt_text":"","src":"https:\/\/i0.wp.com\/www.moda.es\/blog\/wp-content\/uploads\/2013\/08\/Calendario-Pirelli1.jpg?fit=500%2C333&resize=350%2C200","width":350,"height":200},"classes":[]},{"id":12573,"url":"http:\/\/www.moda.es\/blog\/el-regreso-de-christy-turlington-a-calvin-klein-underwear\/","url_meta":{"origin":9383,"position":5},"title":"El regreso de Christy Turlington a Calvin Klein Underwear","date":"mayo 15, 2013","format":false,"excerpt":"Es californiana, tiene un encanto con una elegancia especial, magn\u00e9tica que no cae en esas bellezas b\u00e1sicas y anodinas que nos aburren desde carteles y pantallas, y en 1998 salt\u00f3 a la fama como una de las integrante del flamante club de las \"primeras super modelos\" con Linda Evangelista, Cindy\u2026","rel":"","context":"En \u00abCampa\u00f1as\u00bb","img":{"alt_text":"","src":"https:\/\/i0.wp.com\/www.moda.es\/blog\/wp-content\/uploads\/2013\/05\/Christy-Turlington-Calvin-Klein91.jpg?fit=500%2C500&resize=350%2C200","width":350,"height":200},"classes":[]}],"_links":{"self":[{"href":"http:\/\/www.moda.es\/blog\/wp-json\/wp\/v2\/posts\/9383"}],"collection":[{"href":"http:\/\/www.moda.es\/blog\/wp-json\/wp\/v2\/posts"}],"about":[{"href":"http:\/\/www.moda.es\/blog\/wp-json\/wp\/v2\/types\/post"}],"author":[{"embeddable":true,"href":"http:\/\/www.moda.es\/blog\/wp-json\/wp\/v2\/users\/3"}],"replies":[{"embeddable":true,"href":"http:\/\/www.moda.es\/blog\/wp-json\/wp\/v2\/comments?post=9383"}],"version-history":[{"count":5,"href":"http:\/\/www.moda.es\/blog\/wp-json\/wp\/v2\/posts\/9383\/revisions"}],"predecessor-version":[{"id":36761,"href":"http:\/\/www.moda.es\/blog\/wp-json\/wp\/v2\/posts\/9383\/revisions\/36761"}],"wp:featuredmedia":[{"embeddable":true,"href":"http:\/\/www.moda.es\/blog\/wp-json\/wp\/v2\/media\/16906"}],"wp:attachment":[{"href":"http:\/\/www.moda.es\/blog\/wp-json\/wp\/v2\/media?parent=9383"}],"wp:term":[{"taxonomy":"category","embeddable":true,"href":"http:\/\/www.moda.es\/blog\/wp-json\/wp\/v2\/categories?post=9383"},{"taxonomy":"post_tag","embeddable":true,"href":"http:\/\/www.moda.es\/blog\/wp-json\/wp\/v2\/tags?post=9383"}],"curies":[{"name":"wp","href":"https:\/\/api.w.org\/{rel}","templated":true}]}}