{"id":892,"date":"2011-02-22T18:36:19","date_gmt":"2011-02-22T17:36:19","guid":{"rendered":"http:\/\/www.moda.es\/blog\/?p=892"},"modified":"2011-02-22T18:36:19","modified_gmt":"2011-02-22T17:36:19","slug":"color-y-estampados-con-nombre-y-apellido-jonathan-saunders","status":"publish","type":"post","link":"http:\/\/www.moda.es\/blog\/color-y-estampados-con-nombre-y-apellido-jonathan-saunders\/","title":{"rendered":"Color y estampados con nombre y apellido, Jonathan Saunders"},"content":{"rendered":"<p><img data-attachment-id=\"6434\" data-permalink=\"http:\/\/www.moda.es\/blog\/tumblr_lgxispqdm21qe9qato1_500\/\" data-orig-file=\"https:\/\/i0.wp.com\/www.moda.es\/blog\/wp-content\/uploads\/2011\/02\/tumblr_lgxispqdm21qe9qato1_500.jpg?fit=465%2C700\" data-orig-size=\"465,700\" data-comments-opened=\"1\" data-image-meta=\"{&quot;aperture&quot;:&quot;0&quot;,&quot;credit&quot;:&quot;&quot;,&quot;camera&quot;:&quot;&quot;,&quot;caption&quot;:&quot;&quot;,&quot;created_timestamp&quot;:&quot;0&quot;,&quot;copyright&quot;:&quot;&quot;,&quot;focal_length&quot;:&quot;0&quot;,&quot;iso&quot;:&quot;0&quot;,&quot;shutter_speed&quot;:&quot;0&quot;,&quot;title&quot;:&quot;&quot;}\" data-image-title=\"tumblr_lgxispqdm21qe9qato1_500\" data-image-description=\"\" data-image-caption=\"\" data-medium-file=\"https:\/\/i0.wp.com\/www.moda.es\/blog\/wp-content\/uploads\/2011\/02\/tumblr_lgxispqdm21qe9qato1_500.jpg?fit=199%2C300\" data-large-file=\"https:\/\/i0.wp.com\/www.moda.es\/blog\/wp-content\/uploads\/2011\/02\/tumblr_lgxispqdm21qe9qato1_500.jpg?fit=465%2C700\" loading=\"lazy\" src=\"https:\/\/i0.wp.com\/www.moda.es\/blog\/wp-content\/uploads\/2011\/02\/tumblr_lgxispqdm21qe9qato1_500.jpg?resize=465%2C700\" alt=\"\" title=\"tumblr_lgxispqdm21qe9qato1_500\" width=\"465\" height=\"700\" class=\"alignnone size-full wp-image-6434\" srcset=\"https:\/\/i0.wp.com\/www.moda.es\/blog\/wp-content\/uploads\/2011\/02\/tumblr_lgxispqdm21qe9qato1_500.jpg?w=465 465w, https:\/\/i0.wp.com\/www.moda.es\/blog\/wp-content\/uploads\/2011\/02\/tumblr_lgxispqdm21qe9qato1_500.jpg?resize=199%2C300 199w\" sizes=\"(max-width: 465px) 100vw, 465px\" data-recalc-dims=\"1\" \/><\/p>\n<p>Las comparaciones son odiosas, m\u00e1s si se hacen en desigualdad de condiciones. Aun as\u00ed, siempre es positivo y\u00a0beneficioso ver lo que\u00a0crean otros para apretarse las tuercas. Y\u00a0opino que\u00a0volver un poco la mirada\u00a0a la pasarela londinense puede abrirnos los ojos, motivarnos para rendir m\u00e1s\u00a0y mejor\u00a0en la moda espa\u00f1ola para llegar m\u00e1s alto y lejos.<\/p>\n<p>Esta reflexi\u00f3n se produc\u00eda mientras ve\u00eda las fotograf\u00edas del \u00faltimo desfile <em>ready-to-wear<\/em> de Jonathan Saunder. Una colecci\u00f3n que impacta, que marca una personalidad est\u00e9tica. Maestr\u00eda en el uso del color -sin miedo- y los estampados\u00a0tipo <em>bold<\/em>, elementos que\u00a0me recuerdan de alguna forma\u00a0a Dries van Noten pero\u00a0en versi\u00f3n cuasifl\u00faor. Una colecci\u00f3n con las mismas premisas tanto para\u00a0mujer como para hombre cuyo colorido vino inspirado -as\u00ed lo explican en <a href=\"http:\/\/www.style.com\/fashionshows\/review\/F2011RTW-JSAUNDERS\">Style.com<\/a>&#8211; por el fot\u00f3grafo Paul Outerbridge, pionero en la innovaci\u00f3n de t\u00e9cnicas para el color en la fotograf\u00eda que produc\u00eda unas im\u00e1genes de gran intensidad. Tambi\u00e9n los a\u00f1os 30 y 40 en los que el fot\u00f3grafo desarroll\u00f3 su trabajo motivaron las siluetas lineales (mucha falda l\u00e1piz).<\/p>\n<figure style=\"width: 469px\" class=\"wp-caption alignnone\"><img loading=\"lazy\" src=\"https:\/\/i0.wp.com\/27.media.tumblr.com\/tumblr_lgzoygBbME1qzln3yo1_500.jpg?resize=469%2C700\" alt=\"\" width=\"469\" height=\"700\" data-recalc-dims=\"1\" \/><figcaption class=\"wp-caption-text\">via Aosakana.tumblr.com<\/figcaption><\/figure>\n<figure style=\"width: 292px\" class=\"wp-caption alignnone\"><img loading=\"lazy\" src=\"http:\/\/trendforum.files.wordpress.com\/2011\/02\/jonathan-saunders-6.jpg?w=490&#038;h=738&#038;resize=292%2C452\" alt=\"\" width=\"292\" height=\"452\" data-recalc-dims=\"1\" \/><figcaption class=\"wp-caption-text\">La versi\u00f3n masculina de los coloridos estampados. via Trendforum.wordpress.com.<\/figcaption><\/figure>\n<p>Lo mejor y m\u00e1s eclipsante, la impresi\u00f3n de estampados planos, unos de tipo floral, otros geom\u00e9tricos. Pero no todo fueron<em> prints<\/em>, tambi\u00e9n hubo piezas sin m\u00e1cula de dibujo, bellas en la combinaci\u00f3n de los colores y la sencillez de confecci\u00f3n, as\u00ed en vestidos o combinaci\u00f3n de falda con camisa (siempre atada hasta arriba).<\/p>\n<p>La est\u00e9tica Saunders me ha enganchado, \u00bfy a ti?<\/p>\n","protected":false},"excerpt":{"rendered":"<p>Las comparaciones son odiosas, m\u00e1s si se hacen en desigualdad de condiciones. Aun as\u00ed, siempre es positivo y\u00a0beneficioso ver lo que\u00a0crean otros para apretarse las tuercas. Y\u00a0opino que\u00a0volver un poco la mirada\u00a0a la pasarela londinense puede abrirnos los ojos, motivarnos para rendir m\u00e1s\u00a0y mejor\u00a0en la moda espa\u00f1ola para llegar m\u00e1s [&hellip;]<\/p>\n","protected":false},"author":2,"featured_media":16405,"comment_status":"open","ping_status":"open","sticky":false,"template":"","format":"standard","meta":{"jetpack_publicize_message":"","jetpack_is_tweetstorm":false,"jetpack_publicize_feature_enabled":true},"categories":[12,23],"tags":[],"jetpack_publicize_connections":[],"jetpack_featured_media_url":"https:\/\/i0.wp.com\/www.moda.es\/blog\/wp-content\/uploads\/2011\/02\/tumblr_lgxispqdm21qe9qato1_5001.jpg?fit=465%2C700","jetpack_sharing_enabled":true,"jetpack_shortlink":"https:\/\/wp.me\/p4tJCC-eo","jetpack-related-posts":[{"id":5740,"url":"http:\/\/www.moda.es\/blog\/calla-es-sinonimo-de-estampado\/","url_meta":{"origin":892,"position":0},"title":"Calla es sin\u00f3nimo de estampado","date":"marzo 2, 2012","format":false,"excerpt":"Calla es el nombre de una firma y de su creadora, apellidada Haynes. Nacida en Toronto hace 29 a\u00f1os, Calla tiene un currulicum que muchos quisieran. Despu\u00e9s de estudiar dise\u00f1o de moda en la Parsons School of Design en Nueva York y Par\u00eds, se estableci\u00f3 en la ciudad de la\u2026","rel":"","context":"En \u00abPasarelas\u00bb","img":{"alt_text":"","src":"https:\/\/i0.wp.com\/www.moda.es\/blog\/wp-content\/uploads\/2012\/03\/19_doubluechiffonbleu-e13307196522021.jpg?fit=333%2C500&resize=350%2C200","width":350,"height":200},"classes":[]},{"id":3343,"url":"http:\/\/www.moda.es\/blog\/jonathan-saunders-azucarado\/","url_meta":{"origin":892,"position":1},"title":"Jonathan Saunders azucarado","date":"septiembre 19, 2011","format":false,"excerpt":"Los colores p\u00e1lidos como las azucaradas tonalidades de la costa Sur de los Estados Unidos -l\u00e9ase Miami- han sido el punto de partida del \u00faltimo desfile, el de la colecci\u00f3n primavera\/ verano 2012, de Jonathan Saunders. Tonos como el melocot\u00f3n del atardecer, el azul del cielo o del agua de\u2026","rel":"","context":"En \u00abDise\u00f1adores\u00bb","img":{"alt_text":"","src":"https:\/\/i0.wp.com\/www.moda.es\/blog\/wp-content\/uploads\/2011\/09\/00010m21.jpg?fit=320%2C480&resize=350%2C200","width":350,"height":200},"classes":[]},{"id":1013,"url":"http:\/\/www.moda.es\/blog\/estampados-tamano-extra\/","url_meta":{"origin":892,"position":2},"title":"Estampados tama\u00f1o extra","date":"marzo 2, 2011","format":false,"excerpt":"Hoy toca hablar de una de las tendencias de la Primavera\/ Verano. Aunque han vuelto a descender las temperaturas y soplar los vientos g\u00e9lidos, es hora de ir sumergi\u00e9ndonos en lo que llevaremos la pr\u00f3xima temporada -que ya est\u00e1 en las tiendas- permiti\u00e9ndonos so\u00f1ar con un tiempo mejor. Una de\u2026","rel":"","context":"En \u00abTendencias\u00bb","img":{"alt_text":"","src":"https:\/\/i0.wp.com\/www.stylediggers.com\/wp-content\/uploads\/2011\/01\/Stella-McCartney-Spring-2011-Campaign-3.jpg?resize=350%2C200","width":350,"height":200},"classes":[]},{"id":7502,"url":"http:\/\/www.moda.es\/blog\/giambattista-valli-estampado\/","url_meta":{"origin":892,"position":3},"title":"Giambattista Valli estampado","date":"junio 18, 2012","format":false,"excerpt":"Los dise\u00f1adores no paran de producir colecciones, entre una temporada de pasarela y otra, salen las colecciones resort. Muchas de ellas seducen casi tanto o m\u00e1s que las colecciones de una y otra temporada. Giambattista Valli Resort 2013 presenta una colecci\u00f3n inteligente: una armario ecl\u00e9ctico compuesto por atemporales y de\u2026","rel":"","context":"En \u00abDise\u00f1adores\u00bb","img":{"alt_text":"","src":"https:\/\/i0.wp.com\/www.moda.es\/blog\/wp-content\/uploads\/2012\/06\/GIAMBATTISTA-VALLI-RESORT-2013-01-e13400565567671.jpg?fit=400%2C613&resize=350%2C200","width":350,"height":200},"classes":[]},{"id":12167,"url":"http:\/\/www.moda.es\/blog\/loewe-forever-young\/","url_meta":{"origin":892,"position":4},"title":"Loewe&#8230; Forever young&#8230;","date":"abril 22, 2013","format":false,"excerpt":"Renovarse o morir, lo he dicho muchas veces. La \u00faltima en sumarse a esta m\u00e1xima la reina de los accesorios de lujo de nuestro pa\u00eds. Loewe planea presentar una colecci\u00f3n con un dise\u00f1o mucho m\u00e1s joven y con precios m\u00e1s asequibles para ampliar miras y acercarse a un p\u00fablico mucho\u2026","rel":"","context":"En \u00abAccesorios\u00bb","img":{"alt_text":"","src":"https:\/\/i0.wp.com\/www.moda.es\/blog\/wp-content\/uploads\/2013\/04\/loewe41.jpg?fit=301%2C319&resize=350%2C200","width":350,"height":200},"classes":[]},{"id":5536,"url":"http:\/\/www.moda.es\/blog\/estampados-a-go-go-anna-studio\/","url_meta":{"origin":892,"position":5},"title":"Estampados a go-g\u00f3, Anna Studio","date":"febrero 15, 2012","format":false,"excerpt":"Los estampados hacen esta marca, o se podr\u00eda decir al rev\u00e9s. Anna Studio profesa un amor sin tapujos por los estampados de car\u00e1cter na\u00eff y marcada inspiraci\u00f3n retro. Fundada en 2005 por Anna Harari, esta firma de pr\u00eat-\u00e0-porter urbano y actual, desde 2009 baila al ritmo de las creaciones Sarah\u2026","rel":"","context":"En \u00abFirmas\u00bb","img":{"alt_text":"","src":"https:\/\/i0.wp.com\/www.moda.es\/blog\/wp-content\/uploads\/2012\/02\/424187_342340559133445_129743923726444_1129974_856117086_n-e1329267607476.jpg?resize=350%2C200","width":350,"height":200},"classes":[]}],"_links":{"self":[{"href":"http:\/\/www.moda.es\/blog\/wp-json\/wp\/v2\/posts\/892"}],"collection":[{"href":"http:\/\/www.moda.es\/blog\/wp-json\/wp\/v2\/posts"}],"about":[{"href":"http:\/\/www.moda.es\/blog\/wp-json\/wp\/v2\/types\/post"}],"author":[{"embeddable":true,"href":"http:\/\/www.moda.es\/blog\/wp-json\/wp\/v2\/users\/2"}],"replies":[{"embeddable":true,"href":"http:\/\/www.moda.es\/blog\/wp-json\/wp\/v2\/comments?post=892"}],"version-history":[{"count":0,"href":"http:\/\/www.moda.es\/blog\/wp-json\/wp\/v2\/posts\/892\/revisions"}],"wp:featuredmedia":[{"embeddable":true,"href":"http:\/\/www.moda.es\/blog\/wp-json\/wp\/v2\/media\/16405"}],"wp:attachment":[{"href":"http:\/\/www.moda.es\/blog\/wp-json\/wp\/v2\/media?parent=892"}],"wp:term":[{"taxonomy":"category","embeddable":true,"href":"http:\/\/www.moda.es\/blog\/wp-json\/wp\/v2\/categories?post=892"},{"taxonomy":"post_tag","embeddable":true,"href":"http:\/\/www.moda.es\/blog\/wp-json\/wp\/v2\/tags?post=892"}],"curies":[{"name":"wp","href":"https:\/\/api.w.org\/{rel}","templated":true}]}}