{"id":889,"date":"2011-02-21T22:19:00","date_gmt":"2011-02-21T21:19:00","guid":{"rendered":"http:\/\/www.moda.es\/blog\/?p=889"},"modified":"2011-02-21T22:19:00","modified_gmt":"2011-02-21T21:19:00","slug":"revision-cibelina-resumida","status":"publish","type":"post","link":"http:\/\/www.moda.es\/blog\/revision-cibelina-resumida\/","title":{"rendered":"Revisi\u00f3n cibelina resumida"},"content":{"rendered":"<p>Ayer hac\u00eda hincapi\u00e9 en el desfile de Duyos por haberse convertido en el fulgor de la actual edici\u00f3n de Cibeles, pero otros dise\u00f1adores est\u00e1n presentando sus propuestas y\u00a0deben tener su menci\u00f3n. A ello voy.<\/p>\n<figure style=\"width: 300px\" class=\"wp-caption alignnone\"><img loading=\"lazy\" src=\"https:\/\/i0.wp.com\/www.centromujer.es\/files\/2011\/02\/jesus-del-pozo-cibeles-fashion-week2-300x450.jpg?resize=300%2C450\" alt=\"\" width=\"300\" height=\"450\" data-recalc-dims=\"1\" \/><figcaption class=\"wp-caption-text\">Jes\u00fas del Pozo. via Centromujer.es.<\/figcaption><\/figure>\n<p>En la Cibeles Fashion Week est\u00e1n los cl\u00e1sicos y algunos j\u00f3venes que ya se est\u00e1n convirtiendo en ellos. Los desfiles que empezaron el viernes pasado (d\u00eda 18) se inauguraron con Jes\u00fas del Pozo y sus astracanes. Una simbiosis entre la Belle \u00c9poque y los gansters de la d\u00e9cada de los 40. Siluetas dominadas por lo masculino y ocultas bajo los pliegues, y mucho color verde bosque. Despu\u00e9s, fue el turno de Roberto Verino: inspir\u00e1ndose en Oriente, sus propuestas para el pr\u00f3ximo Oto\u00f1o\/ Invierno se basan en una combinaci\u00f3n de texturas gruesas y pesadas de los chaquetones con otras piezas satinadas. Poco acierto en la conjunci\u00f3n de ciertas tramas de cuadros con bordados florales. A continuaci\u00f3n, la colecci\u00f3n de Duyos.<\/p>\n<figure style=\"width: 336px\" class=\"wp-caption alignnone\"><img loading=\"lazy\" src=\"https:\/\/i0.wp.com\/www.miredcarpet.es\/wp-content\/uploads\/2011\/02\/PasarelaCibeles_RobertoVerino_invierno11_5.jpg?resize=336%2C501\" alt=\"\" width=\"336\" height=\"501\" data-recalc-dims=\"1\" \/><figcaption class=\"wp-caption-text\">Un look de aire oriental de Roberto Verino. via Miredcarpet.es.<\/figcaption><\/figure>\n<p>Ya a las cinco de la tarde se presentaba la colecci\u00f3n de Devota &amp; Lomba, de un patronaje pulido, de una sencillez con vuelta (la de las solapas). Al predominio del gris y los oscuros, como el verde bosque, se impuso por sorpresa un fucsia solitario o en alguna mancha. A este desfile sigui\u00f3 el de \u00c1ngel Schlesser. El santanderino hizo gala de su caracter\u00edstica sencillez en una continua dial\u00e9ctica femenina-masculina, mientras que arriesg\u00f3 un poco m\u00e1s en los colores, como el fucsia -lo mismo que\u00a0en D&amp;L- brillante de un traje sastre.<\/p>\n<figure style=\"width: 269px\" class=\"wp-caption alignnone\"><img loading=\"lazy\" src=\"http:\/\/www.hoymujer.com\/pic.aspx?w=651&amp;img=devota_lomba2001_8867377500.JPG\" alt=\"\" width=\"269\" height=\"558\" \/><figcaption class=\"wp-caption-text\">Devota &amp; Lomba. via Hoymujer.com.<\/figcaption><\/figure>\n<figure id=\"attachment_902\" aria-describedby=\"caption-attachment-902\" style=\"width: 423px\" class=\"wp-caption alignnone\"><a href=\"https:\/\/i0.wp.com\/www.moda.es\/blog\/wp-content\/uploads\/2011\/02\/angel-schlesser-cibeles-madrid-fashion-week-10.jpg\"><img data-attachment-id=\"902\" data-permalink=\"http:\/\/www.moda.es\/blog\/angel-schlesser-cibeles-madrid-fashion-week-10\/\" data-orig-file=\"https:\/\/i0.wp.com\/www.moda.es\/blog\/wp-content\/uploads\/2011\/02\/angel-schlesser-cibeles-madrid-fashion-week-10.jpg?fit=512%2C500\" data-orig-size=\"512,500\" data-comments-opened=\"1\" data-image-meta=\"{&quot;aperture&quot;:&quot;0&quot;,&quot;credit&quot;:&quot;PC01&quot;,&quot;camera&quot;:&quot;&quot;,&quot;caption&quot;:&quot;&quot;,&quot;created_timestamp&quot;:&quot;1298048576&quot;,&quot;copyright&quot;:&quot;&quot;,&quot;focal_length&quot;:&quot;0&quot;,&quot;iso&quot;:&quot;0&quot;,&quot;shutter_speed&quot;:&quot;0&quot;,&quot;title&quot;:&quot;&quot;}\" data-image-title=\"angel-schlesser-cibeles-madrid-fashion-week-10\" data-image-description=\"\" data-image-caption=\"&lt;p&gt;Angel Schlesser.&lt;\/p&gt;\n\" data-medium-file=\"https:\/\/i0.wp.com\/www.moda.es\/blog\/wp-content\/uploads\/2011\/02\/angel-schlesser-cibeles-madrid-fashion-week-10.jpg?fit=300%2C292\" data-large-file=\"https:\/\/i0.wp.com\/www.moda.es\/blog\/wp-content\/uploads\/2011\/02\/angel-schlesser-cibeles-madrid-fashion-week-10.jpg?fit=512%2C500\" loading=\"lazy\" class=\"size-full wp-image-902\" src=\"https:\/\/i0.wp.com\/www.moda.es\/blog\/wp-content\/uploads\/2011\/02\/angel-schlesser-cibeles-madrid-fashion-week-10.jpg?resize=423%2C412\" alt=\"\" width=\"423\" height=\"412\" srcset=\"https:\/\/i0.wp.com\/www.moda.es\/blog\/wp-content\/uploads\/2011\/02\/angel-schlesser-cibeles-madrid-fashion-week-10.jpg?w=512 512w, https:\/\/i0.wp.com\/www.moda.es\/blog\/wp-content\/uploads\/2011\/02\/angel-schlesser-cibeles-madrid-fashion-week-10.jpg?resize=300%2C292 300w\" sizes=\"(max-width: 423px) 100vw, 423px\" data-recalc-dims=\"1\" \/><\/a><figcaption id=\"caption-attachment-902\" class=\"wp-caption-text\">Angel Schlesser.<\/figcaption><\/figure>\n<p>El cierre del d\u00eda 18 lo puso Lemoniez. A la destreza de su costura esta vez le sobrevino poco riesgo formal. Destacar el vestido-bata como una versi\u00f3n de camisero invernal suelto y con manga larga. El resto de la colecci\u00f3n, bonita, s\u00ed, pero poco innovadora.<\/p>\n<figure style=\"width: 528px\" class=\"wp-caption alignnone\"><img loading=\"lazy\" src=\"https:\/\/i0.wp.com\/multimedia.hola.com\/noticias-de-actualidad\/2011\/02\/19\/lemoniez-imagen.jpg?resize=528%2C440\" alt=\"\" width=\"528\" height=\"440\" data-recalc-dims=\"1\" \/><figcaption class=\"wp-caption-text\">Lemoniez. via Hola.com.<\/figcaption><\/figure>\n","protected":false},"excerpt":{"rendered":"<p>Ayer hac\u00eda hincapi\u00e9 en el desfile de Duyos por haberse convertido en el fulgor de la actual edici\u00f3n de Cibeles, pero otros dise\u00f1adores est\u00e1n presentando sus propuestas y\u00a0deben tener su menci\u00f3n. A ello voy. En la Cibeles Fashion Week est\u00e1n los cl\u00e1sicos y algunos j\u00f3venes que ya se est\u00e1n convirtiendo [&hellip;]<\/p>\n","protected":false},"author":2,"featured_media":16404,"comment_status":"open","ping_status":"open","sticky":false,"template":"","format":"standard","meta":{"jetpack_publicize_message":"","jetpack_is_tweetstorm":false,"jetpack_publicize_feature_enabled":true},"categories":[23],"tags":[],"jetpack_publicize_connections":[],"jetpack_featured_media_url":"https:\/\/i0.wp.com\/www.moda.es\/blog\/wp-content\/uploads\/2011\/02\/jesus-del-pozo-cibeles-fashion-week2-300x450.jpg?fit=300%2C450","jetpack_sharing_enabled":true,"jetpack_shortlink":"https:\/\/wp.me\/p4tJCC-el","jetpack-related-posts":[{"id":5342,"url":"http:\/\/www.moda.es\/blog\/cambio-de-nombre-mismos-en-el-juego\/","url_meta":{"origin":889,"position":0},"title":"Cambio de nombre, mismos en el juego","date":"febrero 2, 2012","format":false,"excerpt":"Hoy se inauguraba la renombrada pasarela Cibeles, bautizada ahora -de forma similar a la neoyorquina- como la Mercedes-Benz Fashion Week Madrid. Adem\u00e1s, de cambiar su nombre, ha cambiado de fechas, se ha adelantado y ya no coincide con la pasarela de Londres. A pesar de esto, nada nuevo bajo el\u2026","rel":"","context":"En \u00abPasarelas\u00bb","img":{"alt_text":"","src":"https:\/\/i0.wp.com\/www.moda.es\/blog\/wp-content\/uploads\/2012\/02\/champagne_3376_635x-e13281419191431.jpg?fit=333%2C500&resize=350%2C200","width":350,"height":200},"classes":[]},{"id":3358,"url":"http:\/\/www.moda.es\/blog\/semana-colmada-de-citas\/","url_meta":{"origin":889,"position":1},"title":"Semana colmada de citas","date":"septiembre 20, 2011","format":false,"excerpt":"Estas dos \u00faltimas semanas est\u00e1n siendo un no parar en el entorno de la moda. Primero, la pasarela de Nueva York; despu\u00e9s, aqu\u00ed, la de Cibeles, que se solapa con la de Londres... Tambi\u00e9n ha habido alg\u00fan evento, como la gala de los premios Emmy -de la televisi\u00f3n americana- que\u2026","rel":"","context":"En \u00abMedios\u00bb","img":{"alt_text":"","src":"https:\/\/i0.wp.com\/www.moda.es\/blog\/wp-content\/uploads\/2011\/09\/Portada_primer_numero_S_Moda1.jpg?fit=340%2C461&resize=350%2C200","width":350,"height":200},"classes":[]},{"id":938,"url":"http:\/\/www.moda.es\/blog\/revision-cibelina-3-lo-mejor-segun-este-blog\/","url_meta":{"origin":889,"position":2},"title":"Revisi\u00f3n cibelina (3): lo mejor seg\u00fan este blog","date":"febrero 24, 2011","format":false,"excerpt":"Retomo el relato de las mejores colecciones o de algunas propuestas a destacar de la clausurada \u00faltima edici\u00f3n de Cibeles. Juanjo Oliva. La costura medida. Una colecci\u00f3n inspirada en las mujeres y actrices que llenaban los manuales de moda de los 50, aquellas f\u00e9minas elegantes y siempre bellas gracias a\u2026","rel":"","context":"En \u00abDise\u00f1adores\u00bb","img":{"alt_text":"","src":"https:\/\/i0.wp.com\/www.moda.es\/blog\/wp-content\/uploads\/2011\/02\/JuanjoOliva.Fall11.21.jpg?fit=470%2C370&resize=350%2C200","width":350,"height":200},"classes":[]},{"id":883,"url":"http:\/\/www.moda.es\/blog\/la-moda-de-cibeles\/","url_meta":{"origin":889,"position":3},"title":"La moda de Cibeles","date":"febrero 20, 2011","format":false,"excerpt":"\u00a0La ahora conocida como Cibeles Madrid Fashion Week lleva tres d\u00edas de rodaje con gran seguimiento medi\u00e1tico y de fans. Adem\u00e1s de la salida del circuito de Lydia Delgado que esta vez ha contado con la colaboraci\u00f3n de su hija Miranda Makaroff para crear una colecci\u00f3n m\u00e1s reducida pero a\u00fan\u2026","rel":"","context":"En \u00abPasarelas\u00bb","img":{"alt_text":"","src":"https:\/\/i0.wp.com\/www.moda.es\/blog\/wp-content\/uploads\/2011\/02\/burberry-prorsum-fall-20111.jpeg?fit=599%2C897&resize=350%2C200","width":350,"height":200},"classes":[]},{"id":3366,"url":"http:\/\/www.moda.es\/blog\/ultima-edicion-de-cibeles-alias-juanjo-oliva\/","url_meta":{"origin":889,"position":4},"title":"\u00daltima edici\u00f3n de Cibeles alias Juanjo Oliva","date":"septiembre 21, 2011","format":false,"excerpt":"Es todo un sastre, un modista. Como los de antes. Si, aparte de su ropa como demostraci\u00f3n emp\u00edrica, hace falta alguna prueba m\u00e1s, hace dos d\u00edas al t\u00e9rmino de esta \u00faltima edici\u00f3n de la Cibeles Madrid Fashion Week, Juanjo Oliva recib\u00eda el Premio L'Oreal a la mejor colecci\u00f3n. En estos\u2026","rel":"","context":"En \u00abDise\u00f1adores\u00bb","img":{"alt_text":"","src":"https:\/\/i0.wp.com\/www.elblogdemarialeon.com\/wp-content\/uploads\/2011\/09\/IMG_5143-768x1024.jpg?resize=350%2C200","width":350,"height":200},"classes":[]},{"id":2926,"url":"http:\/\/www.moda.es\/blog\/despedida-a-jesus-del-pozo\/","url_meta":{"origin":889,"position":5},"title":"Despedida a Jes\u00fas del Pozo","date":"agosto 15, 2011","format":false,"excerpt":"La tarde del pasado s\u00e1bado 13 de agosto nos sorprend\u00eda la noticia de la muerte de Jes\u00fas del Pozo a los 64 a\u00f1os\u00a0debido a un efisema pulmonar. Pionero en la creaci\u00f3n de un dise\u00f1o de vanguardia en el Madrid de la transici\u00f3n, Del Pozo se mantuvo siempre en la l\u00ednea\u2026","rel":"","context":"En \u00abDise\u00f1adores\u00bb","img":{"alt_text":"","src":"https:\/\/i0.wp.com\/www.moda.es\/blog\/wp-content\/uploads\/2011\/08\/Retrato_disenador_Jesus_Pozo11.jpg?fit=500%2C335&resize=350%2C200","width":350,"height":200},"classes":[]}],"_links":{"self":[{"href":"http:\/\/www.moda.es\/blog\/wp-json\/wp\/v2\/posts\/889"}],"collection":[{"href":"http:\/\/www.moda.es\/blog\/wp-json\/wp\/v2\/posts"}],"about":[{"href":"http:\/\/www.moda.es\/blog\/wp-json\/wp\/v2\/types\/post"}],"author":[{"embeddable":true,"href":"http:\/\/www.moda.es\/blog\/wp-json\/wp\/v2\/users\/2"}],"replies":[{"embeddable":true,"href":"http:\/\/www.moda.es\/blog\/wp-json\/wp\/v2\/comments?post=889"}],"version-history":[{"count":0,"href":"http:\/\/www.moda.es\/blog\/wp-json\/wp\/v2\/posts\/889\/revisions"}],"wp:featuredmedia":[{"embeddable":true,"href":"http:\/\/www.moda.es\/blog\/wp-json\/wp\/v2\/media\/16404"}],"wp:attachment":[{"href":"http:\/\/www.moda.es\/blog\/wp-json\/wp\/v2\/media?parent=889"}],"wp:term":[{"taxonomy":"category","embeddable":true,"href":"http:\/\/www.moda.es\/blog\/wp-json\/wp\/v2\/categories?post=889"},{"taxonomy":"post_tag","embeddable":true,"href":"http:\/\/www.moda.es\/blog\/wp-json\/wp\/v2\/tags?post=889"}],"curies":[{"name":"wp","href":"https:\/\/api.w.org\/{rel}","templated":true}]}}