{"id":883,"date":"2011-02-20T23:04:25","date_gmt":"2011-02-20T22:04:25","guid":{"rendered":"http:\/\/www.moda.es\/blog\/?p=883"},"modified":"2011-02-20T23:04:25","modified_gmt":"2011-02-20T22:04:25","slug":"la-moda-de-cibeles","status":"publish","type":"post","link":"http:\/\/www.moda.es\/blog\/la-moda-de-cibeles\/","title":{"rendered":"La moda de Cibeles"},"content":{"rendered":"<p>\u00a0La ahora conocida como Cibeles Madrid Fashion Week lleva tres d\u00edas de rodaje con gran seguimiento medi\u00e1tico y de<em> fans<\/em>. Adem\u00e1s de la salida del circuito de Lydia Delgado que esta vez ha contado con la colaboraci\u00f3n de su hija Miranda Makaroff para crear una colecci\u00f3n m\u00e1s reducida pero a\u00fan manteniendo el estilo de la firma, otra de las noticias m\u00e1s sonadas ha sido el desfile de Duyos.<\/p>\n<figure style=\"width: 520px\" class=\"wp-caption alignnone\"><img data-attachment-id=\"6455\" data-permalink=\"http:\/\/www.moda.es\/blog\/burberry-prorsum-fall-2011\/\" data-orig-file=\"https:\/\/i0.wp.com\/www.moda.es\/blog\/wp-content\/uploads\/2011\/02\/burberry-prorsum-fall-2011.jpeg?fit=599%2C897\" data-orig-size=\"599,897\" data-comments-opened=\"1\" data-image-meta=\"{&quot;aperture&quot;:&quot;0&quot;,&quot;credit&quot;:&quot;&quot;,&quot;camera&quot;:&quot;&quot;,&quot;caption&quot;:&quot;&quot;,&quot;created_timestamp&quot;:&quot;0&quot;,&quot;copyright&quot;:&quot;&quot;,&quot;focal_length&quot;:&quot;0&quot;,&quot;iso&quot;:&quot;0&quot;,&quot;shutter_speed&quot;:&quot;0&quot;,&quot;title&quot;:&quot;&quot;}\" data-image-title=\"burberry-prorsum-fall-2011\" data-image-description=\"\" data-image-caption=\"\" data-medium-file=\"https:\/\/i0.wp.com\/www.moda.es\/blog\/wp-content\/uploads\/2011\/02\/burberry-prorsum-fall-2011.jpeg?fit=200%2C300\" data-large-file=\"https:\/\/i0.wp.com\/www.moda.es\/blog\/wp-content\/uploads\/2011\/02\/burberry-prorsum-fall-2011.jpeg?fit=599%2C897\" src=\"https:\/\/i0.wp.com\/www.moda.es\/blog\/wp-content\/uploads\/2011\/02\/burberry-prorsum-fall-2011.jpeg?w=520\" alt=\"\" title=\"burberry-prorsum-fall-2011\" class=\"alignnone size-full wp-image-6455\" srcset=\"https:\/\/i0.wp.com\/www.moda.es\/blog\/wp-content\/uploads\/2011\/02\/burberry-prorsum-fall-2011.jpeg?w=599 599w, https:\/\/i0.wp.com\/www.moda.es\/blog\/wp-content\/uploads\/2011\/02\/burberry-prorsum-fall-2011.jpeg?resize=200%2C300 200w\" sizes=\"(max-width: 599px) 100vw, 599px\" data-recalc-dims=\"1\" \/><figcaption class=\"wp-caption-text\">via Vogue.es.<\/figcaption><\/figure>\n<p>La mayor\u00eda ya lo habreis le\u00eddo. Lo que hizo Duyos para llevarse todas las atenciones fue recuperar la \u00e9poca dorada de la costura espa\u00f1ola de los a\u00f1os 60 y finales de los 70, aquella protagonizada por apellidos de peso como los de Pertegaz, Balenciaga o Berhayer. Al dise\u00f1ador le di\u00f3 nostalgia de la \u00e9poca en que \u00ablas mujeres se hac\u00edan los vestidos a medida\u00bb. Esta colecci\u00f3n revisionista fue, por unanimidad de cr\u00edticos y expertos, lo mejor del d\u00eda 1 de la 53\u00aa edici\u00f3n de la pasarela madrile\u00f1a. Aun\u00f3 calidad y est\u00e9tica.<\/p>\n<figure style=\"width: 303px\" class=\"wp-caption alignnone\"><img loading=\"lazy\" src=\"https:\/\/i0.wp.com\/estb.msn.com\/i\/14\/FACAFE5043AA93274C17237B737617.jpg?resize=303%2C493\" alt=\"\" width=\"303\" height=\"493\" data-recalc-dims=\"1\" \/><figcaption class=\"wp-caption-text\">Duyos.<\/figcaption><\/figure>\n<p>Me gustar\u00eda terminar invitandoos a leer el art\u00edculo de <a href=\"http:\/\/www.elpais.com\/articulo\/Tendencias\/Todo\/puede\/ser\/comercial\/elpepitdc\/20110220elpepitdc_1\/Tes\">Eugenia de la Torriente en El Pa\u00eds<\/a> sobre la pasarela de Madrid y su reflexi\u00f3n sobre una moda que deber\u00eda concebirse para venderse, para crear industria, trabajo y un mercado real. Cierto es que hacer un espect\u00e1culo para mostrar una colecci\u00f3n e irse a casa contentos si a los seis meses esas prendas no se est\u00e1n vendiendo en una tienda, no sirve de nada. Sin encontrar una persona que se ponga su ropa, un dise\u00f1ador no ha cumplido su cometido.<\/p>\n","protected":false},"excerpt":{"rendered":"<p>\u00a0La ahora conocida como Cibeles Madrid Fashion Week lleva tres d\u00edas de rodaje con gran seguimiento medi\u00e1tico y de fans. Adem\u00e1s de la salida del circuito de Lydia Delgado que esta vez ha contado con la colaboraci\u00f3n de su hija Miranda Makaroff para crear una colecci\u00f3n m\u00e1s reducida pero a\u00fan [&hellip;]<\/p>\n","protected":false},"author":2,"featured_media":16407,"comment_status":"open","ping_status":"open","sticky":false,"template":"","format":"standard","meta":{"jetpack_publicize_message":"","jetpack_is_tweetstorm":false,"jetpack_publicize_feature_enabled":true},"categories":[23],"tags":[],"jetpack_publicize_connections":[],"jetpack_featured_media_url":"https:\/\/i0.wp.com\/www.moda.es\/blog\/wp-content\/uploads\/2011\/02\/burberry-prorsum-fall-20111.jpeg?fit=599%2C897","jetpack_sharing_enabled":true,"jetpack_shortlink":"https:\/\/wp.me\/p4tJCC-ef","jetpack-related-posts":[{"id":3366,"url":"http:\/\/www.moda.es\/blog\/ultima-edicion-de-cibeles-alias-juanjo-oliva\/","url_meta":{"origin":883,"position":0},"title":"\u00daltima edici\u00f3n de Cibeles alias Juanjo Oliva","date":"septiembre 21, 2011","format":false,"excerpt":"Es todo un sastre, un modista. Como los de antes. Si, aparte de su ropa como demostraci\u00f3n emp\u00edrica, hace falta alguna prueba m\u00e1s, hace dos d\u00edas al t\u00e9rmino de esta \u00faltima edici\u00f3n de la Cibeles Madrid Fashion Week, Juanjo Oliva recib\u00eda el Premio L'Oreal a la mejor colecci\u00f3n. En estos\u2026","rel":"","context":"En \u00abDise\u00f1adores\u00bb","img":{"alt_text":"","src":"https:\/\/i0.wp.com\/www.elblogdemarialeon.com\/wp-content\/uploads\/2011\/09\/IMG_5143-768x1024.jpg?resize=350%2C200","width":350,"height":200},"classes":[]},{"id":889,"url":"http:\/\/www.moda.es\/blog\/revision-cibelina-resumida\/","url_meta":{"origin":883,"position":1},"title":"Revisi\u00f3n cibelina resumida","date":"febrero 21, 2011","format":false,"excerpt":"Ayer hac\u00eda hincapi\u00e9 en el desfile de Duyos por haberse convertido en el fulgor de la actual edici\u00f3n de Cibeles, pero otros dise\u00f1adores est\u00e1n presentando sus propuestas y\u00a0deben tener su menci\u00f3n. A ello voy. En la Cibeles Fashion Week est\u00e1n los cl\u00e1sicos y algunos j\u00f3venes que ya se est\u00e1n convirtiendo\u2026","rel":"","context":"En \u00abPasarelas\u00bb","img":{"alt_text":"","src":"https:\/\/i0.wp.com\/www.moda.es\/blog\/wp-content\/uploads\/2011\/02\/angel-schlesser-cibeles-madrid-fashion-week-10.jpg?resize=350%2C200","width":350,"height":200},"classes":[]},{"id":5342,"url":"http:\/\/www.moda.es\/blog\/cambio-de-nombre-mismos-en-el-juego\/","url_meta":{"origin":883,"position":2},"title":"Cambio de nombre, mismos en el juego","date":"febrero 2, 2012","format":false,"excerpt":"Hoy se inauguraba la renombrada pasarela Cibeles, bautizada ahora -de forma similar a la neoyorquina- como la Mercedes-Benz Fashion Week Madrid. Adem\u00e1s, de cambiar su nombre, ha cambiado de fechas, se ha adelantado y ya no coincide con la pasarela de Londres. A pesar de esto, nada nuevo bajo el\u2026","rel":"","context":"En \u00abPasarelas\u00bb","img":{"alt_text":"","src":"https:\/\/i0.wp.com\/www.moda.es\/blog\/wp-content\/uploads\/2012\/02\/champagne_3376_635x-e13281419191431.jpg?fit=333%2C500&resize=350%2C200","width":350,"height":200},"classes":[]},{"id":938,"url":"http:\/\/www.moda.es\/blog\/revision-cibelina-3-lo-mejor-segun-este-blog\/","url_meta":{"origin":883,"position":3},"title":"Revisi\u00f3n cibelina (3): lo mejor seg\u00fan este blog","date":"febrero 24, 2011","format":false,"excerpt":"Retomo el relato de las mejores colecciones o de algunas propuestas a destacar de la clausurada \u00faltima edici\u00f3n de Cibeles. Juanjo Oliva. La costura medida. Una colecci\u00f3n inspirada en las mujeres y actrices que llenaban los manuales de moda de los 50, aquellas f\u00e9minas elegantes y siempre bellas gracias a\u2026","rel":"","context":"En \u00abDise\u00f1adores\u00bb","img":{"alt_text":"","src":"https:\/\/i0.wp.com\/www.moda.es\/blog\/wp-content\/uploads\/2011\/02\/JuanjoOliva.Fall11.21.jpg?fit=470%2C370&resize=350%2C200","width":350,"height":200},"classes":[]},{"id":8562,"url":"http:\/\/www.moda.es\/blog\/que-diez-anos-no-es-nada\/","url_meta":{"origin":883,"position":4},"title":"Que diez a\u00f1os no es nada","date":"septiembre 1, 2012","format":false,"excerpt":"Para David Delf\u00edn el a\u00f1o 2002 no fue uno cualquiera. En septiembre de aquel a\u00f1o, se estrenaba como dise\u00f1ador en la pasarela Cibeles. La pol\u00e9mica estaba servida. Inspirado por el movimiento art\u00edstico Surrealista, se hab\u00eda atrevido a sacar a las modelos con capuchas-saco y con sogas al cuello. La provocaci\u00f3n\u2026","rel":"","context":"En \u00abPasarelas\u00bb","img":{"alt_text":"","src":"https:\/\/i0.wp.com\/www.moda.es\/blog\/wp-content\/uploads\/2012\/09\/davidelfin008a-e13465166982611.jpg?fit=400%2C600&resize=350%2C200","width":350,"height":200},"classes":[]},{"id":3396,"url":"http:\/\/www.moda.es\/blog\/delicadeza-ailanto\/","url_meta":{"origin":883,"position":5},"title":"Delicadeza Ailanto","date":"septiembre 23, 2011","format":false,"excerpt":"La pasarela Cibeles est\u00e1 ya m\u00e1s que clausurada pero a\u00fan as\u00ed quer\u00eda hablar de los dise\u00f1adores que desfilan en esta plataforma y que me gustan desde sus inicios: Ailanto. En su d\u00e9cimo aniversario sobre las pasarelas presentaron una colecci\u00f3n de gran riqueza est\u00e9tica. Amarillos, rosas, plata, verdes agua, azules... mezclados\u2026","rel":"","context":"En \u00abDise\u00f1adores\u00bb","img":{"alt_text":"","src":"https:\/\/i0.wp.com\/www.moda.es\/blog\/wp-content\/uploads\/2011\/09\/471.jpg?fit=370%2C555&resize=350%2C200","width":350,"height":200},"classes":[]}],"_links":{"self":[{"href":"http:\/\/www.moda.es\/blog\/wp-json\/wp\/v2\/posts\/883"}],"collection":[{"href":"http:\/\/www.moda.es\/blog\/wp-json\/wp\/v2\/posts"}],"about":[{"href":"http:\/\/www.moda.es\/blog\/wp-json\/wp\/v2\/types\/post"}],"author":[{"embeddable":true,"href":"http:\/\/www.moda.es\/blog\/wp-json\/wp\/v2\/users\/2"}],"replies":[{"embeddable":true,"href":"http:\/\/www.moda.es\/blog\/wp-json\/wp\/v2\/comments?post=883"}],"version-history":[{"count":0,"href":"http:\/\/www.moda.es\/blog\/wp-json\/wp\/v2\/posts\/883\/revisions"}],"wp:featuredmedia":[{"embeddable":true,"href":"http:\/\/www.moda.es\/blog\/wp-json\/wp\/v2\/media\/16407"}],"wp:attachment":[{"href":"http:\/\/www.moda.es\/blog\/wp-json\/wp\/v2\/media?parent=883"}],"wp:term":[{"taxonomy":"category","embeddable":true,"href":"http:\/\/www.moda.es\/blog\/wp-json\/wp\/v2\/categories?post=883"},{"taxonomy":"post_tag","embeddable":true,"href":"http:\/\/www.moda.es\/blog\/wp-json\/wp\/v2\/tags?post=883"}],"curies":[{"name":"wp","href":"https:\/\/api.w.org\/{rel}","templated":true}]}}