{"id":871,"date":"2011-02-19T20:33:38","date_gmt":"2011-02-19T19:33:38","guid":{"rendered":"http:\/\/www.moda.es\/blog\/?p=871"},"modified":"2011-02-19T20:33:38","modified_gmt":"2011-02-19T19:33:38","slug":"semana-de-moda-infinita-3-max-azria-y-3-1-phillip-lim","status":"publish","type":"post","link":"http:\/\/www.moda.es\/blog\/semana-de-moda-infinita-3-max-azria-y-3-1-phillip-lim\/","title":{"rendered":"Semana de moda infinita (3). Max Azria y 3.1 Phillip Lim."},"content":{"rendered":"<p>Continuo con el relato de lo que fue, pero s\u00f3lo a grandes rasgos, la semana de la moda de Nueva York. En contraste con la explosi\u00f3n creativa de Marc Jacobs\u00a0 y la feminidad delicada de Rodarte, la sobriedad de Max Azria y 3.1 Phillip Lim.\u00a0<\/p>\n<figure style=\"width: 500px\" class=\"wp-caption alignnone\"><img data-attachment-id=\"6463\" data-permalink=\"http:\/\/www.moda.es\/blog\/max-azria-fall-2011_1\/\" data-orig-file=\"https:\/\/i0.wp.com\/www.moda.es\/blog\/wp-content\/uploads\/2011\/02\/max-azria-fall-2011_1.jpg?fit=260%2C194\" data-orig-size=\"260,194\" data-comments-opened=\"1\" data-image-meta=\"{&quot;aperture&quot;:&quot;0&quot;,&quot;credit&quot;:&quot;&quot;,&quot;camera&quot;:&quot;&quot;,&quot;caption&quot;:&quot;&quot;,&quot;created_timestamp&quot;:&quot;0&quot;,&quot;copyright&quot;:&quot;&quot;,&quot;focal_length&quot;:&quot;0&quot;,&quot;iso&quot;:&quot;0&quot;,&quot;shutter_speed&quot;:&quot;0&quot;,&quot;title&quot;:&quot;&quot;}\" data-image-title=\"max-azria-fall-2011_1\" data-image-description=\"\" data-image-caption=\"\" data-medium-file=\"https:\/\/i0.wp.com\/www.moda.es\/blog\/wp-content\/uploads\/2011\/02\/max-azria-fall-2011_1.jpg?fit=260%2C194\" data-large-file=\"https:\/\/i0.wp.com\/www.moda.es\/blog\/wp-content\/uploads\/2011\/02\/max-azria-fall-2011_1.jpg?fit=260%2C194\" loading=\"lazy\" src=\"https:\/\/i0.wp.com\/www.moda.es\/blog\/wp-content\/uploads\/2011\/02\/max-azria-fall-2011_1.jpg?resize=260%2C194\" alt=\"\" title=\"max-azria-fall-2011_1\" width=\"260\" height=\"194\" class=\"alignnone size-full wp-image-6463\" data-recalc-dims=\"1\" \/><figcaption class=\"wp-caption-text\">Max Azria O\/I 2011.<\/figcaption><\/figure>\n<p>Partiendo del concepto cl\u00e1sico del vestuario masculino, Max Azria present\u00f3 una colecci\u00f3n de costura bastante tradicional. Mucho abrigo, pantalones, prendas sobrias. Lo mismo en el color, muy escueto: abundancia de negro y grises, m\u00e1s unas\u00a0pocas notas de cuero (color natural del material usado en algunas piezas) y para romper y contrastar, naranja. A la sobriedad general y los cortes cl\u00e1sicos, se opusieron las mezclas de texturas, cuero, seda fluida y lana, as\u00ed como la superposici\u00f3n de unas semicapas ligeras. Frente al estilo masculino dominante, unos vestidos que sab\u00edan resaltar la belleza de la silueta femenina.<\/p>\n<p>La sobriedad de Phillip Lim se expres\u00f3 en una paleta de color m\u00e1s amplia: azul klein, azul petr\u00f3leo, verde, negro, blanco. La mayor originalidad de sus propuestas para el Oto\u00f1o\/ Invierno 2011\/12 fue la construcci\u00f3n de piezas con las mangas en diferente tejido que el resto, por ejemplo, a un jersey de punto unas mangas de cuero o a un vestido de gasa neutra negra unas mangas brillantes. Phillip Lim explic\u00f3 que su inspiraci\u00f3n eran las mujeres que iban en bicicleta, no importa d\u00f3nde, al trabajo, a comer o a un cocktail. Quiso unir la comodidad y lo pr\u00e1ctica con formas bellas. Lo consigui\u00f3 aunque quiz\u00e1 le haya quedado una colecci\u00f3n poco original.<\/p>\n<figure style=\"width: 499px\" class=\"wp-caption alignnone\"><img loading=\"lazy\" src=\"https:\/\/i0.wp.com\/www.datapple.com\/wp-content\/plugins\/wp-o-matic\/cache\/e7880_fashion-week-2011-fall-phillip-lim-590bes021611.jpg?resize=499%2C330\" alt=\"\" width=\"499\" height=\"330\" data-recalc-dims=\"1\" \/><figcaption class=\"wp-caption-text\">via Datapple.com.<\/figcaption><\/figure>\n","protected":false},"excerpt":{"rendered":"<p>Continuo con el relato de lo que fue, pero s\u00f3lo a grandes rasgos, la semana de la moda de Nueva York. En contraste con la explosi\u00f3n creativa de Marc Jacobs\u00a0 y la feminidad delicada de Rodarte, la sobriedad de Max Azria y 3.1 Phillip Lim.\u00a0 Partiendo del concepto cl\u00e1sico del [&hellip;]<\/p>\n","protected":false},"author":2,"featured_media":16399,"comment_status":"open","ping_status":"open","sticky":false,"template":"","format":"standard","meta":{"jetpack_publicize_message":"","jetpack_is_tweetstorm":false,"jetpack_publicize_feature_enabled":true},"categories":[23],"tags":[],"jetpack_publicize_connections":[],"jetpack_featured_media_url":"https:\/\/i0.wp.com\/www.moda.es\/blog\/wp-content\/uploads\/2011\/02\/max-azria-fall-2011_11.jpg?fit=260%2C194","jetpack_sharing_enabled":true,"jetpack_shortlink":"https:\/\/wp.me\/p4tJCC-e3","jetpack-related-posts":[{"id":853,"url":"http:\/\/www.moda.es\/blog\/semana-de-moda-infinita\/","url_meta":{"origin":871,"position":0},"title":"Semana de moda infinita (1). Proenza Schouler.","date":"febrero 17, 2011","format":false,"excerpt":"La semana de la moda de Nueva York da para mucho. Han sido siete d\u00edas de desfiles sin parar, siete jornadas de colecciones que aventuran lo que ser\u00e1 el Oto\u00f1o\/Invierno de 2011\/2012. Anticipar el futuro a trav\u00e9s de la ropa. Entre tanta tela y tantos nombres, casi siempre vuelvo a\u2026","rel":"","context":"En \u00abPasarelas\u00bb","img":{"alt_text":"","src":"https:\/\/i0.wp.com\/www.moda.es\/blog\/wp-content\/uploads\/2011\/02\/medium1.jpg?fit=324%2C420&resize=350%2C200","width":350,"height":200},"classes":[]},{"id":14146,"url":"http:\/\/www.moda.es\/blog\/la-version-mas-sexy-de-barbie\/","url_meta":{"origin":871,"position":1},"title":"La versi\u00f3n m\u00e1s sexy de Barbie","date":"septiembre 16, 2013","format":false,"excerpt":"Cuando era peque\u00f1a y me pon\u00eda a jugar con mis Barbies lo primero que hac\u00eda era peinarlas y cambiarles el vestido para que fueran a una fiesta. Parece ser que no fui la \u00fanica en aquel juego porque hoy todav\u00eda m\u00e1s de uno juega a lo mismo que yo. Barbie,\u2026","rel":"","context":"En \u00abActualidad\u00bb","img":{"alt_text":"","src":"https:\/\/i0.wp.com\/www.moda.es\/blog\/wp-content\/uploads\/2013\/09\/Barbie-Herve-Leger-21.jpg?fit=500%2C750&resize=350%2C200","width":350,"height":200},"classes":[]},{"id":20785,"url":"http:\/\/www.moda.es\/blog\/luxottica-lanza-una-demanda-por-sus-wayfarer\/","url_meta":{"origin":871,"position":2},"title":"Luxottica lanza una demanda por sus Wayfarer","date":"junio 14, 2016","format":false,"excerpt":"Las gafas de sol\u00a0\u00a0son un b\u00e1sico\u00a0del vestir de todo el mundo en este momento y entre esos b\u00e1sicos hay modelos ic\u00f3nicos como las Wayfarer, las cl\u00e1sicas gafas de Ray Ban que son un aut\u00e9ntico emblema de moda que nos inspira looks casual y con un toque rebelde. Precisamente para defenderlo,\u00a0Luxottica\u2026","rel":"","context":"En \u00abActualidad\u00bb","img":{"alt_text":"","src":"https:\/\/i0.wp.com\/www.moda.es\/blog\/wp-content\/uploads\/2016\/06\/Captura-de-pantalla-2016-06-13-a-las-23.25.46.png?fit=489%2C730&resize=350%2C200","width":350,"height":200},"classes":[]},{"id":21054,"url":"http:\/\/www.moda.es\/blog\/charlotte-olympia-se-inspira-en-barbie\/","url_meta":{"origin":871,"position":3},"title":"Charlotte Olympia se inspira en Barbie","date":"septiembre 7, 2016","format":false,"excerpt":"Charlotte Olympia Dellal ha decidido\u00a0canalizar a su ni\u00f1a interior para su \u00faltima colecci\u00f3n c\u00e1psula. La famosa dise\u00f1adora de calzado se ha asociado\u00a0con Barbie en una colecci\u00f3n c\u00e1psula de accesorios. Adem\u00e1s de una mu\u00f1eca Barbie dise\u00f1ada para parecerse a Dellal vestida con un look\u00a0basado en uno de Giambattista Valli\u00a0que ya luci\u00f3\u2026","rel":"","context":"En \u00abActualidad\u00bb","img":{"alt_text":"","src":"https:\/\/i0.wp.com\/www.moda.es\/blog\/wp-content\/uploads\/2016\/09\/Captura-de-pantalla-2016-09-08-a-las-0.08.00.png?fit=588%2C340&resize=350%2C200","width":350,"height":200},"classes":[]},{"id":20156,"url":"http:\/\/www.moda.es\/blog\/kate-moss-y-daria-werbowy-se-quitan-el-maquillaje-para-equipment\/","url_meta":{"origin":871,"position":4},"title":"Kate Moss y Daria Werbowy se quitan el maquillaje para Equipment","date":"enero 6, 2016","format":false,"excerpt":"Coge a\u00a0dos supermodelos, una de los cuales es fot\u00f3grafa, una maleta llena de ropa y una semana en una isla paradis\u00edaca. El resultado es la nueva campa\u00f1a de\u00a0Equipment, protagonizada por Kate Moss y Daria Werbowy, en unas im\u00e1genes que parecen sacadas del \u00e1lbum de fotos personal de dos amigas. Moss,\u2026","rel":"","context":"En \u00abActualidad\u00bb","img":{"alt_text":"","src":"https:\/\/i0.wp.com\/www.moda.es\/blog\/wp-content\/uploads\/2016\/01\/Captura-de-pantalla-2016-01-06-a-las-20.47.54.png?fit=637%2C383&resize=350%2C200","width":350,"height":200},"classes":[]},{"id":1776,"url":"http:\/\/www.moda.es\/blog\/la-chica-de-las-cejas-gruesas\/","url_meta":{"origin":871,"position":5},"title":"La chica de las cejas gruesas","date":"mayo 2, 2011","format":false,"excerpt":"Es la modelo del momento. Su nombre\u00a0imposible de olvidar, Arizona Muse,\u00a0parece el de un perfume para adolescentes. Sus gruesas cejas, su se\u00f1a de identidad. Se llama Zoe pero era m\u00e1s llamativo lo de Arizona. Nacida en 1988 en Tucson (Arizona, EE.UU.), firm\u00f3\u00a0un contrato como modelo con la agencia\u00a0Next en 2008,\u2026","rel":"","context":"En \u00abIt Girl\u00bb","img":{"alt_text":"","src":"https:\/\/i0.wp.com\/shows.sight-management.com\/wp-content\/uploads\/2011\/02\/arizona-muse-marc-jacobs.jpg?resize=350%2C200","width":350,"height":200},"classes":[]}],"_links":{"self":[{"href":"http:\/\/www.moda.es\/blog\/wp-json\/wp\/v2\/posts\/871"}],"collection":[{"href":"http:\/\/www.moda.es\/blog\/wp-json\/wp\/v2\/posts"}],"about":[{"href":"http:\/\/www.moda.es\/blog\/wp-json\/wp\/v2\/types\/post"}],"author":[{"embeddable":true,"href":"http:\/\/www.moda.es\/blog\/wp-json\/wp\/v2\/users\/2"}],"replies":[{"embeddable":true,"href":"http:\/\/www.moda.es\/blog\/wp-json\/wp\/v2\/comments?post=871"}],"version-history":[{"count":0,"href":"http:\/\/www.moda.es\/blog\/wp-json\/wp\/v2\/posts\/871\/revisions"}],"wp:featuredmedia":[{"embeddable":true,"href":"http:\/\/www.moda.es\/blog\/wp-json\/wp\/v2\/media\/16399"}],"wp:attachment":[{"href":"http:\/\/www.moda.es\/blog\/wp-json\/wp\/v2\/media?parent=871"}],"wp:term":[{"taxonomy":"category","embeddable":true,"href":"http:\/\/www.moda.es\/blog\/wp-json\/wp\/v2\/categories?post=871"},{"taxonomy":"post_tag","embeddable":true,"href":"http:\/\/www.moda.es\/blog\/wp-json\/wp\/v2\/tags?post=871"}],"curies":[{"name":"wp","href":"https:\/\/api.w.org\/{rel}","templated":true}]}}