{"id":8636,"date":"2012-09-08T17:14:06","date_gmt":"2012-09-08T15:14:06","guid":{"rendered":"http:\/\/www.moda.es\/blog\/?p=8636"},"modified":"2012-09-08T17:14:06","modified_gmt":"2012-09-08T15:14:06","slug":"quin-jovenes-emprendedoras-jovenes-disenadores","status":"publish","type":"post","link":"http:\/\/www.moda.es\/blog\/quin-jovenes-emprendedoras-jovenes-disenadores\/","title":{"rendered":"Q\u00dcIN, j\u00f3venes emprendedoras, j\u00f3venes dise\u00f1adores"},"content":{"rendered":"<p>Un primer piso en pleno barrio de salamanca. Bajo las l\u00e1mparas con flores de cristal de los a\u00f1os 20, los arcos con rom\u00e1ticas molduras, frente a una chimenea de impactante m\u00e1rmol negro y muebles de anticuario, se despliegan una serie de colecciones de ropa y accesorios de lo m\u00e1s vanguardista. El contraste lo indica: \u00e9ste es un espacio inusual. A medio camino entre showroom y tienda, <a href=\"http:\/\/quinmadrid.com\/\">Q\u00dcIN<\/a> se presenta como un rara avis en el entorno de los espacios de moda.<\/p>\n<p><a href=\"https:\/\/i0.wp.com\/www.moda.es\/blog\/wp-content\/uploads\/2012\/09\/QUIN-1.jpg\"><img data-attachment-id=\"8649\" data-permalink=\"http:\/\/www.moda.es\/blog\/quin-1\/\" data-orig-file=\"https:\/\/i0.wp.com\/www.moda.es\/blog\/wp-content\/uploads\/2012\/09\/QUIN-1-e1347117121526.jpg?fit=407%2C600\" data-orig-size=\"407,600\" data-comments-opened=\"1\" data-image-meta=\"{&quot;aperture&quot;:&quot;0&quot;,&quot;credit&quot;:&quot;&quot;,&quot;camera&quot;:&quot;&quot;,&quot;caption&quot;:&quot;&quot;,&quot;created_timestamp&quot;:&quot;0&quot;,&quot;copyright&quot;:&quot;&quot;,&quot;focal_length&quot;:&quot;0&quot;,&quot;iso&quot;:&quot;0&quot;,&quot;shutter_speed&quot;:&quot;0&quot;,&quot;title&quot;:&quot;&quot;}\" data-image-title=\"QUIN 1\" data-image-description=\"\" data-image-caption=\"\" data-medium-file=\"https:\/\/i0.wp.com\/www.moda.es\/blog\/wp-content\/uploads\/2012\/09\/QUIN-1-e1347117121526.jpg?fit=203%2C300\" data-large-file=\"https:\/\/i0.wp.com\/www.moda.es\/blog\/wp-content\/uploads\/2012\/09\/QUIN-1-e1347117121526.jpg?fit=407%2C600\" loading=\"lazy\" class=\"aligncenter size-full wp-image-8649\" src=\"https:\/\/i0.wp.com\/www.moda.es\/blog\/wp-content\/uploads\/2012\/09\/QUIN-1-e1347117121526.jpg?resize=407%2C600\" alt=\"\" width=\"407\" height=\"600\" srcset=\"https:\/\/i0.wp.com\/www.moda.es\/blog\/wp-content\/uploads\/2012\/09\/QUIN-1-e1347117121526.jpg?w=407 407w, https:\/\/i0.wp.com\/www.moda.es\/blog\/wp-content\/uploads\/2012\/09\/QUIN-1-e1347117121526.jpg?resize=203%2C300 203w\" sizes=\"(max-width: 407px) 100vw, 407px\" data-recalc-dims=\"1\" \/><\/a><\/p>\n<p>Q\u00dcIN (la \u00abu\u00bb se pronuncia, por eso lleva di\u00e9resis) puede recordar a &#8216;reina&#8217; en ingl\u00e9s pero en realidad se trata de un juego de palabras en italiano, \u00abaqu\u00ed in\u00bb que se ha fundido en una sola. No en vano todo lo que se encuenta aqu\u00ed es <em>avant-garde<\/em>. Parte de la responsabilidad, la tiene Carmelina, italiana residente en Madrid que ten\u00eda desde hace tiempo la idea de crear una tienda-taller de moda, que se materializ\u00f3 cuando encontr\u00f3 a Renata,una brasile\u00f1a con mucha visi\u00f3n para los negocios. La primera, profesora -ense\u00f1a patronaje en el IED-, la segunda, alumna. Ambas unieron fuerzas dando forma a un espacio muy jugoso, 300 metros cuadrados de creatividad multidisciplinar. Sin olvidarnos de su atelier ocupado por m\u00e1quinas de coser que echan humo en una de sus habitaciones.<\/p>\n<figure id=\"attachment_8650\" aria-describedby=\"caption-attachment-8650\" style=\"width: 500px\" class=\"wp-caption aligncenter\"><a href=\"https:\/\/i0.wp.com\/www.moda.es\/blog\/wp-content\/uploads\/2012\/09\/QUIN-2.jpg\"><img data-attachment-id=\"8650\" data-permalink=\"http:\/\/www.moda.es\/blog\/quin-2\/\" data-orig-file=\"https:\/\/i0.wp.com\/www.moda.es\/blog\/wp-content\/uploads\/2012\/09\/QUIN-2-e1347117165480.jpg?fit=500%2C376\" data-orig-size=\"500,376\" data-comments-opened=\"1\" data-image-meta=\"{&quot;aperture&quot;:&quot;0&quot;,&quot;credit&quot;:&quot;&quot;,&quot;camera&quot;:&quot;&quot;,&quot;caption&quot;:&quot;&quot;,&quot;created_timestamp&quot;:&quot;0&quot;,&quot;copyright&quot;:&quot;&quot;,&quot;focal_length&quot;:&quot;0&quot;,&quot;iso&quot;:&quot;0&quot;,&quot;shutter_speed&quot;:&quot;0&quot;,&quot;title&quot;:&quot;&quot;}\" data-image-title=\"QUIN 2\" data-image-description=\"\" data-image-caption=\"&lt;p&gt;Estancia principal del showroom.&lt;\/p&gt;\n\" data-medium-file=\"https:\/\/i0.wp.com\/www.moda.es\/blog\/wp-content\/uploads\/2012\/09\/QUIN-2-e1347117165480.jpg?fit=300%2C225\" data-large-file=\"https:\/\/i0.wp.com\/www.moda.es\/blog\/wp-content\/uploads\/2012\/09\/QUIN-2-e1347117165480.jpg?fit=500%2C376\" loading=\"lazy\" class=\"size-full wp-image-8650\" src=\"https:\/\/i0.wp.com\/www.moda.es\/blog\/wp-content\/uploads\/2012\/09\/QUIN-2-e1347117165480.jpg?resize=500%2C376\" alt=\"\" width=\"500\" height=\"376\" srcset=\"https:\/\/i0.wp.com\/www.moda.es\/blog\/wp-content\/uploads\/2012\/09\/QUIN-2-e1347117165480.jpg?w=500 500w, https:\/\/i0.wp.com\/www.moda.es\/blog\/wp-content\/uploads\/2012\/09\/QUIN-2-e1347117165480.jpg?resize=300%2C225 300w\" sizes=\"(max-width: 500px) 100vw, 500px\" data-recalc-dims=\"1\" \/><\/a><figcaption id=\"caption-attachment-8650\" class=\"wp-caption-text\">Estancia principal del showroom.<\/figcaption><\/figure>\n<p>Las l\u00edneas puras, adem\u00e1s de la originalidad, definen su selecci\u00f3n de j\u00f3venes dise\u00f1adores, que como ellas, son tambi\u00e9n emprendedores. La mayor\u00eda compatibiliza un trabajo con la creaci\u00f3n de sus propias colecciones. No queremos hacer aqu\u00ed un listado sin m\u00e1s de las firmas que hay en Q\u00dcIN. Han sido muchos los que nos han llamado la atenci\u00f3n por su concepto y buen hacer, como <a href=\"http:\/\/www.a-couple.com\/\">A-Couple<\/a>, una firma de l\u00ednea n\u00f3rdica, cuyas colecciones est\u00e1n en su mayor\u00eda trabajadas a mano con unos impresionantes trabajos con tiras de algod\u00f3n como si fuera punto de lana; las siluetas estructuradas de <a href=\"http:\/\/www.impuribus.com\/\">Imp\u00faribus<\/a> de clara inspiraci\u00f3n arquitect\u00f3nica; la frescura de Valentina Buitrago con su concepto rom\u00e1ntico depurado de mujer; y las joyas de <a href=\"http:\/\/www.origamijewellery.com\/\">Origami Jewellery<\/a>, en oro y plata,\u00a0 inspiradas en laq t\u00edpica artesan\u00eda japonesa de mismo nombre, o las de <a href=\"http:\/\/www.lotocoho.com\/\">Lotocoho<\/a>, que buscan crear un paisaje con sus joyas y cuya \u00faltima colecci\u00f3n son estructuras arquitect\u00f3nicas en estado puro.<\/p>\n<figure id=\"attachment_8646\" aria-describedby=\"caption-attachment-8646\" style=\"width: 350px\" class=\"wp-caption aligncenter\"><a href=\"https:\/\/i0.wp.com\/www.moda.es\/blog\/wp-content\/uploads\/2012\/09\/6_3.jpg\"><img data-attachment-id=\"8646\" data-permalink=\"http:\/\/www.moda.es\/blog\/6_3\/\" data-orig-file=\"https:\/\/i0.wp.com\/www.moda.es\/blog\/wp-content\/uploads\/2012\/09\/6_3.jpg?fit=350%2C525\" data-orig-size=\"350,525\" data-comments-opened=\"1\" data-image-meta=\"{&quot;aperture&quot;:&quot;0&quot;,&quot;credit&quot;:&quot;&quot;,&quot;camera&quot;:&quot;&quot;,&quot;caption&quot;:&quot;&quot;,&quot;created_timestamp&quot;:&quot;0&quot;,&quot;copyright&quot;:&quot;&quot;,&quot;focal_length&quot;:&quot;0&quot;,&quot;iso&quot;:&quot;0&quot;,&quot;shutter_speed&quot;:&quot;0&quot;,&quot;title&quot;:&quot;&quot;}\" data-image-title=\"6_3\" data-image-description=\"\" data-image-caption=\"&lt;p&gt;Vestido de la nueva colecci\u00f3n de A-Couple. Foto via &lt;\/p&gt;\n\" data-medium-file=\"https:\/\/i0.wp.com\/www.moda.es\/blog\/wp-content\/uploads\/2012\/09\/6_3.jpg?fit=200%2C300\" data-large-file=\"https:\/\/i0.wp.com\/www.moda.es\/blog\/wp-content\/uploads\/2012\/09\/6_3.jpg?fit=350%2C525\" loading=\"lazy\" class=\"size-full wp-image-8646\" src=\"https:\/\/i0.wp.com\/www.moda.es\/blog\/wp-content\/uploads\/2012\/09\/6_3.jpg?resize=350%2C525\" alt=\"\" width=\"350\" height=\"525\" srcset=\"https:\/\/i0.wp.com\/www.moda.es\/blog\/wp-content\/uploads\/2012\/09\/6_3.jpg?w=350 350w, https:\/\/i0.wp.com\/www.moda.es\/blog\/wp-content\/uploads\/2012\/09\/6_3.jpg?resize=200%2C300 200w\" sizes=\"(max-width: 350px) 100vw, 350px\" data-recalc-dims=\"1\" \/><\/a><figcaption id=\"caption-attachment-8646\" class=\"wp-caption-text\">Vestido de la nueva colecci\u00f3n de A-Couple. Foto via www.a-couple.com<\/figcaption><\/figure>\n<figure id=\"attachment_8651\" aria-describedby=\"caption-attachment-8651\" style=\"width: 400px\" class=\"wp-caption aligncenter\"><a href=\"https:\/\/i0.wp.com\/www.moda.es\/blog\/wp-content\/uploads\/2012\/09\/QUIN-3.jpg\"><img data-attachment-id=\"8651\" data-permalink=\"http:\/\/www.moda.es\/blog\/quin-3\/\" data-orig-file=\"https:\/\/i0.wp.com\/www.moda.es\/blog\/wp-content\/uploads\/2012\/09\/QUIN-3-e1347117233703.jpg?fit=400%2C299\" data-orig-size=\"400,299\" data-comments-opened=\"1\" data-image-meta=\"{&quot;aperture&quot;:&quot;0&quot;,&quot;credit&quot;:&quot;&quot;,&quot;camera&quot;:&quot;&quot;,&quot;caption&quot;:&quot;&quot;,&quot;created_timestamp&quot;:&quot;0&quot;,&quot;copyright&quot;:&quot;&quot;,&quot;focal_length&quot;:&quot;0&quot;,&quot;iso&quot;:&quot;0&quot;,&quot;shutter_speed&quot;:&quot;0&quot;,&quot;title&quot;:&quot;&quot;}\" data-image-title=\"QUIN 3\" data-image-description=\"\" data-image-caption=\"&lt;p&gt;Peque\u00f1as piezas de oro y plat6a de Origami Jewellery. &lt;\/p&gt;\n\" data-medium-file=\"https:\/\/i0.wp.com\/www.moda.es\/blog\/wp-content\/uploads\/2012\/09\/QUIN-3-e1347117233703.jpg?fit=300%2C224\" data-large-file=\"https:\/\/i0.wp.com\/www.moda.es\/blog\/wp-content\/uploads\/2012\/09\/QUIN-3-e1347117233703.jpg?fit=400%2C299\" loading=\"lazy\" class=\"size-full wp-image-8651\" src=\"https:\/\/i0.wp.com\/www.moda.es\/blog\/wp-content\/uploads\/2012\/09\/QUIN-3-e1347117233703.jpg?resize=400%2C299\" alt=\"\" width=\"400\" height=\"299\" srcset=\"https:\/\/i0.wp.com\/www.moda.es\/blog\/wp-content\/uploads\/2012\/09\/QUIN-3-e1347117233703.jpg?w=400 400w, https:\/\/i0.wp.com\/www.moda.es\/blog\/wp-content\/uploads\/2012\/09\/QUIN-3-e1347117233703.jpg?resize=300%2C224 300w\" sizes=\"(max-width: 400px) 100vw, 400px\" data-recalc-dims=\"1\" \/><\/a><figcaption id=\"caption-attachment-8651\" class=\"wp-caption-text\">Peque\u00f1as piezas de oro y plat6a de Origami Jewellery.<\/figcaption><\/figure>\n<p>Q\u00dcIN es un viaje a la moda, un espacio donde encontrar una nueva expresi\u00f3n en ropa y accesorios, y hayar un nuevo yo. Os invito a conocerlo. Por cierto, los pr\u00f3ximos 14 y 15 acoger\u00e1 una exposici\u00f3n triple que se inaugura el d\u00eda 13. Una excusa m\u00e1s para ir disfrutando no s\u00f3lo de moda sino de arte.<\/p>\n<figure id=\"attachment_8647\" aria-describedby=\"caption-attachment-8647\" style=\"width: 450px\" class=\"wp-caption aligncenter\"><a href=\"https:\/\/i0.wp.com\/www.moda.es\/blog\/wp-content\/uploads\/2012\/09\/conquering.jpg\"><img data-attachment-id=\"8647\" data-permalink=\"http:\/\/www.moda.es\/blog\/conquering\/\" data-orig-file=\"https:\/\/i0.wp.com\/www.moda.es\/blog\/wp-content\/uploads\/2012\/09\/conquering-e1347116755666.jpg?fit=450%2C459\" data-orig-size=\"450,459\" data-comments-opened=\"1\" data-image-meta=\"{&quot;aperture&quot;:&quot;0&quot;,&quot;credit&quot;:&quot;&quot;,&quot;camera&quot;:&quot;&quot;,&quot;caption&quot;:&quot;&quot;,&quot;created_timestamp&quot;:&quot;0&quot;,&quot;copyright&quot;:&quot;&quot;,&quot;focal_length&quot;:&quot;0&quot;,&quot;iso&quot;:&quot;0&quot;,&quot;shutter_speed&quot;:&quot;0&quot;,&quot;title&quot;:&quot;&quot;}\" data-image-title=\"conquering\" data-image-description=\"\" data-image-caption=\"&lt;p&gt;Cartel de la pr\u00f3xima exposici\u00f3n en Q\u00dcIN, &#8216;Conquering Rooftops&#8217;.&lt;\/p&gt;\n\" data-medium-file=\"https:\/\/i0.wp.com\/www.moda.es\/blog\/wp-content\/uploads\/2012\/09\/conquering-e1347116755666.jpg?fit=294%2C300\" data-large-file=\"https:\/\/i0.wp.com\/www.moda.es\/blog\/wp-content\/uploads\/2012\/09\/conquering-e1347116755666.jpg?fit=450%2C459\" loading=\"lazy\" class=\"size-full wp-image-8647\" src=\"https:\/\/i0.wp.com\/www.moda.es\/blog\/wp-content\/uploads\/2012\/09\/conquering-e1347116755666.jpg?resize=450%2C459\" alt=\"\" width=\"450\" height=\"459\" srcset=\"https:\/\/i0.wp.com\/www.moda.es\/blog\/wp-content\/uploads\/2012\/09\/conquering-e1347116755666.jpg?w=450 450w, https:\/\/i0.wp.com\/www.moda.es\/blog\/wp-content\/uploads\/2012\/09\/conquering-e1347116755666.jpg?resize=294%2C300 294w\" sizes=\"(max-width: 450px) 100vw, 450px\" data-recalc-dims=\"1\" \/><\/a><figcaption id=\"caption-attachment-8647\" class=\"wp-caption-text\">Cartel de la pr\u00f3xima exposici\u00f3n en Q\u00dcIN, &#8216;Conquering Rooftops&#8217;.<\/figcaption><\/figure>\n<p>\u00b7 Q\u00dcIN, calle Conde de Aranda, 17, 1\u00ba izda. Madrid.<\/p>\n<div class=\"jetpack-video-wrapper\"><span class=\"embed-youtube\" style=\"text-align:center; display: block;\"><iframe class=\"youtube-player\" width=\"640\" height=\"360\" src=\"https:\/\/www.youtube.com\/embed\/1kqYlMT2a3g?version=3&#038;rel=1&#038;showsearch=0&#038;showinfo=1&#038;iv_load_policy=1&#038;fs=1&#038;hl=es-ES&#038;autohide=2&#038;wmode=transparent\" allowfullscreen=\"true\" style=\"border:0;\" sandbox=\"allow-scripts allow-same-origin allow-popups allow-presentation\"><\/iframe><\/span><\/div>\n","protected":false},"excerpt":{"rendered":"<p>Un primer piso en pleno barrio de salamanca. Bajo las l\u00e1mparas con flores de cristal de los a\u00f1os 20, los arcos con rom\u00e1ticas molduras, frente a una chimenea de impactante m\u00e1rmol negro y muebles de anticuario, se despliegan una serie de colecciones de ropa y accesorios de lo m\u00e1s vanguardista. [&hellip;]<\/p>\n","protected":false},"author":2,"featured_media":16867,"comment_status":"open","ping_status":"open","sticky":false,"template":"","format":"standard","meta":{"jetpack_publicize_message":"","jetpack_is_tweetstorm":false,"jetpack_publicize_feature_enabled":true},"categories":[28],"tags":[],"jetpack_publicize_connections":[],"jetpack_featured_media_url":"https:\/\/i0.wp.com\/www.moda.es\/blog\/wp-content\/uploads\/2012\/09\/QUIN-1-e13471171215261.jpg?fit=407%2C600","jetpack_sharing_enabled":true,"jetpack_shortlink":"https:\/\/wp.me\/p4tJCC-2fi","jetpack-related-posts":[{"id":2018,"url":"http:\/\/www.moda.es\/blog\/vestir-una-revolucion\/","url_meta":{"origin":8636,"position":0},"title":"Vestir una revoluci\u00f3n","date":"mayo 22, 2011","format":false,"excerpt":"Esta semana en Espa\u00f1a se ha vivido un acontecimiento de malestar ciudadano por razones de car\u00e1cter pol\u00edtico-econ\u00f3mico por la situaci\u00f3n por la que est\u00e1 pasando el pa\u00eds. Se ha visto y sentido intensamente aqu\u00ed, pero tambi\u00e9n fuera de nuestras fronteras, donde espa\u00f1oles expatriados y simpatizantes con la causa se han\u2026","rel":"","context":"En \u00abSobre Moda.es\u00bb","img":{"alt_text":"","src":"https:\/\/i0.wp.com\/www.moda.es\/blog\/wp-content\/uploads\/2011\/05\/mai-19681.jpg?fit=567%2C566&resize=350%2C200","width":350,"height":200},"classes":[]},{"id":807,"url":"http:\/\/www.moda.es\/blog\/la-vampira-de-moda\/","url_meta":{"origin":8636,"position":1},"title":"La vampira de moda","date":"febrero 12, 2011","format":false,"excerpt":"Kirsten Dunst hace mucho que no se prodiga por alfombras rojas aunque tiene ahora tres pel\u00edculas en post-producci\u00f3n: Melancholia (Lars von Trier), Upside Down (Juan Diego Solanas) y On the road (Walter Salles, basada en la hom\u00f3nima famosa novela de Kerouac), vaya usted a saber cu\u00e1ndo se estrenan\u00a0aqu\u00ed...\u00a0Pero esta semana\u2026","rel":"","context":"En \u00abDise\u00f1adores\u00bb","img":{"alt_text":"","src":"https:\/\/i0.wp.com\/www.moda.es\/blog\/wp-content\/uploads\/2011\/02\/kirsten-dunst-band-of-outsiders1.jpg?fit=300%2C300&resize=350%2C200","width":350,"height":200},"classes":[]},{"id":18963,"url":"http:\/\/www.moda.es\/blog\/un-nuevo-duo-de-moda\/","url_meta":{"origin":8636,"position":2},"title":"Un nuevo d\u00fao de moda","date":"febrero 18, 2015","format":false,"excerpt":"Pocas cosas son tan valiosas como tener un mentor durante los primeros d\u00edas de tu carrera, y para Phoebe English llegaron de forma muy\u00a0 inspiradora con el CEO de Comme des Gar\u00e7ons, Adrian Joffe.\u00a0 Juntos han desvvelado la \u00faltima instalaci\u00f3n de English en la tienda del museo CDG Trading de\u2026","rel":"","context":"En \u00abActualidad\u00bb","img":{"alt_text":"","src":"https:\/\/i0.wp.com\/www.moda.es\/blog\/wp-content\/uploads\/2015\/02\/cdg.jpg?fit=650%2C975&resize=350%2C200","width":350,"height":200},"classes":[]},{"id":4912,"url":"http:\/\/www.moda.es\/blog\/camisetas-como-lienzos\/","url_meta":{"origin":8636,"position":3},"title":"Camisetas como lienzos","date":"enero 5, 2012","format":false,"excerpt":"Iniciativa, juventud y originalidad. Estas premisas definen a Lalimitada, una tienda online donde el arte se ha hermanado con la moda para hacer del primero un bien asequible. \u00bfC\u00f3mo? Utilizando las camisetas como lienzos, como si fueran el soporte de una serigraf\u00eda porque, de hecho, cada camiseta lleva el n\u00famero\u2026","rel":"","context":"En \u00abTiendas online\u00bb","img":{"alt_text":"","src":"https:\/\/i0.wp.com\/www.moda.es\/blog\/wp-content\/uploads\/2012\/01\/modelo2_mosca-cojonera_lalimitada1.jpg?fit=400%2C400&resize=350%2C200","width":350,"height":200},"classes":[]},{"id":7335,"url":"http:\/\/www.moda.es\/blog\/a-lo-gran-gatsby\/","url_meta":{"origin":8636,"position":4},"title":"A lo &#8216;Gran Gatsby&#8217;","date":"junio 2, 2012","format":false,"excerpt":"Flecos, plumas, lentejuelas, abalorios, geometr\u00edas, cortes a la cadera... Vuelven los felices a\u00f1os veinte, el look del charlest\u00f3n. Muy posiblemente la culpa de esta recuperaci\u00f3n nost\u00e1lgica la tenga la nueva versi\u00f3n de 'El Gran Gatsby' para cine, que se estrenar\u00e1 en diciembre de este a\u00f1o, ya para las navidades. Dirigida\u2026","rel":"","context":"En \u00abTendencias\u00bb","img":{"alt_text":"","src":"https:\/\/i0.wp.com\/www.moda.es\/blog\/wp-content\/uploads\/2012\/06\/el_gran_gatsby_137491.jpg?fit=400%2C593&resize=350%2C200","width":350,"height":200},"classes":[]},{"id":4155,"url":"http:\/\/www.moda.es\/blog\/la-edad-de-la-inocencia-2-hailee-steinfeld\/","url_meta":{"origin":8636,"position":5},"title":"La edad de la inocencia (2), Hailee Steinfeld","date":"noviembre 3, 2011","format":false,"excerpt":"Esta joven estadounidense dej\u00f3 al p\u00fablico que vi\u00f3 True Grit (Hermenos Coen, 2010) boquiabierto, lo mismo que a los miembros de la Academia de Cine que votan a los nominados para los Oscar: Hailee Steinfeld era una de las int\u00e9rpretes m\u00e1s j\u00f3venes en ser nominada a estos premios. Y es\u2026","rel":"","context":"En \u00abIt Girl\u00bb","img":{"alt_text":"","src":"https:\/\/i0.wp.com\/www.moda.es\/blog\/wp-content\/uploads\/2011\/11\/background-campaign-e13203540022861.jpg?fit=500%2C289&resize=350%2C200","width":350,"height":200},"classes":[]}],"_links":{"self":[{"href":"http:\/\/www.moda.es\/blog\/wp-json\/wp\/v2\/posts\/8636"}],"collection":[{"href":"http:\/\/www.moda.es\/blog\/wp-json\/wp\/v2\/posts"}],"about":[{"href":"http:\/\/www.moda.es\/blog\/wp-json\/wp\/v2\/types\/post"}],"author":[{"embeddable":true,"href":"http:\/\/www.moda.es\/blog\/wp-json\/wp\/v2\/users\/2"}],"replies":[{"embeddable":true,"href":"http:\/\/www.moda.es\/blog\/wp-json\/wp\/v2\/comments?post=8636"}],"version-history":[{"count":0,"href":"http:\/\/www.moda.es\/blog\/wp-json\/wp\/v2\/posts\/8636\/revisions"}],"wp:featuredmedia":[{"embeddable":true,"href":"http:\/\/www.moda.es\/blog\/wp-json\/wp\/v2\/media\/16867"}],"wp:attachment":[{"href":"http:\/\/www.moda.es\/blog\/wp-json\/wp\/v2\/media?parent=8636"}],"wp:term":[{"taxonomy":"category","embeddable":true,"href":"http:\/\/www.moda.es\/blog\/wp-json\/wp\/v2\/categories?post=8636"},{"taxonomy":"post_tag","embeddable":true,"href":"http:\/\/www.moda.es\/blog\/wp-json\/wp\/v2\/tags?post=8636"}],"curies":[{"name":"wp","href":"https:\/\/api.w.org\/{rel}","templated":true}]}}