{"id":8537,"date":"2012-08-30T21:16:36","date_gmt":"2012-08-30T19:16:36","guid":{"rendered":"http:\/\/www.moda.es\/blog\/?p=8537"},"modified":"2012-08-30T21:16:36","modified_gmt":"2012-08-30T19:16:36","slug":"elegantes-en-venecia","status":"publish","type":"post","link":"http:\/\/www.moda.es\/blog\/elegantes-en-venecia\/","title":{"rendered":"Elegantes en Venecia"},"content":{"rendered":"<p>Se nota que las vacaciones han acabado para muchos, que la vuelta al cole es cada vez m\u00e1s una realidad. Los acontecimientos que tiene que ver con la moda estaban un poco parados. Pero hoy ha dado el pistoletazo de salida la <a href=\"http:\/\/www.mercedesbenzfashionweekmadrid.com\/\">Mercedes-Benz Fashion Week<\/a> de Madrid, y lo hace con suma expectaci\u00f3n con el <a href=\"http:\/\/www.mercedesbenzfashionweekmadrid.com\/desfiles\">desfile<\/a> de <a href=\"http:\/\/www.delpozo.com\/\">DelPozo<\/a>, nuevo nombre de la marca de Jes\u00fas del Pozo tras el fallecimiento de su creador, bajo la batuta de Josep Font, uno de nuestros dise\u00f1adores con m\u00e1s imaginaci\u00f3n que ha visto su carrera lastrada por desavenencias con su antigua socia capitalista.<\/p>\n<figure id=\"attachment_8541\" aria-describedby=\"caption-attachment-8541\" style=\"width: 425px\" class=\"wp-caption aligncenter\"><a href=\"https:\/\/i0.wp.com\/www.moda.es\/blog\/wp-content\/uploads\/2012\/08\/Josep-Font-2012.jpg\"><img data-attachment-id=\"8541\" data-permalink=\"http:\/\/www.moda.es\/blog\/josep-font-2012\/\" data-orig-file=\"https:\/\/i0.wp.com\/www.moda.es\/blog\/wp-content\/uploads\/2012\/08\/Josep-Font-2012-e1346352928550.jpg?fit=425%2C601\" data-orig-size=\"425,601\" data-comments-opened=\"1\" data-image-meta=\"{&quot;aperture&quot;:&quot;0&quot;,&quot;credit&quot;:&quot;&quot;,&quot;camera&quot;:&quot;&quot;,&quot;caption&quot;:&quot;&quot;,&quot;created_timestamp&quot;:&quot;0&quot;,&quot;copyright&quot;:&quot;&quot;,&quot;focal_length&quot;:&quot;0&quot;,&quot;iso&quot;:&quot;0&quot;,&quot;shutter_speed&quot;:&quot;0&quot;,&quot;title&quot;:&quot;&quot;}\" data-image-title=\"Josep Font 2012\" data-image-description=\"\" data-image-caption=\"&lt;p&gt;Retrato reciente de Josep Font. Foto via http:\/\/www.thehotmesscorner.com\/&lt;\/p&gt;\n\" data-medium-file=\"https:\/\/i0.wp.com\/www.moda.es\/blog\/wp-content\/uploads\/2012\/08\/Josep-Font-2012-e1346352928550.jpg?fit=212%2C300\" data-large-file=\"https:\/\/i0.wp.com\/www.moda.es\/blog\/wp-content\/uploads\/2012\/08\/Josep-Font-2012-e1346352928550.jpg?fit=425%2C601\" loading=\"lazy\" class=\"size-full wp-image-8541\" src=\"https:\/\/i0.wp.com\/www.moda.es\/blog\/wp-content\/uploads\/2012\/08\/Josep-Font-2012-e1346352928550.jpg?resize=425%2C601\" alt=\"\" width=\"425\" height=\"601\" srcset=\"https:\/\/i0.wp.com\/www.moda.es\/blog\/wp-content\/uploads\/2012\/08\/Josep-Font-2012-e1346352928550.jpg?w=425 425w, https:\/\/i0.wp.com\/www.moda.es\/blog\/wp-content\/uploads\/2012\/08\/Josep-Font-2012-e1346352928550.jpg?resize=212%2C300 212w\" sizes=\"(max-width: 425px) 100vw, 425px\" data-recalc-dims=\"1\" \/><\/a><figcaption id=\"caption-attachment-8541\" class=\"wp-caption-text\">Retrato reciente de Josep Font. Foto via http:\/\/www.thehotmesscorner.com\/<\/figcaption><\/figure>\n<p>Mientras esperamos a ver los dise\u00f1os de esta nueva etapa de DelPozo, miramos a Venecia donde anoche se inauguraba una nueva \u00abmostra\u00bb. En la ciudad de los canales, se han dado cita actrices europeas y americanas, que pusieron la nota elegante a una velada de cine. Para nosotros, destacaron por encima de las dem\u00e1s: Naomi Watts, Kasia Smutniak,\u00a0Violante Placido y\u00a0Laetitia Casta.<\/p>\n<p>Naomi Watts con un dise\u00f1o de Marchesa en color beige con capas de encaje.<\/p>\n<figure id=\"attachment_8543\" aria-describedby=\"caption-attachment-8543\" style=\"width: 366px\" class=\"wp-caption aligncenter\"><a href=\"https:\/\/i0.wp.com\/www.moda.es\/blog\/wp-content\/uploads\/2012\/08\/Liev-Schreiber-Naomi-Watts-Venice-Premiere-Pictures.jpg\"><img data-attachment-id=\"8543\" data-permalink=\"http:\/\/www.moda.es\/blog\/liev-schreiber-naomi-watts-venice-premiere-pictures\/\" data-orig-file=\"https:\/\/i0.wp.com\/www.moda.es\/blog\/wp-content\/uploads\/2012\/08\/Liev-Schreiber-Naomi-Watts-Venice-Premiere-Pictures.jpg?fit=366%2C550\" data-orig-size=\"366,550\" data-comments-opened=\"1\" data-image-meta=\"{&quot;aperture&quot;:&quot;0&quot;,&quot;credit&quot;:&quot;&quot;,&quot;camera&quot;:&quot;&quot;,&quot;caption&quot;:&quot;&quot;,&quot;created_timestamp&quot;:&quot;0&quot;,&quot;copyright&quot;:&quot;&quot;,&quot;focal_length&quot;:&quot;0&quot;,&quot;iso&quot;:&quot;0&quot;,&quot;shutter_speed&quot;:&quot;0&quot;,&quot;title&quot;:&quot;&quot;}\" data-image-title=\"Liev-Schreiber-Naomi-Watts-Venice-Premiere-Pictures\" data-image-description=\"\" data-image-caption=\"&lt;p&gt;Foto via popsugar.com&lt;\/p&gt;\n\" data-medium-file=\"https:\/\/i0.wp.com\/www.moda.es\/blog\/wp-content\/uploads\/2012\/08\/Liev-Schreiber-Naomi-Watts-Venice-Premiere-Pictures.jpg?fit=199%2C300\" data-large-file=\"https:\/\/i0.wp.com\/www.moda.es\/blog\/wp-content\/uploads\/2012\/08\/Liev-Schreiber-Naomi-Watts-Venice-Premiere-Pictures.jpg?fit=366%2C550\" loading=\"lazy\" class=\"size-full wp-image-8543\" src=\"https:\/\/i0.wp.com\/www.moda.es\/blog\/wp-content\/uploads\/2012\/08\/Liev-Schreiber-Naomi-Watts-Venice-Premiere-Pictures.jpg?resize=366%2C550\" alt=\"\" width=\"366\" height=\"550\" srcset=\"https:\/\/i0.wp.com\/www.moda.es\/blog\/wp-content\/uploads\/2012\/08\/Liev-Schreiber-Naomi-Watts-Venice-Premiere-Pictures.jpg?w=366 366w, https:\/\/i0.wp.com\/www.moda.es\/blog\/wp-content\/uploads\/2012\/08\/Liev-Schreiber-Naomi-Watts-Venice-Premiere-Pictures.jpg?resize=199%2C300 199w\" sizes=\"(max-width: 366px) 100vw, 366px\" data-recalc-dims=\"1\" \/><\/a><figcaption id=\"caption-attachment-8543\" class=\"wp-caption-text\">Foto via popsugar.com<\/figcaption><\/figure>\n<p>La actriz polaca Kasia Smutniak que se decant\u00f3 por un vestido color coral de Armani Priv\u00e9 sin escote delante que sorprend\u00eda con un bonito escote en la espalda.<\/p>\n<figure id=\"attachment_8545\" aria-describedby=\"caption-attachment-8545\" style=\"width: 400px\" class=\"wp-caption aligncenter\"><a href=\"https:\/\/i0.wp.com\/www.moda.es\/blog\/wp-content\/uploads\/2012\/08\/kasia-smutniak-con-abito-lungo-rosso.jpeg\"><img data-attachment-id=\"8545\" data-permalink=\"http:\/\/www.moda.es\/blog\/the-reluctant-fundamentalist-premiere-and-opening-ceremony-the-69th-venice-film-festival\/\" data-orig-file=\"https:\/\/i0.wp.com\/www.moda.es\/blog\/wp-content\/uploads\/2012\/08\/kasia-smutniak-con-abito-lungo-rosso-e1346353597741.jpeg?fit=400%2C600\" data-orig-size=\"400,600\" data-comments-opened=\"1\" data-image-meta=\"{&quot;aperture&quot;:&quot;0&quot;,&quot;credit&quot;:&quot;&quot;,&quot;camera&quot;:&quot;&quot;,&quot;caption&quot;:&quot;&quot;,&quot;created_timestamp&quot;:&quot;0&quot;,&quot;copyright&quot;:&quot;&quot;,&quot;focal_length&quot;:&quot;0&quot;,&quot;iso&quot;:&quot;0&quot;,&quot;shutter_speed&quot;:&quot;0&quot;,&quot;title&quot;:&quot;&quot;}\" data-image-title=\"\u00abThe Reluctant Fundamentalist\u00bb Premiere And Opening Ceremony &#8211; The 69th Venice Film Festival\" data-image-description=\"&lt;p&gt;attends \u00abThe Reluctant Fundamentalist\u00bb Premiere And Opening Ceremony during the 69th Venice International Film Festival at Palazzo del Cinema on August 29, 2012 in Venice, Italy.&lt;\/p&gt;\n\" data-image-caption=\"&lt;p&gt;Foto via www.pianetadonna.it&lt;\/p&gt;\n\" data-medium-file=\"https:\/\/i0.wp.com\/www.moda.es\/blog\/wp-content\/uploads\/2012\/08\/kasia-smutniak-con-abito-lungo-rosso-e1346353597741.jpeg?fit=200%2C300\" data-large-file=\"https:\/\/i0.wp.com\/www.moda.es\/blog\/wp-content\/uploads\/2012\/08\/kasia-smutniak-con-abito-lungo-rosso-e1346353597741.jpeg?fit=400%2C600\" loading=\"lazy\" class=\"size-full wp-image-8545\" src=\"https:\/\/i0.wp.com\/www.moda.es\/blog\/wp-content\/uploads\/2012\/08\/kasia-smutniak-con-abito-lungo-rosso-e1346353597741.jpeg?resize=400%2C600\" alt=\"\" width=\"400\" height=\"600\" srcset=\"https:\/\/i0.wp.com\/www.moda.es\/blog\/wp-content\/uploads\/2012\/08\/kasia-smutniak-con-abito-lungo-rosso-e1346353597741.jpeg?w=400 400w, https:\/\/i0.wp.com\/www.moda.es\/blog\/wp-content\/uploads\/2012\/08\/kasia-smutniak-con-abito-lungo-rosso-e1346353597741.jpeg?resize=200%2C300 200w\" sizes=\"(max-width: 400px) 100vw, 400px\" data-recalc-dims=\"1\" \/><\/a><figcaption id=\"caption-attachment-8545\" class=\"wp-caption-text\">Foto via www.pianetadonna.it<\/figcaption><\/figure>\n<figure id=\"attachment_8544\" aria-describedby=\"caption-attachment-8544\" style=\"width: 500px\" class=\"wp-caption aligncenter\"><a href=\"https:\/\/i0.wp.com\/www.moda.es\/blog\/wp-content\/uploads\/2012\/08\/kasia-smutniak-sul-red-carpet-del-festival-del-cinema-di-venezia-2012.jpg\"><img data-attachment-id=\"8544\" data-permalink=\"http:\/\/www.moda.es\/blog\/kasia-smutniak-sul-red-carpet-del-festival-del-cinema-di-venezia-2012\/\" data-orig-file=\"https:\/\/i0.wp.com\/www.moda.es\/blog\/wp-content\/uploads\/2012\/08\/kasia-smutniak-sul-red-carpet-del-festival-del-cinema-di-venezia-2012-e1346353493174.jpg?fit=500%2C332\" data-orig-size=\"500,332\" data-comments-opened=\"1\" data-image-meta=\"{&quot;aperture&quot;:&quot;0&quot;,&quot;credit&quot;:&quot;&quot;,&quot;camera&quot;:&quot;&quot;,&quot;caption&quot;:&quot;&quot;,&quot;created_timestamp&quot;:&quot;0&quot;,&quot;copyright&quot;:&quot;&quot;,&quot;focal_length&quot;:&quot;0&quot;,&quot;iso&quot;:&quot;0&quot;,&quot;shutter_speed&quot;:&quot;0&quot;,&quot;title&quot;:&quot;&quot;}\" data-image-title=\"kasia-smutniak-sul-red-carpet-del-festival-del-cinema-di-venezia-2012\" data-image-description=\"\" data-image-caption=\"&lt;p&gt;Foto via www.vivacinema.it&lt;\/p&gt;\n\" data-medium-file=\"https:\/\/i0.wp.com\/www.moda.es\/blog\/wp-content\/uploads\/2012\/08\/kasia-smutniak-sul-red-carpet-del-festival-del-cinema-di-venezia-2012-e1346353493174.jpg?fit=300%2C199\" data-large-file=\"https:\/\/i0.wp.com\/www.moda.es\/blog\/wp-content\/uploads\/2012\/08\/kasia-smutniak-sul-red-carpet-del-festival-del-cinema-di-venezia-2012-e1346353493174.jpg?fit=500%2C332\" loading=\"lazy\" class=\"size-full wp-image-8544\" src=\"https:\/\/i0.wp.com\/www.moda.es\/blog\/wp-content\/uploads\/2012\/08\/kasia-smutniak-sul-red-carpet-del-festival-del-cinema-di-venezia-2012-e1346353493174.jpg?resize=500%2C332\" alt=\"\" width=\"500\" height=\"332\" srcset=\"https:\/\/i0.wp.com\/www.moda.es\/blog\/wp-content\/uploads\/2012\/08\/kasia-smutniak-sul-red-carpet-del-festival-del-cinema-di-venezia-2012-e1346353493174.jpg?w=500 500w, https:\/\/i0.wp.com\/www.moda.es\/blog\/wp-content\/uploads\/2012\/08\/kasia-smutniak-sul-red-carpet-del-festival-del-cinema-di-venezia-2012-e1346353493174.jpg?resize=300%2C199 300w\" sizes=\"(max-width: 500px) 100vw, 500px\" data-recalc-dims=\"1\" \/><\/a><figcaption id=\"caption-attachment-8544\" class=\"wp-caption-text\">Foto via www.vivacinema.it<\/figcaption><\/figure>\n<p>La italiana Violante Placido escogi\u00f3 un dise\u00f1o de su compatriota Alberta Ferreti, cl\u00e1sico, en rojo.<\/p>\n<figure id=\"attachment_8546\" aria-describedby=\"caption-attachment-8546\" style=\"width: 400px\" class=\"wp-caption aligncenter\"><a href=\"https:\/\/i0.wp.com\/www.moda.es\/blog\/wp-content\/uploads\/2012\/08\/150995212.jpg\"><img data-attachment-id=\"8546\" data-permalink=\"http:\/\/www.moda.es\/blog\/the-reluctant-fundamentalist-premiere-and-opening-ceremony-the-69th-venice-film-festival-2\/\" data-orig-file=\"https:\/\/i0.wp.com\/www.moda.es\/blog\/wp-content\/uploads\/2012\/08\/150995212-e1346353883156.jpg?fit=400%2C648\" data-orig-size=\"400,648\" data-comments-opened=\"1\" data-image-meta=\"{&quot;aperture&quot;:&quot;0&quot;,&quot;credit&quot;:&quot;&quot;,&quot;camera&quot;:&quot;&quot;,&quot;caption&quot;:&quot;&quot;,&quot;created_timestamp&quot;:&quot;0&quot;,&quot;copyright&quot;:&quot;&quot;,&quot;focal_length&quot;:&quot;0&quot;,&quot;iso&quot;:&quot;0&quot;,&quot;shutter_speed&quot;:&quot;0&quot;,&quot;title&quot;:&quot;&quot;}\" data-image-title=\"\u00abThe Reluctant Fundamentalist\u00bb Premiere And Opening Ceremony &#8211; The 69th Venice Film Festival\" data-image-description=\"&lt;p&gt;attends the &#8216;&#8212;&#8212;-&#8216; premiere during the 69th Venice Film Festival at Palazzo del Cinema on August 29, 2012 in Venice, Italy.&lt;\/p&gt;\n\" data-image-caption=\"&lt;p&gt;Foto via forbiciate.com&lt;\/p&gt;\n\" data-medium-file=\"https:\/\/i0.wp.com\/www.moda.es\/blog\/wp-content\/uploads\/2012\/08\/150995212-e1346353883156.jpg?fit=185%2C300\" data-large-file=\"https:\/\/i0.wp.com\/www.moda.es\/blog\/wp-content\/uploads\/2012\/08\/150995212-e1346353883156.jpg?fit=400%2C648\" loading=\"lazy\" class=\"size-full wp-image-8546\" src=\"https:\/\/i0.wp.com\/www.moda.es\/blog\/wp-content\/uploads\/2012\/08\/150995212-e1346353883156.jpg?resize=400%2C648\" alt=\"\" width=\"400\" height=\"648\" srcset=\"https:\/\/i0.wp.com\/www.moda.es\/blog\/wp-content\/uploads\/2012\/08\/150995212-e1346353883156.jpg?w=400 400w, https:\/\/i0.wp.com\/www.moda.es\/blog\/wp-content\/uploads\/2012\/08\/150995212-e1346353883156.jpg?resize=185%2C300 185w\" sizes=\"(max-width: 400px) 100vw, 400px\" data-recalc-dims=\"1\" \/><\/a><figcaption id=\"caption-attachment-8546\" class=\"wp-caption-text\">Foto via forbiciate.com<\/figcaption><\/figure>\n<p>Y Laetitia Casta, quien ha acudido en condici\u00f3n de miembro del jurado, luci\u00f3 cuerpo con un provocador Dolce &amp; Gabbana de encaje de gran dimensi\u00f3n.<\/p>\n<figure id=\"attachment_8547\" aria-describedby=\"caption-attachment-8547\" style=\"width: 500px\" class=\"wp-caption aligncenter\"><a href=\"https:\/\/i0.wp.com\/www.moda.es\/blog\/wp-content\/uploads\/2012\/08\/laetitia-casta-sul-red-carpet-del-festival-del-cinema-di-venezia-2012.jpg\"><img data-attachment-id=\"8547\" data-permalink=\"http:\/\/www.moda.es\/blog\/laetitia-casta-sul-red-carpet-del-festival-del-cinema-di-venezia-2012\/\" data-orig-file=\"https:\/\/i0.wp.com\/www.moda.es\/blog\/wp-content\/uploads\/2012\/08\/laetitia-casta-sul-red-carpet-del-festival-del-cinema-di-venezia-2012-e1346354096444.jpg?fit=500%2C332\" data-orig-size=\"500,332\" data-comments-opened=\"1\" data-image-meta=\"{&quot;aperture&quot;:&quot;0&quot;,&quot;credit&quot;:&quot;&quot;,&quot;camera&quot;:&quot;&quot;,&quot;caption&quot;:&quot;&quot;,&quot;created_timestamp&quot;:&quot;0&quot;,&quot;copyright&quot;:&quot;&quot;,&quot;focal_length&quot;:&quot;0&quot;,&quot;iso&quot;:&quot;0&quot;,&quot;shutter_speed&quot;:&quot;0&quot;,&quot;title&quot;:&quot;&quot;}\" data-image-title=\"laetitia-casta-sul-red-carpet-del-festival-del-cinema-di-venezia-2012\" data-image-description=\"\" data-image-caption=\"&lt;p&gt;Foto via www.vivacinema.it&lt;\/p&gt;\n\" data-medium-file=\"https:\/\/i0.wp.com\/www.moda.es\/blog\/wp-content\/uploads\/2012\/08\/laetitia-casta-sul-red-carpet-del-festival-del-cinema-di-venezia-2012-e1346354096444.jpg?fit=300%2C199\" data-large-file=\"https:\/\/i0.wp.com\/www.moda.es\/blog\/wp-content\/uploads\/2012\/08\/laetitia-casta-sul-red-carpet-del-festival-del-cinema-di-venezia-2012-e1346354096444.jpg?fit=500%2C332\" loading=\"lazy\" class=\"size-full wp-image-8547\" src=\"https:\/\/i0.wp.com\/www.moda.es\/blog\/wp-content\/uploads\/2012\/08\/laetitia-casta-sul-red-carpet-del-festival-del-cinema-di-venezia-2012-e1346354096444.jpg?resize=500%2C332\" alt=\"\" width=\"500\" height=\"332\" srcset=\"https:\/\/i0.wp.com\/www.moda.es\/blog\/wp-content\/uploads\/2012\/08\/laetitia-casta-sul-red-carpet-del-festival-del-cinema-di-venezia-2012-e1346354096444.jpg?w=500 500w, https:\/\/i0.wp.com\/www.moda.es\/blog\/wp-content\/uploads\/2012\/08\/laetitia-casta-sul-red-carpet-del-festival-del-cinema-di-venezia-2012-e1346354096444.jpg?resize=300%2C199 300w\" sizes=\"(max-width: 500px) 100vw, 500px\" data-recalc-dims=\"1\" \/><\/a><figcaption id=\"caption-attachment-8547\" class=\"wp-caption-text\">Foto via www.vivacinema.it<\/figcaption><\/figure>\n<p>\u00bfQu\u00e9 nos deparar\u00e1 el resto de jornadas del festival?<\/p>\n<p>&nbsp;<\/p>\n<p>&nbsp;<\/p>\n","protected":false},"excerpt":{"rendered":"<p>Se nota que las vacaciones han acabado para muchos, que la vuelta al cole es cada vez m\u00e1s una realidad. Los acontecimientos que tiene que ver con la moda estaban un poco parados. Pero hoy ha dado el pistoletazo de salida la Mercedes-Benz Fashion Week de Madrid, y lo hace [&hellip;]<\/p>\n","protected":false},"author":2,"featured_media":16855,"comment_status":"open","ping_status":"open","sticky":false,"template":"","format":"standard","meta":{"jetpack_publicize_message":"","jetpack_is_tweetstorm":false,"jetpack_publicize_feature_enabled":true},"categories":[2],"tags":[],"jetpack_publicize_connections":[],"jetpack_featured_media_url":"https:\/\/i0.wp.com\/www.moda.es\/blog\/wp-content\/uploads\/2012\/08\/Josep-Font-2012-e13463529285501.jpg?fit=425%2C601","jetpack_sharing_enabled":true,"jetpack_shortlink":"https:\/\/wp.me\/p4tJCC-2dH","jetpack-related-posts":[{"id":8551,"url":"http:\/\/www.moda.es\/blog\/josep-font-inaugura-delpozo\/","url_meta":{"origin":8537,"position":0},"title":"Josep Font inaugura DelPozo","date":"agosto 31, 2012","format":false,"excerpt":"La noticia m\u00e1s comentada hoy en los circuitos de la moda espa\u00f1ola es la vuelta ayer a la pasarela de Josep Font con su primer desfile como director creativo de DelPozo en el marco incomparable del poco famoso jard\u00edn de El Capricho de Madrid. Font, que desapareci\u00f3 en un momento\u2026","rel":"","context":"En \u00abPasarelas\u00bb","img":{"alt_text":"","src":"https:\/\/i0.wp.com\/www.moda.es\/blog\/wp-content\/uploads\/2012\/08\/el_debut_de_josep_font_con_delpozo_894394360_428x-e1346442922831.jpg?resize=350%2C200","width":350,"height":200},"classes":[]},{"id":10768,"url":"http:\/\/www.moda.es\/blog\/custo-y-delpozo-dos-grandes-en-la-nyfw\/","url_meta":{"origin":8537,"position":1},"title":"Custo y DelPozo, dos grandes en la NYFW","date":"febrero 13, 2013","format":false,"excerpt":"Me llena de gran satisfacci\u00f3n ver c\u00f3mo el genio espa\u00f1ol se ha impuesto en una de las capitales m\u00e1s exigentes de la moda. Custo Barcelona y DelPozo han triunfado en la Semana de la moda de Nueva York,el primero una vez m\u00e1s y el segundo en su flamante estreno. \u00a1Viva\u2026","rel":"","context":"En \u00abPasarelas\u00bb","img":{"alt_text":"","src":"https:\/\/i0.wp.com\/www.moda.es\/blog\/wp-content\/uploads\/2013\/02\/Custo-Barcelona-AW13-14-1.jpg?resize=350%2C200","width":350,"height":200},"classes":[]},{"id":11917,"url":"http:\/\/www.moda.es\/blog\/descubre-la-coleccion-de-maya-hansen-para-fosco\/","url_meta":{"origin":8537,"position":2},"title":"Descubre la colecci\u00f3n de Maya Hansen para Fosco","date":"abril 8, 2013","format":false,"excerpt":"M\u00e9jico lindo y querido, si muero lejos de ti... Esa es la tierra, la tradici\u00f3n y la cultura que han inspirado a la dise\u00f1adora Maya Hansen en su colecci\u00f3n c\u00e1psula para Fosco. Tras sus colaboraciones con Juanjo Oliva, Miriam Ocariz, Lemoniez, Josep Abril, Ion Fiz, Ana Locking, Guillermina Baeza y\u2026","rel":"","context":"En \u00abAccesorios\u00bb","img":{"alt_text":"","src":"https:\/\/i0.wp.com\/www.moda.es\/blog\/wp-content\/uploads\/2013\/04\/Maya_Fosco_41.jpg?fit=300%2C450&resize=350%2C200","width":350,"height":200},"classes":[]},{"id":19645,"url":"http:\/\/www.moda.es\/blog\/alexander-wang-abandona-balenciaga\/","url_meta":{"origin":8537,"position":3},"title":"Alexander Wang abandona Balenciaga","date":"agosto 1, 2015","format":false,"excerpt":"Balenciaga ha confirmado\u00a0que su director creativo, Alexander Wang, dejar\u00e1 la casa por consentimiento mutuo. Wang tom\u00f3 el tim\u00f3n a finales de 2012, y ha demostrado estar a la altura recibiendo la constante aclamaci\u00f3n de la cr\u00edtica y siendo un digno sucesor de Nicolas Ghesquiere,\u00a0y contribuyendo a un positivo crecimiento de\u2026","rel":"","context":"En \u00abActualidad\u00bb","img":{"alt_text":"","src":"https:\/\/i0.wp.com\/www.moda.es\/blog\/wp-content\/uploads\/2015\/08\/Captura-de-pantalla-2015-08-01-a-las-15.37.21.png?fit=322%2C481&resize=350%2C200","width":350,"height":200},"classes":[]},{"id":20493,"url":"http:\/\/www.moda.es\/blog\/anthony-vacarello-nuevo-director-creativo-de-saint-laurent\/","url_meta":{"origin":8537,"position":4},"title":"Anthony Vacarello nuevo director creativo de Saint Laurent","date":"abril 4, 2016","format":false,"excerpt":"Anthony Vaccarello\u00a0ha sido nombrado director creativo de Yves Saint Laurent\u00a0con efecto inmediato, confirmando los rumores generalizados de que el dise\u00f1ador suceder\u00eda a Hedi Slimane. En el d\u00eda de hoy se ha confirmado\u00a0que Vaccarello abandonaba\u00a0su papel como director creativo de la l\u00ednea Versus de Versace, allanando el camino para su llegada\u2026","rel":"","context":"En \u00abActualidad\u00bb","img":{"alt_text":"","src":"https:\/\/i0.wp.com\/www.moda.es\/blog\/wp-content\/uploads\/2016\/04\/Captura-de-pantalla-2016-04-04-a-las-22.47.49.png?fit=291%2C435&resize=350%2C200","width":350,"height":200},"classes":[]},{"id":18072,"url":"http:\/\/www.moda.es\/blog\/cara-delevingne-presenta-su-coleccion-para-dkny\/","url_meta":{"origin":8537,"position":5},"title":"Cara Delevingne presenta su colecci\u00f3n para DKNY","date":"agosto 14, 2014","format":false,"excerpt":"Parece que Cara Delevingne tiene un claro objetivo esta temporada: colarse en tu armario a toda costa. Y no s\u00f3lo lo va a hacer con su colecci\u00f3n de bolsos para Mulberry sino con la l\u00ednea de ropa deportiva que ha creado para DKNY. Cara Delevingne ha aparecido en cuatro campa\u00f1as\u2026","rel":"","context":"En \u00abActualidad\u00bb","img":{"alt_text":"","src":"https:\/\/i0.wp.com\/www.moda.es\/blog\/wp-content\/uploads\/2014\/08\/dkny.jpg?fit=650%2C831&resize=350%2C200","width":350,"height":200},"classes":[]}],"_links":{"self":[{"href":"http:\/\/www.moda.es\/blog\/wp-json\/wp\/v2\/posts\/8537"}],"collection":[{"href":"http:\/\/www.moda.es\/blog\/wp-json\/wp\/v2\/posts"}],"about":[{"href":"http:\/\/www.moda.es\/blog\/wp-json\/wp\/v2\/types\/post"}],"author":[{"embeddable":true,"href":"http:\/\/www.moda.es\/blog\/wp-json\/wp\/v2\/users\/2"}],"replies":[{"embeddable":true,"href":"http:\/\/www.moda.es\/blog\/wp-json\/wp\/v2\/comments?post=8537"}],"version-history":[{"count":0,"href":"http:\/\/www.moda.es\/blog\/wp-json\/wp\/v2\/posts\/8537\/revisions"}],"wp:featuredmedia":[{"embeddable":true,"href":"http:\/\/www.moda.es\/blog\/wp-json\/wp\/v2\/media\/16855"}],"wp:attachment":[{"href":"http:\/\/www.moda.es\/blog\/wp-json\/wp\/v2\/media?parent=8537"}],"wp:term":[{"taxonomy":"category","embeddable":true,"href":"http:\/\/www.moda.es\/blog\/wp-json\/wp\/v2\/categories?post=8537"},{"taxonomy":"post_tag","embeddable":true,"href":"http:\/\/www.moda.es\/blog\/wp-json\/wp\/v2\/tags?post=8537"}],"curies":[{"name":"wp","href":"https:\/\/api.w.org\/{rel}","templated":true}]}}