{"id":8098,"date":"2012-07-30T22:09:16","date_gmt":"2012-07-30T20:09:16","guid":{"rendered":"http:\/\/www.moda.es\/blog\/?p=8098"},"modified":"2012-07-30T22:09:16","modified_gmt":"2012-07-30T20:09:16","slug":"los-90-estan-de-vuelta","status":"publish","type":"post","link":"http:\/\/www.moda.es\/blog\/los-90-estan-de-vuelta\/","title":{"rendered":"Los 90 est\u00e1n de vuelta"},"content":{"rendered":"<figure id=\"attachment_8117\" aria-describedby=\"caption-attachment-8117\" style=\"width: 440px\" class=\"wp-caption aligncenter\"><a href=\"https:\/\/i0.wp.com\/www.moda.es\/blog\/wp-content\/uploads\/2012\/07\/068091.jpg\"><img data-attachment-id=\"8117\" data-permalink=\"http:\/\/www.moda.es\/blog\/06809-2\/\" data-orig-file=\"https:\/\/i0.wp.com\/www.moda.es\/blog\/wp-content\/uploads\/2012\/07\/068091.jpg?fit=440%2C600\" data-orig-size=\"440,600\" data-comments-opened=\"1\" data-image-meta=\"{&quot;aperture&quot;:&quot;0&quot;,&quot;credit&quot;:&quot;&quot;,&quot;camera&quot;:&quot;&quot;,&quot;caption&quot;:&quot;&quot;,&quot;created_timestamp&quot;:&quot;0&quot;,&quot;copyright&quot;:&quot;&quot;,&quot;focal_length&quot;:&quot;0&quot;,&quot;iso&quot;:&quot;0&quot;,&quot;shutter_speed&quot;:&quot;0&quot;,&quot;title&quot;:&quot;&quot;}\" data-image-title=\"06809\" data-image-description=\"\" data-image-caption=\"&lt;p&gt;Foto&lt;\/p&gt;\n\" data-medium-file=\"https:\/\/i0.wp.com\/www.moda.es\/blog\/wp-content\/uploads\/2012\/07\/068091.jpg?fit=220%2C300\" data-large-file=\"https:\/\/i0.wp.com\/www.moda.es\/blog\/wp-content\/uploads\/2012\/07\/068091.jpg?fit=440%2C600\" loading=\"lazy\" class=\"size-full wp-image-8117\" src=\"https:\/\/i0.wp.com\/www.moda.es\/blog\/wp-content\/uploads\/2012\/07\/068091.jpg?resize=440%2C600\" alt=\"\" width=\"440\" height=\"600\" srcset=\"https:\/\/i0.wp.com\/www.moda.es\/blog\/wp-content\/uploads\/2012\/07\/068091.jpg?w=440 440w, https:\/\/i0.wp.com\/www.moda.es\/blog\/wp-content\/uploads\/2012\/07\/068091.jpg?resize=220%2C300 220w\" sizes=\"(max-width: 440px) 100vw, 440px\" data-recalc-dims=\"1\" \/><\/a><figcaption id=\"caption-attachment-8117\" class=\"wp-caption-text\">Hitos de los 90: la actriz Winona Ryder en &#8216;Reality Bites&#8217;. Foto via virtual-history.com<\/figcaption><\/figure>\n<p>Cu\u00e1ntas veces te has o\u00eddo decir a ti mismo, \u00abqu\u00e9 noventero\u00bb, en el tono m\u00e1s despreciativo. Pues bien, esta expresi\u00f3n que hasta hace no mucho era cr\u00edtica, ahora es un calificativo de moda. En la cada vez m\u00e1s r\u00e1pida tendencia revisionista de la moda, vemos que en las calles m\u00e1s elementos de los noventa est\u00e1n tomando el relevo. Buscamos la inspiraci\u00f3n en m\u00edticas pel\u00edculas de los 90.<\/p>\n<figure id=\"attachment_8102\" aria-describedby=\"caption-attachment-8102\" style=\"width: 400px\" class=\"wp-caption aligncenter\"><a href=\"https:\/\/i0.wp.com\/www.moda.es\/blog\/wp-content\/uploads\/2012\/07\/singlesmain.jpg\"><img data-attachment-id=\"8102\" data-permalink=\"http:\/\/www.moda.es\/blog\/singlesmain\/\" data-orig-file=\"https:\/\/i0.wp.com\/www.moda.es\/blog\/wp-content\/uploads\/2012\/07\/singlesmain.jpg?fit=400%2C300\" data-orig-size=\"400,300\" data-comments-opened=\"1\" data-image-meta=\"{&quot;aperture&quot;:&quot;0&quot;,&quot;credit&quot;:&quot;&quot;,&quot;camera&quot;:&quot;&quot;,&quot;caption&quot;:&quot;&quot;,&quot;created_timestamp&quot;:&quot;0&quot;,&quot;copyright&quot;:&quot;&quot;,&quot;focal_length&quot;:&quot;0&quot;,&quot;iso&quot;:&quot;0&quot;,&quot;shutter_speed&quot;:&quot;0&quot;,&quot;title&quot;:&quot;&quot;}\" data-image-title=\"singlesmain\" data-image-description=\"\" data-image-caption=\"&lt;p&gt;Dos de los protagonistas de &#8216;Single&#8217;, Briget Fonda y Matt Dillon. Foto via www.theuncool.com&lt;\/p&gt;\n\" data-medium-file=\"https:\/\/i0.wp.com\/www.moda.es\/blog\/wp-content\/uploads\/2012\/07\/singlesmain.jpg?fit=300%2C225\" data-large-file=\"https:\/\/i0.wp.com\/www.moda.es\/blog\/wp-content\/uploads\/2012\/07\/singlesmain.jpg?fit=400%2C300\" loading=\"lazy\" class=\"size-full wp-image-8102\" src=\"https:\/\/i0.wp.com\/www.moda.es\/blog\/wp-content\/uploads\/2012\/07\/singlesmain.jpg?resize=400%2C300\" alt=\"\" width=\"400\" height=\"300\" srcset=\"https:\/\/i0.wp.com\/www.moda.es\/blog\/wp-content\/uploads\/2012\/07\/singlesmain.jpg?w=400 400w, https:\/\/i0.wp.com\/www.moda.es\/blog\/wp-content\/uploads\/2012\/07\/singlesmain.jpg?resize=300%2C225 300w\" sizes=\"(max-width: 400px) 100vw, 400px\" data-recalc-dims=\"1\" \/><\/a><figcaption id=\"caption-attachment-8102\" class=\"wp-caption-text\">Dos de los protagonistas de &#8216;Single&#8217;, Briget Fonda y Matt Dillon. Foto via www.theuncool.com<\/figcaption><\/figure>\n<p>Han vuelto las <a href=\"http:\/\/www.drmartens.com\/\">Dr. Martens<\/a>, como las que llevaban algunos de los protagonistas de &#8216;Singles&#8217; (1992,\u00a0Cameron Crowe), Bridget Fonda y un Matt Dillon, un verdadero grunge.\u00a0Seguro que en la \u00e9poca del colegio o del instituto, llevaste unas del color m\u00e1s llamativo, \u00bfamarillo intenso o morado? Amenazaban con reaparecer desde que la modelo y <em>trendsetter<\/em> Agyness Deyn cambiara las converse por estas botas. Tambi\u00e9n tienen m\u00e1s adeptos la versi\u00f3n zapato.<\/p>\n<figure id=\"attachment_8104\" aria-describedby=\"caption-attachment-8104\" style=\"width: 345px\" class=\"wp-caption aligncenter\"><a href=\"https:\/\/i0.wp.com\/www.moda.es\/blog\/wp-content\/uploads\/2012\/07\/dr_martens_agyness_deyn.jpg\"><img data-attachment-id=\"8104\" data-permalink=\"http:\/\/www.moda.es\/blog\/dr_martens_agyness_deyn\/\" data-orig-file=\"https:\/\/i0.wp.com\/www.moda.es\/blog\/wp-content\/uploads\/2012\/07\/dr_martens_agyness_deyn-e1343677366151.jpg?fit=345%2C589\" data-orig-size=\"345,589\" data-comments-opened=\"1\" data-image-meta=\"{&quot;aperture&quot;:&quot;0&quot;,&quot;credit&quot;:&quot;&quot;,&quot;camera&quot;:&quot;&quot;,&quot;caption&quot;:&quot;&quot;,&quot;created_timestamp&quot;:&quot;0&quot;,&quot;copyright&quot;:&quot;&quot;,&quot;focal_length&quot;:&quot;0&quot;,&quot;iso&quot;:&quot;0&quot;,&quot;shutter_speed&quot;:&quot;0&quot;,&quot;title&quot;:&quot;&quot;}\" data-image-title=\"dr_martens_agyness_deyn\" data-image-description=\"&lt;p&gt;attends the Mulberry Space Presents: Gethin Moller Unfolded Private View held at the Mulberry Store, New Bond Street on March 13, 2008 in London, England.&lt;\/p&gt;\n\" data-image-caption=\"&lt;p&gt;Agyness Deyn con Dr. Martens blancas. Foto via www.u-skill.com&lt;\/p&gt;\n\" data-medium-file=\"https:\/\/i0.wp.com\/www.moda.es\/blog\/wp-content\/uploads\/2012\/07\/dr_martens_agyness_deyn-e1343677366151.jpg?fit=175%2C300\" data-large-file=\"https:\/\/i0.wp.com\/www.moda.es\/blog\/wp-content\/uploads\/2012\/07\/dr_martens_agyness_deyn-e1343677366151.jpg?fit=345%2C589\" loading=\"lazy\" class=\"size-full wp-image-8104\" src=\"https:\/\/i0.wp.com\/www.moda.es\/blog\/wp-content\/uploads\/2012\/07\/dr_martens_agyness_deyn-e1343677366151.jpg?resize=345%2C589\" alt=\"\" width=\"345\" height=\"589\" srcset=\"https:\/\/i0.wp.com\/www.moda.es\/blog\/wp-content\/uploads\/2012\/07\/dr_martens_agyness_deyn-e1343677366151.jpg?w=345 345w, https:\/\/i0.wp.com\/www.moda.es\/blog\/wp-content\/uploads\/2012\/07\/dr_martens_agyness_deyn-e1343677366151.jpg?resize=175%2C300 175w\" sizes=\"(max-width: 345px) 100vw, 345px\" data-recalc-dims=\"1\" \/><\/a><figcaption id=\"caption-attachment-8104\" class=\"wp-caption-text\">Agyness Deyn con Dr. Martens blancas hace unos a\u00f1os, en 2008. Foto via www.u-skill.com<\/figcaption><\/figure>\n<figure id=\"attachment_8110\" aria-describedby=\"caption-attachment-8110\" style=\"width: 374px\" class=\"wp-caption aligncenter\"><a href=\"https:\/\/i0.wp.com\/www.moda.es\/blog\/wp-content\/uploads\/2012\/07\/Dr.-Martens-Carrie-Shoe-Summer-2012-11.jpg\"><img data-attachment-id=\"8110\" data-permalink=\"http:\/\/www.moda.es\/blog\/dr-martens-carrie-shoe-summer-2012-1-2\/\" data-orig-file=\"https:\/\/i0.wp.com\/www.moda.es\/blog\/wp-content\/uploads\/2012\/07\/Dr.-Martens-Carrie-Shoe-Summer-2012-11-e1343679872171.jpg?fit=374%2C500\" data-orig-size=\"374,500\" data-comments-opened=\"1\" data-image-meta=\"{&quot;aperture&quot;:&quot;0&quot;,&quot;credit&quot;:&quot;&quot;,&quot;camera&quot;:&quot;&quot;,&quot;caption&quot;:&quot;&quot;,&quot;created_timestamp&quot;:&quot;0&quot;,&quot;copyright&quot;:&quot;&quot;,&quot;focal_length&quot;:&quot;0&quot;,&quot;iso&quot;:&quot;0&quot;,&quot;shutter_speed&quot;:&quot;0&quot;,&quot;title&quot;:&quot;&quot;}\" data-image-title=\"Dr.-Martens-Carrie-Shoe-Summer-2012-1\" data-image-description=\"\" data-image-caption=\"&lt;p&gt;Foto via \/www.sunrainey.com&lt;\/p&gt;\n\" data-medium-file=\"https:\/\/i0.wp.com\/www.moda.es\/blog\/wp-content\/uploads\/2012\/07\/Dr.-Martens-Carrie-Shoe-Summer-2012-11-e1343679872171.jpg?fit=224%2C300\" data-large-file=\"https:\/\/i0.wp.com\/www.moda.es\/blog\/wp-content\/uploads\/2012\/07\/Dr.-Martens-Carrie-Shoe-Summer-2012-11-e1343679872171.jpg?fit=374%2C500\" loading=\"lazy\" class=\"size-full wp-image-8110\" src=\"https:\/\/i0.wp.com\/www.moda.es\/blog\/wp-content\/uploads\/2012\/07\/Dr.-Martens-Carrie-Shoe-Summer-2012-11-e1343679872171.jpg?resize=374%2C500\" alt=\"\" width=\"374\" height=\"500\" srcset=\"https:\/\/i0.wp.com\/www.moda.es\/blog\/wp-content\/uploads\/2012\/07\/Dr.-Martens-Carrie-Shoe-Summer-2012-11-e1343679872171.jpg?w=374 374w, https:\/\/i0.wp.com\/www.moda.es\/blog\/wp-content\/uploads\/2012\/07\/Dr.-Martens-Carrie-Shoe-Summer-2012-11-e1343679872171.jpg?resize=224%2C300 224w\" sizes=\"(max-width: 374px) 100vw, 374px\" data-recalc-dims=\"1\" \/><\/a><figcaption id=\"caption-attachment-8110\" class=\"wp-caption-text\">Zapato modelo &#8216;Carrie&#8217; de Dr. Martens con estampado floral de la colecci\u00f3n de verano 2012.\u00a0Foto via www.sunrainey.com<\/figcaption><\/figure>\n<p>Han vuelto las gafas de montura redonda, que han desbancado de su reina a los distintos modelos de <a href=\"http:\/\/www.ray-ban.com\/spain\/\">Ray-Ban<\/a> que reinaban sin competencia en el trono, ya fuera el modelo Wayfarer, el Clubmaster o las de aviador. A nuestra memoria vienen las que luc\u00eda Winona Ryder en ese hito del cine de los 90 &#8216;Reality Bites&#8217; (1994, Ben Stiller).<\/p>\n<figure id=\"attachment_8108\" aria-describedby=\"caption-attachment-8108\" style=\"width: 500px\" class=\"wp-caption aligncenter\"><a href=\"https:\/\/i0.wp.com\/www.moda.es\/blog\/wp-content\/uploads\/2012\/07\/994RBS_Winona_Ryder_075.jpg\"><img data-attachment-id=\"8108\" data-permalink=\"http:\/\/www.moda.es\/blog\/994rbs_winona_ryder_075\/\" data-orig-file=\"https:\/\/i0.wp.com\/www.moda.es\/blog\/wp-content\/uploads\/2012\/07\/994RBS_Winona_Ryder_075-e1343679607606.jpg?fit=500%2C281\" data-orig-size=\"500,281\" data-comments-opened=\"1\" data-image-meta=\"{&quot;aperture&quot;:&quot;0&quot;,&quot;credit&quot;:&quot;&quot;,&quot;camera&quot;:&quot;&quot;,&quot;caption&quot;:&quot;&quot;,&quot;created_timestamp&quot;:&quot;0&quot;,&quot;copyright&quot;:&quot;&quot;,&quot;focal_length&quot;:&quot;0&quot;,&quot;iso&quot;:&quot;0&quot;,&quot;shutter_speed&quot;:&quot;0&quot;,&quot;title&quot;:&quot;&quot;}\" data-image-title=\"994RBS_Winona_Ryder_075\" data-image-description=\"\" data-image-caption=\"&lt;p&gt;Winona con las gafas redondas que est\u00e1n ahora de nuevo de moda. Foto via sensacionvintage.blogspot.com&lt;\/p&gt;\n\" data-medium-file=\"https:\/\/i0.wp.com\/www.moda.es\/blog\/wp-content\/uploads\/2012\/07\/994RBS_Winona_Ryder_075-e1343679607606.jpg?fit=300%2C168\" data-large-file=\"https:\/\/i0.wp.com\/www.moda.es\/blog\/wp-content\/uploads\/2012\/07\/994RBS_Winona_Ryder_075-e1343679607606.jpg?fit=500%2C281\" loading=\"lazy\" class=\"size-full wp-image-8108\" src=\"https:\/\/i0.wp.com\/www.moda.es\/blog\/wp-content\/uploads\/2012\/07\/994RBS_Winona_Ryder_075-e1343679607606.jpg?resize=500%2C281\" alt=\"\" width=\"500\" height=\"281\" srcset=\"https:\/\/i0.wp.com\/www.moda.es\/blog\/wp-content\/uploads\/2012\/07\/994RBS_Winona_Ryder_075-e1343679607606.jpg?w=500 500w, https:\/\/i0.wp.com\/www.moda.es\/blog\/wp-content\/uploads\/2012\/07\/994RBS_Winona_Ryder_075-e1343679607606.jpg?resize=300%2C168 300w\" sizes=\"(max-width: 500px) 100vw, 500px\" data-recalc-dims=\"1\" \/><\/a><figcaption id=\"caption-attachment-8108\" class=\"wp-caption-text\">Winona con las gafas redondas que est\u00e1n ahora de nuevo de moda. Foto via sensacionvintage.blogspot.com<\/figcaption><\/figure>\n<figure id=\"attachment_8115\" aria-describedby=\"caption-attachment-8115\" style=\"width: 333px\" class=\"wp-caption aligncenter\"><a href=\"https:\/\/i0.wp.com\/www.moda.es\/blog\/wp-content\/uploads\/2012\/07\/64532_IMG_1272.jpg\"><img data-attachment-id=\"8115\" data-permalink=\"http:\/\/www.moda.es\/blog\/64532_img_1272\/\" data-orig-file=\"https:\/\/i0.wp.com\/www.moda.es\/blog\/wp-content\/uploads\/2012\/07\/64532_IMG_1272-e1343681862875.jpg?fit=333%2C500\" data-orig-size=\"333,500\" data-comments-opened=\"1\" data-image-meta=\"{&quot;aperture&quot;:&quot;0&quot;,&quot;credit&quot;:&quot;&quot;,&quot;camera&quot;:&quot;&quot;,&quot;caption&quot;:&quot;&quot;,&quot;created_timestamp&quot;:&quot;0&quot;,&quot;copyright&quot;:&quot;&quot;,&quot;focal_length&quot;:&quot;0&quot;,&quot;iso&quot;:&quot;0&quot;,&quot;shutter_speed&quot;:&quot;0&quot;,&quot;title&quot;:&quot;&quot;}\" data-image-title=\"64532_IMG_1272\" data-image-description=\"\" data-image-caption=\"&lt;p&gt;Gafas de montura redonda de Barton Perreira para Bronski. Foto via www.openingceremony.us&lt;\/p&gt;\n\" data-medium-file=\"https:\/\/i0.wp.com\/www.moda.es\/blog\/wp-content\/uploads\/2012\/07\/64532_IMG_1272-e1343681862875.jpg?fit=199%2C300\" data-large-file=\"https:\/\/i0.wp.com\/www.moda.es\/blog\/wp-content\/uploads\/2012\/07\/64532_IMG_1272-e1343681862875.jpg?fit=333%2C500\" loading=\"lazy\" class=\"size-full wp-image-8115\" src=\"https:\/\/i0.wp.com\/www.moda.es\/blog\/wp-content\/uploads\/2012\/07\/64532_IMG_1272-e1343681862875.jpg?resize=333%2C500\" alt=\"\" width=\"333\" height=\"500\" srcset=\"https:\/\/i0.wp.com\/www.moda.es\/blog\/wp-content\/uploads\/2012\/07\/64532_IMG_1272-e1343681862875.jpg?w=333 333w, https:\/\/i0.wp.com\/www.moda.es\/blog\/wp-content\/uploads\/2012\/07\/64532_IMG_1272-e1343681862875.jpg?resize=199%2C300 199w\" sizes=\"(max-width: 333px) 100vw, 333px\" data-recalc-dims=\"1\" \/><\/a><figcaption id=\"caption-attachment-8115\" class=\"wp-caption-text\">Gafas de montura redonda de Barton Perreira para Bronski. Foto via www.openingceremony.us<\/figcaption><\/figure>\n<p>Tambi\u00e9n en &#8216;Reality Bites&#8217; luc\u00edan vestidos florales sobre fondo oscuro, un estampado que esta primavera-verano ocupa el armario de muchas chicas y mujeres hoy.<\/p>\n<figure id=\"attachment_8111\" aria-describedby=\"caption-attachment-8111\" style=\"width: 500px\" class=\"wp-caption aligncenter\"><a href=\"https:\/\/i0.wp.com\/www.moda.es\/blog\/wp-content\/uploads\/2012\/07\/rb-promo27.jpg\"><img data-attachment-id=\"8111\" data-permalink=\"http:\/\/www.moda.es\/blog\/rb-promo27\/\" data-orig-file=\"https:\/\/i0.wp.com\/www.moda.es\/blog\/wp-content\/uploads\/2012\/07\/rb-promo27-e1343680204215.jpg?fit=500%2C336\" data-orig-size=\"500,336\" data-comments-opened=\"1\" data-image-meta=\"{&quot;aperture&quot;:&quot;0&quot;,&quot;credit&quot;:&quot;&quot;,&quot;camera&quot;:&quot;&quot;,&quot;caption&quot;:&quot;&quot;,&quot;created_timestamp&quot;:&quot;0&quot;,&quot;copyright&quot;:&quot;&quot;,&quot;focal_length&quot;:&quot;0&quot;,&quot;iso&quot;:&quot;0&quot;,&quot;shutter_speed&quot;:&quot;0&quot;,&quot;title&quot;:&quot;&quot;}\" data-image-title=\"rb-promo27\" data-image-description=\"\" data-image-caption=\"&lt;p&gt;El vestido oscuro con estampado de flores como se lleva ahora. Foto via nenuque.wordpress.com&lt;\/p&gt;\n\" data-medium-file=\"https:\/\/i0.wp.com\/www.moda.es\/blog\/wp-content\/uploads\/2012\/07\/rb-promo27-e1343680204215.jpg?fit=300%2C201\" data-large-file=\"https:\/\/i0.wp.com\/www.moda.es\/blog\/wp-content\/uploads\/2012\/07\/rb-promo27-e1343680204215.jpg?fit=500%2C336\" loading=\"lazy\" class=\"size-full wp-image-8111\" src=\"https:\/\/i0.wp.com\/www.moda.es\/blog\/wp-content\/uploads\/2012\/07\/rb-promo27-e1343680204215.jpg?resize=500%2C336\" alt=\"\" width=\"500\" height=\"336\" srcset=\"https:\/\/i0.wp.com\/www.moda.es\/blog\/wp-content\/uploads\/2012\/07\/rb-promo27-e1343680204215.jpg?w=500 500w, https:\/\/i0.wp.com\/www.moda.es\/blog\/wp-content\/uploads\/2012\/07\/rb-promo27-e1343680204215.jpg?resize=300%2C201 300w\" sizes=\"(max-width: 500px) 100vw, 500px\" data-recalc-dims=\"1\" \/><\/a><figcaption id=\"caption-attachment-8111\" class=\"wp-caption-text\">El vestido oscuro con estampado de flores como se lleva ahora. Foto via nenuque.wordpress.com<\/figcaption><\/figure>\n<figure id=\"attachment_8113\" aria-describedby=\"caption-attachment-8113\" style=\"width: 290px\" class=\"wp-caption aligncenter\"><a href=\"https:\/\/i0.wp.com\/www.moda.es\/blog\/wp-content\/uploads\/2012\/07\/image1xl.jpg\"><img data-attachment-id=\"8113\" data-permalink=\"http:\/\/www.moda.es\/blog\/image1xl-2\/\" data-orig-file=\"https:\/\/i0.wp.com\/www.moda.es\/blog\/wp-content\/uploads\/2012\/07\/image1xl.jpg?fit=290%2C370\" data-orig-size=\"290,370\" data-comments-opened=\"1\" data-image-meta=\"{&quot;aperture&quot;:&quot;0&quot;,&quot;credit&quot;:&quot;&quot;,&quot;camera&quot;:&quot;&quot;,&quot;caption&quot;:&quot;&quot;,&quot;created_timestamp&quot;:&quot;0&quot;,&quot;copyright&quot;:&quot;&quot;,&quot;focal_length&quot;:&quot;0&quot;,&quot;iso&quot;:&quot;0&quot;,&quot;shutter_speed&quot;:&quot;0&quot;,&quot;title&quot;:&quot;&quot;}\" data-image-title=\"image1xl\" data-image-description=\"\" data-image-caption=\"&lt;p&gt;Vestido con estampado floral de Asos. Foto via www.asos.com&lt;\/p&gt;\n\" data-medium-file=\"https:\/\/i0.wp.com\/www.moda.es\/blog\/wp-content\/uploads\/2012\/07\/image1xl.jpg?fit=235%2C300\" data-large-file=\"https:\/\/i0.wp.com\/www.moda.es\/blog\/wp-content\/uploads\/2012\/07\/image1xl.jpg?fit=290%2C370\" loading=\"lazy\" class=\"size-full wp-image-8113\" src=\"https:\/\/i0.wp.com\/www.moda.es\/blog\/wp-content\/uploads\/2012\/07\/image1xl.jpg?resize=290%2C370\" alt=\"\" width=\"290\" height=\"370\" srcset=\"https:\/\/i0.wp.com\/www.moda.es\/blog\/wp-content\/uploads\/2012\/07\/image1xl.jpg?w=290 290w, https:\/\/i0.wp.com\/www.moda.es\/blog\/wp-content\/uploads\/2012\/07\/image1xl.jpg?resize=235%2C300 235w\" sizes=\"(max-width: 290px) 100vw, 290px\" data-recalc-dims=\"1\" \/><\/a><figcaption id=\"caption-attachment-8113\" class=\"wp-caption-text\">Vestido con estampado floral de Asos. Foto via www.asos.com<\/figcaption><\/figure>\n<p>&nbsp;<\/p>\n","protected":false},"excerpt":{"rendered":"<p>Cu\u00e1ntas veces te has o\u00eddo decir a ti mismo, \u00abqu\u00e9 noventero\u00bb, en el tono m\u00e1s despreciativo. Pues bien, esta expresi\u00f3n que hasta hace no mucho era cr\u00edtica, ahora es un calificativo de moda. En la cada vez m\u00e1s r\u00e1pida tendencia revisionista de la moda, vemos que en las calles m\u00e1s [&hellip;]<\/p>\n","protected":false},"author":2,"featured_media":16835,"comment_status":"open","ping_status":"open","sticky":false,"template":"","format":"standard","meta":{"jetpack_publicize_message":"","jetpack_is_tweetstorm":false,"jetpack_publicize_feature_enabled":true},"categories":[27],"tags":[],"jetpack_publicize_connections":[],"jetpack_featured_media_url":"https:\/\/i0.wp.com\/www.moda.es\/blog\/wp-content\/uploads\/2012\/07\/0680911.jpg?fit=440%2C600","jetpack_sharing_enabled":true,"jetpack_shortlink":"https:\/\/wp.me\/p4tJCC-26C","jetpack-related-posts":[{"id":21306,"url":"http:\/\/www.moda.es\/blog\/net-a-porter-se-reforma\/","url_meta":{"origin":8098,"position":0},"title":"Net-A-Porter se \u00abReforma\u00bb","date":"noviembre 8, 2016","format":false,"excerpt":"Net-A-Porter y Reformation han colaborado en una edici\u00f3n exclusiva para la temporada de fiesta, siendo\u00a0la primera vez que la marca americana\u00a0de moda sostenible\u00a0estar\u00e1\u00a0disponible para comprar a nivel mundial. \u201cReformation es una marca con una gran conciencia eco que no es normalmente algo que vaya de la mano con la moda.\u2026","rel":"","context":"En \u00abActualidad\u00bb","img":{"alt_text":"","src":"https:\/\/i0.wp.com\/www.moda.es\/blog\/wp-content\/uploads\/2016\/11\/Captura-de-pantalla-2016-11-08-a-las-19.57.32.png?fit=368%2C452&resize=350%2C200","width":350,"height":200},"classes":[]},{"id":21568,"url":"http:\/\/www.moda.es\/blog\/motivacion-maxima-en-el-gym-con-rosie-huntington\/","url_meta":{"origin":8098,"position":1},"title":"Motivaci\u00f3n m\u00e1xima en el gym con Rosie Huntington","date":"enero 5, 2017","format":false,"excerpt":"No hay nada como la perspectiva de un entrenamiento con una supermodelo para agregar un toque de motivaci\u00f3n\u00a0extra para salir\u00a0de la cama en una ma\u00f1ana fr\u00eda y oscura a principios de enero para entrenar.Watch Full Movie Online Streaming Online and Download Ofreciendo as\u00ed un poco de inspiraci\u00f3n, \u00a0Rosie Huntington-Whiteley se\u2026","rel":"","context":"En \u00abCampa\u00f1as\u00bb","img":{"alt_text":"","src":"https:\/\/i0.wp.com\/www.moda.es\/blog\/wp-content\/uploads\/2017\/01\/Captura-de-pantalla-2017-01-05-a-las-19.33.20.png?fit=484%2C481&resize=350%2C200","width":350,"height":200},"classes":[]},{"id":12691,"url":"http:\/\/www.moda.es\/blog\/140-anos-del-vaquero-mas-famoso-del-mundo\/","url_meta":{"origin":8098,"position":2},"title":"140 a\u00f1os del vaquero m\u00e1s famoso del mundo","date":"mayo 20, 2013","format":false,"excerpt":"Desde Nick Kamen desnud\u00e1ndose en una lavander\u00eda hasta Marilyn Monroe en The Misfits, los pantalones vaqueros Levi's 501 han tenido su minuto de gloria en los cuerpos de los personajes m\u00e1s carism\u00e1ticos a lo largo de su larga historia. Ahora, a medida que se acerca a su 140 aniversario, el\u2026","rel":"","context":"En \u00abActualidad\u00bb","img":{"alt_text":"","src":"https:\/\/i0.wp.com\/www.moda.es\/blog\/wp-content\/uploads\/2013\/05\/Levis2.jpg?fit=500%2C300&resize=350%2C200","width":350,"height":200},"classes":[]},{"id":2172,"url":"http:\/\/www.moda.es\/blog\/templo-balenciaga\/","url_meta":{"origin":8098,"position":3},"title":"Templo Balenciaga","date":"junio 3, 2011","format":false,"excerpt":"En el siglo XXI, se est\u00e1 extendiendo el t\u00f3pico de que los museos son las nuevas catedrales. Ahora ya no est\u00e1n dedicados \u00fanicamente a las artes pl\u00e1sticas, tambi\u00e9n los hay centrados en las artes decorativas o la moda. En Espa\u00f1a, est\u00e1 a punto de abrir sus puertas -despu\u00e9s de tanta\u2026","rel":"","context":"En \u00abDise\u00f1adores\u00bb","img":{"alt_text":"","src":"https:\/\/i0.wp.com\/1.bp.blogspot.com\/-KavUJib93U0\/TdvuwBeJeaI\/AAAAAAAABWs\/zZeVkTLyRTs\/s1600\/Cristobal_Balenciaga.jpg?resize=350%2C200","width":350,"height":200},"classes":[]},{"id":18743,"url":"http:\/\/www.moda.es\/blog\/cuidado-con-los-beckham\/","url_meta":{"origin":8098,"position":4},"title":"Cuidado con los Beckham","date":"enero 10, 2015","format":false,"excerpt":"Si cre\u00edas que ya lo hab\u00edas visto todo sobre la \"familia Real\" brit\u00e1nica te equivocabas. Brooklyn Beckham,\u00a0hijo de David y Victoria Beckham ha aterrizado en la marca polaca Reserved para su primera campa\u00f1a de moda. A sus 15 a\u00f1os ha seguido los pasos de su hermano menor Romeo y est\u00e1\u2026","rel":"","context":"En \u00abActualidad\u00bb","img":{"alt_text":"","src":"https:\/\/i0.wp.com\/www.moda.es\/blog\/wp-content\/uploads\/2015\/01\/bb2.jpg?fit=650%2C650&resize=350%2C200","width":350,"height":200},"classes":[]},{"id":8316,"url":"http:\/\/www.moda.es\/blog\/vuelven-los-90-2a-parte\/","url_meta":{"origin":8098,"position":5},"title":"Vuelven los 90 (2\u00aa parte)","date":"agosto 16, 2012","format":false,"excerpt":"La revisi\u00f3n de la d\u00e9cada de los 90 -de la que ya habl\u00e1bamos en un post un par de semanas- se va haciendo cada vez m\u00e1s evidente en la recuperaci\u00f3n de prendas ic\u00f3nicas. Las am\u00e1ramos o las detest\u00e1ramos est\u00e1n de vuelta con ganas de quedarse, al menos, una temporada. Tras\u2026","rel":"","context":"En \u00abTendencias\u00bb","img":{"alt_text":"","src":"https:\/\/i0.wp.com\/www.moda.es\/blog\/wp-content\/uploads\/2012\/08\/tumblr_m3f4d2npzi1rn86lyo1_500-e13451405957171.jpg?fit=374%2C500&resize=350%2C200","width":350,"height":200},"classes":[]}],"_links":{"self":[{"href":"http:\/\/www.moda.es\/blog\/wp-json\/wp\/v2\/posts\/8098"}],"collection":[{"href":"http:\/\/www.moda.es\/blog\/wp-json\/wp\/v2\/posts"}],"about":[{"href":"http:\/\/www.moda.es\/blog\/wp-json\/wp\/v2\/types\/post"}],"author":[{"embeddable":true,"href":"http:\/\/www.moda.es\/blog\/wp-json\/wp\/v2\/users\/2"}],"replies":[{"embeddable":true,"href":"http:\/\/www.moda.es\/blog\/wp-json\/wp\/v2\/comments?post=8098"}],"version-history":[{"count":0,"href":"http:\/\/www.moda.es\/blog\/wp-json\/wp\/v2\/posts\/8098\/revisions"}],"wp:featuredmedia":[{"embeddable":true,"href":"http:\/\/www.moda.es\/blog\/wp-json\/wp\/v2\/media\/16835"}],"wp:attachment":[{"href":"http:\/\/www.moda.es\/blog\/wp-json\/wp\/v2\/media?parent=8098"}],"wp:term":[{"taxonomy":"category","embeddable":true,"href":"http:\/\/www.moda.es\/blog\/wp-json\/wp\/v2\/categories?post=8098"},{"taxonomy":"post_tag","embeddable":true,"href":"http:\/\/www.moda.es\/blog\/wp-json\/wp\/v2\/tags?post=8098"}],"curies":[{"name":"wp","href":"https:\/\/api.w.org\/{rel}","templated":true}]}}