{"id":8082,"date":"2012-07-28T22:54:47","date_gmt":"2012-07-28T20:54:47","guid":{"rendered":"http:\/\/www.moda.es\/blog\/?p=8082"},"modified":"2012-07-28T22:54:47","modified_gmt":"2012-07-28T20:54:47","slug":"estilos-olimpicos","status":"publish","type":"post","link":"http:\/\/www.moda.es\/blog\/estilos-olimpicos\/","title":{"rendered":"Estilos ol\u00edmpicos"},"content":{"rendered":"<p>Anoche millones y millones de telespectadores estuvieron pegados a las pantallas de la televisi\u00f3n viendo la gala inaugural de los Juegos Ol\u00edmpicos. Hacia el final del espect\u00e1culo comenzaron a salir las delegaciones de deportistas de cada pa\u00eds y, la verdad, a pesar de lo mal que pintaba la aparici\u00f3n nuestra delegaci\u00f3n con el ya famoso uniforme, fue mejor de lo que se esperaba gracias a nuestro abanderado, Pau Gasol, que supo lucir con aplomo y elegancia. Eso s\u00ed, la falda que les plantaron a las atletas parec\u00edan de tela de disfraz con su brillo barato.<\/p>\n<p>Si hacemos un listado de los uniformes m\u00e1s elegantes, nos quedar\u00edamos con el de Italia, Francia, los Estados Unidos, Portugal. El de pa\u00eds de la pizza, dise\u00f1ado por Giorgio Armani fue uno de los m\u00e1s sobrios y destilaba elegancia 100% como todo lo que hace el dise\u00f1ador italiano. Sencillo, en color azul marino traje con pantal\u00f3n tanto para ellos como para ellas, y los hombres con corbata y las mujeres, pa\u00f1uelo. Nuestros vecinos del norte, optaron por el blanco, en el pantal\u00f3n y la camisa, y azul, en la americana (color marino) y la corbata (azulona), con el toque sutil del cintur\u00f3n tricolor como la bandera gala. Sus trajes son dise\u00f1o de3 Adidas. El de los Estados Unidos ha sido uno de los m\u00e1s comentados, antes incluso de la fiesta inaugural de ayer. Y es que el responsable de crear estos uniformes era Ralph Lauren, representante de la elegancia preppy americana. Sus dise\u00f1os no defraudaron y, como es se\u00f1a del dise\u00f1ador, se inspir\u00f3 en un vestuario retro, estilo a\u00f1os 30 (con falda a la rodilla, boina y zapatos de cordones), que bien pod\u00eda ser un uniforme de escuela privada de Boston. A nuestro otro pa\u00eds vecino, Portugal, lo citamos porque, aunque su econom\u00eda se encuentra tan hundida como la nuestra, llevaron un uniforme m\u00e1s que digno y elegante.<\/p>\n<figure id=\"attachment_8088\" aria-describedby=\"caption-attachment-8088\" style=\"width: 500px\" class=\"wp-caption aligncenter\"><a href=\"https:\/\/i0.wp.com\/www.moda.es\/blog\/wp-content\/uploads\/2012\/07\/olympics-uniforms-e1343507732369.jpg\"><img data-attachment-id=\"8088\" data-permalink=\"http:\/\/www.moda.es\/blog\/olympics-uniforms\/\" data-orig-file=\"https:\/\/i0.wp.com\/www.moda.es\/blog\/wp-content\/uploads\/2012\/07\/olympics-uniforms-e1343507732369.jpg?fit=500%2C333\" data-orig-size=\"500,333\" data-comments-opened=\"1\" data-image-meta=\"{&quot;aperture&quot;:&quot;0&quot;,&quot;credit&quot;:&quot;&quot;,&quot;camera&quot;:&quot;&quot;,&quot;caption&quot;:&quot;&quot;,&quot;created_timestamp&quot;:&quot;0&quot;,&quot;copyright&quot;:&quot;&quot;,&quot;focal_length&quot;:&quot;0&quot;,&quot;iso&quot;:&quot;0&quot;,&quot;shutter_speed&quot;:&quot;0&quot;,&quot;title&quot;:&quot;&quot;}\" data-image-title=\"olympics-uniforms\" data-image-description=\"\" data-image-caption=\"&lt;p&gt;Los uniformes de los Estados Unidos dise\u00f1ados por Ralph Lauren. Foto via www.timesunion.com&lt;\/p&gt;\n\" data-medium-file=\"https:\/\/i0.wp.com\/www.moda.es\/blog\/wp-content\/uploads\/2012\/07\/olympics-uniforms-e1343507732369.jpg?fit=300%2C199\" data-large-file=\"https:\/\/i0.wp.com\/www.moda.es\/blog\/wp-content\/uploads\/2012\/07\/olympics-uniforms-e1343507732369.jpg?fit=500%2C333\" loading=\"lazy\" class=\"size-full wp-image-8088\" src=\"https:\/\/i0.wp.com\/www.moda.es\/blog\/wp-content\/uploads\/2012\/07\/olympics-uniforms-e1343507732369.jpg?resize=500%2C333\" alt=\"\" width=\"500\" height=\"333\" srcset=\"https:\/\/i0.wp.com\/www.moda.es\/blog\/wp-content\/uploads\/2012\/07\/olympics-uniforms-e1343507732369.jpg?w=500 500w, https:\/\/i0.wp.com\/www.moda.es\/blog\/wp-content\/uploads\/2012\/07\/olympics-uniforms-e1343507732369.jpg?resize=300%2C199 300w\" sizes=\"(max-width: 500px) 100vw, 500px\" data-recalc-dims=\"1\" \/><\/a><figcaption id=\"caption-attachment-8088\" class=\"wp-caption-text\">Los uniformes de los Estados Unidos dise\u00f1ados por Ralph Lauren. Foto via www.timesunion.com<\/figcaption><\/figure>\n<p>En cuanto al de Gran Breta\u00f1a, pa\u00eds anfitri\u00f3n, no lo hemos metido en la lista porque en s\u00ed mismo no es elegante, pero s\u00ed original y muy deportivo. Su aspecto de indumentaria espacial nos ha seducido pero como\u00a0ch\u00e1ndal, no para un evento como el de ayer. A\u00fan as\u00ed, felicidades a Stella McCartney por no ce\u00f1irse a los colores de la bandera y arriesgar escogiendo un dorado brillante. \u00bfQu\u00e9 uniforme os ha gustado m\u00e1s?<\/p>\n","protected":false},"excerpt":{"rendered":"<p>Anoche millones y millones de telespectadores estuvieron pegados a las pantallas de la televisi\u00f3n viendo la gala inaugural de los Juegos Ol\u00edmpicos. Hacia el final del espect\u00e1culo comenzaron a salir las delegaciones de deportistas de cada pa\u00eds y, la verdad, a pesar de lo mal que pintaba la aparici\u00f3n nuestra [&hellip;]<\/p>\n","protected":false},"author":2,"featured_media":16832,"comment_status":"open","ping_status":"open","sticky":false,"template":"","format":"standard","meta":{"jetpack_publicize_message":"","jetpack_is_tweetstorm":false,"jetpack_publicize_feature_enabled":true},"categories":[12],"tags":[],"jetpack_publicize_connections":[],"jetpack_featured_media_url":"https:\/\/i0.wp.com\/www.moda.es\/blog\/wp-content\/uploads\/2012\/07\/olympics-uniforms-e13435077323691.jpg?fit=500%2C333","jetpack_sharing_enabled":true,"jetpack_shortlink":"https:\/\/wp.me\/p4tJCC-26m","jetpack-related-posts":[{"id":8067,"url":"http:\/\/www.moda.es\/blog\/jj-oo-de-londres-2012-y-la-polemica-del-uniforme-espanol\/","url_meta":{"origin":8082,"position":0},"title":"JJ.OO. de Londres 2012 y la pol\u00e9mica del uniforme espa\u00f1ol","date":"julio 27, 2012","format":false,"excerpt":"Quedan un par de horas para la inauguraci\u00f3n oficial de los Juegos Ol\u00edmpicos de Londres 2012. Una de las noticias que m\u00e1s est\u00e1 dando que hablar aqu\u00ed, en Espa\u00f1a, en las charlas a pie de calle, son los uniformes que van a lucir nuestros deportistas. Cuando apareci\u00f3 la primera imagen\u2026","rel":"","context":"En \u00abStreetwear\u00bb","img":{"alt_text":"","src":"https:\/\/i0.wp.com\/www.moda.es\/blog\/wp-content\/uploads\/2012\/07\/1336150017_218972_1336381248_noticia_normal-e13434126028131.jpg?fit=500%2C368&resize=350%2C200","width":350,"height":200},"classes":[]},{"id":8270,"url":"http:\/\/www.moda.es\/blog\/supermodelos-olimpicas\/","url_meta":{"origin":8082,"position":1},"title":"Supermodelos ol\u00edmpicas","date":"agosto 13, 2012","format":false,"excerpt":"\u00bfVisteis anoche la gala de clausura de los Juegos Ol\u00edmpicos de Londres? Seguro que a estas alturas del d\u00eda, aunque no lo vierais, os habr\u00e1n comentado algo. Aparte de que fue un concierto en toda regla de los grandes hits de la m\u00fasica brit\u00e1nica de todas las d\u00e9cadas, hubo gui\u00f1os\u2026","rel":"","context":"En \u00abPasarelas\u00bb","img":{"alt_text":"","src":"https:\/\/i0.wp.com\/www.moda.es\/blog\/wp-content\/uploads\/2012\/08\/636x-e13448864764851.jpg?fit=500%2C346&resize=350%2C200","width":350,"height":200},"classes":[]},{"id":511,"url":"http:\/\/www.moda.es\/blog\/511\/","url_meta":{"origin":8082,"position":2},"title":"Elegancia americana con apellido italiano","date":"enero 13, 2011","format":false,"excerpt":"No hay fiesta, presentaci\u00f3n o desfile que se precie en el que no est\u00e9. Ella sube el cach\u00e9 de cualquier evento. Es Olivia Palermo.\u00a0Su elegancia a la europea -aunque es americana- atrae a todos los flashes. \u00bfSus ocupaciones? Aparte de pasearse por front-rows\u00a0y alfombras rojas, es modelo y actriz. Apareci\u00f3\u2026","rel":"","context":"En \u00abIt Girl\u00bb","img":{"alt_text":"","src":"https:\/\/i0.wp.com\/www.moda.es\/blog\/wp-content\/uploads\/2011\/01\/OliviaPalermo-VogueEspana-51.jpg?fit=480%2C320&resize=350%2C200","width":350,"height":200},"classes":[]},{"id":19026,"url":"http:\/\/www.moda.es\/blog\/moda-por-una-buena-causa\/","url_meta":{"origin":8082,"position":3},"title":"Moda por una buena causa","date":"febrero 21, 2015","format":false,"excerpt":"La top model Natalia Vodianova ha unido fuerzas con Karlie Kloss para la \u00faltima acci\u00f3n de su fundaci\u00f3n Naked Heart, que se celebrar\u00e1 durante la Semana de la Moda de Londres. El 24 de febrero el d\u00fao ser\u00e1 el anfitri\u00f3n de la \"feria\" m\u00e1s chic que puede haber tenido Londres,\u2026","rel":"","context":"En \u00abActualidad\u00bb","img":{"alt_text":"","src":"https:\/\/i0.wp.com\/www.moda.es\/blog\/wp-content\/uploads\/2015\/02\/nv.jpg?fit=650%2C975&resize=350%2C200","width":350,"height":200},"classes":[]},{"id":16191,"url":"http:\/\/www.moda.es\/blog\/exportar-una-marca-de-moda-al-mercado-chino\/","url_meta":{"origin":8082,"position":4},"title":"Exportar una marca de moda al mercado chino","date":"septiembre 26, 2013","format":false,"excerpt":"Normalmente nos gusta hablaros sobre los \u00faltimos proyectos de las marcas que m\u00e1s nos gustan, pero hoy vamos a dirigirnos a estas. A lo mejor te acabas de embarcar en la creaci\u00f3n de tu propia empresa de dise\u00f1o o quiz\u00e1s perteneces a una marca en crecimiento o incluso a una\u2026","rel":"","context":"En \u00abActualidad\u00bb","img":{"alt_text":"","src":"https:\/\/i0.wp.com\/www.moda.es\/blog\/wp-content\/uploads\/2013\/09\/COMERCIO-5001.jpg?fit=520%2C347&resize=350%2C200","width":350,"height":200},"classes":[]},{"id":18888,"url":"http:\/\/www.moda.es\/blog\/noche-de-premios\/","url_meta":{"origin":8082,"position":5},"title":"Noche de premios","date":"febrero 9, 2015","format":false,"excerpt":"Dos capitales de la moda celebraban la misma noche su duelo de alfombras rojas. Los Grammy y los BAFTA nos dejaron ayer bastantes m\u00e1s aciertos que los Goya, y es que lo sentimos por las actrices patrias pero todav\u00eda tienen mucho que hacer en materia de estilo. Los BAFTA fueron\u2026","rel":"","context":"En \u00abActualidad\u00bb","img":{"alt_text":"","src":"https:\/\/i0.wp.com\/www.moda.es\/blog\/wp-content\/uploads\/2015\/02\/Amy-Adams-in-Lanvin.jpg?fit=650%2C975&resize=350%2C200","width":350,"height":200},"classes":[]}],"_links":{"self":[{"href":"http:\/\/www.moda.es\/blog\/wp-json\/wp\/v2\/posts\/8082"}],"collection":[{"href":"http:\/\/www.moda.es\/blog\/wp-json\/wp\/v2\/posts"}],"about":[{"href":"http:\/\/www.moda.es\/blog\/wp-json\/wp\/v2\/types\/post"}],"author":[{"embeddable":true,"href":"http:\/\/www.moda.es\/blog\/wp-json\/wp\/v2\/users\/2"}],"replies":[{"embeddable":true,"href":"http:\/\/www.moda.es\/blog\/wp-json\/wp\/v2\/comments?post=8082"}],"version-history":[{"count":0,"href":"http:\/\/www.moda.es\/blog\/wp-json\/wp\/v2\/posts\/8082\/revisions"}],"wp:featuredmedia":[{"embeddable":true,"href":"http:\/\/www.moda.es\/blog\/wp-json\/wp\/v2\/media\/16832"}],"wp:attachment":[{"href":"http:\/\/www.moda.es\/blog\/wp-json\/wp\/v2\/media?parent=8082"}],"wp:term":[{"taxonomy":"category","embeddable":true,"href":"http:\/\/www.moda.es\/blog\/wp-json\/wp\/v2\/categories?post=8082"},{"taxonomy":"post_tag","embeddable":true,"href":"http:\/\/www.moda.es\/blog\/wp-json\/wp\/v2\/tags?post=8082"}],"curies":[{"name":"wp","href":"https:\/\/api.w.org\/{rel}","templated":true}]}}