{"id":8067,"date":"2012-07-27T20:30:55","date_gmt":"2012-07-27T18:30:55","guid":{"rendered":"http:\/\/www.moda.es\/blog\/?p=8067"},"modified":"2012-07-27T20:30:55","modified_gmt":"2012-07-27T18:30:55","slug":"jj-oo-de-londres-2012-y-la-polemica-del-uniforme-espanol","status":"publish","type":"post","link":"http:\/\/www.moda.es\/blog\/jj-oo-de-londres-2012-y-la-polemica-del-uniforme-espanol\/","title":{"rendered":"JJ.OO. de Londres 2012 y la pol\u00e9mica del uniforme espa\u00f1ol"},"content":{"rendered":"<p>Quedan un par de horas para la inauguraci\u00f3n oficial de los Juegos Ol\u00edmpicos de Londres 2012. Una de las noticias que m\u00e1s est\u00e1 dando que hablar aqu\u00ed, en Espa\u00f1a, en las charlas a pie de calle, son los uniformes que van a lucir nuestros deportistas. Cuando apareci\u00f3 la primera imagen del primer modelo de uniformes, lo primero que caus\u00f3 fue mucha sorpresa y lo siguiente, bastante verg\u00fcenza. \u00bfNo est\u00e1 suficientemente debilitada la imagen (o marca, como se suele decir) de Espa\u00f1a fuera de nuestras fronteras como para aparecer con semejante indumentaria? Cierto es que la ropa no es lo m\u00e1s importante, sino que lo que prima es el trabajo, entrenamiento, fuerza y val\u00eda de los deportistas que representan a Espa\u00f1a en cada una de las modalidades. Pero al fondo hay que darle tambi\u00e9n una forma, y lo mismo que un nadador de competici\u00f3n no lleva un ba\u00f1ador cualquiera, nuestros deportistas no deber\u00edan vestir durante las olimpiadas un uniforme de tan poca calidad ni est\u00e9tica.<\/p>\n<figure id=\"attachment_8071\" aria-describedby=\"caption-attachment-8071\" style=\"width: 500px\" class=\"wp-caption aligncenter\"><a href=\"https:\/\/i0.wp.com\/www.moda.es\/blog\/wp-content\/uploads\/2012\/07\/1336150017_218972_1336381248_noticia_normal.jpg\"><img data-attachment-id=\"8071\" data-permalink=\"http:\/\/www.moda.es\/blog\/1336150017_218972_1336381248_noticia_normal\/\" data-orig-file=\"https:\/\/i0.wp.com\/www.moda.es\/blog\/wp-content\/uploads\/2012\/07\/1336150017_218972_1336381248_noticia_normal-e1343412602813.jpg?fit=500%2C368\" data-orig-size=\"500,368\" data-comments-opened=\"1\" data-image-meta=\"{&quot;aperture&quot;:&quot;0&quot;,&quot;credit&quot;:&quot;&quot;,&quot;camera&quot;:&quot;&quot;,&quot;caption&quot;:&quot;&quot;,&quot;created_timestamp&quot;:&quot;0&quot;,&quot;copyright&quot;:&quot;&quot;,&quot;focal_length&quot;:&quot;0&quot;,&quot;iso&quot;:&quot;0&quot;,&quot;shutter_speed&quot;:&quot;0&quot;,&quot;title&quot;:&quot;&quot;}\" data-image-title=\"1336150017_218972_1336381248_noticia_normal\" data-image-description=\"\" data-image-caption=\"&lt;p&gt;Uniformes esperp\u00e9nticos. Foto via elpais.com&lt;\/p&gt;\n\" data-medium-file=\"https:\/\/i0.wp.com\/www.moda.es\/blog\/wp-content\/uploads\/2012\/07\/1336150017_218972_1336381248_noticia_normal-e1343412602813.jpg?fit=300%2C220\" data-large-file=\"https:\/\/i0.wp.com\/www.moda.es\/blog\/wp-content\/uploads\/2012\/07\/1336150017_218972_1336381248_noticia_normal-e1343412602813.jpg?fit=500%2C368\" loading=\"lazy\" class=\"size-full wp-image-8071\" src=\"https:\/\/i0.wp.com\/www.moda.es\/blog\/wp-content\/uploads\/2012\/07\/1336150017_218972_1336381248_noticia_normal-e1343412602813.jpg?resize=500%2C368\" alt=\"\" width=\"500\" height=\"368\" srcset=\"https:\/\/i0.wp.com\/www.moda.es\/blog\/wp-content\/uploads\/2012\/07\/1336150017_218972_1336381248_noticia_normal-e1343412602813.jpg?w=500 500w, https:\/\/i0.wp.com\/www.moda.es\/blog\/wp-content\/uploads\/2012\/07\/1336150017_218972_1336381248_noticia_normal-e1343412602813.jpg?resize=300%2C220 300w\" sizes=\"(max-width: 500px) 100vw, 500px\" data-recalc-dims=\"1\" \/><\/a><figcaption id=\"caption-attachment-8071\" class=\"wp-caption-text\">Uniformes esperp\u00e9nticos. Foto via elpais.com<\/figcaption><\/figure>\n<p>Ayer se pod\u00eda leer <a href=\"http:\/\/sociedad.elpais.com\/sociedad\/2012\/07\/25\/actualidad\/1343244940_256392.html\">un art\u00edculo en el diario El Pa\u00eds<\/a> donde, Bosco, la firma (para nosotros, totalmente desconocida) encargada de realizar este equipamiento hab\u00eda sido elegida por el COE (Comit\u00e9 Ol\u00edmpico Espa\u00f1ol), sin concurso previo debido a su oferta inmejorable. La explicaci\u00f3n: \u00bb\u00a0La firma dise\u00f1a y produce toda la ropa de forma gratuita, lo que ha ahorrado \u201cm\u00e1s de 1,7 millones de euros a las arcas del Estado\u201d, seg\u00fan Alejandro Blanco, presidente del COE. Adem\u00e1s, patrocina al equipo ol\u00edmpico con 250.000 euros\u00bb.<\/p>\n<p>&nbsp;<\/p>\n<figure id=\"attachment_8074\" aria-describedby=\"caption-attachment-8074\" style=\"width: 385px\" class=\"wp-caption aligncenter\"><a href=\"https:\/\/i0.wp.com\/www.moda.es\/blog\/wp-content\/uploads\/2012\/07\/26d8df3affc83915ac72be8d4ce0fa6c.jpg\"><img data-attachment-id=\"8074\" data-permalink=\"http:\/\/www.moda.es\/blog\/26d8df3affc83915ac72be8d4ce0fa6c\/\" data-orig-file=\"https:\/\/i0.wp.com\/www.moda.es\/blog\/wp-content\/uploads\/2012\/07\/26d8df3affc83915ac72be8d4ce0fa6c-e1343413282970.jpg?fit=385%2C600\" data-orig-size=\"385,600\" data-comments-opened=\"1\" data-image-meta=\"{&quot;aperture&quot;:&quot;0&quot;,&quot;credit&quot;:&quot;&quot;,&quot;camera&quot;:&quot;&quot;,&quot;caption&quot;:&quot;&quot;,&quot;created_timestamp&quot;:&quot;0&quot;,&quot;copyright&quot;:&quot;&quot;,&quot;focal_length&quot;:&quot;0&quot;,&quot;iso&quot;:&quot;0&quot;,&quot;shutter_speed&quot;:&quot;0&quot;,&quot;title&quot;:&quot;&quot;}\" data-image-title=\"26d8df3affc83915ac72be8d4ce0fa6c\" data-image-description=\"\" data-image-caption=\"&lt;p&gt;Sa\u00fal &lt;\/p&gt;\n\" data-medium-file=\"https:\/\/i0.wp.com\/www.moda.es\/blog\/wp-content\/uploads\/2012\/07\/26d8df3affc83915ac72be8d4ce0fa6c-e1343413282970.jpg?fit=192%2C300\" data-large-file=\"https:\/\/i0.wp.com\/www.moda.es\/blog\/wp-content\/uploads\/2012\/07\/26d8df3affc83915ac72be8d4ce0fa6c-e1343413282970.jpg?fit=385%2C600\" loading=\"lazy\" class=\"size-full wp-image-8074\" src=\"https:\/\/i0.wp.com\/www.moda.es\/blog\/wp-content\/uploads\/2012\/07\/26d8df3affc83915ac72be8d4ce0fa6c-e1343413282970.jpg?resize=385%2C600\" alt=\"\" width=\"385\" height=\"600\" srcset=\"https:\/\/i0.wp.com\/www.moda.es\/blog\/wp-content\/uploads\/2012\/07\/26d8df3affc83915ac72be8d4ce0fa6c-e1343413282970.jpg?w=385 385w, https:\/\/i0.wp.com\/www.moda.es\/blog\/wp-content\/uploads\/2012\/07\/26d8df3affc83915ac72be8d4ce0fa6c-e1343413282970.jpg?resize=192%2C300 192w\" sizes=\"(max-width: 385px) 100vw, 385px\" data-recalc-dims=\"1\" \/><\/a><figcaption id=\"caption-attachment-8074\" class=\"wp-caption-text\">Sa\u00fal Craviotto, pirag\u00fcista espa\u00f1ol, subi\u00f3 esta foto a twitter tras probarse el uniforme. Arriba, pod\u00e9is leer su comentario. Foto via\u00a0<a href=\"http:\/\/www.diariocritico.com\/\">www.diariocritico.com<\/a><\/figcaption><\/figure>\n<figure id=\"attachment_8076\" aria-describedby=\"caption-attachment-8076\" style=\"width: 450px\" class=\"wp-caption aligncenter\"><a href=\"https:\/\/i0.wp.com\/www.moda.es\/blog\/wp-content\/uploads\/2012\/07\/lourdes3.jpg\"><img data-attachment-id=\"8076\" data-permalink=\"http:\/\/www.moda.es\/blog\/lourdes3\/\" data-orig-file=\"https:\/\/i0.wp.com\/www.moda.es\/blog\/wp-content\/uploads\/2012\/07\/lourdes3-e1343413615118.jpg?fit=450%2C456\" data-orig-size=\"450,456\" data-comments-opened=\"1\" data-image-meta=\"{&quot;aperture&quot;:&quot;0&quot;,&quot;credit&quot;:&quot;&quot;,&quot;camera&quot;:&quot;&quot;,&quot;caption&quot;:&quot;&quot;,&quot;created_timestamp&quot;:&quot;0&quot;,&quot;copyright&quot;:&quot;&quot;,&quot;focal_length&quot;:&quot;0&quot;,&quot;iso&quot;:&quot;0&quot;,&quot;shutter_speed&quot;:&quot;0&quot;,&quot;title&quot;:&quot;&quot;}\" data-image-title=\"lourdes3\" data-image-description=\"\" data-image-caption=\"&lt;p&gt;Dos gimnastas, Lourdes Mohedano y Alejandra Quereda, con el uniforme que llevar\u00e1n esta noche. Foto via www.lourdesmohedano.com&lt;\/p&gt;\n\" data-medium-file=\"https:\/\/i0.wp.com\/www.moda.es\/blog\/wp-content\/uploads\/2012\/07\/lourdes3-e1343413615118.jpg?fit=296%2C300\" data-large-file=\"https:\/\/i0.wp.com\/www.moda.es\/blog\/wp-content\/uploads\/2012\/07\/lourdes3-e1343413615118.jpg?fit=450%2C456\" loading=\"lazy\" class=\"size-full wp-image-8076\" src=\"https:\/\/i0.wp.com\/www.moda.es\/blog\/wp-content\/uploads\/2012\/07\/lourdes3-e1343413615118.jpg?resize=450%2C456\" alt=\"\" width=\"450\" height=\"456\" srcset=\"https:\/\/i0.wp.com\/www.moda.es\/blog\/wp-content\/uploads\/2012\/07\/lourdes3-e1343413615118.jpg?w=450 450w, https:\/\/i0.wp.com\/www.moda.es\/blog\/wp-content\/uploads\/2012\/07\/lourdes3-e1343413615118.jpg?resize=296%2C300 296w\" sizes=\"(max-width: 450px) 100vw, 450px\" data-recalc-dims=\"1\" \/><\/a><figcaption id=\"caption-attachment-8076\" class=\"wp-caption-text\">Dos gimnastas, Lourdes Mohedano y Alejandra Quereda, con el uniforme que llevar\u00e1n esta noche. Foto via www.lourdesmohedano.com<\/figcaption><\/figure>\n<p>Pero, \u00bfes que no hay suficientes talentos de la moda en nuestro pa\u00eds? No ya medi\u00e1ticos o conocidos, sino j\u00f3venes dise\u00f1adores llenos de creatividad. Podr\u00edan haber creado un concurso con un premio de un valor econ\u00f3mico razonable, que seguro no habr\u00eda disparado el presupuesto, a cambio adem\u00e1s, de publicidad para el ganador. Este tipo de decisiones apenan y averg\u00fcenzan. Espero que en el futuro el COE o alguna instituci\u00f3n de este tipo apoyen a creadores y emprendedores de nuestro pa\u00eds, en lugar de dar carta blanca a una empresa extranjera sin conocimiento de nuestra cultura, s\u00f3lo porque sea gratis. Y lo que toca: \u00a1suerte a nuestros deportistas!<\/p>\n<figure id=\"attachment_8077\" aria-describedby=\"caption-attachment-8077\" style=\"width: 500px\" class=\"wp-caption aligncenter\"><a href=\"https:\/\/i0.wp.com\/www.moda.es\/blog\/wp-content\/uploads\/2012\/07\/pic.jpg\"><img data-attachment-id=\"8077\" data-permalink=\"http:\/\/www.moda.es\/blog\/pic-2\/\" data-orig-file=\"https:\/\/i0.wp.com\/www.moda.es\/blog\/wp-content\/uploads\/2012\/07\/pic-e1343413763448.jpg?fit=500%2C377\" data-orig-size=\"500,377\" data-comments-opened=\"1\" data-image-meta=\"{&quot;aperture&quot;:&quot;0&quot;,&quot;credit&quot;:&quot;&quot;,&quot;camera&quot;:&quot;&quot;,&quot;caption&quot;:&quot;&quot;,&quot;created_timestamp&quot;:&quot;0&quot;,&quot;copyright&quot;:&quot;&quot;,&quot;focal_length&quot;:&quot;0&quot;,&quot;iso&quot;:&quot;0&quot;,&quot;shutter_speed&quot;:&quot;0&quot;,&quot;title&quot;:&quot;&quot;}\" data-image-title=\"pic\" data-image-description=\"\" data-image-caption=\"&lt;p&gt;\u00bfCualquier tiempo pasado fue mejor? Ahora que se cumplen 20 a\u00f1os de las Olimpiadas de Barcelona, no estar\u00eda de m\u00e1s que se hubieran fijado un poco en estos uniformes, mucho m\u00e1s elegantes (aunque las faldas de ellas no nos convenc\u00edan. Foto via www.hoymujer.com&lt;\/p&gt;\n\" data-medium-file=\"https:\/\/i0.wp.com\/www.moda.es\/blog\/wp-content\/uploads\/2012\/07\/pic-e1343413763448.jpg?fit=300%2C226\" data-large-file=\"https:\/\/i0.wp.com\/www.moda.es\/blog\/wp-content\/uploads\/2012\/07\/pic-e1343413763448.jpg?fit=500%2C377\" loading=\"lazy\" class=\"size-full wp-image-8077\" src=\"https:\/\/i0.wp.com\/www.moda.es\/blog\/wp-content\/uploads\/2012\/07\/pic-e1343413763448.jpg?resize=500%2C377\" alt=\"\" width=\"500\" height=\"377\" srcset=\"https:\/\/i0.wp.com\/www.moda.es\/blog\/wp-content\/uploads\/2012\/07\/pic-e1343413763448.jpg?w=500 500w, https:\/\/i0.wp.com\/www.moda.es\/blog\/wp-content\/uploads\/2012\/07\/pic-e1343413763448.jpg?resize=300%2C226 300w\" sizes=\"(max-width: 500px) 100vw, 500px\" data-recalc-dims=\"1\" \/><\/a><figcaption id=\"caption-attachment-8077\" class=\"wp-caption-text\">\u00bfCualquier tiempo pasado fue mejor? Ahora que se cumplen 20 a\u00f1os de las Olimpiadas de Barcelona, no estar\u00eda de m\u00e1s que se hubieran fijado un poco en estos uniformes, mucho m\u00e1s elegantes (aunque las faldas de ellas no nos convenc\u00edan. Foto via www.hoymujer.com<\/figcaption><\/figure>\n","protected":false},"excerpt":{"rendered":"<p>Quedan un par de horas para la inauguraci\u00f3n oficial de los Juegos Ol\u00edmpicos de Londres 2012. Una de las noticias que m\u00e1s est\u00e1 dando que hablar aqu\u00ed, en Espa\u00f1a, en las charlas a pie de calle, son los uniformes que van a lucir nuestros deportistas. Cuando apareci\u00f3 la primera imagen [&hellip;]<\/p>\n","protected":false},"author":2,"featured_media":16825,"comment_status":"open","ping_status":"open","sticky":false,"template":"","format":"standard","meta":{"jetpack_publicize_message":"","jetpack_is_tweetstorm":false,"jetpack_publicize_feature_enabled":true},"categories":[26],"tags":[],"jetpack_publicize_connections":[],"jetpack_featured_media_url":"https:\/\/i0.wp.com\/www.moda.es\/blog\/wp-content\/uploads\/2012\/07\/1336150017_218972_1336381248_noticia_normal-e13434126028131.jpg?fit=500%2C368","jetpack_sharing_enabled":true,"jetpack_shortlink":"https:\/\/wp.me\/p4tJCC-267","jetpack-related-posts":[{"id":8082,"url":"http:\/\/www.moda.es\/blog\/estilos-olimpicos\/","url_meta":{"origin":8067,"position":0},"title":"Estilos ol\u00edmpicos","date":"julio 28, 2012","format":false,"excerpt":"Anoche millones y millones de telespectadores estuvieron pegados a las pantallas de la televisi\u00f3n viendo la gala inaugural de los Juegos Ol\u00edmpicos. Hacia el final del espect\u00e1culo comenzaron a salir las delegaciones de deportistas de cada pa\u00eds y, la verdad, a pesar de lo mal que pintaba la aparici\u00f3n nuestra\u2026","rel":"","context":"En \u00abDise\u00f1adores\u00bb","img":{"alt_text":"","src":"https:\/\/i0.wp.com\/www.moda.es\/blog\/wp-content\/uploads\/2012\/07\/olympics-uniforms-e13435077323691.jpg?fit=500%2C333&resize=350%2C200","width":350,"height":200},"classes":[]},{"id":14161,"url":"http:\/\/www.moda.es\/blog\/las-primavera-2014-by-london-fashion-week\/","url_meta":{"origin":8067,"position":1},"title":"Las primavera 2014, by London Fashion Week","date":"septiembre 18, 2013","format":false,"excerpt":"Tras varios d\u00edas de desfiles, Londres termina dej\u00e1ndonos muy buen sabor de boca. De la ma\u00f1ana a la noche hemos estado pendientes de todo lo que ven\u00eda desde la ciudad del T\u00e1mesis. \u00bfEl veredicto? La pr\u00f3xima Primavera 2014 respira feminidad, dulzura, suavidad, detalles y delicadeza. Sigue leyendo para descubrir las\u2026","rel":"","context":"En \u00abDestacados\u00bb","img":{"alt_text":"","src":"https:\/\/i0.wp.com\/www.moda.es\/blog\/wp-content\/uploads\/2013\/09\/Londres-Tendencias-71.jpg?fit=500%2C308&resize=350%2C200","width":350,"height":200},"classes":[]},{"id":9967,"url":"http:\/\/www.moda.es\/blog\/god-save-stella-mccartney\/","url_meta":{"origin":8067,"position":2},"title":"God Save Stella McCartney","date":"enero 2, 2013","format":false,"excerpt":"\u00a0 Los hay con estrella, los hay estrellados y est\u00e1n los que brillan por s\u00ed mismos como tal y ellos mismos son el astro m\u00e1s brillante. Stella McCartney es una de esas personas, por talento, por visi\u00f3n, por aptitud, por derecho adquirido y ahora tambi\u00e9n por reconocimiento. \u00a0 Despu\u00e9s de\u2026","rel":"","context":"En \u00abActualidad\u00bb","img":{"alt_text":"","src":"https:\/\/i0.wp.com\/www.moda.es\/blog\/wp-content\/uploads\/2013\/01\/Stella-McCartney1.jpg?fit=500%2C333&resize=350%2C200","width":350,"height":200},"classes":[]},{"id":19315,"url":"http:\/\/www.moda.es\/blog\/eva-mendes-nueva-imagen-de-estee-lauder\/","url_meta":{"origin":8067,"position":3},"title":"Eva Mendes, nueva imagen de Estee Lauder","date":"abril 27, 2015","format":false,"excerpt":"Est\u00e9e Lauder ha anunciado el nombramiento de la actriz Eva Mendes para representar su \u00faltimo gran lanzamiento, la gama New Dimension para el cuidado de la piel de la marca. \"Desde mi adolescencia, siempre he admirado a Est\u00e9e Lauder, tanto a la mujer como a la marca\", ha declarado Mendes.\u2026","rel":"","context":"En \u00abActualidad\u00bb","img":{"alt_text":"","src":"https:\/\/i0.wp.com\/www.moda.es\/blog\/wp-content\/uploads\/2015\/04\/eva2.jpg?fit=650%2C442&resize=350%2C200","width":350,"height":200},"classes":[]},{"id":426,"url":"http:\/\/www.moda.es\/blog\/despues-de-lagerfeld-alvarno\/","url_meta":{"origin":8067,"position":4},"title":"Despu\u00e9s de Lagerfeld, Alvarno","date":"diciembre 29, 2010","format":false,"excerpt":"Crecer (creativamente) bajo las \u00f3rdenes de Karl Lagerfeld, Oscar de la Renta o del desparecido Alexander McQueen no debe de ser f\u00e1cil, pero ha de ser de lo m\u00e1s enriquecedor. Esto lo han vivido Arnaud Maillard y \u00c1lvaro Castej\u00f3n que hace tan s\u00f3lo diez meses crearon Alvarno. Se trata de\u2026","rel":"","context":"En \u00abDise\u00f1adores\u00bb","img":{"alt_text":"","src":"https:\/\/i0.wp.com\/www.chictoochic.es\/wp-content\/uploads\/2010\/09\/WALVAR02-03.jpg?resize=350%2C200","width":350,"height":200},"classes":[]},{"id":22457,"url":"http:\/\/www.moda.es\/blog\/conoces-reserved\/","url_meta":{"origin":8067,"position":5},"title":"\u00bfConoces Reserved?","date":"agosto 17, 2017","format":false,"excerpt":"Kate Moss est\u00e1 presentado una nueva marca: Reserved llegar\u00e1 pronto a Londres el 6 de septiembre y ha lanzado im\u00e1genes teaser de Moss luciendo parte de su colecci\u00f3n. Naturalmente, Moss da a la ropa su firma y est\u00e9tica rock 'n' roll, as\u00ed que \u00bfqu\u00e9 m\u00e1s podemos esperar de Reserved? La\u2026","rel":"","context":"En \u00abActualidad\u00bb","img":{"alt_text":"","src":"https:\/\/i0.wp.com\/www.moda.es\/blog\/wp-content\/uploads\/2017\/08\/Captura-de-pantalla-2017-08-18-a-las-0.28.27.png?fit=691%2C459&resize=350%2C200","width":350,"height":200},"classes":[]}],"_links":{"self":[{"href":"http:\/\/www.moda.es\/blog\/wp-json\/wp\/v2\/posts\/8067"}],"collection":[{"href":"http:\/\/www.moda.es\/blog\/wp-json\/wp\/v2\/posts"}],"about":[{"href":"http:\/\/www.moda.es\/blog\/wp-json\/wp\/v2\/types\/post"}],"author":[{"embeddable":true,"href":"http:\/\/www.moda.es\/blog\/wp-json\/wp\/v2\/users\/2"}],"replies":[{"embeddable":true,"href":"http:\/\/www.moda.es\/blog\/wp-json\/wp\/v2\/comments?post=8067"}],"version-history":[{"count":0,"href":"http:\/\/www.moda.es\/blog\/wp-json\/wp\/v2\/posts\/8067\/revisions"}],"wp:featuredmedia":[{"embeddable":true,"href":"http:\/\/www.moda.es\/blog\/wp-json\/wp\/v2\/media\/16825"}],"wp:attachment":[{"href":"http:\/\/www.moda.es\/blog\/wp-json\/wp\/v2\/media?parent=8067"}],"wp:term":[{"taxonomy":"category","embeddable":true,"href":"http:\/\/www.moda.es\/blog\/wp-json\/wp\/v2\/categories?post=8067"},{"taxonomy":"post_tag","embeddable":true,"href":"http:\/\/www.moda.es\/blog\/wp-json\/wp\/v2\/tags?post=8067"}],"curies":[{"name":"wp","href":"https:\/\/api.w.org\/{rel}","templated":true}]}}