{"id":8050,"date":"2012-07-26T19:50:10","date_gmt":"2012-07-26T17:50:10","guid":{"rendered":"http:\/\/www.moda.es\/blog\/?p=8050"},"modified":"2012-07-26T19:50:10","modified_gmt":"2012-07-26T17:50:10","slug":"oen-para-hombres-coquetos","status":"publish","type":"post","link":"http:\/\/www.moda.es\/blog\/oen-para-hombres-coquetos\/","title":{"rendered":"OEN, para hombres coquetos"},"content":{"rendered":"<p>Chicos y hombres de Espa\u00f1a -y del mundo, si es que nos le\u00e9is desde otras latitudes-, si os gusta arreglaros y os preocupa lo que llev\u00e1is, seguid leyendo, esto os va a gustar. Que a veces Internet nos da sorpresas y hoy traemos una muy buena: <a href=\"http:\/\/the189.com\/\">OEN<\/a>. Tres letras que corresponden a las iniciales de tres n\u00fameros en ingl\u00e9s, \u00abone\u00bb, \u00abeight\u00bb, \u00abnine\u00bb, un t\u00edtulo poco descriptivo que esconde grandes cosas.<\/p>\n<figure id=\"attachment_8057\" aria-describedby=\"caption-attachment-8057\" style=\"width: 500px\" class=\"wp-caption aligncenter\"><a href=\"https:\/\/i0.wp.com\/www.moda.es\/blog\/wp-content\/uploads\/2012\/07\/The-Holiday-Hooray-Edition-by-A-Kind-of-Guise-6.jpg\"><img data-attachment-id=\"8057\" data-permalink=\"http:\/\/www.moda.es\/blog\/the-holiday-hooray-edition-by-a-kind-of-guise-6\/\" data-orig-file=\"https:\/\/i0.wp.com\/www.moda.es\/blog\/wp-content\/uploads\/2012\/07\/The-Holiday-Hooray-Edition-by-A-Kind-of-Guise-6-e1343324558858.jpg?fit=500%2C333\" data-orig-size=\"500,333\" data-comments-opened=\"1\" data-image-meta=\"{&quot;aperture&quot;:&quot;0&quot;,&quot;credit&quot;:&quot;&quot;,&quot;camera&quot;:&quot;&quot;,&quot;caption&quot;:&quot;&quot;,&quot;created_timestamp&quot;:&quot;0&quot;,&quot;copyright&quot;:&quot;&quot;,&quot;focal_length&quot;:&quot;0&quot;,&quot;iso&quot;:&quot;0&quot;,&quot;shutter_speed&quot;:&quot;0&quot;,&quot;title&quot;:&quot;&quot;}\" data-image-title=\"The-Holiday-Hooray-Edition-by-A-Kind-of-Guise-6\" data-image-description=\"\" data-image-caption=\"&lt;p&gt;Imagen de una de las camisas de &#8216;A Kind of Guise&#8217;. Foto via the189.com&lt;\/p&gt;\n\" data-medium-file=\"https:\/\/i0.wp.com\/www.moda.es\/blog\/wp-content\/uploads\/2012\/07\/The-Holiday-Hooray-Edition-by-A-Kind-of-Guise-6-e1343324558858.jpg?fit=300%2C199\" data-large-file=\"https:\/\/i0.wp.com\/www.moda.es\/blog\/wp-content\/uploads\/2012\/07\/The-Holiday-Hooray-Edition-by-A-Kind-of-Guise-6-e1343324558858.jpg?fit=500%2C333\" loading=\"lazy\" class=\"size-full wp-image-8057\" src=\"https:\/\/i0.wp.com\/www.moda.es\/blog\/wp-content\/uploads\/2012\/07\/The-Holiday-Hooray-Edition-by-A-Kind-of-Guise-6-e1343324558858.jpg?resize=500%2C333\" alt=\"\" width=\"500\" height=\"333\" srcset=\"https:\/\/i0.wp.com\/www.moda.es\/blog\/wp-content\/uploads\/2012\/07\/The-Holiday-Hooray-Edition-by-A-Kind-of-Guise-6-e1343324558858.jpg?w=500 500w, https:\/\/i0.wp.com\/www.moda.es\/blog\/wp-content\/uploads\/2012\/07\/The-Holiday-Hooray-Edition-by-A-Kind-of-Guise-6-e1343324558858.jpg?resize=300%2C199 300w\" sizes=\"(max-width: 500px) 100vw, 500px\" data-recalc-dims=\"1\" \/><\/a><figcaption id=\"caption-attachment-8057\" class=\"wp-caption-text\">Imagen de una de las camisas de &#8216;A Kind of Guise&#8217;. Foto via the189.com<\/figcaption><\/figure>\n<figure id=\"attachment_8058\" aria-describedby=\"caption-attachment-8058\" style=\"width: 500px\" class=\"wp-caption aligncenter\"><a href=\"https:\/\/i0.wp.com\/www.moda.es\/blog\/wp-content\/uploads\/2012\/07\/The-Holiday-Hooray-Edition-by-A-Kind-of-Guise-10.jpg\"><img data-attachment-id=\"8058\" data-permalink=\"http:\/\/www.moda.es\/blog\/the-holiday-hooray-edition-by-a-kind-of-guise-10\/\" data-orig-file=\"https:\/\/i0.wp.com\/www.moda.es\/blog\/wp-content\/uploads\/2012\/07\/The-Holiday-Hooray-Edition-by-A-Kind-of-Guise-10-e1343324909876.jpg?fit=500%2C333\" data-orig-size=\"500,333\" data-comments-opened=\"1\" data-image-meta=\"{&quot;aperture&quot;:&quot;0&quot;,&quot;credit&quot;:&quot;&quot;,&quot;camera&quot;:&quot;&quot;,&quot;caption&quot;:&quot;&quot;,&quot;created_timestamp&quot;:&quot;0&quot;,&quot;copyright&quot;:&quot;&quot;,&quot;focal_length&quot;:&quot;0&quot;,&quot;iso&quot;:&quot;0&quot;,&quot;shutter_speed&quot;:&quot;0&quot;,&quot;title&quot;:&quot;&quot;}\" data-image-title=\"The-Holiday-Hooray-Edition-by-A-Kind-of-Guise-10\" data-image-description=\"\" data-image-caption=\"&lt;p&gt;M\u00e1s camisas estampadas de &#8216;A &lt;\/p&gt;\n\" data-medium-file=\"https:\/\/i0.wp.com\/www.moda.es\/blog\/wp-content\/uploads\/2012\/07\/The-Holiday-Hooray-Edition-by-A-Kind-of-Guise-10-e1343324909876.jpg?fit=300%2C199\" data-large-file=\"https:\/\/i0.wp.com\/www.moda.es\/blog\/wp-content\/uploads\/2012\/07\/The-Holiday-Hooray-Edition-by-A-Kind-of-Guise-10-e1343324909876.jpg?fit=500%2C333\" loading=\"lazy\" class=\"size-full wp-image-8058\" src=\"https:\/\/i0.wp.com\/www.moda.es\/blog\/wp-content\/uploads\/2012\/07\/The-Holiday-Hooray-Edition-by-A-Kind-of-Guise-10-e1343324909876.jpg?resize=500%2C333\" alt=\"\" width=\"500\" height=\"333\" srcset=\"https:\/\/i0.wp.com\/www.moda.es\/blog\/wp-content\/uploads\/2012\/07\/The-Holiday-Hooray-Edition-by-A-Kind-of-Guise-10-e1343324909876.jpg?w=500 500w, https:\/\/i0.wp.com\/www.moda.es\/blog\/wp-content\/uploads\/2012\/07\/The-Holiday-Hooray-Edition-by-A-Kind-of-Guise-10-e1343324909876.jpg?resize=300%2C199 300w\" sizes=\"(max-width: 500px) 100vw, 500px\" data-recalc-dims=\"1\" \/><\/a><figcaption id=\"caption-attachment-8058\" class=\"wp-caption-text\">M\u00e1s camisas estampadas de &#8216;A\u00a0\u00a0Kind of Guise&#8217;. Foto via the189.com<\/figcaption><\/figure>\n<p><a href=\"http:\/\/the189.com\/\">OEN<\/a>\u00a0recoge una filosof\u00eda del estilo masculinos, donde predomina la calidad frente a la tendencia, y la exuda en sus p\u00e1ginas virtuales dedicadas a moda masculina y dise\u00f1o, dando un espacio relevante a las entrevistas de dise\u00f1adores, creadores, artistas y artesanos. Este proyecto online, simbiosis de tienda y revista digitales, naci\u00f3 sin muchas pretensiones en 2007, de la mente del dise\u00f1ador ingl\u00e9s Mark Robinson como una forma de ense\u00f1arse a s\u00ed mismo dise\u00f1o web. As\u00ed cre\u00f3 un blog donde compart\u00eda sus influencias y lo que le inspiraba. Posteriormente, se uni\u00f3 un amigo,\u00a0Daniel Benning, y juntos lo fueron llenando de contenido diariamente y de entrevistas a creativos que, muchos, tienen en com\u00fan el ser dise\u00f1adores de moda masculina.<\/p>\n<figure id=\"attachment_8061\" aria-describedby=\"caption-attachment-8061\" style=\"width: 450px\" class=\"wp-caption aligncenter\"><a href=\"https:\/\/i0.wp.com\/www.moda.es\/blog\/wp-content\/uploads\/2012\/07\/custardparkafronting2_grande.jpg\"><img data-attachment-id=\"8061\" data-permalink=\"http:\/\/www.moda.es\/blog\/custardparkafronting2_grande\/\" data-orig-file=\"https:\/\/i0.wp.com\/www.moda.es\/blog\/wp-content\/uploads\/2012\/07\/custardparkafronting2_grande-e1343325301307.jpg?fit=450%2C450\" data-orig-size=\"450,450\" data-comments-opened=\"1\" data-image-meta=\"{&quot;aperture&quot;:&quot;0&quot;,&quot;credit&quot;:&quot;&quot;,&quot;camera&quot;:&quot;&quot;,&quot;caption&quot;:&quot;&quot;,&quot;created_timestamp&quot;:&quot;0&quot;,&quot;copyright&quot;:&quot;&quot;,&quot;focal_length&quot;:&quot;0&quot;,&quot;iso&quot;:&quot;0&quot;,&quot;shutter_speed&quot;:&quot;0&quot;,&quot;title&quot;:&quot;&quot;}\" data-image-title=\"custardparkafronting2_grande\" data-image-description=\"\" data-image-caption=\"&lt;p&gt;En OEN puedes encontrar una de estas parkas de North Woods. Foto via the189.com&lt;\/p&gt;\n\" data-medium-file=\"https:\/\/i0.wp.com\/www.moda.es\/blog\/wp-content\/uploads\/2012\/07\/custardparkafronting2_grande-e1343325301307.jpg?fit=300%2C300\" data-large-file=\"https:\/\/i0.wp.com\/www.moda.es\/blog\/wp-content\/uploads\/2012\/07\/custardparkafronting2_grande-e1343325301307.jpg?fit=450%2C450\" loading=\"lazy\" class=\"size-full wp-image-8061\" src=\"https:\/\/i0.wp.com\/www.moda.es\/blog\/wp-content\/uploads\/2012\/07\/custardparkafronting2_grande-e1343325301307.jpg?resize=450%2C450\" alt=\"\" width=\"450\" height=\"450\" srcset=\"https:\/\/i0.wp.com\/www.moda.es\/blog\/wp-content\/uploads\/2012\/07\/custardparkafronting2_grande-e1343325301307.jpg?w=450 450w, https:\/\/i0.wp.com\/www.moda.es\/blog\/wp-content\/uploads\/2012\/07\/custardparkafronting2_grande-e1343325301307.jpg?resize=150%2C150 150w, https:\/\/i0.wp.com\/www.moda.es\/blog\/wp-content\/uploads\/2012\/07\/custardparkafronting2_grande-e1343325301307.jpg?resize=300%2C300 300w\" sizes=\"(max-width: 450px) 100vw, 450px\" data-recalc-dims=\"1\" \/><\/a><figcaption id=\"caption-attachment-8061\" class=\"wp-caption-text\">En OEN puedes encontrar una de estas parkas de North Woods. Foto via the189.com<\/figcaption><\/figure>\n<figure id=\"attachment_8063\" aria-describedby=\"caption-attachment-8063\" style=\"width: 450px\" class=\"wp-caption aligncenter\"><a href=\"https:\/\/i0.wp.com\/www.moda.es\/blog\/wp-content\/uploads\/2012\/07\/paplaptopfront1_grande.jpg\"><img data-attachment-id=\"8063\" data-permalink=\"http:\/\/www.moda.es\/blog\/paplaptopfront1_grande\/\" data-orig-file=\"https:\/\/i0.wp.com\/www.moda.es\/blog\/wp-content\/uploads\/2012\/07\/paplaptopfront1_grande-e1343325543205.jpg?fit=450%2C450\" data-orig-size=\"450,450\" data-comments-opened=\"1\" data-image-meta=\"{&quot;aperture&quot;:&quot;0&quot;,&quot;credit&quot;:&quot;&quot;,&quot;camera&quot;:&quot;&quot;,&quot;caption&quot;:&quot;&quot;,&quot;created_timestamp&quot;:&quot;0&quot;,&quot;copyright&quot;:&quot;&quot;,&quot;focal_length&quot;:&quot;0&quot;,&quot;iso&quot;:&quot;0&quot;,&quot;shutter_speed&quot;:&quot;0&quot;,&quot;title&quot;:&quot;&quot;}\" data-image-title=\"paplaptopfront1_grande\" data-image-description=\"\" data-image-caption=\"&lt;p&gt;Funda de cuero para el port\u00e1til de la firma sueca de accesorios P.A.P, en la tienda online de OEN. Foto via the189.com&lt;\/p&gt;\n\" data-medium-file=\"https:\/\/i0.wp.com\/www.moda.es\/blog\/wp-content\/uploads\/2012\/07\/paplaptopfront1_grande-e1343325543205.jpg?fit=300%2C300\" data-large-file=\"https:\/\/i0.wp.com\/www.moda.es\/blog\/wp-content\/uploads\/2012\/07\/paplaptopfront1_grande-e1343325543205.jpg?fit=450%2C450\" loading=\"lazy\" class=\"size-full wp-image-8063\" src=\"https:\/\/i0.wp.com\/www.moda.es\/blog\/wp-content\/uploads\/2012\/07\/paplaptopfront1_grande-e1343325543205.jpg?resize=450%2C450\" alt=\"\" width=\"450\" height=\"450\" srcset=\"https:\/\/i0.wp.com\/www.moda.es\/blog\/wp-content\/uploads\/2012\/07\/paplaptopfront1_grande-e1343325543205.jpg?w=450 450w, https:\/\/i0.wp.com\/www.moda.es\/blog\/wp-content\/uploads\/2012\/07\/paplaptopfront1_grande-e1343325543205.jpg?resize=150%2C150 150w, https:\/\/i0.wp.com\/www.moda.es\/blog\/wp-content\/uploads\/2012\/07\/paplaptopfront1_grande-e1343325543205.jpg?resize=300%2C300 300w\" sizes=\"(max-width: 450px) 100vw, 450px\" data-recalc-dims=\"1\" \/><\/a><figcaption id=\"caption-attachment-8063\" class=\"wp-caption-text\">Funda de cuero para el port\u00e1til de la firma sueca de accesorios P.A.P, en la tienda online de OEN. Foto via the189.com<\/figcaption><\/figure>\n<p>Seg\u00fan fue creciendo el n\u00famero de seguidores de <a href=\"http:\/\/the189.com\/\">OEN<\/a>, ambos amigos vieron claro, ten\u00edan que crear un espacio de venta <em>online<\/em> con todo el bagaje que ya hab\u00edan adquirido y as\u00ed lo hicieron el pasado mes de febrero. Su manifiesto: \u00abnuestro objetivo es tener un espacio donde compartir c\u00f3mo se hace cada pieza, de d\u00f3nde proceden sus materiales y porqu\u00e9 merece la pena invertir en ellos. Buen dise\u00f1o y transparencia deben ir de la mano\u00bb. Adem\u00e1s, sus creadores conf\u00edan \u00aben la calidad antes que las tendencias porque creemos que cuando el dise\u00f1o es honesto y puro, el producto durar\u00e1 a\u00f1os m\u00e1s que meses\u00bb. Menos, en lugar de ser m\u00e1s, es mejor.<\/p>\n<figure id=\"attachment_8062\" aria-describedby=\"caption-attachment-8062\" style=\"width: 500px\" class=\"wp-caption aligncenter\"><a href=\"https:\/\/i0.wp.com\/www.moda.es\/blog\/wp-content\/uploads\/2012\/07\/Product-Feature-with-Tembea-Bags-image.jpg\"><img data-attachment-id=\"8062\" data-permalink=\"http:\/\/www.moda.es\/blog\/product-feature-with-tembea-bags-image\/\" data-orig-file=\"https:\/\/i0.wp.com\/www.moda.es\/blog\/wp-content\/uploads\/2012\/07\/Product-Feature-with-Tembea-Bags-image-e1343325399722.jpg?fit=500%2C362\" data-orig-size=\"500,362\" data-comments-opened=\"1\" data-image-meta=\"{&quot;aperture&quot;:&quot;0&quot;,&quot;credit&quot;:&quot;&quot;,&quot;camera&quot;:&quot;&quot;,&quot;caption&quot;:&quot;&quot;,&quot;created_timestamp&quot;:&quot;0&quot;,&quot;copyright&quot;:&quot;&quot;,&quot;focal_length&quot;:&quot;0&quot;,&quot;iso&quot;:&quot;0&quot;,&quot;shutter_speed&quot;:&quot;0&quot;,&quot;title&quot;:&quot;&quot;}\" data-image-title=\"Product-Feature-with-Tembea-Bags-image\" data-image-description=\"\" data-image-caption=\"&lt;p&gt;Estos originales bolsos de estilo retro de &#8216;Tembea&#8217; tambi\u00e9n est\u00e1n en OEN. Foto via the189.com&lt;\/p&gt;\n\" data-medium-file=\"https:\/\/i0.wp.com\/www.moda.es\/blog\/wp-content\/uploads\/2012\/07\/Product-Feature-with-Tembea-Bags-image-e1343325399722.jpg?fit=300%2C217\" data-large-file=\"https:\/\/i0.wp.com\/www.moda.es\/blog\/wp-content\/uploads\/2012\/07\/Product-Feature-with-Tembea-Bags-image-e1343325399722.jpg?fit=500%2C362\" loading=\"lazy\" class=\"size-full wp-image-8062\" src=\"https:\/\/i0.wp.com\/www.moda.es\/blog\/wp-content\/uploads\/2012\/07\/Product-Feature-with-Tembea-Bags-image-e1343325399722.jpg?resize=500%2C362\" alt=\"\" width=\"500\" height=\"362\" srcset=\"https:\/\/i0.wp.com\/www.moda.es\/blog\/wp-content\/uploads\/2012\/07\/Product-Feature-with-Tembea-Bags-image-e1343325399722.jpg?w=500 500w, https:\/\/i0.wp.com\/www.moda.es\/blog\/wp-content\/uploads\/2012\/07\/Product-Feature-with-Tembea-Bags-image-e1343325399722.jpg?resize=300%2C217 300w\" sizes=\"(max-width: 500px) 100vw, 500px\" data-recalc-dims=\"1\" \/><\/a><figcaption id=\"caption-attachment-8062\" class=\"wp-caption-text\">Estos originales bolsos de estilo retro de &#8216;Tembea&#8217; tambi\u00e9n est\u00e1n en OEN. Foto via the189.com<\/figcaption><\/figure>\n","protected":false},"excerpt":{"rendered":"<p>Chicos y hombres de Espa\u00f1a -y del mundo, si es que nos le\u00e9is desde otras latitudes-, si os gusta arreglaros y os preocupa lo que llev\u00e1is, seguid leyendo, esto os va a gustar. Que a veces Internet nos da sorpresas y hoy traemos una muy buena: OEN. Tres letras que [&hellip;]<\/p>\n","protected":false},"author":2,"featured_media":16828,"comment_status":"open","ping_status":"open","sticky":false,"template":"","format":"standard","meta":{"jetpack_publicize_message":"","jetpack_is_tweetstorm":false,"jetpack_publicize_feature_enabled":true},"categories":[19,29],"tags":[],"jetpack_publicize_connections":[],"jetpack_featured_media_url":"https:\/\/i0.wp.com\/www.moda.es\/blog\/wp-content\/uploads\/2012\/07\/The-Holiday-Hooray-Edition-by-A-Kind-of-Guise-6-e13433245588581.jpg?fit=500%2C333","jetpack_sharing_enabled":true,"jetpack_shortlink":"https:\/\/wp.me\/p4tJCC-25Q","jetpack-related-posts":[{"id":7827,"url":"http:\/\/www.moda.es\/blog\/los-nuevos-viejos-hombres-de-dana\/","url_meta":{"origin":8050,"position":0},"title":"Los nuevos viejos hombres de Dana","date":"julio 4, 2012","format":false,"excerpt":"Cuando uno cree que nada ni nadie le va a sorprender, llega una firma como Dana Lee New York y le deja boquiabierto. Dana Lee es tambi\u00e9n el nombre de esta dise\u00f1adora afincada en Nueva York que con una visi\u00f3n bastante particular y una inspiraci\u00f3n retro, crea ropa para hombre,\u2026","rel":"","context":"En \u00abFirmas\u00bb","img":{"alt_text":"","src":"https:\/\/i0.wp.com\/www.moda.es\/blog\/wp-content\/uploads\/2012\/07\/Dana-Lee-SS12_01-e13414420675711.jpg?fit=500%2C247&resize=350%2C200","width":350,"height":200},"classes":[]},{"id":7205,"url":"http:\/\/www.moda.es\/blog\/los-hombres-de-negro\/","url_meta":{"origin":8050,"position":1},"title":"Los hombres de negro","date":"mayo 25, 2012","format":false,"excerpt":"A Cannes tambi\u00e9n acuden hombres, que siempre nos centramos en ellas y les dejamos de lado a ellos. Y la verdad hay que alabar el estilo y buen gusto que muestran muchos de los actores asistentes al festival. Para empezar, el actor Joshua Jackson, novio de Diane Kruger, que sabe\u2026","rel":"","context":"En \u00abAlfombra Roja\u00bb","img":{"alt_text":"","src":"https:\/\/i0.wp.com\/www.moda.es\/blog\/wp-content\/uploads\/2012\/05\/cuando_cannes_cierra_los_cines_las_celebrities_se_visten_de_gala_7129_428x1.jpg?fit=428%2C642&resize=350%2C200","width":350,"height":200},"classes":[]},{"id":21568,"url":"http:\/\/www.moda.es\/blog\/motivacion-maxima-en-el-gym-con-rosie-huntington\/","url_meta":{"origin":8050,"position":2},"title":"Motivaci\u00f3n m\u00e1xima en el gym con Rosie Huntington","date":"enero 5, 2017","format":false,"excerpt":"No hay nada como la perspectiva de un entrenamiento con una supermodelo para agregar un toque de motivaci\u00f3n\u00a0extra para salir\u00a0de la cama en una ma\u00f1ana fr\u00eda y oscura a principios de enero para entrenar.Watch Full Movie Online Streaming Online and Download Ofreciendo as\u00ed un poco de inspiraci\u00f3n, \u00a0Rosie Huntington-Whiteley se\u2026","rel":"","context":"En \u00abCampa\u00f1as\u00bb","img":{"alt_text":"","src":"https:\/\/i0.wp.com\/www.moda.es\/blog\/wp-content\/uploads\/2017\/01\/Captura-de-pantalla-2017-01-05-a-las-19.33.20.png?fit=484%2C481&resize=350%2C200","width":350,"height":200},"classes":[]},{"id":21306,"url":"http:\/\/www.moda.es\/blog\/net-a-porter-se-reforma\/","url_meta":{"origin":8050,"position":3},"title":"Net-A-Porter se \u00abReforma\u00bb","date":"noviembre 8, 2016","format":false,"excerpt":"Net-A-Porter y Reformation han colaborado en una edici\u00f3n exclusiva para la temporada de fiesta, siendo\u00a0la primera vez que la marca americana\u00a0de moda sostenible\u00a0estar\u00e1\u00a0disponible para comprar a nivel mundial. \u201cReformation es una marca con una gran conciencia eco que no es normalmente algo que vaya de la mano con la moda.\u2026","rel":"","context":"En \u00abActualidad\u00bb","img":{"alt_text":"","src":"https:\/\/i0.wp.com\/www.moda.es\/blog\/wp-content\/uploads\/2016\/11\/Captura-de-pantalla-2016-11-08-a-las-19.57.32.png?fit=368%2C452&resize=350%2C200","width":350,"height":200},"classes":[]},{"id":558,"url":"http:\/\/www.moda.es\/blog\/esperado-estreno-cos\/","url_meta":{"origin":8050,"position":4},"title":"Esperado estreno: COS","date":"enero 19, 2011","format":false,"excerpt":"Llevaba tiempo coment\u00e1ndose en los c\u00edrculos de la moda\u00a0en Espa\u00f1a\u00a0que la hermana \"seria\" de H&M estaba a punto de aterrizar en la capital pero no se sab\u00eda cu\u00e1ndo... Y la anhelada noticia ha saltado esta misma\u00a0semana cuando se anunciaba la inauguraci\u00f3n de una flagship store en mayo. Poco m\u00e1s de\u2026","rel":"","context":"En \u00abFirmas\u00bb","img":{"alt_text":"","src":"https:\/\/i0.wp.com\/www.moda.es\/blog\/wp-content\/uploads\/2011\/01\/cos-2010-fall-winter-collection-11.jpg?fit=620%2C413&resize=350%2C200","width":350,"height":200},"classes":[]},{"id":7272,"url":"http:\/\/www.moda.es\/blog\/les-jalouses-masculina\/","url_meta":{"origin":8050,"position":5},"title":"Les Jalouses, masculina","date":"mayo 30, 2012","format":false,"excerpt":"La venta ef\u00edmera de Les Jalouses, de la cual os habl\u00e1bamos a finales del a\u00f1o pasado, ha vuelto y pegando fuerte. Adem\u00e1s de \u00a0encontrar prendas femeninas de muchas y buenas firmas, en perfecto estado y a precios de ensue\u00f1o, ahora se han hecho con un buen n\u00famero de marcas de\u2026","rel":"","context":"En \u00abModa Hombre\u00bb","img":{"alt_text":"","src":"https:\/\/i0.wp.com\/www.moda.es\/blog\/wp-content\/uploads\/2012\/05\/Picture-3-e1338328699881.png?resize=350%2C200","width":350,"height":200},"classes":[]}],"_links":{"self":[{"href":"http:\/\/www.moda.es\/blog\/wp-json\/wp\/v2\/posts\/8050"}],"collection":[{"href":"http:\/\/www.moda.es\/blog\/wp-json\/wp\/v2\/posts"}],"about":[{"href":"http:\/\/www.moda.es\/blog\/wp-json\/wp\/v2\/types\/post"}],"author":[{"embeddable":true,"href":"http:\/\/www.moda.es\/blog\/wp-json\/wp\/v2\/users\/2"}],"replies":[{"embeddable":true,"href":"http:\/\/www.moda.es\/blog\/wp-json\/wp\/v2\/comments?post=8050"}],"version-history":[{"count":0,"href":"http:\/\/www.moda.es\/blog\/wp-json\/wp\/v2\/posts\/8050\/revisions"}],"wp:featuredmedia":[{"embeddable":true,"href":"http:\/\/www.moda.es\/blog\/wp-json\/wp\/v2\/media\/16828"}],"wp:attachment":[{"href":"http:\/\/www.moda.es\/blog\/wp-json\/wp\/v2\/media?parent=8050"}],"wp:term":[{"taxonomy":"category","embeddable":true,"href":"http:\/\/www.moda.es\/blog\/wp-json\/wp\/v2\/categories?post=8050"},{"taxonomy":"post_tag","embeddable":true,"href":"http:\/\/www.moda.es\/blog\/wp-json\/wp\/v2\/tags?post=8050"}],"curies":[{"name":"wp","href":"https:\/\/api.w.org\/{rel}","templated":true}]}}