{"id":7886,"date":"2012-07-07T14:04:24","date_gmt":"2012-07-07T12:04:24","guid":{"rendered":"http:\/\/www.moda.es\/blog\/?p=7886"},"modified":"2012-07-07T14:04:24","modified_gmt":"2012-07-07T12:04:24","slug":"alexa-chung-nuevo-rostro-de-maje","status":"publish","type":"post","link":"http:\/\/www.moda.es\/blog\/alexa-chung-nuevo-rostro-de-maje\/","title":{"rendered":"Alexa Chung, nuevo rostro de Maje"},"content":{"rendered":"<figure id=\"attachment_7891\" aria-describedby=\"caption-attachment-7891\" style=\"width: 568px\" class=\"wp-caption aligncenter\"><a href=\"https:\/\/i0.wp.com\/www.moda.es\/blog\/wp-content\/uploads\/2012\/07\/Alexa-pour-Maje-2-568x379.png\"><img data-attachment-id=\"7891\" data-permalink=\"http:\/\/www.moda.es\/blog\/alexa-pour-maje-2-568x379\/\" data-orig-file=\"https:\/\/i0.wp.com\/www.moda.es\/blog\/wp-content\/uploads\/2012\/07\/Alexa-pour-Maje-2-568x379.png?fit=568%2C379\" data-orig-size=\"568,379\" data-comments-opened=\"1\" data-image-meta=\"{&quot;aperture&quot;:&quot;0&quot;,&quot;credit&quot;:&quot;&quot;,&quot;camera&quot;:&quot;&quot;,&quot;caption&quot;:&quot;&quot;,&quot;created_timestamp&quot;:&quot;0&quot;,&quot;copyright&quot;:&quot;&quot;,&quot;focal_length&quot;:&quot;0&quot;,&quot;iso&quot;:&quot;0&quot;,&quot;shutter_speed&quot;:&quot;0&quot;,&quot;title&quot;:&quot;&quot;}\" data-image-title=\"Alexa-pour-Maje-2-568&#215;379\" data-image-description=\"\" data-image-caption=\"&lt;p&gt;Retrato de Alexa Chung por Glen Luchfor para la campa\u00f1a de Maje. Foto via exeptionnelles.com&lt;\/p&gt;\n\" data-medium-file=\"https:\/\/i0.wp.com\/www.moda.es\/blog\/wp-content\/uploads\/2012\/07\/Alexa-pour-Maje-2-568x379.png?fit=300%2C200\" data-large-file=\"https:\/\/i0.wp.com\/www.moda.es\/blog\/wp-content\/uploads\/2012\/07\/Alexa-pour-Maje-2-568x379.png?fit=568%2C379\" loading=\"lazy\" class=\"size-full wp-image-7891\" src=\"https:\/\/i0.wp.com\/www.moda.es\/blog\/wp-content\/uploads\/2012\/07\/Alexa-pour-Maje-2-568x379.png?resize=568%2C379\" alt=\"\" width=\"568\" height=\"379\" srcset=\"https:\/\/i0.wp.com\/www.moda.es\/blog\/wp-content\/uploads\/2012\/07\/Alexa-pour-Maje-2-568x379.png?resize=568%2C379 568w, https:\/\/i0.wp.com\/www.moda.es\/blog\/wp-content\/uploads\/2012\/07\/Alexa-pour-Maje-2-568x379.png?resize=300%2C200 300w\" sizes=\"(max-width: 568px) 100vw, 568px\" data-recalc-dims=\"1\" \/><\/a><figcaption id=\"caption-attachment-7891\" class=\"wp-caption-text\">Retrato de Alexa Chung por Glen Luchford para la campa\u00f1a de Maje. Foto via exeptionnelles.com<\/figcaption><\/figure>\n<p>Es una asidua en nuestro blog. Y no s\u00f3lo porque sea una de nuestras <em>it-girls<\/em> favoritas, sino porque suele ser noticia. Esta semana la inglesa m\u00e1s de moda asist\u00eda al desfile de Alta Costura de Chanel en Par\u00eds junto a lo m\u00e1s granado de la moda, el cine y la alta sociedad. Adem\u00e1s, de sus periplos por eventos varios, Alexa ha vuelto a ser noticia recientemente al convertirse en la imagen de la firma francesa <a href=\"http:\/\/eboutique.maje.com\/accueil\">Maje<\/a> -una de nuestras favoritas-. Buen combo.<\/p>\n<p>Con una fotograf\u00eda en blanco y negro y de inspiraci\u00f3n retro, la pr\u00f3xima campa\u00f1a correspondiente al oto\u00f1o-invierno 2012\/2013 ha sido realizada por el fot\u00f3grafo de moda <a href=\"http:\/\/www.glenluchford.com\/\">Glen Luchford<\/a>. El metro de Par\u00eds, y m\u00e1s exactamente, la parada de Porte de Lilas, ha sido el escenario elegido para estas im\u00e1genes. Como si de una pel\u00edcula de los a\u00f1os 60 se tratara, Alexa aparece en un vag\u00f3n con su caracter\u00edstico pelo alborotado y por supuesto, luciendo la ropa de la nueva temporada de <a href=\"http:\/\/maje.com\/\">Maje<\/a>.<\/p>\n<figure id=\"attachment_7892\" aria-describedby=\"caption-attachment-7892\" style=\"width: 500px\" class=\"wp-caption aligncenter\"><a href=\"https:\/\/i0.wp.com\/www.moda.es\/blog\/wp-content\/uploads\/2012\/07\/maje-alexa-chung.jpg\"><img data-attachment-id=\"7892\" data-permalink=\"http:\/\/www.moda.es\/blog\/maje-alexa-chung\/\" data-orig-file=\"https:\/\/i0.wp.com\/www.moda.es\/blog\/wp-content\/uploads\/2012\/07\/maje-alexa-chung.jpg?fit=500%2C368\" data-orig-size=\"500,368\" data-comments-opened=\"1\" data-image-meta=\"{&quot;aperture&quot;:&quot;0&quot;,&quot;credit&quot;:&quot;&quot;,&quot;camera&quot;:&quot;&quot;,&quot;caption&quot;:&quot;&quot;,&quot;created_timestamp&quot;:&quot;0&quot;,&quot;copyright&quot;:&quot;&quot;,&quot;focal_length&quot;:&quot;0&quot;,&quot;iso&quot;:&quot;0&quot;,&quot;shutter_speed&quot;:&quot;0&quot;,&quot;title&quot;:&quot;&quot;}\" data-image-title=\"maje-alexa-chung\" data-image-description=\"\" data-image-caption=\"&lt;p&gt;Otra imagen que se ha filtrado de la campa\u00f1a. Foto via exeptionnelles.com&lt;\/p&gt;\n\" data-medium-file=\"https:\/\/i0.wp.com\/www.moda.es\/blog\/wp-content\/uploads\/2012\/07\/maje-alexa-chung.jpg?fit=300%2C220\" data-large-file=\"https:\/\/i0.wp.com\/www.moda.es\/blog\/wp-content\/uploads\/2012\/07\/maje-alexa-chung.jpg?fit=500%2C368\" loading=\"lazy\" class=\"size-full wp-image-7892\" src=\"https:\/\/i0.wp.com\/www.moda.es\/blog\/wp-content\/uploads\/2012\/07\/maje-alexa-chung.jpg?resize=500%2C368\" alt=\"\" width=\"500\" height=\"368\" srcset=\"https:\/\/i0.wp.com\/www.moda.es\/blog\/wp-content\/uploads\/2012\/07\/maje-alexa-chung.jpg?w=500 500w, https:\/\/i0.wp.com\/www.moda.es\/blog\/wp-content\/uploads\/2012\/07\/maje-alexa-chung.jpg?resize=300%2C220 300w\" sizes=\"(max-width: 500px) 100vw, 500px\" data-recalc-dims=\"1\" \/><\/a><figcaption id=\"caption-attachment-7892\" class=\"wp-caption-text\">Otra imagen que se ha filtrado de la campa\u00f1a. Foto via exeptionnelles.com<\/figcaption><\/figure>\n<p>Modelo, presentadora de televisi\u00f3n de la MTV brit\u00e1nica y dj, Alexa Chung tiene un buen recurso profesional en ser imagen de diferentes firmas, ya lo fue de <a href=\"http:\/\/www.blogcdn.com\/main.stylelist.com\/media\/2010\/08\/alexa-chung-pepe-jeans-london-fall2010-ad-campaign2-590ls081010.jpg\">Pepe Jeans<\/a>, y m\u00e1s recientemente, de las zapatillas <a href=\"http:\/\/www.moda.es\/blog\/index.php\/2012\/03\/21\/chica-superga\/\">Superga<\/a>, campa\u00f1a en la que se encarg\u00f3 adem\u00e1s del estilismo. A esta chica no hay quien la pare.<\/p>\n<figure id=\"attachment_7895\" aria-describedby=\"caption-attachment-7895\" style=\"width: 409px\" class=\"wp-caption aligncenter\"><a href=\"https:\/\/i0.wp.com\/www.moda.es\/blog\/wp-content\/uploads\/2012\/07\/chungmain_2252956a.jpg\"><img data-attachment-id=\"7895\" data-permalink=\"http:\/\/www.moda.es\/blog\/chungmain_2252956a\/\" data-orig-file=\"https:\/\/i0.wp.com\/www.moda.es\/blog\/wp-content\/uploads\/2012\/07\/chungmain_2252956a.jpg?fit=409%2C409\" data-orig-size=\"409,409\" data-comments-opened=\"1\" data-image-meta=\"{&quot;aperture&quot;:&quot;0&quot;,&quot;credit&quot;:&quot;&quot;,&quot;camera&quot;:&quot;&quot;,&quot;caption&quot;:&quot;&quot;,&quot;created_timestamp&quot;:&quot;0&quot;,&quot;copyright&quot;:&quot;&quot;,&quot;focal_length&quot;:&quot;0&quot;,&quot;iso&quot;:&quot;0&quot;,&quot;shutter_speed&quot;:&quot;0&quot;,&quot;title&quot;:&quot;&quot;}\" data-image-title=\"chungmain_2252956a\" data-image-description=\"\" data-image-caption=\"&lt;p&gt;Otra imagen de la campa\u00f1a de Maje para el pr\u00f3ximo oto\u00f1o-invierno. Foto via fashion.telegraph.co.uk&lt;\/p&gt;\n\" data-medium-file=\"https:\/\/i0.wp.com\/www.moda.es\/blog\/wp-content\/uploads\/2012\/07\/chungmain_2252956a.jpg?fit=300%2C300\" data-large-file=\"https:\/\/i0.wp.com\/www.moda.es\/blog\/wp-content\/uploads\/2012\/07\/chungmain_2252956a.jpg?fit=409%2C409\" loading=\"lazy\" class=\"size-full wp-image-7895\" src=\"https:\/\/i0.wp.com\/www.moda.es\/blog\/wp-content\/uploads\/2012\/07\/chungmain_2252956a.jpg?resize=409%2C409\" alt=\"\" width=\"409\" height=\"409\" srcset=\"https:\/\/i0.wp.com\/www.moda.es\/blog\/wp-content\/uploads\/2012\/07\/chungmain_2252956a.jpg?w=409 409w, https:\/\/i0.wp.com\/www.moda.es\/blog\/wp-content\/uploads\/2012\/07\/chungmain_2252956a.jpg?resize=150%2C150 150w, https:\/\/i0.wp.com\/www.moda.es\/blog\/wp-content\/uploads\/2012\/07\/chungmain_2252956a.jpg?resize=300%2C300 300w\" sizes=\"(max-width: 409px) 100vw, 409px\" data-recalc-dims=\"1\" \/><\/a><figcaption id=\"caption-attachment-7895\" class=\"wp-caption-text\">Otra imagen de la campa\u00f1a de Maje para el pr\u00f3ximo oto\u00f1o-invierno. Foto via fashion.telegraph.co.uk<\/figcaption><\/figure>\n<p>&nbsp;<\/p>\n<p>&nbsp;<\/p>\n","protected":false},"excerpt":{"rendered":"<p>Es una asidua en nuestro blog. Y no s\u00f3lo porque sea una de nuestras it-girls favoritas, sino porque suele ser noticia. Esta semana la inglesa m\u00e1s de moda asist\u00eda al desfile de Alta Costura de Chanel en Par\u00eds junto a lo m\u00e1s granado de la moda, el cine y la [&hellip;]<\/p>\n","protected":false},"author":2,"featured_media":16817,"comment_status":"open","ping_status":"open","sticky":false,"template":"","format":"standard","meta":{"jetpack_publicize_message":"","jetpack_is_tweetstorm":false,"jetpack_publicize_feature_enabled":true},"categories":[17],"tags":[],"jetpack_publicize_connections":[],"jetpack_featured_media_url":"https:\/\/i0.wp.com\/www.moda.es\/blog\/wp-content\/uploads\/2012\/07\/Alexa-pour-Maje-2-568x3791.png?fit=568%2C379","jetpack_sharing_enabled":true,"jetpack_shortlink":"https:\/\/wp.me\/p4tJCC-23c","jetpack-related-posts":[{"id":18373,"url":"http:\/\/www.moda.es\/blog\/alexa-chung-nueva-editora-de-moda-de-tommy-hilfiger\/","url_meta":{"origin":7886,"position":0},"title":"Alexa Chung, nueva editora de moda de Tommy Hilfiger","date":"octubre 7, 2014","format":false,"excerpt":"Adorada, admirada, perseguida e imitada por profesionales y amateurs de la moda. Alexa Chung es uno de los grandes iconos\u00a0 del estilo brit\u00e1nico y ese toque inconfundible podr\u00e1 estar tambi\u00e9n al alcance de todas gracias a su nuevo fichaje en Tommy Hilfiger. Y es que desde hoy (entra aqu\u00ed para\u2026","rel":"","context":"En \u00abActualidad\u00bb","img":{"alt_text":"","src":"https:\/\/i0.wp.com\/www.moda.es\/blog\/wp-content\/uploads\/2014\/10\/alexa.jpg?fit=650%2C650&resize=350%2C200","width":350,"height":200},"classes":[]},{"id":5821,"url":"http:\/\/www.moda.es\/blog\/chicas-de-hoy-en-dia\/","url_meta":{"origin":7886,"position":1},"title":"Chicas de hoy en d\u00eda","date":"marzo 7, 2012","format":false,"excerpt":"Las oportunidades son de aquellos que se plantean el estado de las cosas y si no les gusta, buscan una soluci\u00f3n. Como Judith Milgrom, quien a finales de los 90 se plante\u00f3 que faltaba una firma de ropa para mujeres activas a medio camino entre el lujo y las cadenas\u2026","rel":"","context":"En \u00abFirmas\u00bb","img":{"alt_text":"","src":"https:\/\/i0.wp.com\/www.moda.es\/blog\/wp-content\/uploads\/2012\/03\/maje_12-1_3_cmjn1.jpg?fit=500%2C328&resize=350%2C200","width":350,"height":200},"classes":[]},{"id":19786,"url":"http:\/\/www.moda.es\/blog\/alexa-chung-presenta-su-primera-app-de-moda\/","url_meta":{"origin":7886,"position":2},"title":"Alexa Chung presenta su primera app de moda","date":"septiembre 14, 2015","format":false,"excerpt":"Alexa Chung ha a\u00f1adido un nuevo eslab\u00f3n a su cadena de m\u00faltiples habilidades y aficiones con la creaci\u00f3n de una nueva app, Villoid, que promete \"un vestidor sin fin a tu disposici\u00f3n\". Disponible ya a trav\u00e9s de la tienda de aplicaciones de iTunes, esta app te permite seguir a tus\u2026","rel":"","context":"En \u00abActualidad\u00bb","img":{"alt_text":"","src":"https:\/\/i0.wp.com\/www.moda.es\/blog\/wp-content\/uploads\/2015\/09\/Captura-de-pantalla-2015-09-14-a-las-23.10.04.png?fit=601%2C636&resize=350%2C200","width":350,"height":200},"classes":[]},{"id":14976,"url":"http:\/\/www.moda.es\/blog\/alexa-chung-nueva-chica-longchamp\/","url_meta":{"origin":7886,"position":3},"title":"Alexa Chung, nueva chica Longchamp","date":"noviembre 26, 2013","format":false,"excerpt":"Algo tiene esta chica deslgaducha y de enormes ojos... que gusta a todo el mundo. Alexa Chung es nueva imagen de la marca de accesorio Longchamp para las temporadas Primavera - Verano 2014 y Oto\u00f1o - Invierno 2014 - 2015 (me mareo s\u00f3lo de pensar ya en 2015!!) \"Para la\u2026","rel":"","context":"En \u00abAccesorios\u00bb","img":{"alt_text":"","src":"https:\/\/i0.wp.com\/www.moda.es\/blog\/wp-content\/uploads\/2013\/11\/Alexa-Chung-1.jpg?resize=350%2C200","width":350,"height":200},"classes":[]},{"id":8403,"url":"http:\/\/www.moda.es\/blog\/a-lucir-piernas-de-cuero\/","url_meta":{"origin":7886,"position":4},"title":"A lucir piernas de cuero","date":"agosto 21, 2012","format":false,"excerpt":"Los calores del verano todav\u00eda est\u00e1n causando estragos, d\u00edas de derretirse y noches de insomnio bochornoso. Aun as\u00ed, las revistas de agosto han ido anunciando lo que ser\u00e1 tendencia y las de septiembre acaban de aterrizar en el quiosco para presentar una lista m\u00e1s extensa de lo que ocupar\u00e1 nuestros\u2026","rel":"","context":"En \u00abTendencias\u00bb","img":{"alt_text":"","src":"https:\/\/i0.wp.com\/www.moda.es\/blog\/wp-content\/uploads\/2012\/08\/134449970912_extras_albumes_111.jpg?fit=400%2C600&resize=350%2C200","width":350,"height":200},"classes":[]},{"id":20849,"url":"http:\/\/www.moda.es\/blog\/alexa-chung-apuesta-por-los-nuevos-talentos-del-diseno\/","url_meta":{"origin":7886,"position":5},"title":"Alexa Chung apuesta por los nuevos talentos del dise\u00f1o","date":"julio 10, 2016","format":false,"excerpt":"Alexa Chung est\u00e1 usando su aplicaci\u00f3n de shopping\u00a0 Villoid para promover el trabajo de dise\u00f1adores brit\u00e1nicos emergentes en su papel\u00a0de embajadora de BFC - Villoid Emerge. La aplicaci\u00f3n, que fue nombrada mejor nueva aplicaci\u00f3n en m\u00e1s de 100 pa\u00edses por Apple cuando se lanz\u00f3 en noviembre del a\u00f1o pasado, permite\u2026","rel":"","context":"En \u00abActualidad\u00bb","img":{"alt_text":"","src":"https:\/\/i0.wp.com\/www.moda.es\/blog\/wp-content\/uploads\/2016\/07\/Captura-de-pantalla-2016-07-10-a-las-3.53.28.png?fit=287%2C430&resize=350%2C200","width":350,"height":200},"classes":[]}],"_links":{"self":[{"href":"http:\/\/www.moda.es\/blog\/wp-json\/wp\/v2\/posts\/7886"}],"collection":[{"href":"http:\/\/www.moda.es\/blog\/wp-json\/wp\/v2\/posts"}],"about":[{"href":"http:\/\/www.moda.es\/blog\/wp-json\/wp\/v2\/types\/post"}],"author":[{"embeddable":true,"href":"http:\/\/www.moda.es\/blog\/wp-json\/wp\/v2\/users\/2"}],"replies":[{"embeddable":true,"href":"http:\/\/www.moda.es\/blog\/wp-json\/wp\/v2\/comments?post=7886"}],"version-history":[{"count":0,"href":"http:\/\/www.moda.es\/blog\/wp-json\/wp\/v2\/posts\/7886\/revisions"}],"wp:featuredmedia":[{"embeddable":true,"href":"http:\/\/www.moda.es\/blog\/wp-json\/wp\/v2\/media\/16817"}],"wp:attachment":[{"href":"http:\/\/www.moda.es\/blog\/wp-json\/wp\/v2\/media?parent=7886"}],"wp:term":[{"taxonomy":"category","embeddable":true,"href":"http:\/\/www.moda.es\/blog\/wp-json\/wp\/v2\/categories?post=7886"},{"taxonomy":"post_tag","embeddable":true,"href":"http:\/\/www.moda.es\/blog\/wp-json\/wp\/v2\/tags?post=7886"}],"curies":[{"name":"wp","href":"https:\/\/api.w.org\/{rel}","templated":true}]}}