{"id":7864,"date":"2012-07-06T20:22:30","date_gmt":"2012-07-06T18:22:30","guid":{"rendered":"http:\/\/www.moda.es\/blog\/?p=7864"},"modified":"2012-07-06T20:22:30","modified_gmt":"2012-07-06T18:22:30","slug":"tatiana-santo-domingo-sera-monegasca","status":"publish","type":"post","link":"http:\/\/www.moda.es\/blog\/tatiana-santo-domingo-sera-monegasca\/","title":{"rendered":"Tatiana Santo Domingo ser\u00e1 monegasca"},"content":{"rendered":"<figure id=\"attachment_7869\" aria-describedby=\"caption-attachment-7869\" style=\"width: 333px\" class=\"wp-caption aligncenter\"><a href=\"https:\/\/i0.wp.com\/www.moda.es\/blog\/wp-content\/uploads\/2012\/07\/1341314124_extras_albumes_0.jpg\"><img data-attachment-id=\"7869\" data-permalink=\"http:\/\/www.moda.es\/blog\/1341314124_extras_albumes_0\/\" data-orig-file=\"https:\/\/i0.wp.com\/www.moda.es\/blog\/wp-content\/uploads\/2012\/07\/1341314124_extras_albumes_0-e1341526254931.jpg?fit=333%2C500\" data-orig-size=\"333,500\" data-comments-opened=\"1\" data-image-meta=\"{&quot;aperture&quot;:&quot;0&quot;,&quot;credit&quot;:&quot;&quot;,&quot;camera&quot;:&quot;&quot;,&quot;caption&quot;:&quot;&quot;,&quot;created_timestamp&quot;:&quot;0&quot;,&quot;copyright&quot;:&quot;&quot;,&quot;focal_length&quot;:&quot;0&quot;,&quot;iso&quot;:&quot;0&quot;,&quot;shutter_speed&quot;:&quot;0&quot;,&quot;title&quot;:&quot;&quot;}\" data-image-title=\"1341314124_extras_albumes_0\" data-image-description=\"\" data-image-caption=\"&lt;p&gt;Tatiana Santo Domingo y Andrea Casiraghi el d\u00eda de la boda de Alberto de M\u00f3naco. Foto via www.telva.com&lt;\/p&gt;\n\" data-medium-file=\"https:\/\/i0.wp.com\/www.moda.es\/blog\/wp-content\/uploads\/2012\/07\/1341314124_extras_albumes_0-e1341526254931.jpg?fit=199%2C300\" data-large-file=\"https:\/\/i0.wp.com\/www.moda.es\/blog\/wp-content\/uploads\/2012\/07\/1341314124_extras_albumes_0-e1341526254931.jpg?fit=333%2C500\" loading=\"lazy\" class=\"size-full wp-image-7869\" src=\"https:\/\/i0.wp.com\/www.moda.es\/blog\/wp-content\/uploads\/2012\/07\/1341314124_extras_albumes_0-e1341526254931.jpg?resize=333%2C500\" alt=\"\" width=\"333\" height=\"500\" srcset=\"https:\/\/i0.wp.com\/www.moda.es\/blog\/wp-content\/uploads\/2012\/07\/1341314124_extras_albumes_0-e1341526254931.jpg?w=333 333w, https:\/\/i0.wp.com\/www.moda.es\/blog\/wp-content\/uploads\/2012\/07\/1341314124_extras_albumes_0-e1341526254931.jpg?resize=199%2C300 199w\" sizes=\"(max-width: 333px) 100vw, 333px\" data-recalc-dims=\"1\" \/><\/a><figcaption id=\"caption-attachment-7869\" class=\"wp-caption-text\">Tatiana Santo Domingo y Andrea Casiraghi el d\u00eda de la boda de Alberto de M\u00f3naco. Foto via www.telva.com<\/figcaption><\/figure>\n<p>Hace una a\u00f1o se casaba su t\u00edo (nos referimos al de Andrea Casiraghi) y con el tiempo justo de por medio, ahora su madre, Carolina, ha anunciado uno de los enlaces m\u00e1s esperados, el de Andrea con Tatiana Santo Domingo, su novia desde hace siete a\u00f1os. Tan magno anuncio nos sirve de excusa para analizar el estilo de la joven que dentro de un a\u00f1o formar\u00e1 parte de la familia real monagesca, una de las m\u00e1s <em>fashion<\/em> del mundo.<\/p>\n<figure id=\"attachment_7883\" aria-describedby=\"caption-attachment-7883\" style=\"width: 500px\" class=\"wp-caption aligncenter\"><a href=\"https:\/\/i0.wp.com\/www.moda.es\/blog\/wp-content\/uploads\/2012\/07\/04-FV-AndreaCasaraghiTatianaSantoDomingo_10195650857.jpg_carousel_parties.jpg\"><img data-attachment-id=\"7883\" data-permalink=\"http:\/\/www.moda.es\/blog\/04-fv-andreacasaraghitatianasantodomingo_10195650857-jpg_carousel_parties\/\" data-orig-file=\"https:\/\/i0.wp.com\/www.moda.es\/blog\/wp-content\/uploads\/2012\/07\/04-FV-AndreaCasaraghiTatianaSantoDomingo_10195650857.jpg_carousel_parties-e1341657619377.jpg?fit=500%2C375\" data-orig-size=\"500,375\" data-comments-opened=\"1\" data-image-meta=\"{&quot;aperture&quot;:&quot;0&quot;,&quot;credit&quot;:&quot;&quot;,&quot;camera&quot;:&quot;&quot;,&quot;caption&quot;:&quot;&quot;,&quot;created_timestamp&quot;:&quot;0&quot;,&quot;copyright&quot;:&quot;&quot;,&quot;focal_length&quot;:&quot;0&quot;,&quot;iso&quot;:&quot;0&quot;,&quot;shutter_speed&quot;:&quot;0&quot;,&quot;title&quot;:&quot;&quot;}\" data-image-title=\"04-FV-AndreaCasaraghiTatianaSantoDomingo_10195650857.jpg_carousel_parties\" data-image-description=\"\" data-image-caption=\"&lt;p&gt;Andrea y Tatiana en un viaje de m\u00e1caras. Foto via vogue.com&lt;\/p&gt;\n\" data-medium-file=\"https:\/\/i0.wp.com\/www.moda.es\/blog\/wp-content\/uploads\/2012\/07\/04-FV-AndreaCasaraghiTatianaSantoDomingo_10195650857.jpg_carousel_parties-e1341657619377.jpg?fit=300%2C225\" data-large-file=\"https:\/\/i0.wp.com\/www.moda.es\/blog\/wp-content\/uploads\/2012\/07\/04-FV-AndreaCasaraghiTatianaSantoDomingo_10195650857.jpg_carousel_parties-e1341657619377.jpg?fit=500%2C375\" loading=\"lazy\" class=\"size-full wp-image-7883\" src=\"https:\/\/i0.wp.com\/www.moda.es\/blog\/wp-content\/uploads\/2012\/07\/04-FV-AndreaCasaraghiTatianaSantoDomingo_10195650857.jpg_carousel_parties-e1341657619377.jpg?resize=500%2C375\" alt=\"\" width=\"500\" height=\"375\" srcset=\"https:\/\/i0.wp.com\/www.moda.es\/blog\/wp-content\/uploads\/2012\/07\/04-FV-AndreaCasaraghiTatianaSantoDomingo_10195650857.jpg_carousel_parties-e1341657619377.jpg?w=500 500w, https:\/\/i0.wp.com\/www.moda.es\/blog\/wp-content\/uploads\/2012\/07\/04-FV-AndreaCasaraghiTatianaSantoDomingo_10195650857.jpg_carousel_parties-e1341657619377.jpg?resize=300%2C225 300w\" sizes=\"(max-width: 500px) 100vw, 500px\" data-recalc-dims=\"1\" \/><\/a><figcaption id=\"caption-attachment-7883\" class=\"wp-caption-text\">Andrea y Tatiana en un baile de m\u00e1scaras en 2010. Foto via vogue.com<\/figcaption><\/figure>\n<p>De profesi\u00f3n, <em>socialite<\/em> -como se las llama ahora a quienes se dedican a pasearse de fiesta en fiesta y por eventos varios- por su condici\u00f3n de rica heredera, Tatiana se entretiene llenando las horas del d\u00eda con su firma &#8216;<a href=\"http:\/\/muzungusisters.motilo.com\/\">Muzungu Sisters<\/a>&#8216;. Este proyecto creado con su amiga\u00a0Dana Alikhani que consiste en vender artesan\u00eda de los m\u00e1s dispares puntos del globo a trav\u00e9s de Internet y basado en el principio del comercio justo. Todas las piezas provienen de los frecuentes viajes que las dos amigas hacen.<\/p>\n<figure id=\"attachment_7881\" aria-describedby=\"caption-attachment-7881\" style=\"width: 500px\" class=\"wp-caption aligncenter\"><a href=\"https:\/\/i0.wp.com\/www.moda.es\/blog\/wp-content\/uploads\/2012\/07\/tatiana_santo_domingo_y_dana_alikhani_4616_622x466.jpg\"><img data-attachment-id=\"7881\" data-permalink=\"http:\/\/www.moda.es\/blog\/tatiana_santo_domingo_y_dana_alikhani_4616_622x466\/\" data-orig-file=\"https:\/\/i0.wp.com\/www.moda.es\/blog\/wp-content\/uploads\/2012\/07\/tatiana_santo_domingo_y_dana_alikhani_4616_622x466-e1341657091827.jpg?fit=500%2C374\" data-orig-size=\"500,374\" data-comments-opened=\"1\" data-image-meta=\"{&quot;aperture&quot;:&quot;0&quot;,&quot;credit&quot;:&quot;&quot;,&quot;camera&quot;:&quot;&quot;,&quot;caption&quot;:&quot;&quot;,&quot;created_timestamp&quot;:&quot;0&quot;,&quot;copyright&quot;:&quot;&quot;,&quot;focal_length&quot;:&quot;0&quot;,&quot;iso&quot;:&quot;0&quot;,&quot;shutter_speed&quot;:&quot;0&quot;,&quot;title&quot;:&quot;&quot;}\" data-image-title=\"tatiana_santo_domingo_y_dana_alikhani_4616_622x466\" data-image-description=\"\" data-image-caption=\"&lt;p&gt;Tatiana junto a su amiga Dana Alikhani (izda.) son las Muzungu Sisters. Foto via revistavanityfair.es&lt;\/p&gt;\n\" data-medium-file=\"https:\/\/i0.wp.com\/www.moda.es\/blog\/wp-content\/uploads\/2012\/07\/tatiana_santo_domingo_y_dana_alikhani_4616_622x466-e1341657091827.jpg?fit=300%2C224\" data-large-file=\"https:\/\/i0.wp.com\/www.moda.es\/blog\/wp-content\/uploads\/2012\/07\/tatiana_santo_domingo_y_dana_alikhani_4616_622x466-e1341657091827.jpg?fit=500%2C374\" loading=\"lazy\" class=\"size-full wp-image-7881\" src=\"https:\/\/i0.wp.com\/www.moda.es\/blog\/wp-content\/uploads\/2012\/07\/tatiana_santo_domingo_y_dana_alikhani_4616_622x466-e1341657091827.jpg?resize=500%2C374\" alt=\"\" width=\"500\" height=\"374\" srcset=\"https:\/\/i0.wp.com\/www.moda.es\/blog\/wp-content\/uploads\/2012\/07\/tatiana_santo_domingo_y_dana_alikhani_4616_622x466-e1341657091827.jpg?w=500 500w, https:\/\/i0.wp.com\/www.moda.es\/blog\/wp-content\/uploads\/2012\/07\/tatiana_santo_domingo_y_dana_alikhani_4616_622x466-e1341657091827.jpg?resize=300%2C224 300w\" sizes=\"(max-width: 500px) 100vw, 500px\" data-recalc-dims=\"1\" \/><\/a><figcaption id=\"caption-attachment-7881\" class=\"wp-caption-text\">Tatiana junto a su amiga Dana Alikhani (izda.) son las Muzungu Sisters. Foto via revistavanityfair.es<\/figcaption><\/figure>\n<figure id=\"attachment_7884\" aria-describedby=\"caption-attachment-7884\" style=\"width: 500px\" class=\"wp-caption aligncenter\"><a href=\"https:\/\/i0.wp.com\/www.moda.es\/blog\/wp-content\/uploads\/2012\/07\/tatiana_santo_domingo_6958_600x.jpg\"><img data-attachment-id=\"7884\" data-permalink=\"http:\/\/www.moda.es\/blog\/tatiana_santo_domingo_6958_600x\/\" data-orig-file=\"https:\/\/i0.wp.com\/www.moda.es\/blog\/wp-content\/uploads\/2012\/07\/tatiana_santo_domingo_6958_600x-e1341658220682.jpg?fit=500%2C333\" data-orig-size=\"500,333\" data-comments-opened=\"1\" data-image-meta=\"{&quot;aperture&quot;:&quot;0&quot;,&quot;credit&quot;:&quot;&quot;,&quot;camera&quot;:&quot;&quot;,&quot;caption&quot;:&quot;&quot;,&quot;created_timestamp&quot;:&quot;0&quot;,&quot;copyright&quot;:&quot;&quot;,&quot;focal_length&quot;:&quot;0&quot;,&quot;iso&quot;:&quot;0&quot;,&quot;shutter_speed&quot;:&quot;0&quot;,&quot;title&quot;:&quot;&quot;}\" data-image-title=\"tatiana_santo_domingo_6958_600x\" data-image-description=\"\" data-image-caption=\"&lt;p&gt;A la pareja le gusta pasar parte de sus vacaciones en Ibiza. Foto via www.glamour.es&lt;\/p&gt;\n\" data-medium-file=\"https:\/\/i0.wp.com\/www.moda.es\/blog\/wp-content\/uploads\/2012\/07\/tatiana_santo_domingo_6958_600x-e1341658220682.jpg?fit=300%2C199\" data-large-file=\"https:\/\/i0.wp.com\/www.moda.es\/blog\/wp-content\/uploads\/2012\/07\/tatiana_santo_domingo_6958_600x-e1341658220682.jpg?fit=500%2C333\" loading=\"lazy\" class=\"size-full wp-image-7884\" src=\"https:\/\/i0.wp.com\/www.moda.es\/blog\/wp-content\/uploads\/2012\/07\/tatiana_santo_domingo_6958_600x-e1341658220682.jpg?resize=500%2C333\" alt=\"\" width=\"500\" height=\"333\" srcset=\"https:\/\/i0.wp.com\/www.moda.es\/blog\/wp-content\/uploads\/2012\/07\/tatiana_santo_domingo_6958_600x-e1341658220682.jpg?w=500 500w, https:\/\/i0.wp.com\/www.moda.es\/blog\/wp-content\/uploads\/2012\/07\/tatiana_santo_domingo_6958_600x-e1341658220682.jpg?resize=300%2C199 300w\" sizes=\"(max-width: 500px) 100vw, 500px\" data-recalc-dims=\"1\" \/><\/a><figcaption id=\"caption-attachment-7884\" class=\"wp-caption-text\">A la pareja le gusta pasar parte de sus vacaciones en Ibiza. Foto via www.glamour.es<\/figcaption><\/figure>\n<p>Su estilo denominado &#8216;hippy chic&#8217;, o bohemio con piezas buenas se caracteriza por su aire despreocupado. Pero en las fiestas siempre va de punta en blanco con vestidos de Missoni -es muy amiga de Margherita Missoni, de quien acaba de ser dama en su reciente boda-, Chanel -Karl Lagerfeld es \u00edntimo de Carolina de M\u00f3naco- u otras firmas de moda. A\u00fan queda un a\u00f1o, pero estamos seguros de que ser\u00e1 el acontecimiento social de 2013.<\/p>\n<figure id=\"attachment_7874\" aria-describedby=\"caption-attachment-7874\" style=\"width: 500px\" class=\"wp-caption aligncenter\"><a href=\"https:\/\/i0.wp.com\/www.moda.es\/blog\/wp-content\/uploads\/2012\/07\/Margherita-Missoni-Wedding-dress-51.jpg\"><img data-attachment-id=\"7874\" data-permalink=\"http:\/\/www.moda.es\/blog\/margherita-missoni-wedding-dress-51\/\" data-orig-file=\"https:\/\/i0.wp.com\/www.moda.es\/blog\/wp-content\/uploads\/2012\/07\/Margherita-Missoni-Wedding-dress-51-e1341527900312.jpg?fit=500%2C400\" data-orig-size=\"500,400\" data-comments-opened=\"1\" data-image-meta=\"{&quot;aperture&quot;:&quot;0&quot;,&quot;credit&quot;:&quot;&quot;,&quot;camera&quot;:&quot;&quot;,&quot;caption&quot;:&quot;&quot;,&quot;created_timestamp&quot;:&quot;0&quot;,&quot;copyright&quot;:&quot;&quot;,&quot;focal_length&quot;:&quot;0&quot;,&quot;iso&quot;:&quot;0&quot;,&quot;shutter_speed&quot;:&quot;0&quot;,&quot;title&quot;:&quot;&quot;}\" data-image-title=\"Margherita-Missoni-Wedding-dress-51\" data-image-description=\"\" data-image-caption=\"&lt;p&gt;En la boda de Margherita Missoni (dcha.). Tatiana aparece a la izda. Foto via http:\/\/www.missnavyblue.com&lt;\/p&gt;\n\" data-medium-file=\"https:\/\/i0.wp.com\/www.moda.es\/blog\/wp-content\/uploads\/2012\/07\/Margherita-Missoni-Wedding-dress-51-e1341527900312.jpg?fit=300%2C240\" data-large-file=\"https:\/\/i0.wp.com\/www.moda.es\/blog\/wp-content\/uploads\/2012\/07\/Margherita-Missoni-Wedding-dress-51-e1341527900312.jpg?fit=500%2C400\" loading=\"lazy\" class=\"size-full wp-image-7874\" src=\"https:\/\/i0.wp.com\/www.moda.es\/blog\/wp-content\/uploads\/2012\/07\/Margherita-Missoni-Wedding-dress-51-e1341527900312.jpg?resize=500%2C400\" alt=\"\" width=\"500\" height=\"400\" srcset=\"https:\/\/i0.wp.com\/www.moda.es\/blog\/wp-content\/uploads\/2012\/07\/Margherita-Missoni-Wedding-dress-51-e1341527900312.jpg?w=500 500w, https:\/\/i0.wp.com\/www.moda.es\/blog\/wp-content\/uploads\/2012\/07\/Margherita-Missoni-Wedding-dress-51-e1341527900312.jpg?resize=300%2C240 300w\" sizes=\"(max-width: 500px) 100vw, 500px\" data-recalc-dims=\"1\" \/><\/a><figcaption id=\"caption-attachment-7874\" class=\"wp-caption-text\">En la boda de Margherita Missoni (dcha.). Tatiana aparece a la izda. Foto via http:\/\/www.missnavyblue.com<\/figcaption><\/figure>\n","protected":false},"excerpt":{"rendered":"<p>Hace una a\u00f1o se casaba su t\u00edo (nos referimos al de Andrea Casiraghi) y con el tiempo justo de por medio, ahora su madre, Carolina, ha anunciado uno de los enlaces m\u00e1s esperados, el de Andrea con Tatiana Santo Domingo, su novia desde hace siete a\u00f1os. Tan magno anuncio nos [&hellip;]<\/p>\n","protected":false},"author":2,"featured_media":16823,"comment_status":"open","ping_status":"open","sticky":false,"template":"","format":"standard","meta":{"jetpack_publicize_message":"","jetpack_is_tweetstorm":false,"jetpack_publicize_feature_enabled":true},"categories":[17],"tags":[],"jetpack_publicize_connections":[],"jetpack_featured_media_url":"https:\/\/i0.wp.com\/www.moda.es\/blog\/wp-content\/uploads\/2012\/07\/1341314124_extras_albumes_0-e13415262549311.jpg?fit=333%2C500","jetpack_sharing_enabled":true,"jetpack_shortlink":"https:\/\/wp.me\/p4tJCC-22Q","jetpack-related-posts":[{"id":3979,"url":"http:\/\/www.moda.es\/blog\/la-pandilla-it\/","url_meta":{"origin":7864,"position":0},"title":"La pandilla \u2018it\u2019","date":"octubre 26, 2011","format":false,"excerpt":"Las chicas it no vienen solas. Como le ocurre a Carlota Casiraghi, la m\u00e1s joven de los v\u00e1stagos de Carolina de M\u00f3naco, aunque es una de las chicas de moda per se. Heredera del estilo de su madre y del de su abuela, Grace Kelly, la aqu\u00ed llamada Gracia de\u2026","rel":"","context":"En \u00abIt Girl\u00bb","img":{"alt_text":"","src":"https:\/\/i0.wp.com\/www.moda.es\/blog\/wp-content\/uploads\/2011\/10\/Margarita-Missoni-Eugenia-N-Tatiana-S.D.jpg?resize=350%2C200","width":350,"height":200},"classes":[]},{"id":6058,"url":"http:\/\/www.moda.es\/blog\/prendas-viajeras\/","url_meta":{"origin":7864,"position":1},"title":"Prendas viajeras","date":"marzo 30, 2012","format":false,"excerpt":"Conocemos el oficio de la sempiterna novia de Andrea Cashiragi, la socialite Tatiana Santo Domingo. Ha montado una tienda online con una buena amiga como si fuera un zoco donde se aglomeran tesoros inimaginables de cualquier parte del mundo, esos que han ido acumulando tras viajes y viajes. Su espacio\u2026","rel":"","context":"En \u00abTiendas online\u00bb","img":{"alt_text":"","src":"https:\/\/i0.wp.com\/www.moda.es\/blog\/wp-content\/uploads\/2012\/03\/Muzunglu_blog1_V_2nov11_pr_b1.jpg?fit=426%2C284&resize=350%2C200","width":350,"height":200},"classes":[]},{"id":18354,"url":"http:\/\/www.moda.es\/blog\/descubre-gucci-cosmetics\/","url_meta":{"origin":7864,"position":2},"title":"Descubre Gucci Cosmetics","date":"octubre 4, 2014","format":false,"excerpt":"Amantes de la doble G, est\u00e1is de enhorabuena, porque si ya vener\u00e1bais\u00a0 sus colecciones de accesorios y ropa, ahora llega un nuevo fetiche, esta vez para el neceser. Llega Gucci Cosmetics, la nueva marca de maquillaje con la que Frida Gianini termina de volvernos locas.\u00a0 En colaboraci\u00f3n con Pat McGrath,\u2026","rel":"","context":"En \u00abActualidad\u00bb","img":{"alt_text":"","src":"https:\/\/i0.wp.com\/www.moda.es\/blog\/wp-content\/uploads\/2014\/10\/gc1.jpg?fit=650%2C867&resize=350%2C200","width":350,"height":200},"classes":[]},{"id":7111,"url":"http:\/\/www.moda.es\/blog\/cannes-2012-iii\/","url_meta":{"origin":7864,"position":3},"title":"Cannes 2012 III","date":"mayo 19, 2012","format":false,"excerpt":"La alfombra roja de Cannes est\u00e1 que arde. Ayer s\u00f3lo pudimos comentar el paso de Carlota Casiraghi o Naomi Watts por La Croisette porque a\u00fan quedaban actores y celebrities por llegar y no hab\u00eda im\u00e1genes. La aparici\u00f3n de la actriz espa\u00f1ola Paz Vega se qued\u00f3 con las miradas de todos\u2026","rel":"","context":"En \u00abAlfombra Roja\u00bb","img":{"alt_text":"","src":"https:\/\/i0.wp.com\/www.moda.es\/blog\/wp-content\/uploads\/2012\/05\/pazrolland_3749_635x-e13374466267071.jpg?fit=450%2C676&resize=350%2C200","width":350,"height":200},"classes":[]},{"id":8220,"url":"http:\/\/www.moda.es\/blog\/charlotte-olympia-zapatos-de-altura\/","url_meta":{"origin":7864,"position":4},"title":"Charlotte Olympia, zapatos de altura","date":"agosto 8, 2012","format":false,"excerpt":"\u00bfSabes esas manoletinas con cara de gato y orejitas en la puntera que no se quita Alexa Chung? \u00bfConoces la firma que las hace? Se trata de Charlotte Olympia, la firma de zapatos que mas celebrities quieren y llevan. Creada en 2006, en menos de seis a\u00f1os, esta firma ha\u2026","rel":"","context":"En \u00abAccesorios\u00bb","img":{"alt_text":"","src":"https:\/\/i0.wp.com\/www.moda.es\/blog\/wp-content\/uploads\/2012\/08\/Alexa+Chung+Flats+Embellished+Flats+glaTSFXT2XTl1.jpg?fit=404%2C594&resize=350%2C200","width":350,"height":200},"classes":[]},{"id":2536,"url":"http:\/\/www.moda.es\/blog\/carlota-de-tal-palo-tal-astilla\/","url_meta":{"origin":7864,"position":5},"title":"Carlota, de tal palo tal astilla","date":"julio 5, 2011","format":false,"excerpt":"Este fin de semana pasado se celebraba en M\u00f3naco el mayor acontecimiento del a\u00f1o: el enlace entre Alberto, el heredero al trono, y Charlene Wittstock. Durante las celebraciones del viernes y del s\u00e1bado, Carlota Casiraghi destac\u00f3 entre los presentes por su estilo. Con una madre como Carolina, Carlota no pod\u00eda\u2026","rel":"","context":"En \u00abAlfombra Roja\u00bb","img":{"alt_text":"","src":"https:\/\/i0.wp.com\/www.moda.es\/blog\/wp-content\/uploads\/2011\/07\/AlbertCharleneMonacoCivilWeddingCharlotte.jpg?fit=610%2C490&resize=350%2C200","width":350,"height":200},"classes":[]}],"_links":{"self":[{"href":"http:\/\/www.moda.es\/blog\/wp-json\/wp\/v2\/posts\/7864"}],"collection":[{"href":"http:\/\/www.moda.es\/blog\/wp-json\/wp\/v2\/posts"}],"about":[{"href":"http:\/\/www.moda.es\/blog\/wp-json\/wp\/v2\/types\/post"}],"author":[{"embeddable":true,"href":"http:\/\/www.moda.es\/blog\/wp-json\/wp\/v2\/users\/2"}],"replies":[{"embeddable":true,"href":"http:\/\/www.moda.es\/blog\/wp-json\/wp\/v2\/comments?post=7864"}],"version-history":[{"count":0,"href":"http:\/\/www.moda.es\/blog\/wp-json\/wp\/v2\/posts\/7864\/revisions"}],"wp:featuredmedia":[{"embeddable":true,"href":"http:\/\/www.moda.es\/blog\/wp-json\/wp\/v2\/media\/16823"}],"wp:attachment":[{"href":"http:\/\/www.moda.es\/blog\/wp-json\/wp\/v2\/media?parent=7864"}],"wp:term":[{"taxonomy":"category","embeddable":true,"href":"http:\/\/www.moda.es\/blog\/wp-json\/wp\/v2\/categories?post=7864"},{"taxonomy":"post_tag","embeddable":true,"href":"http:\/\/www.moda.es\/blog\/wp-json\/wp\/v2\/tags?post=7864"}],"curies":[{"name":"wp","href":"https:\/\/api.w.org\/{rel}","templated":true}]}}