{"id":7846,"date":"2012-07-05T21:06:11","date_gmt":"2012-07-05T19:06:11","guid":{"rendered":"http:\/\/www.moda.es\/blog\/?p=7846"},"modified":"2012-07-05T21:06:11","modified_gmt":"2012-07-05T19:06:11","slug":"american-apparel-pone-su-bandera-en-madrid","status":"publish","type":"post","link":"http:\/\/www.moda.es\/blog\/american-apparel-pone-su-bandera-en-madrid\/","title":{"rendered":"American Apparel pone su bandera en Madrid"},"content":{"rendered":"<figure id=\"attachment_7852\" aria-describedby=\"caption-attachment-7852\" style=\"width: 500px\" class=\"wp-caption aligncenter\"><a href=\"https:\/\/i0.wp.com\/www.moda.es\/blog\/wp-content\/uploads\/2012\/07\/16823.jpg\"><img data-attachment-id=\"7852\" data-permalink=\"http:\/\/www.moda.es\/blog\/16823\/\" data-orig-file=\"https:\/\/i0.wp.com\/www.moda.es\/blog\/wp-content\/uploads\/2012\/07\/16823-e1341513935198.jpg?fit=500%2C250\" data-orig-size=\"500,250\" data-comments-opened=\"1\" data-image-meta=\"{&quot;aperture&quot;:&quot;0&quot;,&quot;credit&quot;:&quot;&quot;,&quot;camera&quot;:&quot;&quot;,&quot;caption&quot;:&quot;&quot;,&quot;created_timestamp&quot;:&quot;0&quot;,&quot;copyright&quot;:&quot;&quot;,&quot;focal_length&quot;:&quot;0&quot;,&quot;iso&quot;:&quot;0&quot;,&quot;shutter_speed&quot;:&quot;0&quot;,&quot;title&quot;:&quot;&quot;}\" data-image-title=\"16823\" data-image-description=\"\" data-image-caption=\"&lt;p&gt;Una imagen de American Apparel del oto\u00f1o de 2011. Fotos via www.americanapparel.net&lt;\/p&gt;\n\" data-medium-file=\"https:\/\/i0.wp.com\/www.moda.es\/blog\/wp-content\/uploads\/2012\/07\/16823-e1341513935198.jpg?fit=300%2C150\" data-large-file=\"https:\/\/i0.wp.com\/www.moda.es\/blog\/wp-content\/uploads\/2012\/07\/16823-e1341513935198.jpg?fit=500%2C250\" loading=\"lazy\" class=\"size-full wp-image-7852\" src=\"https:\/\/i0.wp.com\/www.moda.es\/blog\/wp-content\/uploads\/2012\/07\/16823-e1341513935198.jpg?resize=500%2C250\" alt=\"\" width=\"500\" height=\"250\" srcset=\"https:\/\/i0.wp.com\/www.moda.es\/blog\/wp-content\/uploads\/2012\/07\/16823-e1341513935198.jpg?w=500 500w, https:\/\/i0.wp.com\/www.moda.es\/blog\/wp-content\/uploads\/2012\/07\/16823-e1341513935198.jpg?resize=300%2C150 300w\" sizes=\"(max-width: 500px) 100vw, 500px\" data-recalc-dims=\"1\" \/><\/a><figcaption id=\"caption-attachment-7852\" class=\"wp-caption-text\">Una imagen de American Apparel del oto\u00f1o de 2011. Fotos via www.americanapparel.net<\/figcaption><\/figure>\n<p>Lo estabas esperando. En aquel viaje tan ansiado a Nueva York, ten\u00edas planeado recalar en una de sus tiendas. Cuando alg\u00fan amigo ha visitado la ciudad de los rascacielos, le pediste la camiseta o la prenda de <a href=\"http:\/\/www.americanapparel.net\/\">American Apparel<\/a> del momento. Por suerte -pero s\u00f3lo para aquellos que viven en la capital- la firma de los Estados Unidos acaba de abrir sucursal en El Corte Ingl\u00e9s (un c\u00f3rner en el espacio de moda joven en Sol). Y por eso, estamos de enhorabuena.<\/p>\n<figure id=\"attachment_7853\" aria-describedby=\"caption-attachment-7853\" style=\"width: 500px\" class=\"wp-caption aligncenter\"><a href=\"https:\/\/i0.wp.com\/www.moda.es\/blog\/wp-content\/uploads\/2012\/07\/20400.jpg\"><img data-attachment-id=\"7853\" data-permalink=\"http:\/\/www.moda.es\/blog\/20400\/\" data-orig-file=\"https:\/\/i0.wp.com\/www.moda.es\/blog\/wp-content\/uploads\/2012\/07\/20400-e1341514111944.jpg?fit=500%2C250\" data-orig-size=\"500,250\" data-comments-opened=\"1\" data-image-meta=\"{&quot;aperture&quot;:&quot;0&quot;,&quot;credit&quot;:&quot;&quot;,&quot;camera&quot;:&quot;&quot;,&quot;caption&quot;:&quot;&quot;,&quot;created_timestamp&quot;:&quot;0&quot;,&quot;copyright&quot;:&quot;&quot;,&quot;focal_length&quot;:&quot;0&quot;,&quot;iso&quot;:&quot;0&quot;,&quot;shutter_speed&quot;:&quot;0&quot;,&quot;title&quot;:&quot;&quot;}\" data-image-title=\"20400\" data-image-description=\"\" data-image-caption=\"&lt;p&gt;Vuelve a llevarse el peto. Y as\u00ed, cortito, muy fresco para el verano. &lt;\/p&gt;\n\" data-medium-file=\"https:\/\/i0.wp.com\/www.moda.es\/blog\/wp-content\/uploads\/2012\/07\/20400-e1341514111944.jpg?fit=300%2C150\" data-large-file=\"https:\/\/i0.wp.com\/www.moda.es\/blog\/wp-content\/uploads\/2012\/07\/20400-e1341514111944.jpg?fit=500%2C250\" loading=\"lazy\" class=\"size-full wp-image-7853\" src=\"https:\/\/i0.wp.com\/www.moda.es\/blog\/wp-content\/uploads\/2012\/07\/20400-e1341514111944.jpg?resize=500%2C250\" alt=\"\" width=\"500\" height=\"250\" srcset=\"https:\/\/i0.wp.com\/www.moda.es\/blog\/wp-content\/uploads\/2012\/07\/20400-e1341514111944.jpg?w=500 500w, https:\/\/i0.wp.com\/www.moda.es\/blog\/wp-content\/uploads\/2012\/07\/20400-e1341514111944.jpg?resize=300%2C150 300w\" sizes=\"(max-width: 500px) 100vw, 500px\" data-recalc-dims=\"1\" \/><\/a><figcaption id=\"caption-attachment-7853\" class=\"wp-caption-text\">Vuelve a llevarse el peto. Y as\u00ed, cortito, muy fresco para el verano.<\/figcaption><\/figure>\n<figure id=\"attachment_7856\" aria-describedby=\"caption-attachment-7856\" style=\"width: 500px\" class=\"wp-caption aligncenter\"><a href=\"https:\/\/i0.wp.com\/www.moda.es\/blog\/wp-content\/uploads\/2012\/07\/20417.jpg\"><img data-attachment-id=\"7856\" data-permalink=\"http:\/\/www.moda.es\/blog\/20417\/\" data-orig-file=\"https:\/\/i0.wp.com\/www.moda.es\/blog\/wp-content\/uploads\/2012\/07\/20417-e1341514921214.jpg?fit=500%2C250\" data-orig-size=\"500,250\" data-comments-opened=\"1\" data-image-meta=\"{&quot;aperture&quot;:&quot;0&quot;,&quot;credit&quot;:&quot;&quot;,&quot;camera&quot;:&quot;&quot;,&quot;caption&quot;:&quot;&quot;,&quot;created_timestamp&quot;:&quot;0&quot;,&quot;copyright&quot;:&quot;&quot;,&quot;focal_length&quot;:&quot;0&quot;,&quot;iso&quot;:&quot;0&quot;,&quot;shutter_speed&quot;:&quot;0&quot;,&quot;title&quot;:&quot;&quot;}\" data-image-title=\"20417\" data-image-description=\"\" data-image-caption=\"&lt;p&gt;Body\/ba\u00f1ador modelo &#8216; Stripe Tricot High Cut One-Piece&#8217;.&lt;\/p&gt;\n\" data-medium-file=\"https:\/\/i0.wp.com\/www.moda.es\/blog\/wp-content\/uploads\/2012\/07\/20417-e1341514921214.jpg?fit=300%2C150\" data-large-file=\"https:\/\/i0.wp.com\/www.moda.es\/blog\/wp-content\/uploads\/2012\/07\/20417-e1341514921214.jpg?fit=500%2C250\" loading=\"lazy\" class=\"size-full wp-image-7856\" src=\"https:\/\/i0.wp.com\/www.moda.es\/blog\/wp-content\/uploads\/2012\/07\/20417-e1341514921214.jpg?resize=500%2C250\" alt=\"\" width=\"500\" height=\"250\" srcset=\"https:\/\/i0.wp.com\/www.moda.es\/blog\/wp-content\/uploads\/2012\/07\/20417-e1341514921214.jpg?w=500 500w, https:\/\/i0.wp.com\/www.moda.es\/blog\/wp-content\/uploads\/2012\/07\/20417-e1341514921214.jpg?resize=300%2C150 300w\" sizes=\"(max-width: 500px) 100vw, 500px\" data-recalc-dims=\"1\" \/><\/a><figcaption id=\"caption-attachment-7856\" class=\"wp-caption-text\">Body\/ba\u00f1ador modelo &#8216; Stripe Tricot High Cut One-Piece&#8217;.<\/figcaption><\/figure>\n<figure id=\"attachment_7857\" aria-describedby=\"caption-attachment-7857\" style=\"width: 500px\" class=\"wp-caption aligncenter\"><a href=\"https:\/\/i0.wp.com\/www.moda.es\/blog\/wp-content\/uploads\/2012\/07\/20135.jpg\"><img data-attachment-id=\"7857\" data-permalink=\"http:\/\/www.moda.es\/blog\/20135\/\" data-orig-file=\"https:\/\/i0.wp.com\/www.moda.es\/blog\/wp-content\/uploads\/2012\/07\/20135-e1341514997216.jpg?fit=500%2C250\" data-orig-size=\"500,250\" data-comments-opened=\"1\" data-image-meta=\"{&quot;aperture&quot;:&quot;0&quot;,&quot;credit&quot;:&quot;&quot;,&quot;camera&quot;:&quot;&quot;,&quot;caption&quot;:&quot;&quot;,&quot;created_timestamp&quot;:&quot;0&quot;,&quot;copyright&quot;:&quot;&quot;,&quot;focal_length&quot;:&quot;0&quot;,&quot;iso&quot;:&quot;0&quot;,&quot;shutter_speed&quot;:&quot;0&quot;,&quot;title&quot;:&quot;&quot;}\" data-image-title=\"20135\" data-image-description=\"\" data-image-caption=\"&lt;p&gt;Camisa de gasa, shorts de cintura alta y mocas\u00edn de lunares, todo de American Apparel.&lt;\/p&gt;\n\" data-medium-file=\"https:\/\/i0.wp.com\/www.moda.es\/blog\/wp-content\/uploads\/2012\/07\/20135-e1341514997216.jpg?fit=300%2C150\" data-large-file=\"https:\/\/i0.wp.com\/www.moda.es\/blog\/wp-content\/uploads\/2012\/07\/20135-e1341514997216.jpg?fit=500%2C250\" loading=\"lazy\" class=\"size-full wp-image-7857\" src=\"https:\/\/i0.wp.com\/www.moda.es\/blog\/wp-content\/uploads\/2012\/07\/20135-e1341514997216.jpg?resize=500%2C250\" alt=\"\" width=\"500\" height=\"250\" srcset=\"https:\/\/i0.wp.com\/www.moda.es\/blog\/wp-content\/uploads\/2012\/07\/20135-e1341514997216.jpg?w=500 500w, https:\/\/i0.wp.com\/www.moda.es\/blog\/wp-content\/uploads\/2012\/07\/20135-e1341514997216.jpg?resize=300%2C150 300w\" sizes=\"(max-width: 500px) 100vw, 500px\" data-recalc-dims=\"1\" \/><\/a><figcaption id=\"caption-attachment-7857\" class=\"wp-caption-text\">Camisa de gasa, shorts de cintura alta y mocas\u00edn de lunares, todo de American Apparel.<\/figcaption><\/figure>\n<p>Concebida en una de las ciudades m\u00e1s &#8216;cool&#8217;, Los \u00c1ngeles, cuenta con m\u00e1s de 285 tiendas en 20 pa\u00edses. En nuestro pa\u00eds ya hab\u00eda una tienda propia en Barcelona, ciudad con la que confiesan -seg\u00fan expresan en su web- mantienen una relaci\u00f3n especial pues es all\u00ed donde han dado a conocer sus productos al resto del pa\u00eds. A\u00fan as\u00ed, la tienda online funciona a la perfecci\u00f3n para satisfacer las necesidades de los fans de la marca sea cual sea el terriotorio de la pen\u00edsula o all\u00e9n de los mares donde vivan.<\/p>\n<figure id=\"attachment_7854\" aria-describedby=\"caption-attachment-7854\" style=\"width: 367px\" class=\"wp-caption aligncenter\"><a href=\"https:\/\/i0.wp.com\/www.moda.es\/blog\/wp-content\/uploads\/2012\/07\/slideshow_spain.jpg\"><img data-attachment-id=\"7854\" data-permalink=\"http:\/\/www.moda.es\/blog\/slideshow_spain\/\" data-orig-file=\"https:\/\/i0.wp.com\/www.moda.es\/blog\/wp-content\/uploads\/2012\/07\/slideshow_spain.jpg?fit=367%2C185\" data-orig-size=\"367,185\" data-comments-opened=\"1\" data-image-meta=\"{&quot;aperture&quot;:&quot;0&quot;,&quot;credit&quot;:&quot;&quot;,&quot;camera&quot;:&quot;&quot;,&quot;caption&quot;:&quot;&quot;,&quot;created_timestamp&quot;:&quot;0&quot;,&quot;copyright&quot;:&quot;&quot;,&quot;focal_length&quot;:&quot;0&quot;,&quot;iso&quot;:&quot;0&quot;,&quot;shutter_speed&quot;:&quot;0&quot;,&quot;title&quot;:&quot;&quot;}\" data-image-title=\"slideshow_spain\" data-image-description=\"\" data-image-caption=\"&lt;p&gt;Tienda de American Apparel en Barcelona, situada en la calle Aviny\u00f3, 7.&lt;\/p&gt;\n\" data-medium-file=\"https:\/\/i0.wp.com\/www.moda.es\/blog\/wp-content\/uploads\/2012\/07\/slideshow_spain.jpg?fit=300%2C151\" data-large-file=\"https:\/\/i0.wp.com\/www.moda.es\/blog\/wp-content\/uploads\/2012\/07\/slideshow_spain.jpg?fit=367%2C185\" loading=\"lazy\" class=\"size-full wp-image-7854\" src=\"https:\/\/i0.wp.com\/www.moda.es\/blog\/wp-content\/uploads\/2012\/07\/slideshow_spain.jpg?resize=367%2C185\" alt=\"\" width=\"367\" height=\"185\" srcset=\"https:\/\/i0.wp.com\/www.moda.es\/blog\/wp-content\/uploads\/2012\/07\/slideshow_spain.jpg?w=367 367w, https:\/\/i0.wp.com\/www.moda.es\/blog\/wp-content\/uploads\/2012\/07\/slideshow_spain.jpg?resize=300%2C151 300w\" sizes=\"(max-width: 367px) 100vw, 367px\" data-recalc-dims=\"1\" \/><\/a><figcaption id=\"caption-attachment-7854\" class=\"wp-caption-text\">Tienda de American Apparel en Barcelona, situada en la calle Aviny\u00f3, 7.<\/figcaption><\/figure>\n<p>El secreto de <a href=\"http:\/\/www.americanapparel.net\/\">American Apparel<\/a> para haber ganado tantos adeptos consiste en haber creado prendas b\u00e1sicas en una amplia variedad de colores y que dan opci\u00f3n a m\u00faltiples combinaciones. Adem\u00e1s, se adelantan a cualquier tendencia cubriendo los deseos de novedad de un tipo de cliente muy pendiente de la moda. Si a eso sumamos unas campa\u00f1as de lo m\u00e1s provocadoras, no es de extra\u00f1ar que su avance sea imparable.<\/p>\n<figure id=\"attachment_7855\" aria-describedby=\"caption-attachment-7855\" style=\"width: 370px\" class=\"wp-caption aligncenter\"><a href=\"https:\/\/i0.wp.com\/www.moda.es\/blog\/wp-content\/uploads\/2012\/07\/9248_2.jpg\"><img data-attachment-id=\"7855\" data-permalink=\"http:\/\/www.moda.es\/blog\/9248_2\/\" data-orig-file=\"https:\/\/i0.wp.com\/www.moda.es\/blog\/wp-content\/uploads\/2012\/07\/9248_2.jpg?fit=370%2C496\" data-orig-size=\"370,496\" data-comments-opened=\"1\" data-image-meta=\"{&quot;aperture&quot;:&quot;0&quot;,&quot;credit&quot;:&quot;&quot;,&quot;camera&quot;:&quot;&quot;,&quot;caption&quot;:&quot;&quot;,&quot;created_timestamp&quot;:&quot;0&quot;,&quot;copyright&quot;:&quot;&quot;,&quot;focal_length&quot;:&quot;0&quot;,&quot;iso&quot;:&quot;0&quot;,&quot;shutter_speed&quot;:&quot;0&quot;,&quot;title&quot;:&quot;&quot;}\" data-image-title=\"9248_2\" data-image-description=\"\" data-image-caption=\"&lt;p&gt;Campa\u00f1a de ropa interior masculina.&lt;\/p&gt;\n\" data-medium-file=\"https:\/\/i0.wp.com\/www.moda.es\/blog\/wp-content\/uploads\/2012\/07\/9248_2.jpg?fit=223%2C300\" data-large-file=\"https:\/\/i0.wp.com\/www.moda.es\/blog\/wp-content\/uploads\/2012\/07\/9248_2.jpg?fit=370%2C496\" loading=\"lazy\" class=\"size-full wp-image-7855\" src=\"https:\/\/i0.wp.com\/www.moda.es\/blog\/wp-content\/uploads\/2012\/07\/9248_2.jpg?resize=370%2C496\" alt=\"\" width=\"370\" height=\"496\" srcset=\"https:\/\/i0.wp.com\/www.moda.es\/blog\/wp-content\/uploads\/2012\/07\/9248_2.jpg?w=370 370w, https:\/\/i0.wp.com\/www.moda.es\/blog\/wp-content\/uploads\/2012\/07\/9248_2.jpg?resize=223%2C300 223w\" sizes=\"(max-width: 370px) 100vw, 370px\" data-recalc-dims=\"1\" \/><\/a><figcaption id=\"caption-attachment-7855\" class=\"wp-caption-text\">Campa\u00f1a de ropa interior masculina.<\/figcaption><\/figure>\n<p>&nbsp;<\/p>\n<p><em>Welcome to Madrid, American Apparel!<\/em><\/p>\n<p>&nbsp;<\/p>\n","protected":false},"excerpt":{"rendered":"<p>Lo estabas esperando. En aquel viaje tan ansiado a Nueva York, ten\u00edas planeado recalar en una de sus tiendas. Cuando alg\u00fan amigo ha visitado la ciudad de los rascacielos, le pediste la camiseta o la prenda de American Apparel del momento. Por suerte -pero s\u00f3lo para aquellos que viven en [&hellip;]<\/p>\n","protected":false},"author":2,"featured_media":16822,"comment_status":"open","ping_status":"open","sticky":false,"template":"","format":"standard","meta":{"jetpack_publicize_message":"","jetpack_is_tweetstorm":false,"jetpack_publicize_feature_enabled":true},"categories":[26,28],"tags":[],"jetpack_publicize_connections":[],"jetpack_featured_media_url":"https:\/\/i0.wp.com\/www.moda.es\/blog\/wp-content\/uploads\/2012\/07\/16823-e13415139351981.jpg?fit=500%2C250","jetpack_sharing_enabled":true,"jetpack_shortlink":"https:\/\/wp.me\/p4tJCC-22y","jetpack-related-posts":[{"id":21674,"url":"http:\/\/www.moda.es\/blog\/american-apparel-anuncia-su-cierre-oficial\/","url_meta":{"origin":7846,"position":0},"title":"American Apparel anuncia su cierre oficial","date":"enero 17, 2017","format":false,"excerpt":"American Apparel no ha sido ajeno a la controversia en el \u00faltimo a\u00f1o. Su fundador Dov Charney ha abandonado la marc (en medio de batallas legales), y ha sido\u00a0reemplazado por la\u00a0CEO, Paula Schneider en septiembre. La compa\u00f1\u00eda ha sido vendida en una subasta por 88 millones de d\u00f3lares a la\u2026","rel":"","context":"En \u00abActualidad\u00bb","img":{"alt_text":"","src":"https:\/\/i0.wp.com\/www.moda.es\/blog\/wp-content\/uploads\/2017\/01\/Captura-de-pantalla-2017-01-16-a-las-23.55.22.png?fit=565%2C410&resize=350%2C200","width":350,"height":200},"classes":[]},{"id":22446,"url":"http:\/\/www.moda.es\/blog\/el-retorno-de-american-apparel\/","url_meta":{"origin":7846,"position":1},"title":"El retorno de American Apparel","date":"agosto 15, 2017","format":false,"excerpt":"Cuando, despu\u00e9s de un prolongado frenes\u00ed medi\u00e1tico, American Apparel finalmente cerr\u00f3 sus tiendas en abril, mucha gente entr\u00f3 en p\u00e1nico ciego y empez\u00f3 a comprar a granel. Pero afortunadamente y desde anoche, American Apparel est\u00e1 de vuelta. Su regreso al mundo de la moda ha sido sigiloso, comunicado principalmente a\u2026","rel":"","context":"En \u00abActualidad\u00bb","img":{"alt_text":"","src":"https:\/\/i0.wp.com\/www.moda.es\/blog\/wp-content\/uploads\/2017\/08\/Captura-de-pantalla-2017-08-15-a-las-17.13.40.png?fit=360%2C547&resize=350%2C200","width":350,"height":200},"classes":[]},{"id":16107,"url":"http:\/\/www.moda.es\/blog\/otro-escandalo-de-american-apparel\/","url_meta":{"origin":7846,"position":2},"title":"Otro esc\u00e1ndalo de American Apparel","date":"marzo 10, 2014","format":false,"excerpt":"American Apparel, la marca estadounidense que a empleado hasta estrellas de la pornograf\u00eda para protagonizar sus campa\u00f1as, ha provocado una vez m\u00e1s la controversia con su \u00faltima acci\u00f3n publicitaria. El anuncio en cuesti\u00f3n cuenta con una\u00a0mujer ex musulmana en topless con las palabras \"Made in Bangladesh\" escritas sobre sus pechos.\u2026","rel":"","context":"En \u00abActualidad\u00bb","img":{"alt_text":"","src":"https:\/\/i0.wp.com\/www.moda.es\/blog\/wp-content\/uploads\/2014\/03\/American-Apparel1.jpg?fit=500%2C654&resize=350%2C200","width":350,"height":200},"classes":[]},{"id":9567,"url":"http:\/\/www.moda.es\/blog\/y-llego-la-censura\/","url_meta":{"origin":7846,"position":3},"title":"Y lleg\u00f3 la censura&#8230;","date":"diciembre 17, 2012","format":false,"excerpt":"En los a\u00f1os 90 Benetton destac\u00f3 por publicar algunas de las campa\u00f1as m\u00e1s pol\u00e9micas. Sexualidad, lucha de razas, religi\u00f3n, econom\u00eda... Se tocaban todos los palos y todo era juzgado, ironizado y criticado. Hoy los dedos acusadores apuntan\u00a0hacia American Apparel, quien con su \u00faltima campa\u00f1a, tan controvertida y provocadora como las\u2026","rel":"","context":"En \u00abActualidad\u00bb","img":{"alt_text":"","src":"https:\/\/i0.wp.com\/www.moda.es\/blog\/wp-content\/uploads\/2012\/12\/american-apparel-300x3001.jpg?fit=300%2C300&resize=350%2C200","width":350,"height":200},"classes":[]},{"id":21568,"url":"http:\/\/www.moda.es\/blog\/motivacion-maxima-en-el-gym-con-rosie-huntington\/","url_meta":{"origin":7846,"position":4},"title":"Motivaci\u00f3n m\u00e1xima en el gym con Rosie Huntington","date":"enero 5, 2017","format":false,"excerpt":"No hay nada como la perspectiva de un entrenamiento con una supermodelo para agregar un toque de motivaci\u00f3n\u00a0extra para salir\u00a0de la cama en una ma\u00f1ana fr\u00eda y oscura a principios de enero para entrenar.Watch Full Movie Online Streaming Online and Download Ofreciendo as\u00ed un poco de inspiraci\u00f3n, \u00a0Rosie Huntington-Whiteley se\u2026","rel":"","context":"En \u00abCampa\u00f1as\u00bb","img":{"alt_text":"","src":"https:\/\/i0.wp.com\/www.moda.es\/blog\/wp-content\/uploads\/2017\/01\/Captura-de-pantalla-2017-01-05-a-las-19.33.20.png?fit=484%2C481&resize=350%2C200","width":350,"height":200},"classes":[]},{"id":21306,"url":"http:\/\/www.moda.es\/blog\/net-a-porter-se-reforma\/","url_meta":{"origin":7846,"position":5},"title":"Net-A-Porter se \u00abReforma\u00bb","date":"noviembre 8, 2016","format":false,"excerpt":"Net-A-Porter y Reformation han colaborado en una edici\u00f3n exclusiva para la temporada de fiesta, siendo\u00a0la primera vez que la marca americana\u00a0de moda sostenible\u00a0estar\u00e1\u00a0disponible para comprar a nivel mundial. \u201cReformation es una marca con una gran conciencia eco que no es normalmente algo que vaya de la mano con la moda.\u2026","rel":"","context":"En \u00abActualidad\u00bb","img":{"alt_text":"","src":"https:\/\/i0.wp.com\/www.moda.es\/blog\/wp-content\/uploads\/2016\/11\/Captura-de-pantalla-2016-11-08-a-las-19.57.32.png?fit=368%2C452&resize=350%2C200","width":350,"height":200},"classes":[]}],"_links":{"self":[{"href":"http:\/\/www.moda.es\/blog\/wp-json\/wp\/v2\/posts\/7846"}],"collection":[{"href":"http:\/\/www.moda.es\/blog\/wp-json\/wp\/v2\/posts"}],"about":[{"href":"http:\/\/www.moda.es\/blog\/wp-json\/wp\/v2\/types\/post"}],"author":[{"embeddable":true,"href":"http:\/\/www.moda.es\/blog\/wp-json\/wp\/v2\/users\/2"}],"replies":[{"embeddable":true,"href":"http:\/\/www.moda.es\/blog\/wp-json\/wp\/v2\/comments?post=7846"}],"version-history":[{"count":0,"href":"http:\/\/www.moda.es\/blog\/wp-json\/wp\/v2\/posts\/7846\/revisions"}],"wp:featuredmedia":[{"embeddable":true,"href":"http:\/\/www.moda.es\/blog\/wp-json\/wp\/v2\/media\/16822"}],"wp:attachment":[{"href":"http:\/\/www.moda.es\/blog\/wp-json\/wp\/v2\/media?parent=7846"}],"wp:term":[{"taxonomy":"category","embeddable":true,"href":"http:\/\/www.moda.es\/blog\/wp-json\/wp\/v2\/categories?post=7846"},{"taxonomy":"post_tag","embeddable":true,"href":"http:\/\/www.moda.es\/blog\/wp-json\/wp\/v2\/tags?post=7846"}],"curies":[{"name":"wp","href":"https:\/\/api.w.org\/{rel}","templated":true}]}}