{"id":7827,"date":"2012-07-04T23:55:47","date_gmt":"2012-07-04T21:55:47","guid":{"rendered":"http:\/\/www.moda.es\/blog\/?p=7827"},"modified":"2012-07-04T23:55:47","modified_gmt":"2012-07-04T21:55:47","slug":"los-nuevos-viejos-hombres-de-dana","status":"publish","type":"post","link":"http:\/\/www.moda.es\/blog\/los-nuevos-viejos-hombres-de-dana\/","title":{"rendered":"Los nuevos viejos hombres de Dana"},"content":{"rendered":"<figure id=\"attachment_7836\" aria-describedby=\"caption-attachment-7836\" style=\"width: 500px\" class=\"wp-caption aligncenter\"><a href=\"https:\/\/i0.wp.com\/www.moda.es\/blog\/wp-content\/uploads\/2012\/07\/Dana-Lee-SS12_01.jpg\"><img data-attachment-id=\"7836\" data-permalink=\"http:\/\/www.moda.es\/blog\/dana-lee-ss12_01\/\" data-orig-file=\"https:\/\/i0.wp.com\/www.moda.es\/blog\/wp-content\/uploads\/2012\/07\/Dana-Lee-SS12_01-e1341442067571.jpg?fit=500%2C247\" data-orig-size=\"500,247\" data-comments-opened=\"1\" data-image-meta=\"{&quot;aperture&quot;:&quot;0&quot;,&quot;credit&quot;:&quot;&quot;,&quot;camera&quot;:&quot;&quot;,&quot;caption&quot;:&quot;&quot;,&quot;created_timestamp&quot;:&quot;0&quot;,&quot;copyright&quot;:&quot;&quot;,&quot;focal_length&quot;:&quot;0&quot;,&quot;iso&quot;:&quot;0&quot;,&quot;shutter_speed&quot;:&quot;0&quot;,&quot;title&quot;:&quot;&quot;}\" data-image-title=\"Dana Lee SS12_01\" data-image-description=\"\" data-image-caption=\"&lt;p&gt;Imagen de la portada del lookbook SS12 de Dana Lee. Fotos via www.danaleenewyork.com&lt;\/p&gt;\n\" data-medium-file=\"https:\/\/i0.wp.com\/www.moda.es\/blog\/wp-content\/uploads\/2012\/07\/Dana-Lee-SS12_01-e1341442067571.jpg?fit=300%2C148\" data-large-file=\"https:\/\/i0.wp.com\/www.moda.es\/blog\/wp-content\/uploads\/2012\/07\/Dana-Lee-SS12_01-e1341442067571.jpg?fit=500%2C247\" loading=\"lazy\" class=\"size-full wp-image-7836\" src=\"https:\/\/i0.wp.com\/www.moda.es\/blog\/wp-content\/uploads\/2012\/07\/Dana-Lee-SS12_01-e1341442067571.jpg?resize=500%2C247\" alt=\"\" width=\"500\" height=\"247\" srcset=\"https:\/\/i0.wp.com\/www.moda.es\/blog\/wp-content\/uploads\/2012\/07\/Dana-Lee-SS12_01-e1341442067571.jpg?w=500 500w, https:\/\/i0.wp.com\/www.moda.es\/blog\/wp-content\/uploads\/2012\/07\/Dana-Lee-SS12_01-e1341442067571.jpg?resize=300%2C148 300w\" sizes=\"(max-width: 500px) 100vw, 500px\" data-recalc-dims=\"1\" \/><\/a><figcaption id=\"caption-attachment-7836\" class=\"wp-caption-text\">Imagen de la portada del lookbook SS12 de Dana Lee. Fotos via www.danaleenewyork.com<\/figcaption><\/figure>\n<p>Cuando uno cree que nada ni nadie le va a sorprender, llega una firma como <a href=\"http:\/\/www.danaleenewyork.com\/\">Dana Lee<\/a> New York y le deja boquiabierto. Dana Lee es tambi\u00e9n el nombre de esta dise\u00f1adora afincada en Nueva York que con una visi\u00f3n bastante particular y una inspiraci\u00f3n retro, crea ropa para hombre, y ahora piezas para mujer.<\/p>\n<p>Nacida y criada en Canad\u00e1 (Vancouver), hace seis a\u00f1os que Dana mont\u00f3 se independiz\u00f3 creando su propia etiqueta. Desde el principio, lo suyo fue la moda para hombre. No en vano, su relaci\u00f3n con \u00e9sta le viene de lejos cuando, en lugar de ir al centro comercial con sus amigas, Dana pasaba el tiempo en tiendas de chollos y ropa que nadie quer\u00eda, revolviendo prendas de la armada y la marina. Aunque afirma que nunca busc\u00f3 convertirse en una dise\u00f1adora de moda, simplemente ten\u00eda gusto para la moda.<\/p>\n<p><a href=\"https:\/\/i0.wp.com\/www.moda.es\/blog\/wp-content\/uploads\/2012\/07\/Dana-Lee-SS12_03.jpg\"><img data-attachment-id=\"7837\" data-permalink=\"http:\/\/www.moda.es\/blog\/dana-lee-ss12_03\/\" data-orig-file=\"https:\/\/i0.wp.com\/www.moda.es\/blog\/wp-content\/uploads\/2012\/07\/Dana-Lee-SS12_03-e1341442150922.jpg?fit=500%2C247\" data-orig-size=\"500,247\" data-comments-opened=\"1\" data-image-meta=\"{&quot;aperture&quot;:&quot;0&quot;,&quot;credit&quot;:&quot;&quot;,&quot;camera&quot;:&quot;&quot;,&quot;caption&quot;:&quot;&quot;,&quot;created_timestamp&quot;:&quot;0&quot;,&quot;copyright&quot;:&quot;&quot;,&quot;focal_length&quot;:&quot;0&quot;,&quot;iso&quot;:&quot;0&quot;,&quot;shutter_speed&quot;:&quot;0&quot;,&quot;title&quot;:&quot;&quot;}\" data-image-title=\"Dana Lee SS12_03\" data-image-description=\"\" data-image-caption=\"\" data-medium-file=\"https:\/\/i0.wp.com\/www.moda.es\/blog\/wp-content\/uploads\/2012\/07\/Dana-Lee-SS12_03-e1341442150922.jpg?fit=300%2C148\" data-large-file=\"https:\/\/i0.wp.com\/www.moda.es\/blog\/wp-content\/uploads\/2012\/07\/Dana-Lee-SS12_03-e1341442150922.jpg?fit=500%2C247\" loading=\"lazy\" class=\"aligncenter size-full wp-image-7837\" src=\"https:\/\/i0.wp.com\/www.moda.es\/blog\/wp-content\/uploads\/2012\/07\/Dana-Lee-SS12_03-e1341442150922.jpg?resize=500%2C247\" alt=\"\" width=\"500\" height=\"247\" srcset=\"https:\/\/i0.wp.com\/www.moda.es\/blog\/wp-content\/uploads\/2012\/07\/Dana-Lee-SS12_03-e1341442150922.jpg?w=500 500w, https:\/\/i0.wp.com\/www.moda.es\/blog\/wp-content\/uploads\/2012\/07\/Dana-Lee-SS12_03-e1341442150922.jpg?resize=300%2C148 300w\" sizes=\"(max-width: 500px) 100vw, 500px\" data-recalc-dims=\"1\" \/><\/a><\/p>\n<p><a href=\"https:\/\/i0.wp.com\/www.moda.es\/blog\/wp-content\/uploads\/2012\/07\/Dana-Lee-SS12_06.jpg\"><img data-attachment-id=\"7838\" data-permalink=\"http:\/\/www.moda.es\/blog\/dana-lee-ss12_06\/\" data-orig-file=\"https:\/\/i0.wp.com\/www.moda.es\/blog\/wp-content\/uploads\/2012\/07\/Dana-Lee-SS12_06-e1341442198494.jpg?fit=500%2C247\" data-orig-size=\"500,247\" data-comments-opened=\"1\" data-image-meta=\"{&quot;aperture&quot;:&quot;0&quot;,&quot;credit&quot;:&quot;&quot;,&quot;camera&quot;:&quot;&quot;,&quot;caption&quot;:&quot;&quot;,&quot;created_timestamp&quot;:&quot;0&quot;,&quot;copyright&quot;:&quot;&quot;,&quot;focal_length&quot;:&quot;0&quot;,&quot;iso&quot;:&quot;0&quot;,&quot;shutter_speed&quot;:&quot;0&quot;,&quot;title&quot;:&quot;&quot;}\" data-image-title=\"Dana Lee SS12_06\" data-image-description=\"\" data-image-caption=\"\" data-medium-file=\"https:\/\/i0.wp.com\/www.moda.es\/blog\/wp-content\/uploads\/2012\/07\/Dana-Lee-SS12_06-e1341442198494.jpg?fit=300%2C148\" data-large-file=\"https:\/\/i0.wp.com\/www.moda.es\/blog\/wp-content\/uploads\/2012\/07\/Dana-Lee-SS12_06-e1341442198494.jpg?fit=500%2C247\" loading=\"lazy\" class=\"aligncenter size-full wp-image-7838\" src=\"https:\/\/i0.wp.com\/www.moda.es\/blog\/wp-content\/uploads\/2012\/07\/Dana-Lee-SS12_06-e1341442198494.jpg?resize=500%2C247\" alt=\"\" width=\"500\" height=\"247\" srcset=\"https:\/\/i0.wp.com\/www.moda.es\/blog\/wp-content\/uploads\/2012\/07\/Dana-Lee-SS12_06-e1341442198494.jpg?w=500 500w, https:\/\/i0.wp.com\/www.moda.es\/blog\/wp-content\/uploads\/2012\/07\/Dana-Lee-SS12_06-e1341442198494.jpg?resize=300%2C148 300w\" sizes=\"(max-width: 500px) 100vw, 500px\" data-recalc-dims=\"1\" \/><\/a><\/p>\n<p>Para entender su concepci\u00f3n de la moda, nada mejor que escuchar (leer) sus propias palabras. \u00abMe gustan las prendas informales y sin complicaciones -piezas que se pueden llevar durante varias temporadas y que al mismo tiempo est\u00e1n de moda-. \u00a0De lo que m\u00e1s me gusta es usar tejidos comunes y combinarlos con acabados de gran calidad. Aunque aprecio los detalles cuidados y las siluetas experimentales, mi principal preocupaci\u00f3n al dise\u00f1ar es la personalidad del tejido, la originalidad del color, los acabados y el car\u00e1cter global que destila la prenda. Lo que me interesa es la semi\u00f3tica de la moda\u00bb. Y se nota. S\u00f3lo hay que las im\u00e1genes de cualquiera de las colecciones que <a href=\"http:\/\/www.danaleenewyork.com\/\">Dana Lee<\/a> ha creado desde 2009 para verlo. As\u00ed que os dejamos con las de la actual, primavera-verano 2012.<\/p>\n<p><a href=\"https:\/\/i0.wp.com\/www.moda.es\/blog\/wp-content\/uploads\/2012\/07\/Dana-Lee-SS12_10.jpg\"><img data-attachment-id=\"7839\" data-permalink=\"http:\/\/www.moda.es\/blog\/dana-lee-ss12_10\/\" data-orig-file=\"https:\/\/i0.wp.com\/www.moda.es\/blog\/wp-content\/uploads\/2012\/07\/Dana-Lee-SS12_10-e1341442743886.jpg?fit=500%2C247\" data-orig-size=\"500,247\" data-comments-opened=\"1\" data-image-meta=\"{&quot;aperture&quot;:&quot;0&quot;,&quot;credit&quot;:&quot;&quot;,&quot;camera&quot;:&quot;&quot;,&quot;caption&quot;:&quot;&quot;,&quot;created_timestamp&quot;:&quot;0&quot;,&quot;copyright&quot;:&quot;&quot;,&quot;focal_length&quot;:&quot;0&quot;,&quot;iso&quot;:&quot;0&quot;,&quot;shutter_speed&quot;:&quot;0&quot;,&quot;title&quot;:&quot;&quot;}\" data-image-title=\"Dana Lee SS12_10\" data-image-description=\"\" data-image-caption=\"\" data-medium-file=\"https:\/\/i0.wp.com\/www.moda.es\/blog\/wp-content\/uploads\/2012\/07\/Dana-Lee-SS12_10-e1341442743886.jpg?fit=300%2C148\" data-large-file=\"https:\/\/i0.wp.com\/www.moda.es\/blog\/wp-content\/uploads\/2012\/07\/Dana-Lee-SS12_10-e1341442743886.jpg?fit=500%2C247\" loading=\"lazy\" class=\"aligncenter size-full wp-image-7839\" src=\"https:\/\/i0.wp.com\/www.moda.es\/blog\/wp-content\/uploads\/2012\/07\/Dana-Lee-SS12_10-e1341442743886.jpg?resize=500%2C247\" alt=\"\" width=\"500\" height=\"247\" srcset=\"https:\/\/i0.wp.com\/www.moda.es\/blog\/wp-content\/uploads\/2012\/07\/Dana-Lee-SS12_10-e1341442743886.jpg?w=500 500w, https:\/\/i0.wp.com\/www.moda.es\/blog\/wp-content\/uploads\/2012\/07\/Dana-Lee-SS12_10-e1341442743886.jpg?resize=300%2C148 300w\" sizes=\"(max-width: 500px) 100vw, 500px\" data-recalc-dims=\"1\" \/><\/a><\/p>\n<p><a href=\"https:\/\/i0.wp.com\/www.moda.es\/blog\/wp-content\/uploads\/2012\/07\/Dana-Lee-SS12_11.jpg\"><img data-attachment-id=\"7840\" data-permalink=\"http:\/\/www.moda.es\/blog\/dana-lee-ss12_11\/\" data-orig-file=\"https:\/\/i0.wp.com\/www.moda.es\/blog\/wp-content\/uploads\/2012\/07\/Dana-Lee-SS12_11-e1341442860329.jpg?fit=500%2C247\" data-orig-size=\"500,247\" data-comments-opened=\"1\" data-image-meta=\"{&quot;aperture&quot;:&quot;0&quot;,&quot;credit&quot;:&quot;&quot;,&quot;camera&quot;:&quot;&quot;,&quot;caption&quot;:&quot;&quot;,&quot;created_timestamp&quot;:&quot;0&quot;,&quot;copyright&quot;:&quot;&quot;,&quot;focal_length&quot;:&quot;0&quot;,&quot;iso&quot;:&quot;0&quot;,&quot;shutter_speed&quot;:&quot;0&quot;,&quot;title&quot;:&quot;&quot;}\" data-image-title=\"Dana Lee SS12_11\" data-image-description=\"\" data-image-caption=\"\" data-medium-file=\"https:\/\/i0.wp.com\/www.moda.es\/blog\/wp-content\/uploads\/2012\/07\/Dana-Lee-SS12_11-e1341442860329.jpg?fit=300%2C148\" data-large-file=\"https:\/\/i0.wp.com\/www.moda.es\/blog\/wp-content\/uploads\/2012\/07\/Dana-Lee-SS12_11-e1341442860329.jpg?fit=500%2C247\" loading=\"lazy\" class=\"aligncenter size-full wp-image-7840\" src=\"https:\/\/i0.wp.com\/www.moda.es\/blog\/wp-content\/uploads\/2012\/07\/Dana-Lee-SS12_11-e1341442860329.jpg?resize=500%2C247\" alt=\"\" width=\"500\" height=\"247\" srcset=\"https:\/\/i0.wp.com\/www.moda.es\/blog\/wp-content\/uploads\/2012\/07\/Dana-Lee-SS12_11-e1341442860329.jpg?w=500 500w, https:\/\/i0.wp.com\/www.moda.es\/blog\/wp-content\/uploads\/2012\/07\/Dana-Lee-SS12_11-e1341442860329.jpg?resize=300%2C148 300w\" sizes=\"(max-width: 500px) 100vw, 500px\" data-recalc-dims=\"1\" \/><\/a><\/p>\n<p><a href=\"https:\/\/i0.wp.com\/www.moda.es\/blog\/wp-content\/uploads\/2012\/07\/Dana-Lee-SS12_13.jpg\"><img data-attachment-id=\"7841\" data-permalink=\"http:\/\/www.moda.es\/blog\/dana-lee-ss12_13\/\" data-orig-file=\"https:\/\/i0.wp.com\/www.moda.es\/blog\/wp-content\/uploads\/2012\/07\/Dana-Lee-SS12_13-e1341443102714.jpg?fit=500%2C247\" data-orig-size=\"500,247\" data-comments-opened=\"1\" data-image-meta=\"{&quot;aperture&quot;:&quot;0&quot;,&quot;credit&quot;:&quot;&quot;,&quot;camera&quot;:&quot;&quot;,&quot;caption&quot;:&quot;&quot;,&quot;created_timestamp&quot;:&quot;0&quot;,&quot;copyright&quot;:&quot;&quot;,&quot;focal_length&quot;:&quot;0&quot;,&quot;iso&quot;:&quot;0&quot;,&quot;shutter_speed&quot;:&quot;0&quot;,&quot;title&quot;:&quot;&quot;}\" data-image-title=\"Dana Lee SS12_13\" data-image-description=\"\" data-image-caption=\"\" data-medium-file=\"https:\/\/i0.wp.com\/www.moda.es\/blog\/wp-content\/uploads\/2012\/07\/Dana-Lee-SS12_13-e1341443102714.jpg?fit=300%2C148\" data-large-file=\"https:\/\/i0.wp.com\/www.moda.es\/blog\/wp-content\/uploads\/2012\/07\/Dana-Lee-SS12_13-e1341443102714.jpg?fit=500%2C247\" loading=\"lazy\" class=\"aligncenter size-full wp-image-7841\" src=\"https:\/\/i0.wp.com\/www.moda.es\/blog\/wp-content\/uploads\/2012\/07\/Dana-Lee-SS12_13-e1341443102714.jpg?resize=500%2C247\" alt=\"\" width=\"500\" height=\"247\" srcset=\"https:\/\/i0.wp.com\/www.moda.es\/blog\/wp-content\/uploads\/2012\/07\/Dana-Lee-SS12_13-e1341443102714.jpg?w=500 500w, https:\/\/i0.wp.com\/www.moda.es\/blog\/wp-content\/uploads\/2012\/07\/Dana-Lee-SS12_13-e1341443102714.jpg?resize=300%2C148 300w\" sizes=\"(max-width: 500px) 100vw, 500px\" data-recalc-dims=\"1\" \/><\/a><\/p>\n<p><a href=\"https:\/\/i0.wp.com\/www.moda.es\/blog\/wp-content\/uploads\/2012\/07\/Dana-Lee-SS12_15.jpg\"><img data-attachment-id=\"7842\" data-permalink=\"http:\/\/www.moda.es\/blog\/dana-lee-ss12_15\/\" data-orig-file=\"https:\/\/i0.wp.com\/www.moda.es\/blog\/wp-content\/uploads\/2012\/07\/Dana-Lee-SS12_15-e1341443456645.jpg?fit=500%2C247\" data-orig-size=\"500,247\" data-comments-opened=\"1\" data-image-meta=\"{&quot;aperture&quot;:&quot;0&quot;,&quot;credit&quot;:&quot;&quot;,&quot;camera&quot;:&quot;&quot;,&quot;caption&quot;:&quot;&quot;,&quot;created_timestamp&quot;:&quot;0&quot;,&quot;copyright&quot;:&quot;&quot;,&quot;focal_length&quot;:&quot;0&quot;,&quot;iso&quot;:&quot;0&quot;,&quot;shutter_speed&quot;:&quot;0&quot;,&quot;title&quot;:&quot;&quot;}\" data-image-title=\"Dana Lee SS12_15\" data-image-description=\"\" data-image-caption=\"\" data-medium-file=\"https:\/\/i0.wp.com\/www.moda.es\/blog\/wp-content\/uploads\/2012\/07\/Dana-Lee-SS12_15-e1341443456645.jpg?fit=300%2C148\" data-large-file=\"https:\/\/i0.wp.com\/www.moda.es\/blog\/wp-content\/uploads\/2012\/07\/Dana-Lee-SS12_15-e1341443456645.jpg?fit=500%2C247\" loading=\"lazy\" class=\"aligncenter size-full wp-image-7842\" src=\"https:\/\/i0.wp.com\/www.moda.es\/blog\/wp-content\/uploads\/2012\/07\/Dana-Lee-SS12_15-e1341443456645.jpg?resize=500%2C247\" alt=\"\" width=\"500\" height=\"247\" srcset=\"https:\/\/i0.wp.com\/www.moda.es\/blog\/wp-content\/uploads\/2012\/07\/Dana-Lee-SS12_15-e1341443456645.jpg?w=500 500w, https:\/\/i0.wp.com\/www.moda.es\/blog\/wp-content\/uploads\/2012\/07\/Dana-Lee-SS12_15-e1341443456645.jpg?resize=300%2C148 300w\" sizes=\"(max-width: 500px) 100vw, 500px\" data-recalc-dims=\"1\" \/><\/a><\/p>\n<p>\u00b7 Dana Lee se vende <em>online<\/em> para Europa en la web <a href=\"http:\/\/shop.the189.com\/\">OEN<\/a> (OneEightNine).<\/p>\n","protected":false},"excerpt":{"rendered":"<p>Cuando uno cree que nada ni nadie le va a sorprender, llega una firma como Dana Lee New York y le deja boquiabierto. Dana Lee es tambi\u00e9n el nombre de esta dise\u00f1adora afincada en Nueva York que con una visi\u00f3n bastante particular y una inspiraci\u00f3n retro, crea ropa para hombre, [&hellip;]<\/p>\n","protected":false},"author":2,"featured_media":16813,"comment_status":"open","ping_status":"open","sticky":false,"template":"","format":"standard","meta":{"jetpack_publicize_message":"","jetpack_is_tweetstorm":false,"jetpack_publicize_feature_enabled":true},"categories":[14,19],"tags":[],"jetpack_publicize_connections":[],"jetpack_featured_media_url":"https:\/\/i0.wp.com\/www.moda.es\/blog\/wp-content\/uploads\/2012\/07\/Dana-Lee-SS12_01-e13414420675711.jpg?fit=500%2C247","jetpack_sharing_enabled":true,"jetpack_shortlink":"https:\/\/wp.me\/p4tJCC-22f","jetpack-related-posts":[{"id":19307,"url":"http:\/\/www.moda.es\/blog\/el-debut-de-lily-rose-depp\/","url_meta":{"origin":7827,"position":0},"title":"El debut de Lily &#8211; Rose Depp","date":"abril 24, 2015","format":false,"excerpt":"La hija de Johnny Depp y Vanessa Paradis ha hecho, con s\u00f3lo 15 a\u00f1os, su debut como modelo en la revista Oyster. Desde que se pusiera en el punto de mira el mes pasado en el desfile de Chanel en Nueva York, sab\u00edamos que no pasar\u00eda mucho tiempo antes de\u2026","rel":"","context":"En \u00abActualidad\u00bb","img":{"alt_text":"","src":"https:\/\/i0.wp.com\/www.moda.es\/blog\/wp-content\/uploads\/2015\/04\/lrd2.jpg?fit=650%2C650&resize=350%2C200","width":350,"height":200},"classes":[]},{"id":6058,"url":"http:\/\/www.moda.es\/blog\/prendas-viajeras\/","url_meta":{"origin":7827,"position":1},"title":"Prendas viajeras","date":"marzo 30, 2012","format":false,"excerpt":"Conocemos el oficio de la sempiterna novia de Andrea Cashiragi, la socialite Tatiana Santo Domingo. Ha montado una tienda online con una buena amiga como si fuera un zoco donde se aglomeran tesoros inimaginables de cualquier parte del mundo, esos que han ido acumulando tras viajes y viajes. Su espacio\u2026","rel":"","context":"En \u00abTiendas online\u00bb","img":{"alt_text":"","src":"https:\/\/i0.wp.com\/www.moda.es\/blog\/wp-content\/uploads\/2012\/03\/Muzunglu_blog1_V_2nov11_pr_b1.jpg?fit=426%2C284&resize=350%2C200","width":350,"height":200},"classes":[]},{"id":2129,"url":"http:\/\/www.moda.es\/blog\/el-hombre-oscuro\/","url_meta":{"origin":7827,"position":2},"title":"El hombre oscuro","date":"junio 1, 2011","format":false,"excerpt":"Entre este listado de imprescindibles iconos de moda provenientes del mundo de la m\u00fasica, no quer\u00eda olvidarme del no muy evidente\u00a0Nick Cave. Este\u00a0australiano\u00a0de mirada melanc\u00f3lica es el l\u00edder de la banda semihom\u00f3nima, Nick Cave and the Bad Seeds, venerada por mel\u00f3manos fervientes y alabada por toda la cr\u00edtica musical. Nicholas\u2026","rel":"","context":"En \u00abM\u00fasica y Moda\u00bb","img":{"alt_text":"","src":"https:\/\/i0.wp.com\/www.moda.es\/blog\/wp-content\/uploads\/2011\/06\/nick_cave1.jpg?fit=361%2C558&resize=350%2C200","width":350,"height":200},"classes":[]},{"id":18956,"url":"http:\/\/www.moda.es\/blog\/zapatos-con-historia\/","url_meta":{"origin":7827,"position":3},"title":"Zapatos con historia","date":"febrero 17, 2015","format":false,"excerpt":"Las ic\u00f3nicas Desert Boots de Clarks est\u00e1n de aniversario. 65 a\u00f1os de uno de los modelos de calzado m\u00e1s c\u00f3modos y vers\u00e1tiles para el hombre. Para celebrar este cumplea\u00f1os y los 190 a\u00f1os de Clarks, 14 artistas y dise\u00f1adores han reinterpretado eeste modelo en un proyecto llamado Clarks: Rebooted (Reinicia).\u2026","rel":"","context":"En \u00abAccesorios\u00bb","img":{"alt_text":"","src":"https:\/\/i0.wp.com\/www.moda.es\/blog\/wp-content\/uploads\/2015\/02\/clarks4.jpg?fit=650%2C433&resize=350%2C200","width":350,"height":200},"classes":[]},{"id":7864,"url":"http:\/\/www.moda.es\/blog\/tatiana-santo-domingo-sera-monegasca\/","url_meta":{"origin":7827,"position":4},"title":"Tatiana Santo Domingo ser\u00e1 monegasca","date":"julio 6, 2012","format":false,"excerpt":"Hace una a\u00f1o se casaba su t\u00edo (nos referimos al de Andrea Casiraghi) y con el tiempo justo de por medio, ahora su madre, Carolina, ha anunciado uno de los enlaces m\u00e1s esperados, el de Andrea con Tatiana Santo Domingo, su novia desde hace siete a\u00f1os. Tan magno anuncio nos\u2026","rel":"","context":"En \u00abIt Girl\u00bb","img":{"alt_text":"","src":"https:\/\/i0.wp.com\/www.moda.es\/blog\/wp-content\/uploads\/2012\/07\/04-FV-AndreaCasaraghiTatianaSantoDomingo_10195650857.jpg_carousel_parties-e1341657619377.jpg?resize=350%2C200","width":350,"height":200},"classes":[]},{"id":520,"url":"http:\/\/www.moda.es\/blog\/el-ojo-que-todo-lo-ve\/","url_meta":{"origin":7827,"position":5},"title":"El ojo que todo lo ve","date":"enero 14, 2011","format":false,"excerpt":"Es el hombre de moda, aunque el est\u00e9 detr\u00e1s de la c\u00e1mara. Es el trendsetter por excelencia, el c\u00edclope que capta las tendencias en las principales capitales del mundo, sobre todo, las de la moda. \u00c9l fotograf\u00eda a los que quiz\u00e1 sean los hombres y mujeres m\u00e1s elegantes de Nueva\u2026","rel":"","context":"En \u00abTrendsetter\u00bb","img":{"alt_text":"","src":"https:\/\/i0.wp.com\/www.moda.es\/blog\/wp-content\/uploads\/2011\/01\/12-scott_sm1.jpg?fit=399%2C346&resize=350%2C200","width":350,"height":200},"classes":[]}],"_links":{"self":[{"href":"http:\/\/www.moda.es\/blog\/wp-json\/wp\/v2\/posts\/7827"}],"collection":[{"href":"http:\/\/www.moda.es\/blog\/wp-json\/wp\/v2\/posts"}],"about":[{"href":"http:\/\/www.moda.es\/blog\/wp-json\/wp\/v2\/types\/post"}],"author":[{"embeddable":true,"href":"http:\/\/www.moda.es\/blog\/wp-json\/wp\/v2\/users\/2"}],"replies":[{"embeddable":true,"href":"http:\/\/www.moda.es\/blog\/wp-json\/wp\/v2\/comments?post=7827"}],"version-history":[{"count":0,"href":"http:\/\/www.moda.es\/blog\/wp-json\/wp\/v2\/posts\/7827\/revisions"}],"wp:featuredmedia":[{"embeddable":true,"href":"http:\/\/www.moda.es\/blog\/wp-json\/wp\/v2\/media\/16813"}],"wp:attachment":[{"href":"http:\/\/www.moda.es\/blog\/wp-json\/wp\/v2\/media?parent=7827"}],"wp:term":[{"taxonomy":"category","embeddable":true,"href":"http:\/\/www.moda.es\/blog\/wp-json\/wp\/v2\/categories?post=7827"},{"taxonomy":"post_tag","embeddable":true,"href":"http:\/\/www.moda.es\/blog\/wp-json\/wp\/v2\/tags?post=7827"}],"curies":[{"name":"wp","href":"https:\/\/api.w.org\/{rel}","templated":true}]}}