{"id":7811,"date":"2012-07-03T23:59:00","date_gmt":"2012-07-03T21:59:00","guid":{"rendered":"http:\/\/www.moda.es\/blog\/?p=7811"},"modified":"2012-07-03T23:59:00","modified_gmt":"2012-07-03T21:59:00","slug":"decisiones-para-el-si-quiero-v","status":"publish","type":"post","link":"http:\/\/www.moda.es\/blog\/decisiones-para-el-si-quiero-v\/","title":{"rendered":"Decisiones para el &#8216;s\u00ed, quiero&#8217; V"},"content":{"rendered":"<figure id=\"attachment_7819\" aria-describedby=\"caption-attachment-7819\" style=\"width: 500px\" class=\"wp-caption aligncenter\"><a href=\"https:\/\/i0.wp.com\/www.moda.es\/blog\/wp-content\/uploads\/2012\/07\/11.jpg\"><img data-attachment-id=\"7819\" data-permalink=\"http:\/\/www.moda.es\/blog\/11-2\/\" data-orig-file=\"https:\/\/i0.wp.com\/www.moda.es\/blog\/wp-content\/uploads\/2012\/07\/11-e1341356263803.jpg?fit=500%2C373\" data-orig-size=\"500,373\" data-comments-opened=\"1\" data-image-meta=\"{&quot;aperture&quot;:&quot;0&quot;,&quot;credit&quot;:&quot;&quot;,&quot;camera&quot;:&quot;&quot;,&quot;caption&quot;:&quot;&quot;,&quot;created_timestamp&quot;:&quot;0&quot;,&quot;copyright&quot;:&quot;&quot;,&quot;focal_length&quot;:&quot;0&quot;,&quot;iso&quot;:&quot;0&quot;,&quot;shutter_speed&quot;:&quot;0&quot;,&quot;title&quot;:&quot;&quot;}\" data-image-title=\"11\" data-image-description=\"\" data-image-caption=\"&lt;p&gt;Fotos via www.elisabethblumen.com&lt;\/p&gt;\n\" data-medium-file=\"https:\/\/i0.wp.com\/www.moda.es\/blog\/wp-content\/uploads\/2012\/07\/11-e1341356263803.jpg?fit=300%2C223\" data-large-file=\"https:\/\/i0.wp.com\/www.moda.es\/blog\/wp-content\/uploads\/2012\/07\/11-e1341356263803.jpg?fit=500%2C373\" loading=\"lazy\" class=\"size-full wp-image-7819\" src=\"https:\/\/i0.wp.com\/www.moda.es\/blog\/wp-content\/uploads\/2012\/07\/11-e1341356263803.jpg?resize=500%2C373\" alt=\"\" width=\"500\" height=\"373\" srcset=\"https:\/\/i0.wp.com\/www.moda.es\/blog\/wp-content\/uploads\/2012\/07\/11-e1341356263803.jpg?w=500 500w, https:\/\/i0.wp.com\/www.moda.es\/blog\/wp-content\/uploads\/2012\/07\/11-e1341356263803.jpg?resize=300%2C223 300w\" sizes=\"(max-width: 500px) 100vw, 500px\" data-recalc-dims=\"1\" \/><\/a><figcaption id=\"caption-attachment-7819\" class=\"wp-caption-text\">Fotos via www.elisabethblumen.com<\/figcaption><\/figure>\n<p>Las flores son alegr\u00eda. Y, como dec\u00edamos en otro post, son indispensables para una boda. En aquel, ya os recomend\u00e1bamos una florister\u00eda de Madrid. Hoy os traemos otra cuya especialidad son asimismo los ramos y la decoraci\u00f3n de bodas: <a href=\"http:\/\/www.elisabethblumen.com\/\">Elisabeth Blumen<\/a>.<\/p>\n<p><a href=\"https:\/\/i0.wp.com\/www.moda.es\/blog\/wp-content\/uploads\/2012\/07\/IMG_3614.jpg\"><img data-attachment-id=\"7820\" data-permalink=\"http:\/\/www.moda.es\/blog\/img_3614\/\" data-orig-file=\"https:\/\/i0.wp.com\/www.moda.es\/blog\/wp-content\/uploads\/2012\/07\/IMG_3614-e1341356391826.jpg?fit=500%2C373\" data-orig-size=\"500,373\" data-comments-opened=\"1\" data-image-meta=\"{&quot;aperture&quot;:&quot;0&quot;,&quot;credit&quot;:&quot;&quot;,&quot;camera&quot;:&quot;&quot;,&quot;caption&quot;:&quot;&quot;,&quot;created_timestamp&quot;:&quot;0&quot;,&quot;copyright&quot;:&quot;&quot;,&quot;focal_length&quot;:&quot;0&quot;,&quot;iso&quot;:&quot;0&quot;,&quot;shutter_speed&quot;:&quot;0&quot;,&quot;title&quot;:&quot;&quot;}\" data-image-title=\"IMG_3614\" data-image-description=\"\" data-image-caption=\"\" data-medium-file=\"https:\/\/i0.wp.com\/www.moda.es\/blog\/wp-content\/uploads\/2012\/07\/IMG_3614-e1341356391826.jpg?fit=300%2C223\" data-large-file=\"https:\/\/i0.wp.com\/www.moda.es\/blog\/wp-content\/uploads\/2012\/07\/IMG_3614-e1341356391826.jpg?fit=500%2C373\" loading=\"lazy\" class=\"aligncenter size-full wp-image-7820\" src=\"https:\/\/i0.wp.com\/www.moda.es\/blog\/wp-content\/uploads\/2012\/07\/IMG_3614-e1341356391826.jpg?resize=500%2C373\" alt=\"\" width=\"500\" height=\"373\" srcset=\"https:\/\/i0.wp.com\/www.moda.es\/blog\/wp-content\/uploads\/2012\/07\/IMG_3614-e1341356391826.jpg?w=500 500w, https:\/\/i0.wp.com\/www.moda.es\/blog\/wp-content\/uploads\/2012\/07\/IMG_3614-e1341356391826.jpg?resize=300%2C223 300w\" sizes=\"(max-width: 500px) 100vw, 500px\" data-recalc-dims=\"1\" \/><\/a><\/p>\n<p>Tuvimos la suerte de conocerla cuando se encontraba en un rinc\u00f3n escondido de Madrid, detr\u00e1s de la calle Conde Duque. All\u00ed, se hab\u00eda montado una tienda recoleta Isabel (de ah\u00ed, Elisabeth) Mar\u00edas, y de all\u00ed, me llev\u00e9 una regadera antigua con romero plantado. Poco tiempo despu\u00e9s, ten\u00eda tal cantidad de encargos para eventos, y estos eran cada vez de\u00a0mayor envergadura, que la tienda se le qued\u00f3 peque\u00f1a. Entonces, no sin pena de dejar un espacio tan bonito, se fue a compartir estudio durante unos meses con el arquitecto Luis \u00darculo, mientras buscaba el lugar perfecto. Hasta que se dio con \u00e9l: una gran nave en la calle Arroyo Opa\u00f1el, donde atiende con gusto a sus clientes, siempre con cita previa.<\/p>\n<p><a href=\"https:\/\/i0.wp.com\/www.moda.es\/blog\/wp-content\/uploads\/2012\/07\/MG_3760.jpg\"><img data-attachment-id=\"7821\" data-permalink=\"http:\/\/www.moda.es\/blog\/mg_3760\/\" data-orig-file=\"https:\/\/i0.wp.com\/www.moda.es\/blog\/wp-content\/uploads\/2012\/07\/MG_3760-e1341356505483.jpg?fit=333%2C500\" data-orig-size=\"333,500\" data-comments-opened=\"1\" data-image-meta=\"{&quot;aperture&quot;:&quot;0&quot;,&quot;credit&quot;:&quot;&quot;,&quot;camera&quot;:&quot;&quot;,&quot;caption&quot;:&quot;&quot;,&quot;created_timestamp&quot;:&quot;0&quot;,&quot;copyright&quot;:&quot;&quot;,&quot;focal_length&quot;:&quot;0&quot;,&quot;iso&quot;:&quot;0&quot;,&quot;shutter_speed&quot;:&quot;0&quot;,&quot;title&quot;:&quot;&quot;}\" data-image-title=\"MG_3760\" data-image-description=\"\" data-image-caption=\"\" data-medium-file=\"https:\/\/i0.wp.com\/www.moda.es\/blog\/wp-content\/uploads\/2012\/07\/MG_3760-e1341356505483.jpg?fit=199%2C300\" data-large-file=\"https:\/\/i0.wp.com\/www.moda.es\/blog\/wp-content\/uploads\/2012\/07\/MG_3760-e1341356505483.jpg?fit=333%2C500\" loading=\"lazy\" class=\"aligncenter size-full wp-image-7821\" src=\"https:\/\/i0.wp.com\/www.moda.es\/blog\/wp-content\/uploads\/2012\/07\/MG_3760-e1341356505483.jpg?resize=333%2C500\" alt=\"\" width=\"333\" height=\"500\" srcset=\"https:\/\/i0.wp.com\/www.moda.es\/blog\/wp-content\/uploads\/2012\/07\/MG_3760-e1341356505483.jpg?w=333 333w, https:\/\/i0.wp.com\/www.moda.es\/blog\/wp-content\/uploads\/2012\/07\/MG_3760-e1341356505483.jpg?resize=199%2C300 199w\" sizes=\"(max-width: 333px) 100vw, 333px\" data-recalc-dims=\"1\" \/><\/a><\/p>\n<p>&nbsp;<\/p>\n<p>Como explica en su web, \u00abElisabeth Blumen realiza arreglos florales con \u00a0un aire silvestre y delicado, y decora con flores y un sinf\u00edn de detalles eventos especiales, bodas singulares, y tambi\u00e9n negocios y empresas que buscan un toque distinto\u00bb.\u00a0Para el d\u00eda de la boda, Isabel, alias Elisabeth Blumen, puede ocuparse de todo, desde ramos, tocados y prendidos o la decoraci\u00f3n floral, a la organizaci\u00f3n integral de la boda, puesto que te aconsejan incluso con el vestido, si lo necesitas.<\/p>\n<p><a href=\"https:\/\/i0.wp.com\/www.moda.es\/blog\/wp-content\/uploads\/2012\/07\/MG_4733.jpg\"><img data-attachment-id=\"7822\" data-permalink=\"http:\/\/www.moda.es\/blog\/mg_4733\/\" data-orig-file=\"https:\/\/i0.wp.com\/www.moda.es\/blog\/wp-content\/uploads\/2012\/07\/MG_4733-e1341356654991.jpg?fit=333%2C500\" data-orig-size=\"333,500\" data-comments-opened=\"1\" data-image-meta=\"{&quot;aperture&quot;:&quot;0&quot;,&quot;credit&quot;:&quot;&quot;,&quot;camera&quot;:&quot;&quot;,&quot;caption&quot;:&quot;&quot;,&quot;created_timestamp&quot;:&quot;0&quot;,&quot;copyright&quot;:&quot;&quot;,&quot;focal_length&quot;:&quot;0&quot;,&quot;iso&quot;:&quot;0&quot;,&quot;shutter_speed&quot;:&quot;0&quot;,&quot;title&quot;:&quot;&quot;}\" data-image-title=\"MG_4733\" data-image-description=\"\" data-image-caption=\"\" data-medium-file=\"https:\/\/i0.wp.com\/www.moda.es\/blog\/wp-content\/uploads\/2012\/07\/MG_4733-e1341356654991.jpg?fit=199%2C300\" data-large-file=\"https:\/\/i0.wp.com\/www.moda.es\/blog\/wp-content\/uploads\/2012\/07\/MG_4733-e1341356654991.jpg?fit=333%2C500\" loading=\"lazy\" class=\"aligncenter size-full wp-image-7822\" src=\"https:\/\/i0.wp.com\/www.moda.es\/blog\/wp-content\/uploads\/2012\/07\/MG_4733-e1341356654991.jpg?resize=333%2C500\" alt=\"\" width=\"333\" height=\"500\" srcset=\"https:\/\/i0.wp.com\/www.moda.es\/blog\/wp-content\/uploads\/2012\/07\/MG_4733-e1341356654991.jpg?w=333 333w, https:\/\/i0.wp.com\/www.moda.es\/blog\/wp-content\/uploads\/2012\/07\/MG_4733-e1341356654991.jpg?resize=199%2C300 199w\" sizes=\"(max-width: 333px) 100vw, 333px\" data-recalc-dims=\"1\" \/><\/a><\/p>\n<p><a href=\"https:\/\/i0.wp.com\/www.moda.es\/blog\/wp-content\/uploads\/2012\/07\/MG_4612.jpg\"><img data-attachment-id=\"7823\" data-permalink=\"http:\/\/www.moda.es\/blog\/mg_4612\/\" data-orig-file=\"https:\/\/i0.wp.com\/www.moda.es\/blog\/wp-content\/uploads\/2012\/07\/MG_4612-e1341356779987.jpg?fit=333%2C500\" data-orig-size=\"333,500\" data-comments-opened=\"1\" data-image-meta=\"{&quot;aperture&quot;:&quot;0&quot;,&quot;credit&quot;:&quot;&quot;,&quot;camera&quot;:&quot;&quot;,&quot;caption&quot;:&quot;&quot;,&quot;created_timestamp&quot;:&quot;0&quot;,&quot;copyright&quot;:&quot;&quot;,&quot;focal_length&quot;:&quot;0&quot;,&quot;iso&quot;:&quot;0&quot;,&quot;shutter_speed&quot;:&quot;0&quot;,&quot;title&quot;:&quot;&quot;}\" data-image-title=\"MG_4612\" data-image-description=\"\" data-image-caption=\"\" data-medium-file=\"https:\/\/i0.wp.com\/www.moda.es\/blog\/wp-content\/uploads\/2012\/07\/MG_4612-e1341356779987.jpg?fit=199%2C300\" data-large-file=\"https:\/\/i0.wp.com\/www.moda.es\/blog\/wp-content\/uploads\/2012\/07\/MG_4612-e1341356779987.jpg?fit=333%2C500\" loading=\"lazy\" class=\"aligncenter size-full wp-image-7823\" src=\"https:\/\/i0.wp.com\/www.moda.es\/blog\/wp-content\/uploads\/2012\/07\/MG_4612-e1341356779987.jpg?resize=333%2C500\" alt=\"\" width=\"333\" height=\"500\" srcset=\"https:\/\/i0.wp.com\/www.moda.es\/blog\/wp-content\/uploads\/2012\/07\/MG_4612-e1341356779987.jpg?w=333 333w, https:\/\/i0.wp.com\/www.moda.es\/blog\/wp-content\/uploads\/2012\/07\/MG_4612-e1341356779987.jpg?resize=199%2C300 199w\" sizes=\"(max-width: 333px) 100vw, 333px\" data-recalc-dims=\"1\" \/><\/a><\/p>\n<p>El d\u00eda en que dos personas se dicen &#8216;s\u00ed, quiero&#8217; hay que envolverlo de la mejor manera y eso es con flores. Para la ceremonia, el c\u00f3ctel, las mesas del banquete o cualquier rinc\u00f3n, preparan todos los arreglos florales en jarrones y recipientes de lo m\u00e1s originales. Para ello, ayudan a los novios a definir el estilo y la gama de colores id\u00f3neos, y escogen siempre flores de temporada.<\/p>\n<p><a href=\"https:\/\/i0.wp.com\/www.moda.es\/blog\/wp-content\/uploads\/2012\/07\/laventana.jpg\"><img data-attachment-id=\"7824\" data-permalink=\"http:\/\/www.moda.es\/blog\/laventana\/\" data-orig-file=\"https:\/\/i0.wp.com\/www.moda.es\/blog\/wp-content\/uploads\/2012\/07\/laventana-e1341356901401.jpg?fit=394%2C500\" data-orig-size=\"394,500\" data-comments-opened=\"1\" data-image-meta=\"{&quot;aperture&quot;:&quot;0&quot;,&quot;credit&quot;:&quot;&quot;,&quot;camera&quot;:&quot;&quot;,&quot;caption&quot;:&quot;&quot;,&quot;created_timestamp&quot;:&quot;0&quot;,&quot;copyright&quot;:&quot;&quot;,&quot;focal_length&quot;:&quot;0&quot;,&quot;iso&quot;:&quot;0&quot;,&quot;shutter_speed&quot;:&quot;0&quot;,&quot;title&quot;:&quot;&quot;}\" data-image-title=\"laventana\" data-image-description=\"\" data-image-caption=\"\" data-medium-file=\"https:\/\/i0.wp.com\/www.moda.es\/blog\/wp-content\/uploads\/2012\/07\/laventana-e1341356901401.jpg?fit=236%2C300\" data-large-file=\"https:\/\/i0.wp.com\/www.moda.es\/blog\/wp-content\/uploads\/2012\/07\/laventana-e1341356901401.jpg?fit=394%2C500\" loading=\"lazy\" class=\"aligncenter size-full wp-image-7824\" src=\"https:\/\/i0.wp.com\/www.moda.es\/blog\/wp-content\/uploads\/2012\/07\/laventana-e1341356901401.jpg?resize=394%2C500\" alt=\"\" width=\"394\" height=\"500\" srcset=\"https:\/\/i0.wp.com\/www.moda.es\/blog\/wp-content\/uploads\/2012\/07\/laventana-e1341356901401.jpg?w=394 394w, https:\/\/i0.wp.com\/www.moda.es\/blog\/wp-content\/uploads\/2012\/07\/laventana-e1341356901401.jpg?resize=236%2C300 236w\" sizes=\"(max-width: 394px) 100vw, 394px\" data-recalc-dims=\"1\" \/><\/a><\/p>\n<p>Como una imagen vale m\u00e1s que mil palabras, en este caso, cientos, os dejamos entre estas l\u00edneas una selecci\u00f3n de fotos para que os hag\u00e1is una idea de la magia de la que es capaz\u00a0<a href=\"http:\/\/www.elisabethblumen.com\/\">Elisabeth Blumen<\/a> con flores.<\/p>\n<p>&nbsp;<\/p>\n","protected":false},"excerpt":{"rendered":"<p>Las flores son alegr\u00eda. Y, como dec\u00edamos en otro post, son indispensables para una boda. En aquel, ya os recomend\u00e1bamos una florister\u00eda de Madrid. Hoy os traemos otra cuya especialidad son asimismo los ramos y la decoraci\u00f3n de bodas: Elisabeth Blumen. Tuvimos la suerte de conocerla cuando se encontraba en [&hellip;]<\/p>\n","protected":false},"author":2,"featured_media":16816,"comment_status":"open","ping_status":"open","sticky":false,"template":"","format":"standard","meta":{"jetpack_publicize_message":"","jetpack_is_tweetstorm":false,"jetpack_publicize_feature_enabled":true},"categories":[22],"tags":[],"jetpack_publicize_connections":[],"jetpack_featured_media_url":"https:\/\/i0.wp.com\/www.moda.es\/blog\/wp-content\/uploads\/2012\/07\/11-e13413562638031.jpg?fit=500%2C373","jetpack_sharing_enabled":true,"jetpack_shortlink":"https:\/\/wp.me\/p4tJCC-21Z","jetpack-related-posts":[{"id":2786,"url":"http:\/\/www.moda.es\/blog\/la-esencia-de-biarritz-hecha-ropa\/","url_meta":{"origin":7811,"position":0},"title":"La esencia de Biarritz hecha ropa","date":"agosto 4, 2011","format":false,"excerpt":"Biarritz, es una de esas ciudades de la costa vasco-francesa que seg\u00fan se pronuncia, olemos el salitre, vemos\u00a0la\u00a0luz del sol matizada por el mar y pensamos:\u00a0vacaciones. Como homenaje a esta ciudad y todo el tiempo pasada all\u00ed, la dise\u00f1adora Mar\u00eda As\u00edn cre\u00f3 SiSiMu, una firma de ropa inspirada en el\u2026","rel":"","context":"En \u00abFirmas\u00bb","img":{"alt_text":"","src":"https:\/\/i0.wp.com\/www.moda.es\/blog\/wp-content\/uploads\/2011\/08\/portadasisimcopia1.jpg?fit=450%2C480&resize=350%2C200","width":350,"height":200},"classes":[]},{"id":2209,"url":"http:\/\/www.moda.es\/blog\/efimera\/","url_meta":{"origin":7811,"position":1},"title":"Ef\u00edmera oportunidad","date":"junio 7, 2011","format":false,"excerpt":"Una tienda ef\u00edmera suele ser una oportunidad de comprar moda u otro tipo de objetos -como decorativos- a un precio muy apetecible. En el mes de abril, estuvo en Madrid un espacio ef\u00edmero con el nombre de Coccole & Co. Visto su \u00e9xito, se va a celebrar su versi\u00f3n en\u2026","rel":"","context":"En \u00abTiendas\u00bb","img":{"alt_text":"","src":"https:\/\/i0.wp.com\/www.mujeresypunto.com\/wp-content\/uploads\/1305914803-3d7fec4efab135dac49fd1387e34ad12.jpg?resize=350%2C200","width":350,"height":200},"classes":[]},{"id":3414,"url":"http:\/\/www.moda.es\/blog\/les-petites-aterriza-en-madrid\/","url_meta":{"origin":7811,"position":2},"title":"Les petites aterriza en Madrid","date":"septiembre 25, 2011","format":false,"excerpt":"Por fin. La firma francesa Les Petites acaba de llegar a Espa\u00f1a. A principios de este mes ha abierto su primera tienda en nuestro pa\u00eds, situada en pleno barrio de Salamanca, en la calle Claudio Coello, 40. Les Petites, adem\u00e1s de sus boutiques en Francia, tiene puntos de venta en\u2026","rel":"","context":"En \u00abFirmas\u00bb","img":{"alt_text":"","src":"https:\/\/i0.wp.com\/www.moda.es\/blog\/wp-content\/uploads\/2011\/09\/lespetites-home-main-lp1.jpg?fit=518%2C309&resize=350%2C200","width":350,"height":200},"classes":[]},{"id":279,"url":"http:\/\/www.moda.es\/blog\/los-bebes-mas-cool\/","url_meta":{"origin":7811,"position":3},"title":"Los beb\u00e9s m\u00e1s cool","date":"diciembre 16, 2010","format":false,"excerpt":"Salir de\u00a0que me corten el pelo\u00a0una tarde y encontrarme una tienda que llama\u00a0mi atenci\u00f3n, entrar y hacer un genial descubrimiento, no tiene precio. Es una de esas cosas que te cambian el d\u00eda, el humor. Eso me pas\u00f3 con \u00a1Gl\u00fcck!, una tienda de moda para\u00a0ni\u00f1os de hoy que se encuentra\u2026","rel":"","context":"En \u00abSobre Moda.es\u00bb","img":{"alt_text":"","src":"https:\/\/i0.wp.com\/www.moda.es\/blog\/wp-content\/uploads\/2010\/12\/gluck1.jpg?fit=520%2C349&resize=350%2C200","width":350,"height":200},"classes":[]},{"id":4658,"url":"http:\/\/www.moda.es\/blog\/preparando-la-lista-de-regalos\/","url_meta":{"origin":7811,"position":4},"title":"Preparando la lista de regalos","date":"diciembre 14, 2011","format":false,"excerpt":"El tiempo pasa volando, es una obviedad, y la Navidad llama a las puertas. Hay que ir comprando los regalos que se acumulan en la lista de los Reyes Magos. Quiz\u00e1 te falten ideas de qu\u00e9 regalar a familia y amigos, no desesperes, hoy te damos una: si est\u00e1s en\u2026","rel":"","context":"En \u00abTiendas\u00bb","img":{"alt_text":"","src":"https:\/\/i0.wp.com\/www.moda.es\/blog\/wp-content\/uploads\/2011\/12\/CAJA-e13238193516151.jpg?fit=500%2C500&resize=350%2C200","width":350,"height":200},"classes":[]},{"id":8636,"url":"http:\/\/www.moda.es\/blog\/quin-jovenes-emprendedoras-jovenes-disenadores\/","url_meta":{"origin":7811,"position":5},"title":"Q\u00dcIN, j\u00f3venes emprendedoras, j\u00f3venes dise\u00f1adores","date":"septiembre 8, 2012","format":false,"excerpt":"Un primer piso en pleno barrio de salamanca. Bajo las l\u00e1mparas con flores de cristal de los a\u00f1os 20, los arcos con rom\u00e1ticas molduras, frente a una chimenea de impactante m\u00e1rmol negro y muebles de anticuario, se despliegan una serie de colecciones de ropa y accesorios de lo m\u00e1s vanguardista.\u2026","rel":"","context":"En \u00abTiendas\u00bb","img":{"alt_text":"","src":"https:\/\/i0.wp.com\/www.moda.es\/blog\/wp-content\/uploads\/2012\/09\/QUIN-1-e13471171215261.jpg?fit=407%2C600&resize=350%2C200","width":350,"height":200},"classes":[]}],"_links":{"self":[{"href":"http:\/\/www.moda.es\/blog\/wp-json\/wp\/v2\/posts\/7811"}],"collection":[{"href":"http:\/\/www.moda.es\/blog\/wp-json\/wp\/v2\/posts"}],"about":[{"href":"http:\/\/www.moda.es\/blog\/wp-json\/wp\/v2\/types\/post"}],"author":[{"embeddable":true,"href":"http:\/\/www.moda.es\/blog\/wp-json\/wp\/v2\/users\/2"}],"replies":[{"embeddable":true,"href":"http:\/\/www.moda.es\/blog\/wp-json\/wp\/v2\/comments?post=7811"}],"version-history":[{"count":0,"href":"http:\/\/www.moda.es\/blog\/wp-json\/wp\/v2\/posts\/7811\/revisions"}],"wp:featuredmedia":[{"embeddable":true,"href":"http:\/\/www.moda.es\/blog\/wp-json\/wp\/v2\/media\/16816"}],"wp:attachment":[{"href":"http:\/\/www.moda.es\/blog\/wp-json\/wp\/v2\/media?parent=7811"}],"wp:term":[{"taxonomy":"category","embeddable":true,"href":"http:\/\/www.moda.es\/blog\/wp-json\/wp\/v2\/categories?post=7811"},{"taxonomy":"post_tag","embeddable":true,"href":"http:\/\/www.moda.es\/blog\/wp-json\/wp\/v2\/tags?post=7811"}],"curies":[{"name":"wp","href":"https:\/\/api.w.org\/{rel}","templated":true}]}}