{"id":7779,"date":"2012-07-02T23:48:00","date_gmt":"2012-07-02T21:48:00","guid":{"rendered":"http:\/\/www.moda.es\/blog\/?p=7779"},"modified":"2012-07-02T23:48:00","modified_gmt":"2012-07-02T21:48:00","slug":"no-diga-cine-diga-coppola","status":"publish","type":"post","link":"http:\/\/www.moda.es\/blog\/no-diga-cine-diga-coppola\/","title":{"rendered":"No diga cine, diga Coppola"},"content":{"rendered":"<figure id=\"attachment_7789\" aria-describedby=\"caption-attachment-7789\" style=\"width: 400px\" class=\"wp-caption aligncenter\"><a href=\"https:\/\/i0.wp.com\/www.moda.es\/blog\/wp-content\/uploads\/2012\/07\/sofia-coppola-paris-vogue.jpg\"><img data-attachment-id=\"7789\" data-permalink=\"http:\/\/www.moda.es\/blog\/sofia-coppola-paris-vogue\/\" data-orig-file=\"https:\/\/i0.wp.com\/www.moda.es\/blog\/wp-content\/uploads\/2012\/07\/sofia-coppola-paris-vogue.jpg?fit=400%2C334\" data-orig-size=\"400,334\" data-comments-opened=\"1\" data-image-meta=\"{&quot;aperture&quot;:&quot;0&quot;,&quot;credit&quot;:&quot;&quot;,&quot;camera&quot;:&quot;&quot;,&quot;caption&quot;:&quot;&quot;,&quot;created_timestamp&quot;:&quot;0&quot;,&quot;copyright&quot;:&quot;&quot;,&quot;focal_length&quot;:&quot;0&quot;,&quot;iso&quot;:&quot;0&quot;,&quot;shutter_speed&quot;:&quot;0&quot;,&quot;title&quot;:&quot;&quot;}\" data-image-title=\"sofia-coppola-paris-vogue\" data-image-description=\"\" data-image-caption=\"&lt;p&gt;Sofia en Par\u00eds. Foto via www.ithinkfashion.com&lt;\/p&gt;\n\" data-medium-file=\"https:\/\/i0.wp.com\/www.moda.es\/blog\/wp-content\/uploads\/2012\/07\/sofia-coppola-paris-vogue.jpg?fit=300%2C250\" data-large-file=\"https:\/\/i0.wp.com\/www.moda.es\/blog\/wp-content\/uploads\/2012\/07\/sofia-coppola-paris-vogue.jpg?fit=400%2C334\" loading=\"lazy\" class=\"size-full wp-image-7789\" src=\"https:\/\/i0.wp.com\/www.moda.es\/blog\/wp-content\/uploads\/2012\/07\/sofia-coppola-paris-vogue.jpg?resize=400%2C334\" alt=\"\" width=\"400\" height=\"334\" srcset=\"https:\/\/i0.wp.com\/www.moda.es\/blog\/wp-content\/uploads\/2012\/07\/sofia-coppola-paris-vogue.jpg?w=400 400w, https:\/\/i0.wp.com\/www.moda.es\/blog\/wp-content\/uploads\/2012\/07\/sofia-coppola-paris-vogue.jpg?resize=300%2C250 300w\" sizes=\"(max-width: 400px) 100vw, 400px\" data-recalc-dims=\"1\" \/><\/a><figcaption id=\"caption-attachment-7789\" class=\"wp-caption-text\">Sofia en Par\u00eds. Foto via www.ithinkfashion.com<\/figcaption><\/figure>\n<p>Con permiso de &#8216;Muchachada Nui&#8217; (\u00bfo era la \u00e9poca de &#8216;La Hora Chanante&#8217;?) y don Francis Ford Coppola. Que nos disculpe el segundo, que aunque es uno de los mejores directores del cine americano de finales del siglo XX, su hija le roba en este post todo protagonismo y es que hablamos de ella como icono de moda, no como directora.<\/p>\n<figure id=\"attachment_7791\" aria-describedby=\"caption-attachment-7791\" style=\"width: 452px\" class=\"wp-caption aligncenter\"><a href=\"https:\/\/i0.wp.com\/www.moda.es\/blog\/wp-content\/uploads\/2012\/07\/Sofia-Coppola-1.jpg\"><img data-attachment-id=\"7791\" data-permalink=\"http:\/\/www.moda.es\/blog\/sofia-coppola-1\/\" data-orig-file=\"https:\/\/i0.wp.com\/www.moda.es\/blog\/wp-content\/uploads\/2012\/07\/Sofia-Coppola-1.jpg?fit=452%2C550\" data-orig-size=\"452,550\" data-comments-opened=\"1\" data-image-meta=\"{&quot;aperture&quot;:&quot;0&quot;,&quot;credit&quot;:&quot;&quot;,&quot;camera&quot;:&quot;&quot;,&quot;caption&quot;:&quot;&quot;,&quot;created_timestamp&quot;:&quot;0&quot;,&quot;copyright&quot;:&quot;&quot;,&quot;focal_length&quot;:&quot;0&quot;,&quot;iso&quot;:&quot;0&quot;,&quot;shutter_speed&quot;:&quot;0&quot;,&quot;title&quot;:&quot;&quot;}\" data-image-title=\"Sofia-Coppola (1)\" data-image-description=\"\" data-image-caption=\"&lt;p&gt;En 2008, junto a Maggie Gyllenhaal y Antoine Arnault en un desfile de Galliano. Foto via www.fashionologie.com&lt;\/p&gt;\n\" data-medium-file=\"https:\/\/i0.wp.com\/www.moda.es\/blog\/wp-content\/uploads\/2012\/07\/Sofia-Coppola-1.jpg?fit=246%2C300\" data-large-file=\"https:\/\/i0.wp.com\/www.moda.es\/blog\/wp-content\/uploads\/2012\/07\/Sofia-Coppola-1.jpg?fit=452%2C550\" loading=\"lazy\" class=\"size-full wp-image-7791\" src=\"https:\/\/i0.wp.com\/www.moda.es\/blog\/wp-content\/uploads\/2012\/07\/Sofia-Coppola-1.jpg?resize=452%2C550\" alt=\"\" width=\"452\" height=\"550\" srcset=\"https:\/\/i0.wp.com\/www.moda.es\/blog\/wp-content\/uploads\/2012\/07\/Sofia-Coppola-1.jpg?w=452 452w, https:\/\/i0.wp.com\/www.moda.es\/blog\/wp-content\/uploads\/2012\/07\/Sofia-Coppola-1.jpg?resize=246%2C300 246w\" sizes=\"(max-width: 452px) 100vw, 452px\" data-recalc-dims=\"1\" \/><\/a><figcaption id=\"caption-attachment-7791\" class=\"wp-caption-text\">En 2008, junto a Maggie Gyllenhaal y Antoine Arnault en un desfile de Galliano. Foto via www.fashionologie.com<\/figcaption><\/figure>\n<p>Si menos es m\u00e1s, Sofia Coppola es la encarnaci\u00f3n de este &#8216;slogan&#8217;. Su estilo sin excesos, m\u00e1s europeo que americano y un poco &#8216;preppy&#8217; destaca por su sencillez y buen gusto. Hace tiempo, hac\u00edamos un hueco en nuestras l\u00edneas a su boda en Italia con el cantante franc\u00e9s Thomas Mars (<a href=\"http:\/\/www.wearephoenix.com\/\">Phoenix<\/a>). En esa ocasi\u00f3n, la directora de cine nos sorprend\u00eda salt\u00e1ndose el protocolo con un vestido corto -a la rodilla- de gasa en color malva, eso s\u00ed, de Azzedine Alaia.<\/p>\n<figure id=\"attachment_7788\" aria-describedby=\"caption-attachment-7788\" style=\"width: 500px\" class=\"wp-caption aligncenter\"><a href=\"https:\/\/i0.wp.com\/www.moda.es\/blog\/wp-content\/uploads\/2012\/07\/Sofia-Coppola-2.jpg\"><img data-attachment-id=\"7788\" data-permalink=\"http:\/\/www.moda.es\/blog\/sofia-coppola-2\/\" data-orig-file=\"https:\/\/i0.wp.com\/www.moda.es\/blog\/wp-content\/uploads\/2012\/07\/Sofia-Coppola-2-e1341264880955.jpg?fit=500%2C333\" data-orig-size=\"500,333\" data-comments-opened=\"1\" data-image-meta=\"{&quot;aperture&quot;:&quot;0&quot;,&quot;credit&quot;:&quot;&quot;,&quot;camera&quot;:&quot;&quot;,&quot;caption&quot;:&quot;&quot;,&quot;created_timestamp&quot;:&quot;0&quot;,&quot;copyright&quot;:&quot;&quot;,&quot;focal_length&quot;:&quot;0&quot;,&quot;iso&quot;:&quot;0&quot;,&quot;shutter_speed&quot;:&quot;0&quot;,&quot;title&quot;:&quot;&quot;}\" data-image-title=\"Sofia-Coppola (2)\" data-image-description=\"\" data-image-caption=\"&lt;p&gt;Sofia Coppola, el d\u00eda de su boda. Foto via www.fashionologie.com&lt;\/p&gt;\n\" data-medium-file=\"https:\/\/i0.wp.com\/www.moda.es\/blog\/wp-content\/uploads\/2012\/07\/Sofia-Coppola-2-e1341264880955.jpg?fit=300%2C199\" data-large-file=\"https:\/\/i0.wp.com\/www.moda.es\/blog\/wp-content\/uploads\/2012\/07\/Sofia-Coppola-2-e1341264880955.jpg?fit=500%2C333\" loading=\"lazy\" class=\"size-full wp-image-7788\" src=\"https:\/\/i0.wp.com\/www.moda.es\/blog\/wp-content\/uploads\/2012\/07\/Sofia-Coppola-2-e1341264880955.jpg?resize=500%2C333\" alt=\"\" width=\"500\" height=\"333\" srcset=\"https:\/\/i0.wp.com\/www.moda.es\/blog\/wp-content\/uploads\/2012\/07\/Sofia-Coppola-2-e1341264880955.jpg?w=500 500w, https:\/\/i0.wp.com\/www.moda.es\/blog\/wp-content\/uploads\/2012\/07\/Sofia-Coppola-2-e1341264880955.jpg?resize=300%2C199 300w\" sizes=\"(max-width: 500px) 100vw, 500px\" data-recalc-dims=\"1\" \/><\/a><figcaption id=\"caption-attachment-7788\" class=\"wp-caption-text\">Sofia Coppola, el d\u00eda de su boda. Foto via www.fashionologie.com<\/figcaption><\/figure>\n<p>En los estrenos, siempre acierta. Su prenda fetiche, el &#8216;little black dress&#8217; o alg\u00fan vestido sencillo monocolor. Suele ser fiel a Chanel. Para las dem\u00e1s ocasiones, en el d\u00eda a d\u00eda, \u00bfsu combinaci\u00f3n estrella? Vestido o pantalones capri y jersey, y a los pies, unas bailarinas. Su mix favorito: el blanco y negro. Resulta adem\u00e1s muy natural, la cara siempre limpia o con un ligero maquillaje de lo m\u00e1s fresco.<\/p>\n<figure id=\"attachment_7790\" aria-describedby=\"caption-attachment-7790\" style=\"width: 332px\" class=\"wp-caption aligncenter\"><a href=\"https:\/\/i0.wp.com\/www.moda.es\/blog\/wp-content\/uploads\/2012\/07\/Sofia-Coppola.jpg\"><img data-attachment-id=\"7790\" data-permalink=\"http:\/\/www.moda.es\/blog\/sofia-coppola\/\" data-orig-file=\"https:\/\/i0.wp.com\/www.moda.es\/blog\/wp-content\/uploads\/2012\/07\/Sofia-Coppola-e1341265209652.jpg?fit=332%2C500\" data-orig-size=\"332,500\" data-comments-opened=\"1\" data-image-meta=\"{&quot;aperture&quot;:&quot;0&quot;,&quot;credit&quot;:&quot;&quot;,&quot;camera&quot;:&quot;&quot;,&quot;caption&quot;:&quot;&quot;,&quot;created_timestamp&quot;:&quot;0&quot;,&quot;copyright&quot;:&quot;&quot;,&quot;focal_length&quot;:&quot;0&quot;,&quot;iso&quot;:&quot;0&quot;,&quot;shutter_speed&quot;:&quot;0&quot;,&quot;title&quot;:&quot;&quot;}\" data-image-title=\"Sofia-Coppola\" data-image-description=\"\" data-image-caption=\"&lt;p&gt;La directora en el Festival de Venecia en 2010. Foto via www.fashionologie.com&lt;\/p&gt;\n\" data-medium-file=\"https:\/\/i0.wp.com\/www.moda.es\/blog\/wp-content\/uploads\/2012\/07\/Sofia-Coppola-e1341265209652.jpg?fit=199%2C300\" data-large-file=\"https:\/\/i0.wp.com\/www.moda.es\/blog\/wp-content\/uploads\/2012\/07\/Sofia-Coppola-e1341265209652.jpg?fit=332%2C500\" loading=\"lazy\" class=\"size-full wp-image-7790\" src=\"https:\/\/i0.wp.com\/www.moda.es\/blog\/wp-content\/uploads\/2012\/07\/Sofia-Coppola-e1341265209652.jpg?resize=332%2C500\" alt=\"\" width=\"332\" height=\"500\" srcset=\"https:\/\/i0.wp.com\/www.moda.es\/blog\/wp-content\/uploads\/2012\/07\/Sofia-Coppola-e1341265209652.jpg?w=332 332w, https:\/\/i0.wp.com\/www.moda.es\/blog\/wp-content\/uploads\/2012\/07\/Sofia-Coppola-e1341265209652.jpg?resize=199%2C300 199w\" sizes=\"(max-width: 332px) 100vw, 332px\" data-recalc-dims=\"1\" \/><\/a><figcaption id=\"caption-attachment-7790\" class=\"wp-caption-text\">La directora en el Festival de Venecia en 2010. Foto via www.fashionologie.com<\/figcaption><\/figure>\n<figure id=\"attachment_7795\" aria-describedby=\"caption-attachment-7795\" style=\"width: 339px\" class=\"wp-caption aligncenter\"><a href=\"https:\/\/i0.wp.com\/www.moda.es\/blog\/wp-content\/uploads\/2012\/07\/Sofia+Coppola+Tops+T+Shirt+i22K82cbELtl.jpg\"><img data-attachment-id=\"7795\" data-permalink=\"http:\/\/www.moda.es\/blog\/sofiacoppolatopstshirti22k82cbeltl\/\" data-orig-file=\"https:\/\/i0.wp.com\/www.moda.es\/blog\/wp-content\/uploads\/2012\/07\/Sofia+Coppola+Tops+T+Shirt+i22K82cbELtl-e1341266043259.jpg?fit=339%2C500\" data-orig-size=\"339,500\" data-comments-opened=\"1\" data-image-meta=\"{&quot;aperture&quot;:&quot;0&quot;,&quot;credit&quot;:&quot;&quot;,&quot;camera&quot;:&quot;&quot;,&quot;caption&quot;:&quot;&quot;,&quot;created_timestamp&quot;:&quot;0&quot;,&quot;copyright&quot;:&quot;&quot;,&quot;focal_length&quot;:&quot;0&quot;,&quot;iso&quot;:&quot;0&quot;,&quot;shutter_speed&quot;:&quot;0&quot;,&quot;title&quot;:&quot;&quot;}\" data-image-title=\"Sofia+Coppola+Tops+T+Shirt+i22K82cbELtl\" data-image-description=\"\" data-image-caption=\"&lt;p&gt;Aqu\u00ed, con &#8216;look casual&#8217; con camiseta marinera. Foto via www.stylebistro.com.&lt;\/p&gt;\n\" data-medium-file=\"https:\/\/i0.wp.com\/www.moda.es\/blog\/wp-content\/uploads\/2012\/07\/Sofia+Coppola+Tops+T+Shirt+i22K82cbELtl-e1341266043259.jpg?fit=203%2C300\" data-large-file=\"https:\/\/i0.wp.com\/www.moda.es\/blog\/wp-content\/uploads\/2012\/07\/Sofia+Coppola+Tops+T+Shirt+i22K82cbELtl-e1341266043259.jpg?fit=339%2C500\" loading=\"lazy\" class=\"size-full wp-image-7795\" src=\"https:\/\/i0.wp.com\/www.moda.es\/blog\/wp-content\/uploads\/2012\/07\/Sofia+Coppola+Tops+T+Shirt+i22K82cbELtl-e1341266043259.jpg?resize=339%2C500\" alt=\"\" width=\"339\" height=\"500\" srcset=\"https:\/\/i0.wp.com\/www.moda.es\/blog\/wp-content\/uploads\/2012\/07\/Sofia+Coppola+Tops+T+Shirt+i22K82cbELtl-e1341266043259.jpg?w=339 339w, https:\/\/i0.wp.com\/www.moda.es\/blog\/wp-content\/uploads\/2012\/07\/Sofia+Coppola+Tops+T+Shirt+i22K82cbELtl-e1341266043259.jpg?resize=203%2C300 203w\" sizes=\"(max-width: 339px) 100vw, 339px\" data-recalc-dims=\"1\" \/><\/a><figcaption id=\"caption-attachment-7795\" class=\"wp-caption-text\">Aqu\u00ed, con &#8216;look casual&#8217; con camiseta marinera. Foto via www.stylebistro.com.<\/figcaption><\/figure>\n<p>Aunque su estilo le ha de venir de la cuna, no debemos olvidar que es \u00edntima de Marc Jacobs y quiz\u00e1 \u00e9ste le haya dado m\u00e1s de un consejo. A\u00fan as\u00ed, Sofia Coppola es un buen ejemplo de correcci\u00f3n y elegancia.<\/p>\n<figure id=\"attachment_7792\" aria-describedby=\"caption-attachment-7792\" style=\"width: 403px\" class=\"wp-caption aligncenter\"><a href=\"https:\/\/i0.wp.com\/www.moda.es\/blog\/wp-content\/uploads\/2012\/07\/phpThumb_generated_thumbnailjpg.jpg\"><img data-attachment-id=\"7792\" data-permalink=\"http:\/\/www.moda.es\/blog\/phpthumb_generated_thumbnailjpg\/\" data-orig-file=\"https:\/\/i0.wp.com\/www.moda.es\/blog\/wp-content\/uploads\/2012\/07\/phpThumb_generated_thumbnailjpg-e1341265585697.jpg?fit=403%2C500\" data-orig-size=\"403,500\" data-comments-opened=\"1\" data-image-meta=\"{&quot;aperture&quot;:&quot;0&quot;,&quot;credit&quot;:&quot;&quot;,&quot;camera&quot;:&quot;&quot;,&quot;caption&quot;:&quot;&quot;,&quot;created_timestamp&quot;:&quot;0&quot;,&quot;copyright&quot;:&quot;&quot;,&quot;focal_length&quot;:&quot;0&quot;,&quot;iso&quot;:&quot;0&quot;,&quot;shutter_speed&quot;:&quot;0&quot;,&quot;title&quot;:&quot;&quot;}\" data-image-title=\"phpThumb_generated_thumbnailjpg\" data-image-description=\"\" data-image-caption=\"&lt;p&gt;Sofia cuando fue portada de Vogue Italia en 1992. Foto via www.fashionmodeldirectory.com&lt;\/p&gt;\n\" data-medium-file=\"https:\/\/i0.wp.com\/www.moda.es\/blog\/wp-content\/uploads\/2012\/07\/phpThumb_generated_thumbnailjpg-e1341265585697.jpg?fit=241%2C300\" data-large-file=\"https:\/\/i0.wp.com\/www.moda.es\/blog\/wp-content\/uploads\/2012\/07\/phpThumb_generated_thumbnailjpg-e1341265585697.jpg?fit=403%2C500\" loading=\"lazy\" class=\"size-full wp-image-7792\" src=\"https:\/\/i0.wp.com\/www.moda.es\/blog\/wp-content\/uploads\/2012\/07\/phpThumb_generated_thumbnailjpg-e1341265585697.jpg?resize=403%2C500\" alt=\"\" width=\"403\" height=\"500\" srcset=\"https:\/\/i0.wp.com\/www.moda.es\/blog\/wp-content\/uploads\/2012\/07\/phpThumb_generated_thumbnailjpg-e1341265585697.jpg?w=403 403w, https:\/\/i0.wp.com\/www.moda.es\/blog\/wp-content\/uploads\/2012\/07\/phpThumb_generated_thumbnailjpg-e1341265585697.jpg?resize=241%2C300 241w\" sizes=\"(max-width: 403px) 100vw, 403px\" data-recalc-dims=\"1\" \/><\/a><figcaption id=\"caption-attachment-7792\" class=\"wp-caption-text\">Sofia cuando fue portada de Vogue Italia en 1992. Foto via www.fashionmodeldirectory.com<\/figcaption><\/figure>\n","protected":false},"excerpt":{"rendered":"<p>Con permiso de &#8216;Muchachada Nui&#8217; (\u00bfo era la \u00e9poca de &#8216;La Hora Chanante&#8217;?) y don Francis Ford Coppola. Que nos disculpe el segundo, que aunque es uno de los mejores directores del cine americano de finales del siglo XX, su hija le roba en este post todo protagonismo y es [&hellip;]<\/p>\n","protected":false},"author":2,"featured_media":16820,"comment_status":"open","ping_status":"open","sticky":false,"template":"","format":"standard","meta":{"jetpack_publicize_message":"","jetpack_is_tweetstorm":false,"jetpack_publicize_feature_enabled":true},"categories":[17],"tags":[],"jetpack_publicize_connections":[],"jetpack_featured_media_url":"https:\/\/i0.wp.com\/www.moda.es\/blog\/wp-content\/uploads\/2012\/07\/sofia-coppola-paris-vogue1.jpg?fit=400%2C334","jetpack_sharing_enabled":true,"jetpack_shortlink":"https:\/\/wp.me\/p4tJCC-21t","jetpack-related-posts":[{"id":4954,"url":"http:\/\/www.moda.es\/blog\/sofia-coppola-marni-h-m\/","url_meta":{"origin":7779,"position":0},"title":"Sofia Coppola + Marni + H &#038; M","date":"enero 7, 2012","format":false,"excerpt":"Sofia es una chica del cine y de la moda. Ganadora de un \u00d3scar, hija del director Francis Ford Coppola, no s\u00f3lo ha seguido sus pasos sino que en su juventud hizo sus pinitos como actriz. Los cin\u00e9filos recordar\u00e1n su -para muchos lamentable- papel en El Padrino III Parte, y\u2026","rel":"","context":"En \u00abCine y Moda\u00bb","img":{"alt_text":"","src":"https:\/\/i0.wp.com\/www.moda.es\/blog\/wp-content\/uploads\/2012\/01\/Sofia-Coppola-pub-Marni-pour-HM1.jpg?fit=600%2C405&resize=350%2C200","width":350,"height":200},"classes":[]},{"id":18506,"url":"http:\/\/www.moda.es\/blog\/navidad-y-cine-con-gap\/","url_meta":{"origin":7779,"position":1},"title":"Navidad y cine con GAP","date":"noviembre 13, 2014","format":false,"excerpt":"Gap ya est\u00e1 pensando en la Navidad y lo hace con una serie de v\u00eddeos que recogen situaciones normales que las personas reales hacen durante las fiestas. Estos cortos son parte de la campa\u00f1a de Gap \"Dress Normal\", que se ha puesto en marcha este oto\u00f1o con el objetivo de\u2026","rel":"","context":"En \u00abActualidad\u00bb","img":{"alt_text":"","src":"https:\/\/i0.wp.com\/www.moda.es\/blog\/wp-content\/uploads\/2014\/11\/coppola.jpg?fit=650%2C433&resize=350%2C200","width":350,"height":200},"classes":[]},{"id":8746,"url":"http:\/\/www.moda.es\/blog\/yvonne-blake-un-vestuario-de-cine-de-superman-a-goya\/","url_meta":{"origin":7779,"position":2},"title":"Yvonne Blake, un vestuario de cine de Superman a Goya","date":"septiembre 14, 2012","format":false,"excerpt":"Ganadora de un Oscar y cuatro premios Goya, la labor como figurinista, o si se prefiere creadora de vestuario para el cine, de Yvonne Blake (Manchester, 1940) estaba ya reconocido. Sin embargo, la semana pasada recib\u00eda el no menos merecido reconocimiento de Premio Nacional de Cinematograf\u00eda, un galard\u00f3n existente desde\u2026","rel":"","context":"En \u00abCine y Moda\u00bb","img":{"alt_text":"","src":"https:\/\/i0.wp.com\/www.moda.es\/blog\/wp-content\/uploads\/2012\/09\/superman-o-filme-superman-19781-e13476516552991.jpg?fit=500%2C206&resize=350%2C200","width":350,"height":200},"classes":[]},{"id":5582,"url":"http:\/\/www.moda.es\/blog\/la-boda-que-paso-desapercibida\/","url_meta":{"origin":7779,"position":3},"title":"La boda que pas\u00f3 desapercibida","date":"febrero 17, 2012","format":false,"excerpt":"En un post del mes pasado os habl\u00e1bamos del \u00faltimo trabajo de Sofia Coppola vinculado con la moda, el spot para la nueva joint venture entre el gigante sueco H&M y una firma de lujo como es Marni. Aqu\u00ed somos admiradores del trabajo de la cineasta y tambi\u00e9n hay que\u2026","rel":"","context":"En \u00abNovias\u00bb","img":{"alt_text":"","src":"https:\/\/i0.wp.com\/www.moda.es\/blog\/wp-content\/uploads\/2012\/02\/Sofia-Coppola-Italian-Wedding-Pictures-e13295118036371.jpg?fit=500%2C359&resize=350%2C200","width":350,"height":200},"classes":[]},{"id":6583,"url":"http:\/\/www.moda.es\/blog\/las-multiples-caras-y-estilos-de-diane-keaton\/","url_meta":{"origin":7779,"position":4},"title":"Las m\u00faltiples caras (y estilos) de Diane Keaton","date":"abril 12, 2012","format":false,"excerpt":"Hoy nos ponemos un poco nost\u00e1lgicos volviendo a un tema que ten\u00edamos algo abandonado: la relaci\u00f3n cine y moda. En este ocasi\u00f3n volvemos la mirada a una actriz que nos gusta especialmente y que fuera de los sets de rodaje tiene un estilo personal e intransferible, muy dandy: Diane Keaton.\u2026","rel":"","context":"En \u00abCine y Moda\u00bb","img":{"alt_text":"","src":"https:\/\/i0.wp.com\/www.moda.es\/blog\/wp-content\/uploads\/2012\/04\/Annie-Hall5-e13342596977781.jpg?fit=500%2C304&resize=350%2C200","width":350,"height":200},"classes":[]},{"id":21568,"url":"http:\/\/www.moda.es\/blog\/motivacion-maxima-en-el-gym-con-rosie-huntington\/","url_meta":{"origin":7779,"position":5},"title":"Motivaci\u00f3n m\u00e1xima en el gym con Rosie Huntington","date":"enero 5, 2017","format":false,"excerpt":"No hay nada como la perspectiva de un entrenamiento con una supermodelo para agregar un toque de motivaci\u00f3n\u00a0extra para salir\u00a0de la cama en una ma\u00f1ana fr\u00eda y oscura a principios de enero para entrenar.Watch Full Movie Online Streaming Online and Download Ofreciendo as\u00ed un poco de inspiraci\u00f3n, \u00a0Rosie Huntington-Whiteley se\u2026","rel":"","context":"En \u00abCampa\u00f1as\u00bb","img":{"alt_text":"","src":"https:\/\/i0.wp.com\/www.moda.es\/blog\/wp-content\/uploads\/2017\/01\/Captura-de-pantalla-2017-01-05-a-las-19.33.20.png?fit=484%2C481&resize=350%2C200","width":350,"height":200},"classes":[]}],"_links":{"self":[{"href":"http:\/\/www.moda.es\/blog\/wp-json\/wp\/v2\/posts\/7779"}],"collection":[{"href":"http:\/\/www.moda.es\/blog\/wp-json\/wp\/v2\/posts"}],"about":[{"href":"http:\/\/www.moda.es\/blog\/wp-json\/wp\/v2\/types\/post"}],"author":[{"embeddable":true,"href":"http:\/\/www.moda.es\/blog\/wp-json\/wp\/v2\/users\/2"}],"replies":[{"embeddable":true,"href":"http:\/\/www.moda.es\/blog\/wp-json\/wp\/v2\/comments?post=7779"}],"version-history":[{"count":0,"href":"http:\/\/www.moda.es\/blog\/wp-json\/wp\/v2\/posts\/7779\/revisions"}],"wp:featuredmedia":[{"embeddable":true,"href":"http:\/\/www.moda.es\/blog\/wp-json\/wp\/v2\/media\/16820"}],"wp:attachment":[{"href":"http:\/\/www.moda.es\/blog\/wp-json\/wp\/v2\/media?parent=7779"}],"wp:term":[{"taxonomy":"category","embeddable":true,"href":"http:\/\/www.moda.es\/blog\/wp-json\/wp\/v2\/categories?post=7779"},{"taxonomy":"post_tag","embeddable":true,"href":"http:\/\/www.moda.es\/blog\/wp-json\/wp\/v2\/tags?post=7779"}],"curies":[{"name":"wp","href":"https:\/\/api.w.org\/{rel}","templated":true}]}}