{"id":7768,"date":"2012-06-30T10:15:54","date_gmt":"2012-06-30T08:15:54","guid":{"rendered":"http:\/\/www.moda.es\/blog\/?p=7768"},"modified":"2012-06-30T10:15:54","modified_gmt":"2012-06-30T08:15:54","slug":"el-optimismo-se-impregna-de-color","status":"publish","type":"post","link":"http:\/\/www.moda.es\/blog\/el-optimismo-se-impregna-de-color\/","title":{"rendered":"El optimismo se impregna de color"},"content":{"rendered":"<p>Con motivo de la Mil\u00e1n Fashion Week, pudimos descubrir las \u00faltimas propuestas de Z Zegna para la pr\u00f3xima Primavera-Verano 2013. Una colecci\u00f3n cargada de color, efectos de luz y sobre todo mucha positividad.<\/p>\n<p><a href=\"https:\/\/i0.wp.com\/www.moda.es\/blog\/wp-content\/uploads\/2012\/06\/ZZ-SS13-Finale-2.jpg\"><img data-attachment-id=\"7776\" data-permalink=\"http:\/\/www.moda.es\/blog\/zz-ss13-finale-2\/\" data-orig-file=\"https:\/\/i0.wp.com\/www.moda.es\/blog\/wp-content\/uploads\/2012\/06\/ZZ-SS13-Finale-2-e1340996827419.jpg?fit=500%2C332\" data-orig-size=\"500,332\" data-comments-opened=\"1\" data-image-meta=\"{&quot;aperture&quot;:&quot;0&quot;,&quot;credit&quot;:&quot;&quot;,&quot;camera&quot;:&quot;&quot;,&quot;caption&quot;:&quot;&quot;,&quot;created_timestamp&quot;:&quot;0&quot;,&quot;copyright&quot;:&quot;&quot;,&quot;focal_length&quot;:&quot;0&quot;,&quot;iso&quot;:&quot;0&quot;,&quot;shutter_speed&quot;:&quot;0&quot;,&quot;title&quot;:&quot;&quot;}\" data-image-title=\"ZZ SS13 &#8211; Finale 2\" data-image-description=\"\" data-image-caption=\"\" data-medium-file=\"https:\/\/i0.wp.com\/www.moda.es\/blog\/wp-content\/uploads\/2012\/06\/ZZ-SS13-Finale-2-e1340996827419.jpg?fit=300%2C199\" data-large-file=\"https:\/\/i0.wp.com\/www.moda.es\/blog\/wp-content\/uploads\/2012\/06\/ZZ-SS13-Finale-2-e1340996827419.jpg?fit=500%2C332\" loading=\"lazy\" class=\"aligncenter size-full wp-image-7776\" src=\"https:\/\/i0.wp.com\/www.moda.es\/blog\/wp-content\/uploads\/2012\/06\/ZZ-SS13-Finale-2-e1340996827419.jpg?resize=500%2C332\" alt=\"\" width=\"500\" height=\"332\" srcset=\"https:\/\/i0.wp.com\/www.moda.es\/blog\/wp-content\/uploads\/2012\/06\/ZZ-SS13-Finale-2-e1340996827419.jpg?w=500 500w, https:\/\/i0.wp.com\/www.moda.es\/blog\/wp-content\/uploads\/2012\/06\/ZZ-SS13-Finale-2-e1340996827419.jpg?resize=300%2C199 300w\" sizes=\"(max-width: 500px) 100vw, 500px\" data-recalc-dims=\"1\" \/><\/a><\/p>\n<p>Para el hombre Z Zegna, el verano es la \u00e9poca del a\u00f1o para olvidar la rigidez de la vida laboral y dejar espacio para un esp\u00edritu m\u00e1s alegre, despreocupado y en ocasiones, nost\u00e1lgico. Esta nueva colecci\u00f3n emana positividad y optimismo, a la par que entusiasmo y luminosidad. \u00a1Adi\u00f3s disciplina! Ahora es momento de diversi\u00f3n y serenidad ante la vida.<\/p>\n<figure id=\"attachment_7800\" aria-describedby=\"caption-attachment-7800\" style=\"width: 332px\" class=\"wp-caption aligncenter\"><a href=\"https:\/\/i0.wp.com\/www.moda.es\/blog\/wp-content\/uploads\/2012\/06\/ZZ-SS13-Look-6.jpg\"><img data-attachment-id=\"7800\" data-permalink=\"http:\/\/www.moda.es\/blog\/zz-ss13-look-6\/\" data-orig-file=\"https:\/\/i0.wp.com\/www.moda.es\/blog\/wp-content\/uploads\/2012\/06\/ZZ-SS13-Look-6-e1341269060151.jpg?fit=332%2C500\" data-orig-size=\"332,500\" data-comments-opened=\"1\" data-image-meta=\"{&quot;aperture&quot;:&quot;0&quot;,&quot;credit&quot;:&quot;&quot;,&quot;camera&quot;:&quot;&quot;,&quot;caption&quot;:&quot;&quot;,&quot;created_timestamp&quot;:&quot;0&quot;,&quot;copyright&quot;:&quot;&quot;,&quot;focal_length&quot;:&quot;0&quot;,&quot;iso&quot;:&quot;0&quot;,&quot;shutter_speed&quot;:&quot;0&quot;,&quot;title&quot;:&quot;&quot;}\" data-image-title=\"ZZ SS13 &#8211; Look 6\" data-image-description=\"\" data-image-caption=\"&lt;p&gt;Z Zegna SS13, Look 6. &lt;\/p&gt;\n\" data-medium-file=\"https:\/\/i0.wp.com\/www.moda.es\/blog\/wp-content\/uploads\/2012\/06\/ZZ-SS13-Look-6-e1341269060151.jpg?fit=199%2C300\" data-large-file=\"https:\/\/i0.wp.com\/www.moda.es\/blog\/wp-content\/uploads\/2012\/06\/ZZ-SS13-Look-6-e1341269060151.jpg?fit=332%2C500\" loading=\"lazy\" class=\"size-full wp-image-7800\" src=\"https:\/\/i0.wp.com\/www.moda.es\/blog\/wp-content\/uploads\/2012\/06\/ZZ-SS13-Look-6-e1341269060151.jpg?resize=332%2C500\" alt=\"\" width=\"332\" height=\"500\" srcset=\"https:\/\/i0.wp.com\/www.moda.es\/blog\/wp-content\/uploads\/2012\/06\/ZZ-SS13-Look-6-e1341269060151.jpg?w=332 332w, https:\/\/i0.wp.com\/www.moda.es\/blog\/wp-content\/uploads\/2012\/06\/ZZ-SS13-Look-6-e1341269060151.jpg?resize=199%2C300 199w\" sizes=\"(max-width: 332px) 100vw, 332px\" data-recalc-dims=\"1\" \/><\/a><figcaption id=\"caption-attachment-7800\" class=\"wp-caption-text\">Z Zegna P\/ V 2013, Look 6.<\/figcaption><\/figure>\n<figure id=\"attachment_7801\" aria-describedby=\"caption-attachment-7801\" style=\"width: 332px\" class=\"wp-caption aligncenter\"><a href=\"https:\/\/i0.wp.com\/www.moda.es\/blog\/wp-content\/uploads\/2012\/06\/ZZ-SS13-Look-7.jpg\"><img data-attachment-id=\"7801\" data-permalink=\"http:\/\/www.moda.es\/blog\/zz-ss13-look-7\/\" data-orig-file=\"https:\/\/i0.wp.com\/www.moda.es\/blog\/wp-content\/uploads\/2012\/06\/ZZ-SS13-Look-7-e1341269188904.jpg?fit=332%2C500\" data-orig-size=\"332,500\" data-comments-opened=\"1\" data-image-meta=\"{&quot;aperture&quot;:&quot;0&quot;,&quot;credit&quot;:&quot;&quot;,&quot;camera&quot;:&quot;&quot;,&quot;caption&quot;:&quot;&quot;,&quot;created_timestamp&quot;:&quot;0&quot;,&quot;copyright&quot;:&quot;&quot;,&quot;focal_length&quot;:&quot;0&quot;,&quot;iso&quot;:&quot;0&quot;,&quot;shutter_speed&quot;:&quot;0&quot;,&quot;title&quot;:&quot;&quot;}\" data-image-title=\"ZZ SS13 &#8211; Look 7\" data-image-description=\"\" data-image-caption=\"&lt;p&gt;Z Zegna SS13 &#8211; Look 7&lt;\/p&gt;\n\" data-medium-file=\"https:\/\/i0.wp.com\/www.moda.es\/blog\/wp-content\/uploads\/2012\/06\/ZZ-SS13-Look-7-e1341269188904.jpg?fit=199%2C300\" data-large-file=\"https:\/\/i0.wp.com\/www.moda.es\/blog\/wp-content\/uploads\/2012\/06\/ZZ-SS13-Look-7-e1341269188904.jpg?fit=332%2C500\" loading=\"lazy\" class=\"size-full wp-image-7801\" src=\"https:\/\/i0.wp.com\/www.moda.es\/blog\/wp-content\/uploads\/2012\/06\/ZZ-SS13-Look-7-e1341269188904.jpg?resize=332%2C500\" alt=\"\" width=\"332\" height=\"500\" srcset=\"https:\/\/i0.wp.com\/www.moda.es\/blog\/wp-content\/uploads\/2012\/06\/ZZ-SS13-Look-7-e1341269188904.jpg?w=332 332w, https:\/\/i0.wp.com\/www.moda.es\/blog\/wp-content\/uploads\/2012\/06\/ZZ-SS13-Look-7-e1341269188904.jpg?resize=199%2C300 199w\" sizes=\"(max-width: 332px) 100vw, 332px\" data-recalc-dims=\"1\" \/><\/a><figcaption id=\"caption-attachment-7801\" class=\"wp-caption-text\">Z Zegna P\/ V 2013, Look 7.<\/figcaption><\/figure>\n<p>La silueta se aleja del <em>look<\/em> formal, de las l\u00edneas m\u00e1s r\u00edgidas y ajustadas, para dar paso a formas m\u00e1s holgadas, incluso \u2018oversize\u2019 en algunas piezas, con una nueva l\u00ednea de hombros m\u00e1s desestructurada en la construcci\u00f3n de trajes y camisas. La colecci\u00f3n se rinde a la libertad de movimientos, a pensamientos m\u00e1s ligeros y a una visi\u00f3n pr\u00e1ctica del mundo que nos rodea: \u201cVestirse para estar c\u00f3modo se convierte en una filosof\u00eda.\u201d<\/p>\n<figure id=\"attachment_7804\" aria-describedby=\"caption-attachment-7804\" style=\"width: 332px\" class=\"wp-caption aligncenter\"><a href=\"https:\/\/i0.wp.com\/www.moda.es\/blog\/wp-content\/uploads\/2012\/06\/ZZ-SS13-Look-102.jpg\"><img data-attachment-id=\"7804\" data-permalink=\"http:\/\/www.moda.es\/blog\/zz-ss13-look-10-3\/\" data-orig-file=\"https:\/\/i0.wp.com\/www.moda.es\/blog\/wp-content\/uploads\/2012\/06\/ZZ-SS13-Look-102-e1341269523565.jpg?fit=332%2C500\" data-orig-size=\"332,500\" data-comments-opened=\"1\" data-image-meta=\"{&quot;aperture&quot;:&quot;0&quot;,&quot;credit&quot;:&quot;&quot;,&quot;camera&quot;:&quot;&quot;,&quot;caption&quot;:&quot;&quot;,&quot;created_timestamp&quot;:&quot;0&quot;,&quot;copyright&quot;:&quot;&quot;,&quot;focal_length&quot;:&quot;0&quot;,&quot;iso&quot;:&quot;0&quot;,&quot;shutter_speed&quot;:&quot;0&quot;,&quot;title&quot;:&quot;&quot;}\" data-image-title=\"ZZ SS13 &#8211; Look 10\" data-image-description=\"\" data-image-caption=\"&lt;p&gt;Z Zegna P\/ V 2013, Look 10.&lt;\/p&gt;\n\" data-medium-file=\"https:\/\/i0.wp.com\/www.moda.es\/blog\/wp-content\/uploads\/2012\/06\/ZZ-SS13-Look-102-e1341269523565.jpg?fit=199%2C300\" data-large-file=\"https:\/\/i0.wp.com\/www.moda.es\/blog\/wp-content\/uploads\/2012\/06\/ZZ-SS13-Look-102-e1341269523565.jpg?fit=332%2C500\" loading=\"lazy\" class=\"size-full wp-image-7804\" src=\"https:\/\/i0.wp.com\/www.moda.es\/blog\/wp-content\/uploads\/2012\/06\/ZZ-SS13-Look-102-e1341269523565.jpg?resize=332%2C500\" alt=\"\" width=\"332\" height=\"500\" srcset=\"https:\/\/i0.wp.com\/www.moda.es\/blog\/wp-content\/uploads\/2012\/06\/ZZ-SS13-Look-102-e1341269523565.jpg?w=332 332w, https:\/\/i0.wp.com\/www.moda.es\/blog\/wp-content\/uploads\/2012\/06\/ZZ-SS13-Look-102-e1341269523565.jpg?resize=199%2C300 199w\" sizes=\"(max-width: 332px) 100vw, 332px\" data-recalc-dims=\"1\" \/><\/a><figcaption id=\"caption-attachment-7804\" class=\"wp-caption-text\">Z Zegna P\/ V 2013, Look 10.<\/figcaption><\/figure>\n<figure id=\"attachment_7805\" aria-describedby=\"caption-attachment-7805\" style=\"width: 332px\" class=\"wp-caption aligncenter\"><a href=\"https:\/\/i0.wp.com\/www.moda.es\/blog\/wp-content\/uploads\/2012\/06\/ZZ-SS13-Look-13.jpg\"><img data-attachment-id=\"7805\" data-permalink=\"http:\/\/www.moda.es\/blog\/zz-ss13-look-13\/\" data-orig-file=\"https:\/\/i0.wp.com\/www.moda.es\/blog\/wp-content\/uploads\/2012\/06\/ZZ-SS13-Look-13-e1341269616624.jpg?fit=332%2C500\" data-orig-size=\"332,500\" data-comments-opened=\"1\" data-image-meta=\"{&quot;aperture&quot;:&quot;0&quot;,&quot;credit&quot;:&quot;&quot;,&quot;camera&quot;:&quot;&quot;,&quot;caption&quot;:&quot;&quot;,&quot;created_timestamp&quot;:&quot;0&quot;,&quot;copyright&quot;:&quot;&quot;,&quot;focal_length&quot;:&quot;0&quot;,&quot;iso&quot;:&quot;0&quot;,&quot;shutter_speed&quot;:&quot;0&quot;,&quot;title&quot;:&quot;&quot;}\" data-image-title=\"ZZ SS13 &#8211; Look 13\" data-image-description=\"\" data-image-caption=\"&lt;p&gt;Z Zegna P\/ V 2013, Look 13.&lt;\/p&gt;\n\" data-medium-file=\"https:\/\/i0.wp.com\/www.moda.es\/blog\/wp-content\/uploads\/2012\/06\/ZZ-SS13-Look-13-e1341269616624.jpg?fit=199%2C300\" data-large-file=\"https:\/\/i0.wp.com\/www.moda.es\/blog\/wp-content\/uploads\/2012\/06\/ZZ-SS13-Look-13-e1341269616624.jpg?fit=332%2C500\" loading=\"lazy\" class=\"size-full wp-image-7805\" src=\"https:\/\/i0.wp.com\/www.moda.es\/blog\/wp-content\/uploads\/2012\/06\/ZZ-SS13-Look-13-e1341269616624.jpg?resize=332%2C500\" alt=\"\" width=\"332\" height=\"500\" srcset=\"https:\/\/i0.wp.com\/www.moda.es\/blog\/wp-content\/uploads\/2012\/06\/ZZ-SS13-Look-13-e1341269616624.jpg?w=332 332w, https:\/\/i0.wp.com\/www.moda.es\/blog\/wp-content\/uploads\/2012\/06\/ZZ-SS13-Look-13-e1341269616624.jpg?resize=199%2C300 199w\" sizes=\"(max-width: 332px) 100vw, 332px\" data-recalc-dims=\"1\" \/><\/a><figcaption id=\"caption-attachment-7805\" class=\"wp-caption-text\">Z Zegna P\/ V 2013, Look 13.<\/figcaption><\/figure>\n<p>Blazers y chaquetas se inspiran en los cl\u00e1sicos uniformes khaki, de l\u00edneas amplias y sin forro pero sin perder ni un \u00e1pice de su impacto &#8216;sartorial&#8217;. Los cierres de botones altos, junto a fulares de punto de seda, dan protagonismo al rostro. La manga corta moderniza la silueta que a su vez se suaviza con pinzas en la espalda. Los pantalones y chinos de talle alto con detalles de costura francesa se combinan con camisas desabrochadas. Las parkas \u2018oversize\u2019 multibolsillos en lana extra-ligera o en recio algod\u00f3n consiguen superposiciones f\u00e1ciles.<\/p>\n<p>La paleta de color viene marcada por un discreto brillo tornasolado y una gama de tonos con efecto de haber sobrevivido al paso del tiempo. El trabajo del artista <a href=\"http:\/\/www.elcultural.es\/version_papel\/ARTE\/18474\/Dan_Flavin_la_luz_el__pensamiento_el_espacio\/\">Dan Flavin<\/a> inspira la elecci\u00f3n de colores como el mandarina, lim\u00f3n, verde agua, verde aguacate y coral, que aportan energ\u00eda a la base de azul, khaki y marr\u00f3n topo. El prism\u00e1tico degradado de color se acentuado por una sabia elecci\u00f3n de tejidos como el \u2018Solaro\u2019 en algod\u00f3n y lana.<\/p>\n<figure id=\"attachment_7806\" aria-describedby=\"caption-attachment-7806\" style=\"width: 332px\" class=\"wp-caption aligncenter\"><a href=\"https:\/\/i0.wp.com\/www.moda.es\/blog\/wp-content\/uploads\/2012\/06\/ZZ-SS13-Look-26.jpg\"><img data-attachment-id=\"7806\" data-permalink=\"http:\/\/www.moda.es\/blog\/zz-ss13-look-26\/\" data-orig-file=\"https:\/\/i0.wp.com\/www.moda.es\/blog\/wp-content\/uploads\/2012\/06\/ZZ-SS13-Look-26-e1341269744737.jpg?fit=332%2C500\" data-orig-size=\"332,500\" data-comments-opened=\"1\" data-image-meta=\"{&quot;aperture&quot;:&quot;0&quot;,&quot;credit&quot;:&quot;&quot;,&quot;camera&quot;:&quot;&quot;,&quot;caption&quot;:&quot;&quot;,&quot;created_timestamp&quot;:&quot;0&quot;,&quot;copyright&quot;:&quot;&quot;,&quot;focal_length&quot;:&quot;0&quot;,&quot;iso&quot;:&quot;0&quot;,&quot;shutter_speed&quot;:&quot;0&quot;,&quot;title&quot;:&quot;&quot;}\" data-image-title=\"ZZ SS13 &#8211; Look 26\" data-image-description=\"\" data-image-caption=\"&lt;p&gt;Z Zegna P\/ V 2013, Look 26.&lt;\/p&gt;\n\" data-medium-file=\"https:\/\/i0.wp.com\/www.moda.es\/blog\/wp-content\/uploads\/2012\/06\/ZZ-SS13-Look-26-e1341269744737.jpg?fit=199%2C300\" data-large-file=\"https:\/\/i0.wp.com\/www.moda.es\/blog\/wp-content\/uploads\/2012\/06\/ZZ-SS13-Look-26-e1341269744737.jpg?fit=332%2C500\" loading=\"lazy\" class=\"size-full wp-image-7806\" src=\"https:\/\/i0.wp.com\/www.moda.es\/blog\/wp-content\/uploads\/2012\/06\/ZZ-SS13-Look-26-e1341269744737.jpg?resize=332%2C500\" alt=\"\" width=\"332\" height=\"500\" srcset=\"https:\/\/i0.wp.com\/www.moda.es\/blog\/wp-content\/uploads\/2012\/06\/ZZ-SS13-Look-26-e1341269744737.jpg?w=332 332w, https:\/\/i0.wp.com\/www.moda.es\/blog\/wp-content\/uploads\/2012\/06\/ZZ-SS13-Look-26-e1341269744737.jpg?resize=199%2C300 199w\" sizes=\"(max-width: 332px) 100vw, 332px\" data-recalc-dims=\"1\" \/><\/a><figcaption id=\"caption-attachment-7806\" class=\"wp-caption-text\">Z Zegna P\/ V 2013, Look 26.<\/figcaption><\/figure>\n<figure id=\"attachment_7807\" aria-describedby=\"caption-attachment-7807\" style=\"width: 332px\" class=\"wp-caption aligncenter\"><a href=\"https:\/\/i0.wp.com\/www.moda.es\/blog\/wp-content\/uploads\/2012\/06\/ZZ-SS13-Look-28.jpg\"><img data-attachment-id=\"7807\" data-permalink=\"http:\/\/www.moda.es\/blog\/zz-ss13-look-28\/\" data-orig-file=\"https:\/\/i0.wp.com\/www.moda.es\/blog\/wp-content\/uploads\/2012\/06\/ZZ-SS13-Look-28-e1341269860274.jpg?fit=332%2C500\" data-orig-size=\"332,500\" data-comments-opened=\"1\" data-image-meta=\"{&quot;aperture&quot;:&quot;0&quot;,&quot;credit&quot;:&quot;&quot;,&quot;camera&quot;:&quot;&quot;,&quot;caption&quot;:&quot;&quot;,&quot;created_timestamp&quot;:&quot;0&quot;,&quot;copyright&quot;:&quot;&quot;,&quot;focal_length&quot;:&quot;0&quot;,&quot;iso&quot;:&quot;0&quot;,&quot;shutter_speed&quot;:&quot;0&quot;,&quot;title&quot;:&quot;&quot;}\" data-image-title=\"ZZ SS13 &#8211; Look 28\" data-image-description=\"\" data-image-caption=\"&lt;p&gt;Z Zegna P\/ V 2013, Look 28.&lt;\/p&gt;\n\" data-medium-file=\"https:\/\/i0.wp.com\/www.moda.es\/blog\/wp-content\/uploads\/2012\/06\/ZZ-SS13-Look-28-e1341269860274.jpg?fit=199%2C300\" data-large-file=\"https:\/\/i0.wp.com\/www.moda.es\/blog\/wp-content\/uploads\/2012\/06\/ZZ-SS13-Look-28-e1341269860274.jpg?fit=332%2C500\" loading=\"lazy\" class=\"size-full wp-image-7807\" src=\"https:\/\/i0.wp.com\/www.moda.es\/blog\/wp-content\/uploads\/2012\/06\/ZZ-SS13-Look-28-e1341269860274.jpg?resize=332%2C500\" alt=\"\" width=\"332\" height=\"500\" srcset=\"https:\/\/i0.wp.com\/www.moda.es\/blog\/wp-content\/uploads\/2012\/06\/ZZ-SS13-Look-28-e1341269860274.jpg?w=332 332w, https:\/\/i0.wp.com\/www.moda.es\/blog\/wp-content\/uploads\/2012\/06\/ZZ-SS13-Look-28-e1341269860274.jpg?resize=199%2C300 199w\" sizes=\"(max-width: 332px) 100vw, 332px\" data-recalc-dims=\"1\" \/><\/a><figcaption id=\"caption-attachment-7807\" class=\"wp-caption-text\">Z Zegna P\/ V 2013, Look 28.<\/figcaption><\/figure>\n<p>En los accesorios, se apuesta por la comodidad. Los zapatos, h\u00edbridos, combinan formas cl\u00e1sicas en cuero con la suela de unas deportivas.<\/p>\n<figure id=\"attachment_7808\" aria-describedby=\"caption-attachment-7808\" style=\"width: 332px\" class=\"wp-caption aligncenter\"><a href=\"https:\/\/i0.wp.com\/www.moda.es\/blog\/wp-content\/uploads\/2012\/06\/ZZ-SS13-Look-16.jpg\"><img data-attachment-id=\"7808\" data-permalink=\"http:\/\/www.moda.es\/blog\/zz-ss13-look-16\/\" data-orig-file=\"https:\/\/i0.wp.com\/www.moda.es\/blog\/wp-content\/uploads\/2012\/06\/ZZ-SS13-Look-16-e1341269957745.jpg?fit=332%2C500\" data-orig-size=\"332,500\" data-comments-opened=\"1\" data-image-meta=\"{&quot;aperture&quot;:&quot;0&quot;,&quot;credit&quot;:&quot;&quot;,&quot;camera&quot;:&quot;&quot;,&quot;caption&quot;:&quot;&quot;,&quot;created_timestamp&quot;:&quot;0&quot;,&quot;copyright&quot;:&quot;&quot;,&quot;focal_length&quot;:&quot;0&quot;,&quot;iso&quot;:&quot;0&quot;,&quot;shutter_speed&quot;:&quot;0&quot;,&quot;title&quot;:&quot;&quot;}\" data-image-title=\"ZZ SS13 &#8211; Look 16\" data-image-description=\"\" data-image-caption=\"&lt;p&gt;Z Zegna P\/ V 2013, Look 16.&lt;\/p&gt;\n\" data-medium-file=\"https:\/\/i0.wp.com\/www.moda.es\/blog\/wp-content\/uploads\/2012\/06\/ZZ-SS13-Look-16-e1341269957745.jpg?fit=199%2C300\" data-large-file=\"https:\/\/i0.wp.com\/www.moda.es\/blog\/wp-content\/uploads\/2012\/06\/ZZ-SS13-Look-16-e1341269957745.jpg?fit=332%2C500\" loading=\"lazy\" class=\"size-full wp-image-7808\" src=\"https:\/\/i0.wp.com\/www.moda.es\/blog\/wp-content\/uploads\/2012\/06\/ZZ-SS13-Look-16-e1341269957745.jpg?resize=332%2C500\" alt=\"\" width=\"332\" height=\"500\" srcset=\"https:\/\/i0.wp.com\/www.moda.es\/blog\/wp-content\/uploads\/2012\/06\/ZZ-SS13-Look-16-e1341269957745.jpg?w=332 332w, https:\/\/i0.wp.com\/www.moda.es\/blog\/wp-content\/uploads\/2012\/06\/ZZ-SS13-Look-16-e1341269957745.jpg?resize=199%2C300 199w\" sizes=\"(max-width: 332px) 100vw, 332px\" data-recalc-dims=\"1\" \/><\/a><figcaption id=\"caption-attachment-7808\" class=\"wp-caption-text\">Z Zegna P\/ V 2013, Look 16.<\/figcaption><\/figure>\n<p>Un estilo cargado de grafismo y capas para un <em>total look<\/em> que no deja lugar a la incertidumbre.<\/p>\n","protected":false},"excerpt":{"rendered":"<p>Con motivo de la Mil\u00e1n Fashion Week, pudimos descubrir las \u00faltimas propuestas de Z Zegna para la pr\u00f3xima Primavera-Verano 2013. Una colecci\u00f3n cargada de color, efectos de luz y sobre todo mucha positividad. Para el hombre Z Zegna, el verano es la \u00e9poca del a\u00f1o para olvidar la rigidez de [&hellip;]<\/p>\n","protected":false},"author":2,"featured_media":16814,"comment_status":"open","ping_status":"open","sticky":false,"template":"","format":"standard","meta":{"jetpack_publicize_message":"","jetpack_is_tweetstorm":false,"jetpack_publicize_feature_enabled":true},"categories":[19],"tags":[],"jetpack_publicize_connections":[],"jetpack_featured_media_url":"https:\/\/i0.wp.com\/www.moda.es\/blog\/wp-content\/uploads\/2012\/06\/ZZ-SS13-Finale-2-e13409968274191.jpg?fit=500%2C332","jetpack_sharing_enabled":true,"jetpack_shortlink":"https:\/\/wp.me\/p4tJCC-21i","jetpack-related-posts":[{"id":20320,"url":"http:\/\/www.moda.es\/blog\/stella-mccartney-tiene-nuevos-planes\/","url_meta":{"origin":7768,"position":0},"title":"Stella McCartney tiene nuevos planes&#8230;","date":"febrero 17, 2016","format":false,"excerpt":"Despu\u00e9s de haber\u00a0conquistado el mercado de ropa de mujer, Stella McCartney ha fijado su mirada en el mundo de la moda masculina seg\u00fan se ha informado\u00a0esta ma\u00f1ana. La dise\u00f1adora londinense ha anunciado el lanzamiento\u00a0de su primera colecci\u00f3n masculina para la temporada primavera \/ verano 2017 en junio, seg\u00fan informa hoy\u2026","rel":"","context":"En \u00abActualidad\u00bb","img":{"alt_text":"","src":"https:\/\/i0.wp.com\/www.moda.es\/blog\/wp-content\/uploads\/2016\/02\/Captura-de-pantalla-2016-02-16-a-las-23.59.41.png?fit=292%2C432&resize=350%2C200","width":350,"height":200},"classes":[]},{"id":21787,"url":"http:\/\/www.moda.es\/blog\/el-momento-definitivo-de-zegna\/","url_meta":{"origin":7768,"position":1},"title":"El momento definitivo de Zegna","date":"febrero 15, 2017","format":false,"excerpt":"Estamos a unas semanas de cambiar de temporada y las marcas siguen presentando su campa\u00f1as de Primavera - Verano pero si una nos ha sorprendido especialmente es la de Zegna. Ermenegildo Zegna va en una nueva direcci\u00f3n para la nueva\u00a0campa\u00f1a\u00a0de esta temporada. La casa de moda italiana lanza su campa\u00f1a\u2026","rel":"","context":"En \u00abActualidad\u00bb","img":{"alt_text":"","src":"https:\/\/i0.wp.com\/www.moda.es\/blog\/wp-content\/uploads\/2017\/02\/Captura-de-pantalla-2017-02-14-a-las-22.43.07.png?fit=745%2C496&resize=350%2C200","width":350,"height":200},"classes":[]},{"id":11321,"url":"http:\/\/www.moda.es\/blog\/la-vida-chula-de-desigual\/","url_meta":{"origin":7768,"position":2},"title":"La vida chula de Desigual","date":"marzo 7, 2013","format":false,"excerpt":"Al m\u00e1s puro estilo \"\u00bfa qu\u00e9 huelen las nubes?\", Desigual nos invita a adivinar qu\u00e9 se esconde dentro de un beso en una nueva campa\u00f1a llena de intensos y optimistas mensajes que abanderan la diversi\u00f3n, el amor y el sexo. Siguiendo con sus lemas \"La vida es chula\" y \"Sexy,\u2026","rel":"","context":"En \u00abCampa\u00f1as\u00bb","img":{"alt_text":"","src":"https:\/\/i0.wp.com\/www.moda.es\/blog\/wp-content\/uploads\/2013\/03\/Desigual-Primavera-Verano-20131.jpg?fit=358%2C400&resize=350%2C200","width":350,"height":200},"classes":[]},{"id":13295,"url":"http:\/\/www.moda.es\/blog\/desigual-en-la-pasarela-080\/","url_meta":{"origin":7768,"position":3},"title":"Desigual en la pasarela 080","date":"julio 12, 2013","format":false,"excerpt":"La vida de Desigual sigue siendo chula y as\u00ed lo ha demostrado en el desfile de la temporada Primavera - Verano 2014 durante la 080 de Barcelona. En un espacio blanco y di\u00e1fano hicieron su explosi\u00f3n la m\u00fasica, el color... y Adriana Lima. Era la primera vez que la guap\u00edsima\u2026","rel":"","context":"En \u00abColecciones\u00bb","img":{"alt_text":"","src":"https:\/\/i0.wp.com\/www.moda.es\/blog\/wp-content\/uploads\/2013\/07\/Desigual-110.jpg?fit=400%2C276&resize=350%2C200","width":350,"height":200},"classes":[]},{"id":17412,"url":"http:\/\/www.moda.es\/blog\/dale-gas-a-la-primavera\/","url_meta":{"origin":7768,"position":4},"title":"Dale Gas a la primavera","date":"abril 12, 2014","format":false,"excerpt":"Tanto si te marchas de vacaciones como si te quedas en tu ciudad parece que los pr\u00f3ximos d\u00edas ser\u00e1n perfectos para empezar a estrenar las \u00faltimas tendencias de esta temporada. La colecci\u00f3n de Gas para esta Primavera - Verano\u00a0 2014 se inspira en el mar, su fuerza, el optimismo que\u2026","rel":"","context":"En \u00abColecciones\u00bb","img":{"alt_text":"","src":"https:\/\/i0.wp.com\/www.moda.es\/blog\/wp-content\/uploads\/2014\/04\/Gas-7.jpg?fit=650%2C975&resize=350%2C200","width":350,"height":200},"classes":[]},{"id":22515,"url":"http:\/\/www.moda.es\/blog\/ermenegildo-zegna-presenta-el-segundo-capitulo-de-sus-defining-moments\/","url_meta":{"origin":7768,"position":5},"title":"Ermenegildo Zegna presenta el segundo cap\u00edtulo de sus Defining Moments","date":"septiembre 7, 2017","format":false,"excerpt":"Reconocido como uno de los mejores actores de nuestro tiempo, Robert De Niro no necesita presentaci\u00f3n. Benjamin Millepied, por otra parte, ha pasado la mayor parte de su vida fuera del centro de atenci\u00f3n de Hollywood. Despu\u00e9s de una exitosa carrera bailando en algunos de los ballets m\u00e1s prestigiosos del\u2026","rel":"","context":"En \u00abActualidad\u00bb","img":{"alt_text":"","src":"https:\/\/i0.wp.com\/www.moda.es\/blog\/wp-content\/uploads\/2017\/09\/EZ_FW17_ADV_05.jpg?fit=1080%2C705&resize=350%2C200","width":350,"height":200},"classes":[]}],"_links":{"self":[{"href":"http:\/\/www.moda.es\/blog\/wp-json\/wp\/v2\/posts\/7768"}],"collection":[{"href":"http:\/\/www.moda.es\/blog\/wp-json\/wp\/v2\/posts"}],"about":[{"href":"http:\/\/www.moda.es\/blog\/wp-json\/wp\/v2\/types\/post"}],"author":[{"embeddable":true,"href":"http:\/\/www.moda.es\/blog\/wp-json\/wp\/v2\/users\/2"}],"replies":[{"embeddable":true,"href":"http:\/\/www.moda.es\/blog\/wp-json\/wp\/v2\/comments?post=7768"}],"version-history":[{"count":0,"href":"http:\/\/www.moda.es\/blog\/wp-json\/wp\/v2\/posts\/7768\/revisions"}],"wp:featuredmedia":[{"embeddable":true,"href":"http:\/\/www.moda.es\/blog\/wp-json\/wp\/v2\/media\/16814"}],"wp:attachment":[{"href":"http:\/\/www.moda.es\/blog\/wp-json\/wp\/v2\/media?parent=7768"}],"wp:term":[{"taxonomy":"category","embeddable":true,"href":"http:\/\/www.moda.es\/blog\/wp-json\/wp\/v2\/categories?post=7768"},{"taxonomy":"post_tag","embeddable":true,"href":"http:\/\/www.moda.es\/blog\/wp-json\/wp\/v2\/tags?post=7768"}],"curies":[{"name":"wp","href":"https:\/\/api.w.org\/{rel}","templated":true}]}}