{"id":7744,"date":"2012-06-29T15:40:01","date_gmt":"2012-06-29T13:40:01","guid":{"rendered":"http:\/\/www.moda.es\/blog\/?p=7744"},"modified":"2012-06-29T15:40:01","modified_gmt":"2012-06-29T13:40:01","slug":"fuego-en-el-cuerpo","status":"publish","type":"post","link":"http:\/\/www.moda.es\/blog\/fuego-en-el-cuerpo\/","title":{"rendered":"Fuego en el cuerpo"},"content":{"rendered":"<figure id=\"attachment_7762\" aria-describedby=\"caption-attachment-7762\" style=\"width: 333px\" class=\"wp-caption aligncenter\"><a href=\"https:\/\/i0.wp.com\/www.moda.es\/blog\/wp-content\/uploads\/2012\/06\/NbyA.jpg\"><img data-attachment-id=\"7762\" data-permalink=\"http:\/\/www.moda.es\/blog\/nbya\/\" data-orig-file=\"https:\/\/i0.wp.com\/www.moda.es\/blog\/wp-content\/uploads\/2012\/06\/NbyA-e1340961104219.jpg?fit=333%2C500\" data-orig-size=\"333,500\" data-comments-opened=\"1\" data-image-meta=\"{&quot;aperture&quot;:&quot;0&quot;,&quot;credit&quot;:&quot;&quot;,&quot;camera&quot;:&quot;&quot;,&quot;caption&quot;:&quot;&quot;,&quot;created_timestamp&quot;:&quot;0&quot;,&quot;copyright&quot;:&quot;&quot;,&quot;focal_length&quot;:&quot;0&quot;,&quot;iso&quot;:&quot;0&quot;,&quot;shutter_speed&quot;:&quot;0&quot;,&quot;title&quot;:&quot;&quot;}\" data-image-title=\"NbyA\" data-image-description=\"\" data-image-caption=\"&lt;p&gt;Imagen promocional de Najwa by Abragamsson. &lt;\/p&gt;\n\" data-medium-file=\"https:\/\/i0.wp.com\/www.moda.es\/blog\/wp-content\/uploads\/2012\/06\/NbyA-e1340961104219.jpg?fit=199%2C300\" data-large-file=\"https:\/\/i0.wp.com\/www.moda.es\/blog\/wp-content\/uploads\/2012\/06\/NbyA-e1340961104219.jpg?fit=333%2C500\" loading=\"lazy\" class=\"size-full wp-image-7762\" src=\"https:\/\/i0.wp.com\/www.moda.es\/blog\/wp-content\/uploads\/2012\/06\/NbyA-e1340961104219.jpg?resize=333%2C500\" alt=\"\" width=\"333\" height=\"500\" srcset=\"https:\/\/i0.wp.com\/www.moda.es\/blog\/wp-content\/uploads\/2012\/06\/NbyA-e1340961104219.jpg?w=333 333w, https:\/\/i0.wp.com\/www.moda.es\/blog\/wp-content\/uploads\/2012\/06\/NbyA-e1340961104219.jpg?resize=199%2C300 199w\" sizes=\"(max-width: 333px) 100vw, 333px\" data-recalc-dims=\"1\" \/><\/a><figcaption id=\"caption-attachment-7762\" class=\"wp-caption-text\">Imagen promocional de Najwa by Abragamsson.<\/figcaption><\/figure>\n<p>Donde rugen los volcanes, de diamante, los glaciares&#8230; As\u00ed reza el estribillo de &#8216;Donde rugen los volcanes&#8217;,\u00a0primer\u00a0<em>single<\/em> del nuevo \u00e1lbum -hom\u00f3nimo- de Najwa Nimri. Se public\u00f3 el pasado 8 de mayo. Con la gira en plena ebullici\u00f3n, la cantante y actriz acaba de presentar esta semana una l\u00ednea de ropa de lo m\u00e1s fogosa.<\/p>\n<figure id=\"attachment_7774\" aria-describedby=\"caption-attachment-7774\" style=\"width: 299px\" class=\"wp-caption aligncenter\"><a href=\"https:\/\/i0.wp.com\/www.moda.es\/blog\/wp-content\/uploads\/2012\/06\/GUILLE-SOLA.jpg\"><img data-attachment-id=\"7774\" data-permalink=\"http:\/\/www.moda.es\/blog\/guille-sola\/\" data-orig-file=\"https:\/\/i0.wp.com\/www.moda.es\/blog\/wp-content\/uploads\/2012\/06\/GUILLE-SOLA.jpg?fit=299%2C448\" data-orig-size=\"299,448\" data-comments-opened=\"1\" data-image-meta=\"{&quot;aperture&quot;:&quot;14&quot;,&quot;credit&quot;:&quot;&quot;,&quot;camera&quot;:&quot;Canon EOS 7D&quot;,&quot;caption&quot;:&quot;&quot;,&quot;created_timestamp&quot;:&quot;1334930404&quot;,&quot;copyright&quot;:&quot;g.sola&quot;,&quot;focal_length&quot;:&quot;75&quot;,&quot;iso&quot;:&quot;200&quot;,&quot;shutter_speed&quot;:&quot;0.008&quot;,&quot;title&quot;:&quot;&quot;}\" data-image-title=\"GUILLE SOLA\" data-image-description=\"\" data-image-caption=\"&lt;p&gt;La cantante Najwa Nimri con body y sudadera de la l\u00ednea. &lt;\/p&gt;\n\" data-medium-file=\"https:\/\/i0.wp.com\/www.moda.es\/blog\/wp-content\/uploads\/2012\/06\/GUILLE-SOLA.jpg?fit=200%2C300\" data-large-file=\"https:\/\/i0.wp.com\/www.moda.es\/blog\/wp-content\/uploads\/2012\/06\/GUILLE-SOLA.jpg?fit=299%2C448\" loading=\"lazy\" class=\"size-full wp-image-7774\" src=\"https:\/\/i0.wp.com\/www.moda.es\/blog\/wp-content\/uploads\/2012\/06\/GUILLE-SOLA.jpg?resize=299%2C448\" alt=\"\" width=\"299\" height=\"448\" srcset=\"https:\/\/i0.wp.com\/www.moda.es\/blog\/wp-content\/uploads\/2012\/06\/GUILLE-SOLA.jpg?w=299 299w, https:\/\/i0.wp.com\/www.moda.es\/blog\/wp-content\/uploads\/2012\/06\/GUILLE-SOLA.jpg?resize=200%2C300 200w\" sizes=\"(max-width: 299px) 100vw, 299px\" data-recalc-dims=\"1\" \/><\/a><figcaption id=\"caption-attachment-7774\" class=\"wp-caption-text\">La cantante Najwa Nimri con body y sudadera de la l\u00ednea.<\/figcaption><\/figure>\n<p>Piensa en la imagen del magna que desprende un volc\u00e1n. Describ\u00e1moslo as\u00ed: algo como una bola de fuego confundido en nubes de humo. Pues esta estampa frente a un fondo azul cielo ilustran una serie de prendas, cazadora bomber (tan en boga), sudadera y ba\u00f1ador (que lo mismo puede servir de <em>body<\/em> con una falda o un pantal\u00f3n). Con la etiqueta de NAJWA by ABRAHAMSSON, ha surgido esta l\u00ednea de ropa de edici\u00f3n limitada inspirada en su \u00faltimo trabajo discogr\u00e1fico, que ya se ha podido ver en el v\u00eddeo de presentaci\u00f3n del disco.<\/p>\n<figure id=\"attachment_7753\" aria-describedby=\"caption-attachment-7753\" style=\"width: 205px\" class=\"wp-caption aligncenter\"><a href=\"https:\/\/i0.wp.com\/www.moda.es\/blog\/wp-content\/uploads\/2012\/06\/foto_producto_B_1.jpg\"><img data-attachment-id=\"7753\" data-permalink=\"http:\/\/www.moda.es\/blog\/foto_producto_b_1\/\" data-orig-file=\"https:\/\/i0.wp.com\/www.moda.es\/blog\/wp-content\/uploads\/2012\/06\/foto_producto_B_1.jpg?fit=205%2C299\" data-orig-size=\"205,299\" data-comments-opened=\"1\" data-image-meta=\"{&quot;aperture&quot;:&quot;0&quot;,&quot;credit&quot;:&quot;&quot;,&quot;camera&quot;:&quot;&quot;,&quot;caption&quot;:&quot;&quot;,&quot;created_timestamp&quot;:&quot;0&quot;,&quot;copyright&quot;:&quot;&quot;,&quot;focal_length&quot;:&quot;0&quot;,&quot;iso&quot;:&quot;0&quot;,&quot;shutter_speed&quot;:&quot;0&quot;,&quot;title&quot;:&quot;&quot;}\" data-image-title=\"foto_producto_B_1\" data-image-description=\"\" data-image-caption=\"&lt;p&gt;Body de la l\u00ednea Najwa by Abra. Foto via najwa.info&lt;\/p&gt;\n\" data-medium-file=\"https:\/\/i0.wp.com\/www.moda.es\/blog\/wp-content\/uploads\/2012\/06\/foto_producto_B_1.jpg?fit=205%2C299\" data-large-file=\"https:\/\/i0.wp.com\/www.moda.es\/blog\/wp-content\/uploads\/2012\/06\/foto_producto_B_1.jpg?fit=205%2C299\" loading=\"lazy\" class=\"size-full wp-image-7753\" src=\"https:\/\/i0.wp.com\/www.moda.es\/blog\/wp-content\/uploads\/2012\/06\/foto_producto_B_1.jpg?resize=205%2C299\" alt=\"\" width=\"205\" height=\"299\" data-recalc-dims=\"1\" \/><\/a><figcaption id=\"caption-attachment-7753\" class=\"wp-caption-text\">Body de la l\u00ednea Najwa by Abrahamsson. Foto via najwa.info<\/figcaption><\/figure>\n<p>Pero esta l\u00ednea tiene una contrapartida un tanto particular. Para poder confeccionarla, previamente necesitan reunir 100 personas que encarguen en la <a href=\"http:\/\/najwa.info\/tienda\/index.html\">web<\/a> las prendas que quieran ver hechas realidad. Este tipo de encargo, llamado <em>pre-order<\/em>, es una tendencia en el mundo <em>online<\/em>. Lo bueno de estos encargos es que las 100 primeras personas tienen un precio especial ya que gracias a ellos se producir\u00e1 una edici\u00f3n limitada de doscientas unidades.<\/p>\n<p>La verdad, el ba\u00f1ador-body podr\u00edan convertirse en un esencial para lo que queda de verano. \u00bfTe animas?<\/p>\n","protected":false},"excerpt":{"rendered":"<p>Donde rugen los volcanes, de diamante, los glaciares&#8230; As\u00ed reza el estribillo de &#8216;Donde rugen los volcanes&#8217;,\u00a0primer\u00a0single del nuevo \u00e1lbum -hom\u00f3nimo- de Najwa Nimri. Se public\u00f3 el pasado 8 de mayo. Con la gira en plena ebullici\u00f3n, la cantante y actriz acaba de presentar esta semana una l\u00ednea de ropa [&hellip;]<\/p>\n","protected":false},"author":2,"featured_media":16821,"comment_status":"open","ping_status":"open","sticky":false,"template":"","format":"standard","meta":{"jetpack_publicize_message":"","jetpack_is_tweetstorm":false,"jetpack_publicize_feature_enabled":true},"categories":[20],"tags":[],"jetpack_publicize_connections":[],"jetpack_featured_media_url":"https:\/\/i0.wp.com\/www.moda.es\/blog\/wp-content\/uploads\/2012\/06\/NbyA-e13409611042191.jpg?fit=333%2C500","jetpack_sharing_enabled":true,"jetpack_shortlink":"https:\/\/wp.me\/p4tJCC-20U","jetpack-related-posts":[{"id":10271,"url":"http:\/\/www.moda.es\/blog\/clean-by-kling\/","url_meta":{"origin":7744,"position":0},"title":"La cara underground de Kling","date":"enero 19, 2013","format":false,"excerpt":"\u00a0 \u00bfQui\u00e9n dijo verg\u00fcenza? No hay salida nocturna memorable que se precie sin una parada de una o dos horas en un karaoke. Cuanto m\u00e1s decadente y hortera \u00a1mucho mejor! \u00a0 Bromas aparte... La marca espa\u00f1ola Kling presenta una nueva colecci\u00f3n de edici\u00f3n limitada: Clean. Clean es una edici\u00f3n limitada\u2026","rel":"","context":"En \u00abColecciones\u00bb","img":{"alt_text":"","src":"https:\/\/i0.wp.com\/www.moda.es\/blog\/wp-content\/uploads\/2013\/01\/Clean-by-Kling-Attic-Dress.jpg?resize=350%2C200","width":350,"height":200},"classes":[]},{"id":18040,"url":"http:\/\/www.moda.es\/blog\/rihanna-repite-con-mac\/","url_meta":{"origin":7744,"position":1},"title":"Rihanna repite con MAC","date":"agosto 7, 2014","format":false,"excerpt":"Segundas partes pueden ser buenas, sobre todo si la primera fue bien, por eso Rihanna ha repetido su alianza con la marca de cosm\u00e9ticos MAC. Y repite con un buen fin. La cantante pop es la imagen de la campa\u00f1a Viva Glam y la responsable de una l\u00ednea de labiales\u00a0\u2026","rel":"","context":"En \u00abBelleza\u00bb","img":{"alt_text":"","src":"https:\/\/i0.wp.com\/www.moda.es\/blog\/wp-content\/uploads\/2014\/08\/rihanna-1.jpg?fit=650%2C867&resize=350%2C200","width":350,"height":200},"classes":[]},{"id":20315,"url":"http:\/\/www.moda.es\/blog\/florence-welch-nueva-imagen-de-gucci\/","url_meta":{"origin":7744,"position":2},"title":"Florence Welch, nueva imagen de Gucci","date":"febrero 15, 2016","format":false,"excerpt":"La cantante de Florence + The Machine ha sido anunciada como la nueva imagen de la l\u00ednea de joyas y relojes de Gucci. \"Cuando lo conoc\u00ed, ambos empezamos\u00a0a hablar de la Renaissance, y sobre joyer\u00eda\u00a0y vi que\u00a0es un esp\u00edritu af\u00edn a m\u00ed total\" declar\u00f3 Florence Welch, describiendo su primer encuentro\u2026","rel":"","context":"En \u00abActualidad\u00bb","img":{"alt_text":"","src":"https:\/\/i0.wp.com\/www.moda.es\/blog\/wp-content\/uploads\/2016\/02\/Captura-de-pantalla-2016-02-15-a-las-22.46.14.png?fit=457%2C683&resize=350%2C200","width":350,"height":200},"classes":[]},{"id":21744,"url":"http:\/\/www.moda.es\/blog\/la-nueva-y-sorprendente-imagen-de-tiffany-co\/","url_meta":{"origin":7744,"position":3},"title":"La nueva y sorprendente imagen de Tiffany &amp; Co&#8230;","date":"febrero 1, 2017","format":false,"excerpt":"...es Lady Gaga. La\u00a0cantante\u00a0estar\u00e1 oficialmente en todas partes en la Super Bowl el domingo, pero adem\u00e1s, la estrella del pop va a ser la imagen\u00a0de la nueva colecci\u00f3n de joyas de Tiffany & Co., Tiffany HardWear, y protagonizar\u00e1 un spot\u00a0para la casa que se presentar\u00e1\u00a0durante la emisi\u00f3n del juego, antes\u2026","rel":"","context":"En \u00abAccesorios\u00bb","img":{"alt_text":"","src":"https:\/\/i0.wp.com\/www.moda.es\/blog\/wp-content\/uploads\/2017\/01\/Captura-de-pantalla-2017-02-01-a-las-0.01.48.png?fit=826%2C547&resize=350%2C200","width":350,"height":200},"classes":[]},{"id":19536,"url":"http:\/\/www.moda.es\/blog\/rihanna-nueva-empresaria-de-la-moda\/","url_meta":{"origin":7744,"position":4},"title":"Rihanna, nueva empresaria de la moda","date":"junio 26, 2015","format":false,"excerpt":"Porque no hay nada mejor que tener \u00e9xito para hacer que siga creciendo, se acaba de anunciar el prop\u00f3sito de Rihanna de unir a su carrera musical el t\u00edtulo de empresaria. La cantante est\u00e1 a punto de lanzar una l\u00ednea de accesorios, como primer paso\u00a0 de sus planes para hacer\u2026","rel":"","context":"En \u00abActualidad\u00bb","img":{"alt_text":"","src":"https:\/\/i0.wp.com\/www.moda.es\/blog\/wp-content\/uploads\/2015\/06\/rihanna.jpg?fit=650%2C975&resize=350%2C200","width":350,"height":200},"classes":[]},{"id":21797,"url":"http:\/\/www.moda.es\/blog\/descubre-la-linea-de-maquillaje-de-rihanna\/","url_meta":{"origin":7744,"position":5},"title":"Descubre la l\u00ednea de maquillaje de Rihanna","date":"febrero 20, 2017","format":false,"excerpt":"Desde que en\u00a0abril el gigante de\u00a0la moda de lujo y la belleza LVMH revelara que iba a lanzar\u00a0una colecci\u00f3n de belleza con Rihanna, hemos estado mordi\u00e9ndonos las u\u00f1as deseando\u00a0poder ver lo que podr\u00eda hacer la cantante con\u00a0su propia l\u00ednea de maquillaje. Y como\u00a0todav\u00eda tenemos tiempo para descuvrirla hasta el oto\u00f1o\u2026","rel":"","context":"En \u00abActualidad\u00bb","img":{"alt_text":"","src":"https:\/\/i0.wp.com\/www.moda.es\/blog\/wp-content\/uploads\/2017\/02\/Captura-de-pantalla-2017-02-20-a-las-23.36.36.png?fit=518%2C596&resize=350%2C200","width":350,"height":200},"classes":[]}],"_links":{"self":[{"href":"http:\/\/www.moda.es\/blog\/wp-json\/wp\/v2\/posts\/7744"}],"collection":[{"href":"http:\/\/www.moda.es\/blog\/wp-json\/wp\/v2\/posts"}],"about":[{"href":"http:\/\/www.moda.es\/blog\/wp-json\/wp\/v2\/types\/post"}],"author":[{"embeddable":true,"href":"http:\/\/www.moda.es\/blog\/wp-json\/wp\/v2\/users\/2"}],"replies":[{"embeddable":true,"href":"http:\/\/www.moda.es\/blog\/wp-json\/wp\/v2\/comments?post=7744"}],"version-history":[{"count":0,"href":"http:\/\/www.moda.es\/blog\/wp-json\/wp\/v2\/posts\/7744\/revisions"}],"wp:featuredmedia":[{"embeddable":true,"href":"http:\/\/www.moda.es\/blog\/wp-json\/wp\/v2\/media\/16821"}],"wp:attachment":[{"href":"http:\/\/www.moda.es\/blog\/wp-json\/wp\/v2\/media?parent=7744"}],"wp:term":[{"taxonomy":"category","embeddable":true,"href":"http:\/\/www.moda.es\/blog\/wp-json\/wp\/v2\/categories?post=7744"},{"taxonomy":"post_tag","embeddable":true,"href":"http:\/\/www.moda.es\/blog\/wp-json\/wp\/v2\/tags?post=7744"}],"curies":[{"name":"wp","href":"https:\/\/api.w.org\/{rel}","templated":true}]}}