{"id":7727,"date":"2012-06-28T22:22:29","date_gmt":"2012-06-28T20:22:29","guid":{"rendered":"http:\/\/www.moda.es\/blog\/?p=7727"},"modified":"2012-06-28T22:22:29","modified_gmt":"2012-06-28T20:22:29","slug":"en-cueros","status":"publish","type":"post","link":"http:\/\/www.moda.es\/blog\/en-cueros\/","title":{"rendered":"En cueros"},"content":{"rendered":"<figure id=\"attachment_7737\" aria-describedby=\"caption-attachment-7737\" style=\"width: 500px\" class=\"wp-caption aligncenter\"><a href=\"https:\/\/i0.wp.com\/www.moda.es\/blog\/wp-content\/uploads\/2012\/06\/portadaancha.jpg\"><img data-attachment-id=\"7737\" data-permalink=\"http:\/\/www.moda.es\/blog\/portadaancha\/\" data-orig-file=\"https:\/\/i0.wp.com\/www.moda.es\/blog\/wp-content\/uploads\/2012\/06\/portadaancha-e1340913258768.jpg?fit=500%2C368\" data-orig-size=\"500,368\" data-comments-opened=\"1\" data-image-meta=\"{&quot;aperture&quot;:&quot;0&quot;,&quot;credit&quot;:&quot;&quot;,&quot;camera&quot;:&quot;&quot;,&quot;caption&quot;:&quot;&quot;,&quot;created_timestamp&quot;:&quot;0&quot;,&quot;copyright&quot;:&quot;&quot;,&quot;focal_length&quot;:&quot;0&quot;,&quot;iso&quot;:&quot;0&quot;,&quot;shutter_speed&quot;:&quot;0&quot;,&quot;title&quot;:&quot;&quot;}\" data-image-title=\"portadaancha\" data-image-description=\"\" data-image-caption=\"&lt;p&gt;Foto via www.encuire.es&lt;\/p&gt;\n\" data-medium-file=\"https:\/\/i0.wp.com\/www.moda.es\/blog\/wp-content\/uploads\/2012\/06\/portadaancha-e1340913258768.jpg?fit=300%2C220\" data-large-file=\"https:\/\/i0.wp.com\/www.moda.es\/blog\/wp-content\/uploads\/2012\/06\/portadaancha-e1340913258768.jpg?fit=500%2C368\" loading=\"lazy\" class=\"size-full wp-image-7737\" src=\"https:\/\/i0.wp.com\/www.moda.es\/blog\/wp-content\/uploads\/2012\/06\/portadaancha-e1340913258768.jpg?resize=500%2C368\" alt=\"\" width=\"500\" height=\"368\" srcset=\"https:\/\/i0.wp.com\/www.moda.es\/blog\/wp-content\/uploads\/2012\/06\/portadaancha-e1340913258768.jpg?w=500 500w, https:\/\/i0.wp.com\/www.moda.es\/blog\/wp-content\/uploads\/2012\/06\/portadaancha-e1340913258768.jpg?resize=300%2C220 300w\" sizes=\"(max-width: 500px) 100vw, 500px\" data-recalc-dims=\"1\" \/><\/a><figcaption id=\"caption-attachment-7737\" class=\"wp-caption-text\">Foto via www.encuire.es<\/figcaption><\/figure>\n<p>Quien la sigue, la consigue. Los proyectos salen -y salen bien- cuando uno se conciencia y trabaja firmemente para que resulten posibles. As\u00ed, con ah\u00ednco, determinaci\u00f3n, cierta valent\u00eda (estos son s\u00f3lo tiempos para los valientes emprendedores) y creatividad, se mueve Eva Est\u00e9vez, una dise\u00f1adora madrile\u00f1a que poco a poco ha ido perfilando una firma de accesorios en cuero que nace ahora llena de esplendor. Su nombre, <a href=\"http:\/\/www.encuire.es\/encuire.es.html\">Encuire<\/a>, para que no lleve a confusi\u00f3n (&#8216;cuir&#8217;, en franc\u00e9s es cuero).<\/p>\n<figure id=\"attachment_7756\" aria-describedby=\"caption-attachment-7756\" style=\"width: 333px\" class=\"wp-caption aligncenter\"><a href=\"https:\/\/i0.wp.com\/www.moda.es\/blog\/wp-content\/uploads\/2012\/06\/534811_447675458590877_1321631395_n.jpg\"><img data-attachment-id=\"7756\" data-permalink=\"http:\/\/www.moda.es\/blog\/534811_447675458590877_1321631395_n\/\" data-orig-file=\"https:\/\/i0.wp.com\/www.moda.es\/blog\/wp-content\/uploads\/2012\/06\/534811_447675458590877_1321631395_n-e1340959273648.jpg?fit=333%2C500\" data-orig-size=\"333,500\" data-comments-opened=\"1\" data-image-meta=\"{&quot;aperture&quot;:&quot;0&quot;,&quot;credit&quot;:&quot;&quot;,&quot;camera&quot;:&quot;&quot;,&quot;caption&quot;:&quot;&quot;,&quot;created_timestamp&quot;:&quot;0&quot;,&quot;copyright&quot;:&quot;&quot;,&quot;focal_length&quot;:&quot;0&quot;,&quot;iso&quot;:&quot;0&quot;,&quot;shutter_speed&quot;:&quot;0&quot;,&quot;title&quot;:&quot;&quot;}\" data-image-title=\"534811_447675458590877_1321631395_n\" data-image-description=\"\" data-image-caption=\"&lt;p&gt;Encuire, modelo Cajou. Foto via www.encuire.es&lt;\/p&gt;\n\" data-medium-file=\"https:\/\/i0.wp.com\/www.moda.es\/blog\/wp-content\/uploads\/2012\/06\/534811_447675458590877_1321631395_n-e1340959273648.jpg?fit=199%2C300\" data-large-file=\"https:\/\/i0.wp.com\/www.moda.es\/blog\/wp-content\/uploads\/2012\/06\/534811_447675458590877_1321631395_n-e1340959273648.jpg?fit=333%2C500\" loading=\"lazy\" class=\"size-full wp-image-7756\" src=\"https:\/\/i0.wp.com\/www.moda.es\/blog\/wp-content\/uploads\/2012\/06\/534811_447675458590877_1321631395_n-e1340959273648.jpg?resize=333%2C500\" alt=\"\" width=\"333\" height=\"500\" srcset=\"https:\/\/i0.wp.com\/www.moda.es\/blog\/wp-content\/uploads\/2012\/06\/534811_447675458590877_1321631395_n-e1340959273648.jpg?w=333 333w, https:\/\/i0.wp.com\/www.moda.es\/blog\/wp-content\/uploads\/2012\/06\/534811_447675458590877_1321631395_n-e1340959273648.jpg?resize=199%2C300 199w\" sizes=\"(max-width: 333px) 100vw, 333px\" data-recalc-dims=\"1\" \/><\/a><figcaption id=\"caption-attachment-7756\" class=\"wp-caption-text\">Encuire, modelo Cajou. Foto via www.encuire.es<\/figcaption><\/figure>\n<p>A su alma m\u00e1ter, Eva, la segu\u00edamos de cerca desde que empezara con el dise\u00f1o de accesorios a los que puso el nombre de <a href=\"http:\/\/www.moda.es\/blog\/index.php\/2011\/12\/14\/preparando-la-lista-de-regalos\/\">Cute<\/a>;\u00a0etiqueta que ahora emplea para las piezas infantiles, como los patucos de cuero. Eva se form\u00f3 en dise\u00f1o de moda en el <a href=\"http:\/\/www.ied.es\/madrid\/home\">IED de Madrid<\/a>, especializ\u00e1ndose posteriormente en la confecci\u00f3n de complementos en <a href=\"http:\/\/www.fdmoda.com\/es\/homedemo\">Felicidad Duce<\/a> en Barcelona y en la prestigiosa escuela <a href=\"http:\/\/www.csm.arts.ac.uk\/\">Saint Martins<\/a> de Londres.<\/p>\n<figure id=\"attachment_7757\" aria-describedby=\"caption-attachment-7757\" style=\"width: 333px\" class=\"wp-caption aligncenter\"><a href=\"https:\/\/i0.wp.com\/www.moda.es\/blog\/wp-content\/uploads\/2012\/06\/555423_447675518590871_1286107194_n.jpg\"><img data-attachment-id=\"7757\" data-permalink=\"http:\/\/www.moda.es\/blog\/555423_447675518590871_1286107194_n\/\" data-orig-file=\"https:\/\/i0.wp.com\/www.moda.es\/blog\/wp-content\/uploads\/2012\/06\/555423_447675518590871_1286107194_n-e1340959358509.jpg?fit=333%2C500\" data-orig-size=\"333,500\" data-comments-opened=\"1\" data-image-meta=\"{&quot;aperture&quot;:&quot;0&quot;,&quot;credit&quot;:&quot;&quot;,&quot;camera&quot;:&quot;&quot;,&quot;caption&quot;:&quot;&quot;,&quot;created_timestamp&quot;:&quot;0&quot;,&quot;copyright&quot;:&quot;&quot;,&quot;focal_length&quot;:&quot;0&quot;,&quot;iso&quot;:&quot;0&quot;,&quot;shutter_speed&quot;:&quot;0&quot;,&quot;title&quot;:&quot;&quot;}\" data-image-title=\"555423_447675518590871_1286107194_n\" data-image-description=\"\" data-image-caption=\"&lt;p&gt;Encuire, modelo Rose Mallow XL. Foto via www.encuire.es&lt;\/p&gt;\n\" data-medium-file=\"https:\/\/i0.wp.com\/www.moda.es\/blog\/wp-content\/uploads\/2012\/06\/555423_447675518590871_1286107194_n-e1340959358509.jpg?fit=199%2C300\" data-large-file=\"https:\/\/i0.wp.com\/www.moda.es\/blog\/wp-content\/uploads\/2012\/06\/555423_447675518590871_1286107194_n-e1340959358509.jpg?fit=333%2C500\" loading=\"lazy\" class=\"size-full wp-image-7757\" src=\"https:\/\/i0.wp.com\/www.moda.es\/blog\/wp-content\/uploads\/2012\/06\/555423_447675518590871_1286107194_n-e1340959358509.jpg?resize=333%2C500\" alt=\"\" width=\"333\" height=\"500\" srcset=\"https:\/\/i0.wp.com\/www.moda.es\/blog\/wp-content\/uploads\/2012\/06\/555423_447675518590871_1286107194_n-e1340959358509.jpg?w=333 333w, https:\/\/i0.wp.com\/www.moda.es\/blog\/wp-content\/uploads\/2012\/06\/555423_447675518590871_1286107194_n-e1340959358509.jpg?resize=199%2C300 199w\" sizes=\"(max-width: 333px) 100vw, 333px\" data-recalc-dims=\"1\" \/><\/a><figcaption id=\"caption-attachment-7757\" class=\"wp-caption-text\">Encuire, modelo Rose Mallow XL. Foto via www.encuire.es<\/figcaption><\/figure>\n<p>Con una mirada centrada en el dise\u00f1o y las tendencias, Encuire se caracteriza por la creaci\u00f3n de piezas \u00fanicas, hechas en exclusiva para cada clienta. Dise\u00f1os sencillos, bien pensados, de cuidados detalles y colores naturales o jugosos, como el rosa chicle, verde pistacho, rosa palo, etc., y unos acertados toques brillantes, de plateado o dorado.<\/p>\n<figure id=\"attachment_7758\" aria-describedby=\"caption-attachment-7758\" style=\"width: 333px\" class=\"wp-caption aligncenter\"><a href=\"https:\/\/i0.wp.com\/www.moda.es\/blog\/wp-content\/uploads\/2012\/06\/575472_447675565257533_752193730_n.jpg\"><img data-attachment-id=\"7758\" data-permalink=\"http:\/\/www.moda.es\/blog\/575472_447675565257533_752193730_n\/\" data-orig-file=\"https:\/\/i0.wp.com\/www.moda.es\/blog\/wp-content\/uploads\/2012\/06\/575472_447675565257533_752193730_n-e1340959428370.jpg?fit=333%2C500\" data-orig-size=\"333,500\" data-comments-opened=\"1\" data-image-meta=\"{&quot;aperture&quot;:&quot;0&quot;,&quot;credit&quot;:&quot;&quot;,&quot;camera&quot;:&quot;&quot;,&quot;caption&quot;:&quot;&quot;,&quot;created_timestamp&quot;:&quot;0&quot;,&quot;copyright&quot;:&quot;&quot;,&quot;focal_length&quot;:&quot;0&quot;,&quot;iso&quot;:&quot;0&quot;,&quot;shutter_speed&quot;:&quot;0&quot;,&quot;title&quot;:&quot;&quot;}\" data-image-title=\"575472_447675565257533_752193730_n\" data-image-description=\"\" data-image-caption=\"&lt;p&gt;Encuire, modelo Rose Mallow. Foto via www.encuire.es&lt;\/p&gt;\n\" data-medium-file=\"https:\/\/i0.wp.com\/www.moda.es\/blog\/wp-content\/uploads\/2012\/06\/575472_447675565257533_752193730_n-e1340959428370.jpg?fit=199%2C300\" data-large-file=\"https:\/\/i0.wp.com\/www.moda.es\/blog\/wp-content\/uploads\/2012\/06\/575472_447675565257533_752193730_n-e1340959428370.jpg?fit=333%2C500\" loading=\"lazy\" class=\"size-full wp-image-7758\" src=\"https:\/\/i0.wp.com\/www.moda.es\/blog\/wp-content\/uploads\/2012\/06\/575472_447675565257533_752193730_n-e1340959428370.jpg?resize=333%2C500\" alt=\"\" width=\"333\" height=\"500\" srcset=\"https:\/\/i0.wp.com\/www.moda.es\/blog\/wp-content\/uploads\/2012\/06\/575472_447675565257533_752193730_n-e1340959428370.jpg?w=333 333w, https:\/\/i0.wp.com\/www.moda.es\/blog\/wp-content\/uploads\/2012\/06\/575472_447675565257533_752193730_n-e1340959428370.jpg?resize=199%2C300 199w\" sizes=\"(max-width: 333px) 100vw, 333px\" data-recalc-dims=\"1\" \/><\/a><figcaption id=\"caption-attachment-7758\" class=\"wp-caption-text\">Encuire, modelo Rose Mallow. Foto via www.encuire.es<\/figcaption><\/figure>\n<p>Su web de <a href=\"http:\/\/encuire.bigcartel.com\/\">venta <em>online<\/em><\/a> es de reciente estreno, al mismo tiempo acaba de inaugurar su distribuci\u00f3n en tiendas en la &#8216;Concept Store&#8217; Rughara del madrile\u00f1o barrio de Malasa\u00f1a (en calle Corredera Alta de San Pablo, 2).<\/p>\n<figure id=\"attachment_7759\" aria-describedby=\"caption-attachment-7759\" style=\"width: 500px\" class=\"wp-caption aligncenter\"><a href=\"https:\/\/i0.wp.com\/www.moda.es\/blog\/wp-content\/uploads\/2012\/06\/283795_447679858590437_1929538230_n.jpg\"><img data-attachment-id=\"7759\" data-permalink=\"http:\/\/www.moda.es\/blog\/283795_447679858590437_1929538230_n\/\" data-orig-file=\"https:\/\/i0.wp.com\/www.moda.es\/blog\/wp-content\/uploads\/2012\/06\/283795_447679858590437_1929538230_n-e1340959525112.jpg?fit=500%2C333\" data-orig-size=\"500,333\" data-comments-opened=\"1\" data-image-meta=\"{&quot;aperture&quot;:&quot;0&quot;,&quot;credit&quot;:&quot;&quot;,&quot;camera&quot;:&quot;&quot;,&quot;caption&quot;:&quot;&quot;,&quot;created_timestamp&quot;:&quot;0&quot;,&quot;copyright&quot;:&quot;&quot;,&quot;focal_length&quot;:&quot;0&quot;,&quot;iso&quot;:&quot;0&quot;,&quot;shutter_speed&quot;:&quot;0&quot;,&quot;title&quot;:&quot;&quot;}\" data-image-title=\"283795_447679858590437_1929538230_n\" data-image-description=\"\" data-image-caption=\"&lt;p&gt;Carteras Cajou. Foto via www.encuire.es&lt;\/p&gt;\n\" data-medium-file=\"https:\/\/i0.wp.com\/www.moda.es\/blog\/wp-content\/uploads\/2012\/06\/283795_447679858590437_1929538230_n-e1340959525112.jpg?fit=300%2C199\" data-large-file=\"https:\/\/i0.wp.com\/www.moda.es\/blog\/wp-content\/uploads\/2012\/06\/283795_447679858590437_1929538230_n-e1340959525112.jpg?fit=500%2C333\" loading=\"lazy\" class=\"size-full wp-image-7759\" src=\"https:\/\/i0.wp.com\/www.moda.es\/blog\/wp-content\/uploads\/2012\/06\/283795_447679858590437_1929538230_n-e1340959525112.jpg?resize=500%2C333\" alt=\"\" width=\"500\" height=\"333\" srcset=\"https:\/\/i0.wp.com\/www.moda.es\/blog\/wp-content\/uploads\/2012\/06\/283795_447679858590437_1929538230_n-e1340959525112.jpg?w=500 500w, https:\/\/i0.wp.com\/www.moda.es\/blog\/wp-content\/uploads\/2012\/06\/283795_447679858590437_1929538230_n-e1340959525112.jpg?resize=300%2C199 300w\" sizes=\"(max-width: 500px) 100vw, 500px\" data-recalc-dims=\"1\" \/><\/a><figcaption id=\"caption-attachment-7759\" class=\"wp-caption-text\">Carteras Cajou. Foto via www.encuire.es<\/figcaption><\/figure>\n<p>Accesorios con personalidad, que cuando se llevan, se disfrutan, porque son el sabor del trabajo bien hecho.<\/p>\n","protected":false},"excerpt":{"rendered":"<p>Quien la sigue, la consigue. Los proyectos salen -y salen bien- cuando uno se conciencia y trabaja firmemente para que resulten posibles. As\u00ed, con ah\u00ednco, determinaci\u00f3n, cierta valent\u00eda (estos son s\u00f3lo tiempos para los valientes emprendedores) y creatividad, se mueve Eva Est\u00e9vez, una dise\u00f1adora madrile\u00f1a que poco a poco ha [&hellip;]<\/p>\n","protected":false},"author":2,"featured_media":16812,"comment_status":"open","ping_status":"open","sticky":false,"template":"","format":"standard","meta":{"jetpack_publicize_message":"","jetpack_is_tweetstorm":false,"jetpack_publicize_feature_enabled":true},"categories":[2],"tags":[],"jetpack_publicize_connections":[],"jetpack_featured_media_url":"https:\/\/i0.wp.com\/www.moda.es\/blog\/wp-content\/uploads\/2012\/06\/portadaancha-e13409132587681.jpg?fit=500%2C368","jetpack_sharing_enabled":true,"jetpack_shortlink":"https:\/\/wp.me\/p4tJCC-20D","jetpack-related-posts":[{"id":7653,"url":"http:\/\/www.moda.es\/blog\/un-verano-de-catwoman\/","url_meta":{"origin":7727,"position":0},"title":"Un verano de &#8216;catwoman&#8217;","date":"junio 27, 2012","format":false,"excerpt":"El cuero es una tendencia indiscutible. Lo ha sido durante la temporada de oto\u00f1o-invierno, en prendas hechas s\u00f3lo de este material, como faldas o cazadoras, y ahora en verano, adem\u00e1s de los accesorios de cuero, tambi\u00e9n hay prendas que pueden funcionar bien. La mayor\u00eda piensa que vistiendo de cuero en\u2026","rel":"","context":"En \u00abTendencias\u00bb","img":{"alt_text":"","src":"https:\/\/i0.wp.com\/www.moda.es\/blog\/wp-content\/uploads\/2012\/06\/catwoman_Michelle_Pfeiffer-e13407059463681.jpg?fit=500%2C322&resize=350%2C200","width":350,"height":200},"classes":[]},{"id":2709,"url":"http:\/\/www.moda.es\/blog\/retales-de-cuero\/","url_meta":{"origin":7727,"position":1},"title":"Retales de cuero y otras telas","date":"julio 19, 2011","format":false,"excerpt":"A veces es cuesti\u00f3n de pasear, de viajar. Y s\u00f3lo en un par de pasos puedes encontrarte con algo nuevo, siempre hay algo por descubrir. Como cuando se viaja por internet. Hace poco he dado con una firma muy original de bolsos, complementos y otros objetos a trav\u00e9s del blog\u2026","rel":"","context":"En \u00abFirmas\u00bb","img":{"alt_text":"","src":"https:\/\/i0.wp.com\/www.moda.es\/blog\/wp-content\/uploads\/2011\/07\/tumblr_ll4oph5XEm1qznn6qo1_500.jpg?fit=500%2C500&resize=350%2C200","width":350,"height":200},"classes":[]},{"id":8032,"url":"http:\/\/www.moda.es\/blog\/color-y-cuero\/","url_meta":{"origin":7727,"position":2},"title":"Color y cuero","date":"julio 25, 2012","format":false,"excerpt":"Combinando estas dos palabras, las mejores calidades y un dise\u00f1o cuidado, sin barroquismos y de detalles \u00fanicos, resulta Malababa. El a\u00f1o 1997 marca el inicio de esta firma creada por una pareja, Ana Carrasco y Jaime Lara. En s\u00ed, fruto de las ideas de Ana Carrasco, quien imagina y da\u2026","rel":"","context":"En \u00abAccesorios\u00bb","img":{"alt_text":"","src":"https:\/\/i0.wp.com\/www.moda.es\/blog\/wp-content\/uploads\/2012\/07\/12VCATALOGO011-e13432398707681.jpg?fit=500%2C333&resize=350%2C200","width":350,"height":200},"classes":[]},{"id":14409,"url":"http:\/\/www.moda.es\/blog\/nude-cuero-y-accesorios\/","url_meta":{"origin":7727,"position":3},"title":"Nude, cuero y accesorios","date":"octubre 14, 2013","format":false,"excerpt":"\u00bfQu\u00e9 tal ha empeado el lunes? Espero que muy bien. Yo hoy no es que lo vea todo de color de rosa, pero lo veo en nude, que es parecido... Y es que hoy tres noticias de moda se han declinado en este color. Es un comod\u00edn, pega con todo\u2026","rel":"","context":"En \u00abAccesorios\u00bb","img":{"alt_text":"","src":"https:\/\/i0.wp.com\/www.moda.es\/blog\/wp-content\/uploads\/2013\/10\/Loewe.jpg?resize=350%2C200","width":350,"height":200},"classes":[]},{"id":13657,"url":"http:\/\/www.moda.es\/blog\/descubre-la-coleccion-de-bolsos-de-victoria-beckham\/","url_meta":{"origin":7727,"position":4},"title":"Descubre la colecci\u00f3n de bolsos de Victoria Beckham","date":"agosto 10, 2013","format":false,"excerpt":"Sofisticada y sorprendente, as\u00ed es la nueva colecci\u00f3n de bolsosde Victoria Beckham para la nueva temporada\u00a0 Oto\u00f1o \/ Invierno 2013, pero tambi\u00e9n es algo m\u00e1s: absoluta y definitivamente minimalista. Ni flecos, ni tachuelas, ni pelo, ni borlas, ni una correa extra que no sabemos para qu\u00e9 sirve, ni ning\u00fan otra\u2026","rel":"","context":"En \u00abAccesorios\u00bb","img":{"alt_text":"","src":"https:\/\/i0.wp.com\/www.moda.es\/blog\/wp-content\/uploads\/2013\/08\/Victoria-Beckham-1.jpg?fit=500%2C750&resize=350%2C200","width":350,"height":200},"classes":[]},{"id":8403,"url":"http:\/\/www.moda.es\/blog\/a-lucir-piernas-de-cuero\/","url_meta":{"origin":7727,"position":5},"title":"A lucir piernas de cuero","date":"agosto 21, 2012","format":false,"excerpt":"Los calores del verano todav\u00eda est\u00e1n causando estragos, d\u00edas de derretirse y noches de insomnio bochornoso. Aun as\u00ed, las revistas de agosto han ido anunciando lo que ser\u00e1 tendencia y las de septiembre acaban de aterrizar en el quiosco para presentar una lista m\u00e1s extensa de lo que ocupar\u00e1 nuestros\u2026","rel":"","context":"En \u00abTendencias\u00bb","img":{"alt_text":"","src":"https:\/\/i0.wp.com\/www.moda.es\/blog\/wp-content\/uploads\/2012\/08\/134449970912_extras_albumes_111.jpg?fit=400%2C600&resize=350%2C200","width":350,"height":200},"classes":[]}],"_links":{"self":[{"href":"http:\/\/www.moda.es\/blog\/wp-json\/wp\/v2\/posts\/7727"}],"collection":[{"href":"http:\/\/www.moda.es\/blog\/wp-json\/wp\/v2\/posts"}],"about":[{"href":"http:\/\/www.moda.es\/blog\/wp-json\/wp\/v2\/types\/post"}],"author":[{"embeddable":true,"href":"http:\/\/www.moda.es\/blog\/wp-json\/wp\/v2\/users\/2"}],"replies":[{"embeddable":true,"href":"http:\/\/www.moda.es\/blog\/wp-json\/wp\/v2\/comments?post=7727"}],"version-history":[{"count":0,"href":"http:\/\/www.moda.es\/blog\/wp-json\/wp\/v2\/posts\/7727\/revisions"}],"wp:featuredmedia":[{"embeddable":true,"href":"http:\/\/www.moda.es\/blog\/wp-json\/wp\/v2\/media\/16812"}],"wp:attachment":[{"href":"http:\/\/www.moda.es\/blog\/wp-json\/wp\/v2\/media?parent=7727"}],"wp:term":[{"taxonomy":"category","embeddable":true,"href":"http:\/\/www.moda.es\/blog\/wp-json\/wp\/v2\/categories?post=7727"},{"taxonomy":"post_tag","embeddable":true,"href":"http:\/\/www.moda.es\/blog\/wp-json\/wp\/v2\/tags?post=7727"}],"curies":[{"name":"wp","href":"https:\/\/api.w.org\/{rel}","templated":true}]}}