{"id":7688,"date":"2012-06-26T23:12:03","date_gmt":"2012-06-26T21:12:03","guid":{"rendered":"http:\/\/www.moda.es\/blog\/?p=7688"},"modified":"2012-06-26T23:12:03","modified_gmt":"2012-06-26T21:12:03","slug":"dia-de-la-musica-2012-maneras-de-vestir-2","status":"publish","type":"post","link":"http:\/\/www.moda.es\/blog\/dia-de-la-musica-2012-maneras-de-vestir-2\/","title":{"rendered":"D\u00eda de la M\u00fasica 2012, maneras de vestir (2)"},"content":{"rendered":"<p>Seguimos analizando el estilo (en el vestir) de los artistas que se dieron cita durante el festival del <a href=\"http:\/\/www.diadelamusica.com\/2012\/\">D\u00eda de la M\u00fasica 2012<\/a> celebrado en el Matadero de Madrid, y dentro de estos, los que m\u00e1s nos gustan por su m\u00fasica.<\/p>\n<figure id=\"attachment_7695\" aria-describedby=\"caption-attachment-7695\" style=\"width: 500px\" class=\"wp-caption aligncenter\"><a href=\"https:\/\/i0.wp.com\/www.moda.es\/blog\/wp-content\/uploads\/2012\/06\/pegasvs.jpg\"><img data-attachment-id=\"7695\" data-permalink=\"http:\/\/www.moda.es\/blog\/pegasvs\/\" data-orig-file=\"https:\/\/i0.wp.com\/www.moda.es\/blog\/wp-content\/uploads\/2012\/06\/pegasvs-e1340745090119.jpg?fit=500%2C288\" data-orig-size=\"500,288\" data-comments-opened=\"1\" data-image-meta=\"{&quot;aperture&quot;:&quot;0&quot;,&quot;credit&quot;:&quot;&quot;,&quot;camera&quot;:&quot;&quot;,&quot;caption&quot;:&quot;&quot;,&quot;created_timestamp&quot;:&quot;0&quot;,&quot;copyright&quot;:&quot;&quot;,&quot;focal_length&quot;:&quot;0&quot;,&quot;iso&quot;:&quot;0&quot;,&quot;shutter_speed&quot;:&quot;0&quot;,&quot;title&quot;:&quot;&quot;}\" data-image-title=\"pegasvs\" data-image-description=\"\" data-image-caption=\"&lt;p&gt;Imagen promocional de Pegasvs. Foto via elpopnosvaavolveratodosgilipollas.com&lt;\/p&gt;\n\" data-medium-file=\"https:\/\/i0.wp.com\/www.moda.es\/blog\/wp-content\/uploads\/2012\/06\/pegasvs-e1340745090119.jpg?fit=300%2C172\" data-large-file=\"https:\/\/i0.wp.com\/www.moda.es\/blog\/wp-content\/uploads\/2012\/06\/pegasvs-e1340745090119.jpg?fit=500%2C288\" loading=\"lazy\" class=\"size-full wp-image-7695\" src=\"https:\/\/i0.wp.com\/www.moda.es\/blog\/wp-content\/uploads\/2012\/06\/pegasvs-e1340745090119.jpg?resize=500%2C288\" alt=\"\" width=\"500\" height=\"288\" srcset=\"https:\/\/i0.wp.com\/www.moda.es\/blog\/wp-content\/uploads\/2012\/06\/pegasvs-e1340745090119.jpg?w=500 500w, https:\/\/i0.wp.com\/www.moda.es\/blog\/wp-content\/uploads\/2012\/06\/pegasvs-e1340745090119.jpg?resize=300%2C172 300w\" sizes=\"(max-width: 500px) 100vw, 500px\" data-recalc-dims=\"1\" \/><\/a><figcaption id=\"caption-attachment-7695\" class=\"wp-caption-text\">Imagen promocional de Pegasvs. Foto via elpopnosvaavolveratodosgilipollas.com<\/figcaption><\/figure>\n<p><a href=\"http:\/\/soundcloud.com\/pegasvs\">Pegasvs<\/a>. Esta pareja art\u00edstica compuesta por Sergio P\u00e9rez y Luciana Della Villa han sido una de las mayores sorpresas del panorama musical patrio con su sonido kraut, que no por ello descuidado. Ruido que da gusto escuchar pues crea universos in\u00e9ditos. En sus im\u00e1genes y apariciones muestran un estilo sin complicaciones con detalles de moda o indies, muchas veces, devotos del negro, el tono que nunca desentona. El viernes en el escenario UFI, Luciana tir\u00f3 por lo vintage con una camiseta retro de la selecci\u00f3n alemana de f\u00fatbol.<\/p>\n<figure id=\"attachment_7698\" aria-describedby=\"caption-attachment-7698\" style=\"width: 350px\" class=\"wp-caption aligncenter\"><a href=\"https:\/\/i0.wp.com\/www.moda.es\/blog\/wp-content\/uploads\/2012\/06\/cri_7256A.jpg\"><img data-attachment-id=\"7698\" data-permalink=\"http:\/\/www.moda.es\/blog\/cri_7256a\/\" data-orig-file=\"https:\/\/i0.wp.com\/www.moda.es\/blog\/wp-content\/uploads\/2012\/06\/cri_7256A.jpg?fit=350%2C479\" data-orig-size=\"350,479\" data-comments-opened=\"1\" data-image-meta=\"{&quot;aperture&quot;:&quot;0&quot;,&quot;credit&quot;:&quot;&quot;,&quot;camera&quot;:&quot;&quot;,&quot;caption&quot;:&quot;&quot;,&quot;created_timestamp&quot;:&quot;0&quot;,&quot;copyright&quot;:&quot;&quot;,&quot;focal_length&quot;:&quot;0&quot;,&quot;iso&quot;:&quot;0&quot;,&quot;shutter_speed&quot;:&quot;0&quot;,&quot;title&quot;:&quot;&quot;}\" data-image-title=\"cri_7256A\" data-image-description=\"\" data-image-caption=\"&lt;p&gt;Luciana con camiseta marinera y colgante Apr\u00e8s Ski (http:\/\/apreski.blogspot.com.es\/). Foto via mondosonoro.com&lt;\/p&gt;\n\" data-medium-file=\"https:\/\/i0.wp.com\/www.moda.es\/blog\/wp-content\/uploads\/2012\/06\/cri_7256A.jpg?fit=219%2C300\" data-large-file=\"https:\/\/i0.wp.com\/www.moda.es\/blog\/wp-content\/uploads\/2012\/06\/cri_7256A.jpg?fit=350%2C479\" loading=\"lazy\" class=\"size-full wp-image-7698\" src=\"https:\/\/i0.wp.com\/www.moda.es\/blog\/wp-content\/uploads\/2012\/06\/cri_7256A.jpg?resize=350%2C479\" alt=\"\" width=\"350\" height=\"479\" srcset=\"https:\/\/i0.wp.com\/www.moda.es\/blog\/wp-content\/uploads\/2012\/06\/cri_7256A.jpg?w=350 350w, https:\/\/i0.wp.com\/www.moda.es\/blog\/wp-content\/uploads\/2012\/06\/cri_7256A.jpg?resize=219%2C300 219w\" sizes=\"(max-width: 350px) 100vw, 350px\" data-recalc-dims=\"1\" \/><\/a><figcaption id=\"caption-attachment-7698\" class=\"wp-caption-text\">Luciana con camiseta marinera y colgante Apr\u00e8s Ski (http:\/\/apreski.blogspot.com.es\/). Foto via mondosonoro.com<\/figcaption><\/figure>\n<figure id=\"attachment_7699\" aria-describedby=\"caption-attachment-7699\" style=\"width: 450px\" class=\"wp-caption aligncenter\"><a href=\"https:\/\/i0.wp.com\/www.moda.es\/blog\/wp-content\/uploads\/2012\/06\/Pegasvs-6.jpg\"><img data-attachment-id=\"7699\" data-permalink=\"http:\/\/www.moda.es\/blog\/pegasvs-6\/\" data-orig-file=\"https:\/\/i0.wp.com\/www.moda.es\/blog\/wp-content\/uploads\/2012\/06\/Pegasvs-6-e1340747321464.jpg?fit=450%2C359\" data-orig-size=\"450,359\" data-comments-opened=\"1\" data-image-meta=\"{&quot;aperture&quot;:&quot;0&quot;,&quot;credit&quot;:&quot;&quot;,&quot;camera&quot;:&quot;&quot;,&quot;caption&quot;:&quot;&quot;,&quot;created_timestamp&quot;:&quot;0&quot;,&quot;copyright&quot;:&quot;&quot;,&quot;focal_length&quot;:&quot;0&quot;,&quot;iso&quot;:&quot;0&quot;,&quot;shutter_speed&quot;:&quot;0&quot;,&quot;title&quot;:&quot;&quot;}\" data-image-title=\"Pegasvs-6\" data-image-description=\"\" data-image-caption=\"&lt;p&gt;Luciana de Pegasvs en el D\u00eda de la M\u00fasica el pasado viernes 22 de junio. Foto de Jorge Flores via www.vanidad.es&lt;\/p&gt;\n\" data-medium-file=\"https:\/\/i0.wp.com\/www.moda.es\/blog\/wp-content\/uploads\/2012\/06\/Pegasvs-6-e1340747321464.jpg?fit=300%2C239\" data-large-file=\"https:\/\/i0.wp.com\/www.moda.es\/blog\/wp-content\/uploads\/2012\/06\/Pegasvs-6-e1340747321464.jpg?fit=450%2C359\" loading=\"lazy\" class=\"size-full wp-image-7699\" src=\"https:\/\/i0.wp.com\/www.moda.es\/blog\/wp-content\/uploads\/2012\/06\/Pegasvs-6-e1340747321464.jpg?resize=450%2C359\" alt=\"\" width=\"450\" height=\"359\" srcset=\"https:\/\/i0.wp.com\/www.moda.es\/blog\/wp-content\/uploads\/2012\/06\/Pegasvs-6-e1340747321464.jpg?w=450 450w, https:\/\/i0.wp.com\/www.moda.es\/blog\/wp-content\/uploads\/2012\/06\/Pegasvs-6-e1340747321464.jpg?resize=300%2C239 300w\" sizes=\"(max-width: 450px) 100vw, 450px\" data-recalc-dims=\"1\" \/><\/a><figcaption id=\"caption-attachment-7699\" class=\"wp-caption-text\">Luciana de Pegasvs en el D\u00eda de la M\u00fasica el pasado viernes 22 de junio. Foto de Jorge Flores via www.vanidad.es<\/figcaption><\/figure>\n<p><a href=\"http:\/\/juliashammasholter.com\/\">Julia Holter<\/a>. Uno de los pesos pesados -a nuestro parecer- del festival. Este rara avis de la m\u00fasica experimental que ha dejado boquiabiertos por igual a cr\u00edtica y p\u00fablico, hace una m\u00fasica, capa a capa, que no se puede analizar, sino sentir. De aspecto sencillo, en contraste con su m\u00fasica, Julia apareci\u00f3 el s\u00e1bado a la hora de la siesta con un vestido banco y negro de estampado de inspiraci\u00f3n \u00e9tnica (nos gust\u00f3 mucho) y un recogido improvisado.<\/p>\n<figure id=\"attachment_7700\" aria-describedby=\"caption-attachment-7700\" style=\"width: 500px\" class=\"wp-caption aligncenter\"><a href=\"https:\/\/i0.wp.com\/www.moda.es\/blog\/wp-content\/uploads\/2012\/06\/MG_4812201262514553.jpg\"><img data-attachment-id=\"7700\" data-permalink=\"http:\/\/www.moda.es\/blog\/_mg_4812201262514553\/\" data-orig-file=\"https:\/\/i0.wp.com\/www.moda.es\/blog\/wp-content\/uploads\/2012\/06\/MG_4812201262514553-e1340747665256.jpg?fit=500%2C333\" data-orig-size=\"500,333\" data-comments-opened=\"1\" data-image-meta=\"{&quot;aperture&quot;:&quot;0&quot;,&quot;credit&quot;:&quot;&quot;,&quot;camera&quot;:&quot;&quot;,&quot;caption&quot;:&quot;&quot;,&quot;created_timestamp&quot;:&quot;0&quot;,&quot;copyright&quot;:&quot;&quot;,&quot;focal_length&quot;:&quot;0&quot;,&quot;iso&quot;:&quot;0&quot;,&quot;shutter_speed&quot;:&quot;0&quot;,&quot;title&quot;:&quot;&quot;}\" data-image-title=\"_MG_4812201262514553\" data-image-description=\"\" data-image-caption=\"&lt;p&gt;Julia Holter con aires \u00e9tnicos. Foto via www.diadelamusica.com\/2012&lt;\/p&gt;\n\" data-medium-file=\"https:\/\/i0.wp.com\/www.moda.es\/blog\/wp-content\/uploads\/2012\/06\/MG_4812201262514553-e1340747665256.jpg?fit=300%2C199\" data-large-file=\"https:\/\/i0.wp.com\/www.moda.es\/blog\/wp-content\/uploads\/2012\/06\/MG_4812201262514553-e1340747665256.jpg?fit=500%2C333\" loading=\"lazy\" class=\"size-full wp-image-7700\" src=\"https:\/\/i0.wp.com\/www.moda.es\/blog\/wp-content\/uploads\/2012\/06\/MG_4812201262514553-e1340747665256.jpg?resize=500%2C333\" alt=\"\" width=\"500\" height=\"333\" srcset=\"https:\/\/i0.wp.com\/www.moda.es\/blog\/wp-content\/uploads\/2012\/06\/MG_4812201262514553-e1340747665256.jpg?w=500 500w, https:\/\/i0.wp.com\/www.moda.es\/blog\/wp-content\/uploads\/2012\/06\/MG_4812201262514553-e1340747665256.jpg?resize=300%2C199 300w\" sizes=\"(max-width: 500px) 100vw, 500px\" data-recalc-dims=\"1\" \/><\/a><figcaption id=\"caption-attachment-7700\" class=\"wp-caption-text\">Julia Holter con aires \u00e9tnicos. Foto via www.diadelamusica.com\/2012<\/figcaption><\/figure>\n<figure id=\"attachment_7703\" aria-describedby=\"caption-attachment-7703\" style=\"width: 500px\" class=\"wp-caption aligncenter\"><a href=\"https:\/\/i0.wp.com\/www.moda.es\/blog\/wp-content\/uploads\/2012\/06\/MG_4805-copia201262514526.jpg\"><img data-attachment-id=\"7703\" data-permalink=\"http:\/\/www.moda.es\/blog\/_mg_4805-copia201262514526\/\" data-orig-file=\"https:\/\/i0.wp.com\/www.moda.es\/blog\/wp-content\/uploads\/2012\/06\/MG_4805-copia201262514526-e1340748607944.jpg?fit=500%2C333\" data-orig-size=\"500,333\" data-comments-opened=\"1\" data-image-meta=\"{&quot;aperture&quot;:&quot;0&quot;,&quot;credit&quot;:&quot;&quot;,&quot;camera&quot;:&quot;&quot;,&quot;caption&quot;:&quot;&quot;,&quot;created_timestamp&quot;:&quot;0&quot;,&quot;copyright&quot;:&quot;&quot;,&quot;focal_length&quot;:&quot;0&quot;,&quot;iso&quot;:&quot;0&quot;,&quot;shutter_speed&quot;:&quot;0&quot;,&quot;title&quot;:&quot;&quot;}\" data-image-title=\"_MG_4805 copia201262514526\" data-image-description=\"\" data-image-caption=\"&lt;p&gt;Foto via www.diadelamusica.com\/2012&lt;\/p&gt;\n\" data-medium-file=\"https:\/\/i0.wp.com\/www.moda.es\/blog\/wp-content\/uploads\/2012\/06\/MG_4805-copia201262514526-e1340748607944.jpg?fit=300%2C199\" data-large-file=\"https:\/\/i0.wp.com\/www.moda.es\/blog\/wp-content\/uploads\/2012\/06\/MG_4805-copia201262514526-e1340748607944.jpg?fit=500%2C333\" loading=\"lazy\" class=\"size-full wp-image-7703\" src=\"https:\/\/i0.wp.com\/www.moda.es\/blog\/wp-content\/uploads\/2012\/06\/MG_4805-copia201262514526-e1340748607944.jpg?resize=500%2C333\" alt=\"\" width=\"500\" height=\"333\" srcset=\"https:\/\/i0.wp.com\/www.moda.es\/blog\/wp-content\/uploads\/2012\/06\/MG_4805-copia201262514526-e1340748607944.jpg?w=500 500w, https:\/\/i0.wp.com\/www.moda.es\/blog\/wp-content\/uploads\/2012\/06\/MG_4805-copia201262514526-e1340748607944.jpg?resize=300%2C199 300w\" sizes=\"(max-width: 500px) 100vw, 500px\" data-recalc-dims=\"1\" \/><\/a><figcaption id=\"caption-attachment-7703\" class=\"wp-caption-text\">Foto via www.diadelamusica.com\/2012<\/figcaption><\/figure>\n<p><a href=\"http:\/\/jamesblakemusic.com\/\">James Blake<\/a>. El ni\u00f1o bonito de la cr\u00edtica musical por desmarcarse con su soul-jazz electr\u00f3nico bien agitado con dubstep, congreg\u00f3 a sus fieles el viernes noche en una hora un poco dif\u00edcil para profanos que tienen ganas de baile. De est\u00e9tica sobria, basada en pantal\u00f3n y camisa o camiseta, aunque de car\u00e1cter brit\u00e1nico (bien sabe lo que est\u00e1 de moda), luci\u00f3 impoluto. A destacar su camisa de estampado sutil.<\/p>\n<figure id=\"attachment_7702\" aria-describedby=\"caption-attachment-7702\" style=\"width: 500px\" class=\"wp-caption aligncenter\"><a href=\"https:\/\/i0.wp.com\/www.moda.es\/blog\/wp-content\/uploads\/2012\/06\/MG_4362201262315651.jpg\"><img data-attachment-id=\"7702\" data-permalink=\"http:\/\/www.moda.es\/blog\/_mg_4362201262315651\/\" data-orig-file=\"https:\/\/i0.wp.com\/www.moda.es\/blog\/wp-content\/uploads\/2012\/06\/MG_4362201262315651-e1340748435780.jpg?fit=500%2C333\" data-orig-size=\"500,333\" data-comments-opened=\"1\" data-image-meta=\"{&quot;aperture&quot;:&quot;0&quot;,&quot;credit&quot;:&quot;&quot;,&quot;camera&quot;:&quot;&quot;,&quot;caption&quot;:&quot;&quot;,&quot;created_timestamp&quot;:&quot;0&quot;,&quot;copyright&quot;:&quot;&quot;,&quot;focal_length&quot;:&quot;0&quot;,&quot;iso&quot;:&quot;0&quot;,&quot;shutter_speed&quot;:&quot;0&quot;,&quot;title&quot;:&quot;&quot;}\" data-image-title=\"_MG_4362201262315651\" data-image-description=\"\" data-image-caption=\"&lt;p&gt;James Blake en su actuaci\u00f3n del pasado viernes. Foto via www.diadelamusica.com\/2012&lt;\/p&gt;\n\" data-medium-file=\"https:\/\/i0.wp.com\/www.moda.es\/blog\/wp-content\/uploads\/2012\/06\/MG_4362201262315651-e1340748435780.jpg?fit=300%2C199\" data-large-file=\"https:\/\/i0.wp.com\/www.moda.es\/blog\/wp-content\/uploads\/2012\/06\/MG_4362201262315651-e1340748435780.jpg?fit=500%2C333\" loading=\"lazy\" class=\"size-full wp-image-7702\" src=\"https:\/\/i0.wp.com\/www.moda.es\/blog\/wp-content\/uploads\/2012\/06\/MG_4362201262315651-e1340748435780.jpg?resize=500%2C333\" alt=\"\" width=\"500\" height=\"333\" srcset=\"https:\/\/i0.wp.com\/www.moda.es\/blog\/wp-content\/uploads\/2012\/06\/MG_4362201262315651-e1340748435780.jpg?w=500 500w, https:\/\/i0.wp.com\/www.moda.es\/blog\/wp-content\/uploads\/2012\/06\/MG_4362201262315651-e1340748435780.jpg?resize=300%2C199 300w\" sizes=\"(max-width: 500px) 100vw, 500px\" data-recalc-dims=\"1\" \/><\/a><figcaption id=\"caption-attachment-7702\" class=\"wp-caption-text\">James Blake en su actuaci\u00f3n del pasado viernes. Foto via www.diadelamusica.com\/2012<\/figcaption><\/figure>\n<p>Asistir a un festival se convierte en un reportaje de moda en vivo. El a\u00f1o que viene m\u00e1s <a href=\"http:\/\/www.diadelamusica.com\/2012\/\">D\u00eda de la M\u00fasica<\/a>.<\/p>\n","protected":false},"excerpt":{"rendered":"<p>Seguimos analizando el estilo (en el vestir) de los artistas que se dieron cita durante el festival del D\u00eda de la M\u00fasica 2012 celebrado en el Matadero de Madrid, y dentro de estos, los que m\u00e1s nos gustan por su m\u00fasica. Pegasvs. Esta pareja art\u00edstica compuesta por Sergio P\u00e9rez y [&hellip;]<\/p>\n","protected":false},"author":2,"featured_media":16809,"comment_status":"open","ping_status":"open","sticky":false,"template":"","format":"standard","meta":{"jetpack_publicize_message":"","jetpack_is_tweetstorm":false,"jetpack_publicize_feature_enabled":true},"categories":[20],"tags":[],"jetpack_publicize_connections":[],"jetpack_featured_media_url":"https:\/\/i0.wp.com\/www.moda.es\/blog\/wp-content\/uploads\/2012\/06\/pegasvs-e13407450901191.jpg?fit=500%2C288","jetpack_sharing_enabled":true,"jetpack_shortlink":"https:\/\/wp.me\/p4tJCC-200","jetpack-related-posts":[{"id":7632,"url":"http:\/\/www.moda.es\/blog\/dia-de-la-musica-2012-maneras-de-vestir\/","url_meta":{"origin":7688,"position":0},"title":"D\u00eda de la M\u00fasica 2012, maneras de vestir","date":"junio 25, 2012","format":false,"excerpt":"\u00bfHab\u00e9is podido disfrutar del D\u00eda de la M\u00fasica? Preguntamos por los conciertos del doble festival que se ha celebrado en Madrid el pasado fin de semana. Nosotros, por desgracia, este a\u00f1o no es podido ser testigos directos, pero s\u00ed hemos estado pendientes de la informaci\u00f3n que se pod\u00eda encontrar en\u2026","rel":"","context":"En \u00abM\u00fasica y Moda\u00bb","img":{"alt_text":"","src":"https:\/\/i0.wp.com\/www.moda.es\/blog\/wp-content\/uploads\/2012\/06\/diadelamusica2012-e13406626909371.jpg?fit=423%2C300&resize=350%2C200","width":350,"height":200},"classes":[]},{"id":13914,"url":"http:\/\/www.moda.es\/blog\/lo-mejor-y-lo-peor-de-los-premios-mtv\/","url_meta":{"origin":7688,"position":1},"title":"La alfombra roja: lo peor de los premios MTV","date":"agosto 26, 2013","format":false,"excerpt":"Durante el verano no hemos tenido grandes eventos ni fiestas y la verdad es que ya se echaba de menos alguna cita con la alfombra roja en la que ver c\u00f3mo las celebrities capean el temporal del estilo. La cita ha sido en la gala de los MTV Video Music\u2026","rel":"","context":"En \u00abAlfombra Roja\u00bb","img":{"alt_text":"","src":"","width":0,"height":0},"classes":[]},{"id":2077,"url":"http:\/\/www.moda.es\/blog\/chica-rockera\/","url_meta":{"origin":7688,"position":2},"title":"Chica rockera","date":"mayo 25, 2011","format":false,"excerpt":"Se da por inaugurada la temporada de fesivales. El SOS 4.8 murciano, que se celebr\u00f3 hace un par de semanas, es el m\u00e1s adelantado, pero ma\u00f1ana se da por inaugurado uno de los m\u00e1s m\u00edticas y el que mejor cartel tiene a\u00f1o tras a\u00f1o, el Primavera Sound. Y con tanta\u2026","rel":"","context":"En \u00abM\u00fasica y Moda\u00bb","img":{"alt_text":"","src":"https:\/\/i0.wp.com\/www.moda.es\/blog\/wp-content\/uploads\/2011\/05\/primavera-sound-2011.jpg?fit=500%2C252&resize=350%2C200","width":350,"height":200},"classes":[]},{"id":2018,"url":"http:\/\/www.moda.es\/blog\/vestir-una-revolucion\/","url_meta":{"origin":7688,"position":3},"title":"Vestir una revoluci\u00f3n","date":"mayo 22, 2011","format":false,"excerpt":"Esta semana en Espa\u00f1a se ha vivido un acontecimiento de malestar ciudadano por razones de car\u00e1cter pol\u00edtico-econ\u00f3mico por la situaci\u00f3n por la que est\u00e1 pasando el pa\u00eds. Se ha visto y sentido intensamente aqu\u00ed, pero tambi\u00e9n fuera de nuestras fronteras, donde espa\u00f1oles expatriados y simpatizantes con la causa se han\u2026","rel":"","context":"En \u00abSobre Moda.es\u00bb","img":{"alt_text":"","src":"https:\/\/i0.wp.com\/www.moda.es\/blog\/wp-content\/uploads\/2011\/05\/mai-19681.jpg?fit=567%2C566&resize=350%2C200","width":350,"height":200},"classes":[]},{"id":7185,"url":"http:\/\/www.moda.es\/blog\/quien-es-esa-chica\/","url_meta":{"origin":7688,"position":4},"title":"Qui\u00e9n es esa chica","date":"mayo 25, 2012","format":false,"excerpt":"Who's that, girl? Who's that girl? Se preguntan en la cabecera de una de las series de moda de la televisi\u00f3n (americana) y online (al menos, entre cierta gente en nuestro pa\u00eds), 'New Girl'. Y responden: It's Jess (Es Jess). Aunque aqu\u00ed deber\u00edamos decir: Es Zooey Deschanel. Esa chica que\u2026","rel":"","context":"En \u00abIt Girl\u00bb","img":{"alt_text":"","src":"https:\/\/i0.wp.com\/www.moda.es\/blog\/wp-content\/uploads\/2012\/05\/NEwGirl-e13378971474441.jpg?fit=500%2C276&resize=350%2C200","width":350,"height":200},"classes":[]},{"id":20087,"url":"http:\/\/www.moda.es\/blog\/la-moda-segun-google\/","url_meta":{"origin":7688,"position":5},"title":"La moda seg\u00fan Google","date":"diciembre 19, 2015","format":false,"excerpt":"Esta semana Google ha publicado las b\u00fasquedas m\u00e1s populares a lo largo de este 2015 y por supuesto el mundo de la moda no pod\u00eda quedarse fuera. Aqu\u00ed tenemos los interesantes resultados. Raf Simons encabeza la lista, sin duda como consecuencia de su repentina salida de Dior en octubre, mientras\u2026","rel":"","context":"En \u00abActualidad\u00bb","img":{"alt_text":"","src":"https:\/\/i0.wp.com\/www.moda.es\/blog\/wp-content\/uploads\/2015\/12\/Captura-de-pantalla-2015-12-19-a-las-18.05.24.png?fit=294%2C434&resize=350%2C200","width":350,"height":200},"classes":[]}],"_links":{"self":[{"href":"http:\/\/www.moda.es\/blog\/wp-json\/wp\/v2\/posts\/7688"}],"collection":[{"href":"http:\/\/www.moda.es\/blog\/wp-json\/wp\/v2\/posts"}],"about":[{"href":"http:\/\/www.moda.es\/blog\/wp-json\/wp\/v2\/types\/post"}],"author":[{"embeddable":true,"href":"http:\/\/www.moda.es\/blog\/wp-json\/wp\/v2\/users\/2"}],"replies":[{"embeddable":true,"href":"http:\/\/www.moda.es\/blog\/wp-json\/wp\/v2\/comments?post=7688"}],"version-history":[{"count":0,"href":"http:\/\/www.moda.es\/blog\/wp-json\/wp\/v2\/posts\/7688\/revisions"}],"wp:featuredmedia":[{"embeddable":true,"href":"http:\/\/www.moda.es\/blog\/wp-json\/wp\/v2\/media\/16809"}],"wp:attachment":[{"href":"http:\/\/www.moda.es\/blog\/wp-json\/wp\/v2\/media?parent=7688"}],"wp:term":[{"taxonomy":"category","embeddable":true,"href":"http:\/\/www.moda.es\/blog\/wp-json\/wp\/v2\/categories?post=7688"},{"taxonomy":"post_tag","embeddable":true,"href":"http:\/\/www.moda.es\/blog\/wp-json\/wp\/v2\/tags?post=7688"}],"curies":[{"name":"wp","href":"https:\/\/api.w.org\/{rel}","templated":true}]}}