{"id":7653,"date":"2012-06-27T12:10:23","date_gmt":"2012-06-27T10:10:23","guid":{"rendered":"http:\/\/www.moda.es\/blog\/?p=7653"},"modified":"2012-06-27T12:10:23","modified_gmt":"2012-06-27T10:10:23","slug":"un-verano-de-catwoman","status":"publish","type":"post","link":"http:\/\/www.moda.es\/blog\/un-verano-de-catwoman\/","title":{"rendered":"Un verano de &#8216;catwoman&#8217;"},"content":{"rendered":"<figure id=\"attachment_7678\" aria-describedby=\"caption-attachment-7678\" style=\"width: 500px\" class=\"wp-caption aligncenter\"><a href=\"https:\/\/i0.wp.com\/www.moda.es\/blog\/wp-content\/uploads\/2012\/06\/catwoman_Michelle_Pfeiffer.jpg\"><img data-attachment-id=\"7678\" data-permalink=\"http:\/\/www.moda.es\/blog\/catwoman_michelle_pfeiffer\/\" data-orig-file=\"https:\/\/i0.wp.com\/www.moda.es\/blog\/wp-content\/uploads\/2012\/06\/catwoman_Michelle_Pfeiffer-e1340705946368.jpg?fit=500%2C322\" data-orig-size=\"500,322\" data-comments-opened=\"1\" data-image-meta=\"{&quot;aperture&quot;:&quot;0&quot;,&quot;credit&quot;:&quot;&quot;,&quot;camera&quot;:&quot;&quot;,&quot;caption&quot;:&quot;&quot;,&quot;created_timestamp&quot;:&quot;0&quot;,&quot;copyright&quot;:&quot;&quot;,&quot;focal_length&quot;:&quot;0&quot;,&quot;iso&quot;:&quot;0&quot;,&quot;shutter_speed&quot;:&quot;0&quot;,&quot;title&quot;:&quot;&quot;}\" data-image-title=\"catwoman_Michelle_Pfeiffer\" data-image-description=\"\" data-image-caption=\"&lt;p&gt;Michelle Pfeiffer como Catwoman en &#8216;Batman vuelve&#8217; (Tim Burton). Foto via fusion-freak.com &lt;\/p&gt;\n\" data-medium-file=\"https:\/\/i0.wp.com\/www.moda.es\/blog\/wp-content\/uploads\/2012\/06\/catwoman_Michelle_Pfeiffer-e1340705946368.jpg?fit=300%2C193\" data-large-file=\"https:\/\/i0.wp.com\/www.moda.es\/blog\/wp-content\/uploads\/2012\/06\/catwoman_Michelle_Pfeiffer-e1340705946368.jpg?fit=500%2C322\" loading=\"lazy\" class=\"size-full wp-image-7678\" src=\"https:\/\/i0.wp.com\/www.moda.es\/blog\/wp-content\/uploads\/2012\/06\/catwoman_Michelle_Pfeiffer-e1340705946368.jpg?resize=500%2C322\" alt=\"\" width=\"500\" height=\"322\" srcset=\"https:\/\/i0.wp.com\/www.moda.es\/blog\/wp-content\/uploads\/2012\/06\/catwoman_Michelle_Pfeiffer-e1340705946368.jpg?w=500 500w, https:\/\/i0.wp.com\/www.moda.es\/blog\/wp-content\/uploads\/2012\/06\/catwoman_Michelle_Pfeiffer-e1340705946368.jpg?resize=300%2C193 300w\" sizes=\"(max-width: 500px) 100vw, 500px\" data-recalc-dims=\"1\" \/><\/a><figcaption id=\"caption-attachment-7678\" class=\"wp-caption-text\">Michelle Pfeiffer como Catwoman en &#8216;Batman vuelve&#8217; (Tim Burton). Foto via fusion-freak.com<\/figcaption><\/figure>\n<p>El cuero es una tendencia indiscutible. Lo ha sido durante la temporada de oto\u00f1o-invierno, en prendas hechas s\u00f3lo de este material, como faldas o cazadoras, y ahora en verano, adem\u00e1s de los accesorios de cuero, tambi\u00e9n hay prendas que pueden funcionar bien. La mayor\u00eda piensa que vistiendo de cuero en verano te cueces y huye de ello desterrando en su armario cualquiera de estas prendas, pero como el cuero sigue siendo tendencia, te ayudamos con una peque\u00f1a gu\u00eda de c\u00f3mo llevarlo cuando las altas temperaturas nos aprietan.<\/p>\n<figure id=\"attachment_7707\" aria-describedby=\"caption-attachment-7707\" style=\"width: 273px\" class=\"wp-caption aligncenter\"><a href=\"https:\/\/i0.wp.com\/www.moda.es\/blog\/wp-content\/uploads\/2012\/06\/Elli-long-jersey-dress-Dagny-leather-jacket-273x410.jpg\"><img data-attachment-id=\"7707\" data-permalink=\"http:\/\/www.moda.es\/blog\/elli-long-jersey-dress-dagny-leather-jacket-273x410\/\" data-orig-file=\"https:\/\/i0.wp.com\/www.moda.es\/blog\/wp-content\/uploads\/2012\/06\/Elli-long-jersey-dress-Dagny-leather-jacket-273x410.jpg?fit=273%2C410\" data-orig-size=\"273,410\" data-comments-opened=\"1\" data-image-meta=\"{&quot;aperture&quot;:&quot;0&quot;,&quot;credit&quot;:&quot;&quot;,&quot;camera&quot;:&quot;Canon EOS 5D Mark II&quot;,&quot;caption&quot;:&quot;&quot;,&quot;created_timestamp&quot;:&quot;1318857317&quot;,&quot;copyright&quot;:&quot;&quot;,&quot;focal_length&quot;:&quot;0&quot;,&quot;iso&quot;:&quot;0&quot;,&quot;shutter_speed&quot;:&quot;0&quot;,&quot;title&quot;:&quot;&quot;}\" data-image-title=\"Elli-long-jersey-dress-Dagny-leather-jacket-273&#215;410\" data-image-description=\"\" data-image-caption=\"&lt;p&gt;Vestido largo y cazadora de cuero en este look de Dagmar de la colecci\u00f3n Pre Fall 2012. Foto via www.houseofdagmar.se&lt;\/p&gt;\n\" data-medium-file=\"https:\/\/i0.wp.com\/www.moda.es\/blog\/wp-content\/uploads\/2012\/06\/Elli-long-jersey-dress-Dagny-leather-jacket-273x410.jpg?fit=199%2C300\" data-large-file=\"https:\/\/i0.wp.com\/www.moda.es\/blog\/wp-content\/uploads\/2012\/06\/Elli-long-jersey-dress-Dagny-leather-jacket-273x410.jpg?fit=273%2C410\" loading=\"lazy\" class=\"size-full wp-image-7707\" src=\"https:\/\/i0.wp.com\/www.moda.es\/blog\/wp-content\/uploads\/2012\/06\/Elli-long-jersey-dress-Dagny-leather-jacket-273x410.jpg?resize=273%2C410\" alt=\"\" width=\"273\" height=\"410\" srcset=\"https:\/\/i0.wp.com\/www.moda.es\/blog\/wp-content\/uploads\/2012\/06\/Elli-long-jersey-dress-Dagny-leather-jacket-273x410.jpg?resize=273%2C410 273w, https:\/\/i0.wp.com\/www.moda.es\/blog\/wp-content\/uploads\/2012\/06\/Elli-long-jersey-dress-Dagny-leather-jacket-273x410.jpg?resize=199%2C300 199w\" sizes=\"(max-width: 273px) 100vw, 273px\" data-recalc-dims=\"1\" \/><\/a><figcaption id=\"caption-attachment-7707\" class=\"wp-caption-text\">Vestido largo y cazadora de cuero en este look de Dagmar de la colecci\u00f3n Pre Fall 2012. Foto via www.houseofdagmar.se<\/figcaption><\/figure>\n<p>Siempre se puede optar por una chaqueta de cuero, la t\u00edpica &#8216;perfecto&#8217; que sigue de plena actualidad, adem\u00e1s en muchas ciudades del norte es lo m\u00e1s socorrido por las noches. Un mix perfecto, perfecto con un vestido largo, c\u00f3modo para cualquier ocasi\u00f3n, ya sea un momento de relax en casa mientras pruebas suerte con uno de los juegos <em>online<\/em> de <a href=\"http:\/\/www.binguez.es\/\">Binguez<\/a>\u00a0o para salir a cenar. Si es un maxi vestido suelto &#8211; tendencia del verano -, entonces, una chaqueta de cuero corta en contraste es la mejor opci\u00f3n porque aporta un toque estructurado.<\/p>\n<figure id=\"attachment_7706\" aria-describedby=\"caption-attachment-7706\" style=\"width: 500px\" class=\"wp-caption aligncenter\"><a href=\"https:\/\/i0.wp.com\/www.moda.es\/blog\/wp-content\/uploads\/2012\/06\/tumblr_m5u6zpRnNm1qztailo1_500.jpg\"><img data-attachment-id=\"7706\" data-permalink=\"http:\/\/www.moda.es\/blog\/tumblr_m5u6zprnnm1qztailo1_500\/\" data-orig-file=\"https:\/\/i0.wp.com\/www.moda.es\/blog\/wp-content\/uploads\/2012\/06\/tumblr_m5u6zpRnNm1qztailo1_500.jpg?fit=500%2C333\" data-orig-size=\"500,333\" data-comments-opened=\"1\" data-image-meta=\"{&quot;aperture&quot;:&quot;0&quot;,&quot;credit&quot;:&quot;&quot;,&quot;camera&quot;:&quot;&quot;,&quot;caption&quot;:&quot;&quot;,&quot;created_timestamp&quot;:&quot;0&quot;,&quot;copyright&quot;:&quot;&quot;,&quot;focal_length&quot;:&quot;0&quot;,&quot;iso&quot;:&quot;0&quot;,&quot;shutter_speed&quot;:&quot;0&quot;,&quot;title&quot;:&quot;&quot;}\" data-image-title=\"tumblr_m5u6zpRnNm1qztailo1_500\" data-image-description=\"\" data-image-caption=\"&lt;p&gt;Alexa Chung opta por una falda de cuero. Foto via alexachungblog.tumblr.com&lt;\/p&gt;\n\" data-medium-file=\"https:\/\/i0.wp.com\/www.moda.es\/blog\/wp-content\/uploads\/2012\/06\/tumblr_m5u6zpRnNm1qztailo1_500.jpg?fit=300%2C199\" data-large-file=\"https:\/\/i0.wp.com\/www.moda.es\/blog\/wp-content\/uploads\/2012\/06\/tumblr_m5u6zpRnNm1qztailo1_500.jpg?fit=500%2C333\" loading=\"lazy\" class=\"size-full wp-image-7706\" src=\"https:\/\/i0.wp.com\/www.moda.es\/blog\/wp-content\/uploads\/2012\/06\/tumblr_m5u6zpRnNm1qztailo1_500.jpg?resize=500%2C333\" alt=\"\" width=\"500\" height=\"333\" srcset=\"https:\/\/i0.wp.com\/www.moda.es\/blog\/wp-content\/uploads\/2012\/06\/tumblr_m5u6zpRnNm1qztailo1_500.jpg?w=500 500w, https:\/\/i0.wp.com\/www.moda.es\/blog\/wp-content\/uploads\/2012\/06\/tumblr_m5u6zpRnNm1qztailo1_500.jpg?resize=300%2C199 300w\" sizes=\"(max-width: 500px) 100vw, 500px\" data-recalc-dims=\"1\" \/><\/a><figcaption id=\"caption-attachment-7706\" class=\"wp-caption-text\">Alexa Chung opta por una falda de cuero. Foto via alexachungblog.tumblr.com<\/figcaption><\/figure>\n<p>\u00bfY los pantalones de cuero? No parecen a priori una posibilidad en d\u00edas tan calurosos como los de esta semana; sin embargo, unos <em>shorts<\/em> de cuero son de lo m\u00e1s <em>trendy<\/em> desde el pasado oto\u00f1o y adem\u00e1s, frecos. Si tienes buenas piernas, atr\u00e9vete con un mini short, uno de los <em>hits<\/em> de esta temporada; si no, una versi\u00f3n un poco m\u00e1s larga, es tambi\u00e9n perfecta y como calzado, unas cu\u00f1as para un<em> look<\/em> muy chic.<\/p>\n<figure id=\"attachment_7714\" aria-describedby=\"caption-attachment-7714\" style=\"width: 500px\" class=\"wp-caption aligncenter\"><a href=\"https:\/\/i0.wp.com\/www.moda.es\/blog\/wp-content\/uploads\/2012\/06\/tumblr_m58q1vaAZd1qj7z0go1_500.jpg\"><img data-attachment-id=\"7714\" data-permalink=\"http:\/\/www.moda.es\/blog\/tumblr_m58q1vaazd1qj7z0go1_500\/\" data-orig-file=\"https:\/\/i0.wp.com\/www.moda.es\/blog\/wp-content\/uploads\/2012\/06\/tumblr_m58q1vaAZd1qj7z0go1_500.jpg?fit=500%2C651\" data-orig-size=\"500,651\" data-comments-opened=\"1\" data-image-meta=\"{&quot;aperture&quot;:&quot;0&quot;,&quot;credit&quot;:&quot;&quot;,&quot;camera&quot;:&quot;&quot;,&quot;caption&quot;:&quot;&quot;,&quot;created_timestamp&quot;:&quot;0&quot;,&quot;copyright&quot;:&quot;&quot;,&quot;focal_length&quot;:&quot;0&quot;,&quot;iso&quot;:&quot;0&quot;,&quot;shutter_speed&quot;:&quot;0&quot;,&quot;title&quot;:&quot;&quot;}\" data-image-title=\"tumblr_m58q1vaAZd1qj7z0go1_500\" data-image-description=\"\" data-image-caption=\"&lt;p&gt;Alexa con shorts de cuero aunque con medias (cosas de la primavera inglesa). Foto &lt;\/p&gt;\n\" data-medium-file=\"https:\/\/i0.wp.com\/www.moda.es\/blog\/wp-content\/uploads\/2012\/06\/tumblr_m58q1vaAZd1qj7z0go1_500.jpg?fit=230%2C300\" data-large-file=\"https:\/\/i0.wp.com\/www.moda.es\/blog\/wp-content\/uploads\/2012\/06\/tumblr_m58q1vaAZd1qj7z0go1_500.jpg?fit=500%2C651\" loading=\"lazy\" class=\"size-full wp-image-7714\" src=\"https:\/\/i0.wp.com\/www.moda.es\/blog\/wp-content\/uploads\/2012\/06\/tumblr_m58q1vaAZd1qj7z0go1_500.jpg?resize=500%2C651\" alt=\"\" width=\"500\" height=\"651\" srcset=\"https:\/\/i0.wp.com\/www.moda.es\/blog\/wp-content\/uploads\/2012\/06\/tumblr_m58q1vaAZd1qj7z0go1_500.jpg?w=500 500w, https:\/\/i0.wp.com\/www.moda.es\/blog\/wp-content\/uploads\/2012\/06\/tumblr_m58q1vaAZd1qj7z0go1_500.jpg?resize=230%2C300 230w\" sizes=\"(max-width: 500px) 100vw, 500px\" data-recalc-dims=\"1\" \/><\/a><figcaption id=\"caption-attachment-7714\" class=\"wp-caption-text\">Alexa con shorts de cuero aunque con medias (cosas de la primavera inglesa). Foto\u00a0via alexachungblog.tumblr.com<\/figcaption><\/figure>\n<figure id=\"attachment_7716\" aria-describedby=\"caption-attachment-7716\" style=\"width: 500px\" class=\"wp-caption aligncenter\"><a href=\"https:\/\/i0.wp.com\/www.moda.es\/blog\/wp-content\/uploads\/2012\/06\/FP_7951354_CHP_Miranda_Kerr_08_11-1.jpg\"><img data-attachment-id=\"7716\" data-permalink=\"http:\/\/www.moda.es\/blog\/miranda-kerr-explores-the-city-of-lights\/\" data-orig-file=\"https:\/\/i0.wp.com\/www.moda.es\/blog\/wp-content\/uploads\/2012\/06\/FP_7951354_CHP_Miranda_Kerr_08_11-1-e1340752003121.jpg?fit=500%2C687\" data-orig-size=\"500,687\" data-comments-opened=\"1\" data-image-meta=\"{&quot;aperture&quot;:&quot;0&quot;,&quot;credit&quot;:&quot;&quot;,&quot;camera&quot;:&quot;&quot;,&quot;caption&quot;:&quot;&quot;,&quot;created_timestamp&quot;:&quot;0&quot;,&quot;copyright&quot;:&quot;&quot;,&quot;focal_length&quot;:&quot;0&quot;,&quot;iso&quot;:&quot;0&quot;,&quot;shutter_speed&quot;:&quot;0&quot;,&quot;title&quot;:&quot;&quot;}\" data-image-title=\"Miranda Kerr Explores the City of Lights\" data-image-description=\"&lt;p&gt;#7951354 Victoria&#8217;s Secret model Miranda Kerr steps out in a mini leather skirt to do some exploring before her runway show in Paris, France on September 30th, 2011. &lt;\/p&gt;\n&lt;p&gt;Restriction applies: USA ONLY&lt;\/p&gt;\n&lt;p&gt; Fame Pictures, Inc &#8211; Santa Monica, CA, USA &#8211; +1 (310) 395-0500&lt;\/p&gt;\n\" data-image-caption=\"&lt;p&gt;Miranda Kerr ejemplifica una manera de llevar los shorts de cuero, entre casual y sofisticada. Foto via styleclone.com&lt;\/p&gt;\n\" data-medium-file=\"https:\/\/i0.wp.com\/www.moda.es\/blog\/wp-content\/uploads\/2012\/06\/FP_7951354_CHP_Miranda_Kerr_08_11-1-e1340752003121.jpg?fit=218%2C300\" data-large-file=\"https:\/\/i0.wp.com\/www.moda.es\/blog\/wp-content\/uploads\/2012\/06\/FP_7951354_CHP_Miranda_Kerr_08_11-1-e1340752003121.jpg?fit=500%2C687\" loading=\"lazy\" class=\"size-full wp-image-7716\" src=\"https:\/\/i0.wp.com\/www.moda.es\/blog\/wp-content\/uploads\/2012\/06\/FP_7951354_CHP_Miranda_Kerr_08_11-1-e1340752003121.jpg?resize=500%2C687\" alt=\"\" width=\"500\" height=\"687\" srcset=\"https:\/\/i0.wp.com\/www.moda.es\/blog\/wp-content\/uploads\/2012\/06\/FP_7951354_CHP_Miranda_Kerr_08_11-1-e1340752003121.jpg?w=500 500w, https:\/\/i0.wp.com\/www.moda.es\/blog\/wp-content\/uploads\/2012\/06\/FP_7951354_CHP_Miranda_Kerr_08_11-1-e1340752003121.jpg?resize=218%2C300 218w\" sizes=\"(max-width: 500px) 100vw, 500px\" data-recalc-dims=\"1\" \/><\/a><figcaption id=\"caption-attachment-7716\" class=\"wp-caption-text\">Miranda Kerr ejemplifica una manera de llevar los shorts de cuero, entre casual y sofisticada. Foto via styleclone.com<\/figcaption><\/figure>\n<p>Si no te atreves con las prendas de cuero, siempre te queda la opci\u00f3n de un chaleco o complementos como un bolso o un cintur\u00f3n.<\/p>\n<figure id=\"attachment_7683\" aria-describedby=\"caption-attachment-7683\" style=\"width: 349px\" class=\"wp-caption aligncenter\"><a href=\"https:\/\/i0.wp.com\/www.moda.es\/blog\/wp-content\/uploads\/2012\/06\/chaleco-Snidel.jpg\"><img data-attachment-id=\"7683\" data-permalink=\"http:\/\/www.moda.es\/blog\/chaleco-snidel\/\" data-orig-file=\"https:\/\/i0.wp.com\/www.moda.es\/blog\/wp-content\/uploads\/2012\/06\/chaleco-Snidel.jpg?fit=349%2C524\" data-orig-size=\"349,524\" data-comments-opened=\"1\" data-image-meta=\"{&quot;aperture&quot;:&quot;0&quot;,&quot;credit&quot;:&quot;&quot;,&quot;camera&quot;:&quot;&quot;,&quot;caption&quot;:&quot;&quot;,&quot;created_timestamp&quot;:&quot;0&quot;,&quot;copyright&quot;:&quot;&quot;,&quot;focal_length&quot;:&quot;0&quot;,&quot;iso&quot;:&quot;0&quot;,&quot;shutter_speed&quot;:&quot;0&quot;,&quot;title&quot;:&quot;&quot;}\" data-image-title=\"chaleco Snidel\" data-image-description=\"\" data-image-caption=\"&lt;p&gt;Chaleco de cuero de Snidel. Foto via snidel.com&lt;\/p&gt;\n\" data-medium-file=\"https:\/\/i0.wp.com\/www.moda.es\/blog\/wp-content\/uploads\/2012\/06\/chaleco-Snidel.jpg?fit=199%2C300\" data-large-file=\"https:\/\/i0.wp.com\/www.moda.es\/blog\/wp-content\/uploads\/2012\/06\/chaleco-Snidel.jpg?fit=349%2C524\" loading=\"lazy\" class=\"size-full wp-image-7683\" src=\"https:\/\/i0.wp.com\/www.moda.es\/blog\/wp-content\/uploads\/2012\/06\/chaleco-Snidel.jpg?resize=349%2C524\" alt=\"\" width=\"349\" height=\"524\" srcset=\"https:\/\/i0.wp.com\/www.moda.es\/blog\/wp-content\/uploads\/2012\/06\/chaleco-Snidel.jpg?w=349 349w, https:\/\/i0.wp.com\/www.moda.es\/blog\/wp-content\/uploads\/2012\/06\/chaleco-Snidel.jpg?resize=199%2C300 199w\" sizes=\"(max-width: 349px) 100vw, 349px\" data-recalc-dims=\"1\" \/><\/a><figcaption id=\"caption-attachment-7683\" class=\"wp-caption-text\">Chaleco de cuero de Snidel. Foto via snidel.com<\/figcaption><\/figure>\n<p>A\u00fan as\u00ed, las pendras de cuero son cada vez m\u00e1s finas. \u00a1\u00c1nimate que se lleva ser una catwoman!<\/p>\n","protected":false},"excerpt":{"rendered":"<p>El cuero es una tendencia indiscutible. Lo ha sido durante la temporada de oto\u00f1o-invierno, en prendas hechas s\u00f3lo de este material, como faldas o cazadoras, y ahora en verano, adem\u00e1s de los accesorios de cuero, tambi\u00e9n hay prendas que pueden funcionar bien. La mayor\u00eda piensa que vistiendo de cuero en [&hellip;]<\/p>\n","protected":false},"author":2,"featured_media":16807,"comment_status":"open","ping_status":"open","sticky":false,"template":"","format":"standard","meta":{"jetpack_publicize_message":"","jetpack_is_tweetstorm":false,"jetpack_publicize_feature_enabled":true},"categories":[27],"tags":[],"jetpack_publicize_connections":[],"jetpack_featured_media_url":"https:\/\/i0.wp.com\/www.moda.es\/blog\/wp-content\/uploads\/2012\/06\/catwoman_Michelle_Pfeiffer-e13407059463681.jpg?fit=500%2C322","jetpack_sharing_enabled":true,"jetpack_shortlink":"https:\/\/wp.me\/p4tJCC-1Zr","jetpack-related-posts":[{"id":8403,"url":"http:\/\/www.moda.es\/blog\/a-lucir-piernas-de-cuero\/","url_meta":{"origin":7653,"position":0},"title":"A lucir piernas de cuero","date":"agosto 21, 2012","format":false,"excerpt":"Los calores del verano todav\u00eda est\u00e1n causando estragos, d\u00edas de derretirse y noches de insomnio bochornoso. Aun as\u00ed, las revistas de agosto han ido anunciando lo que ser\u00e1 tendencia y las de septiembre acaban de aterrizar en el quiosco para presentar una lista m\u00e1s extensa de lo que ocupar\u00e1 nuestros\u2026","rel":"","context":"En \u00abTendencias\u00bb","img":{"alt_text":"","src":"https:\/\/i0.wp.com\/www.moda.es\/blog\/wp-content\/uploads\/2012\/08\/134449970912_extras_albumes_111.jpg?fit=400%2C600&resize=350%2C200","width":350,"height":200},"classes":[]},{"id":6729,"url":"http:\/\/www.moda.es\/blog\/pies-nauticos\/","url_meta":{"origin":7653,"position":1},"title":"Pies na\u00faticos","date":"abril 21, 2012","format":false,"excerpt":"Los n\u00e1uticos es otra de esas prendas -como los chubasqueros o las sudaderas de Amarras- que dio el salto de los barcos a las calles, de ser un zapato funcional a meramente est\u00e9tico. Tradicionalmente asociados a un atuendo cl\u00e1sico al igual que los mocasines, hab\u00edan, como estos, quedado postergados en\u2026","rel":"","context":"En \u00abAccesorios\u00bb","img":{"alt_text":"","src":"https:\/\/i0.wp.com\/www.moda.es\/blog\/wp-content\/uploads\/2012\/04\/63740292_031.jpg?fit=407%2C569&resize=350%2C200","width":350,"height":200},"classes":[]},{"id":3324,"url":"http:\/\/www.moda.es\/blog\/una-nueva-vision-del-verano-marc-jacobs\/","url_meta":{"origin":7653,"position":2},"title":"Una nueva visi\u00f3n del verano, Marc Jacobs","date":"septiembre 17, 2011","format":false,"excerpt":"Marc Jacobs lleva semanas ocupando titulares debido a las voces que lo designan como el sucesor de John Galliano en la direcci\u00f3n de dise\u00f1o de Christian Dior. Mientras tanto, el dise\u00f1ador ha presentado su \u00faltima colecci\u00f3n bajo la firma que lleva su nombre en la Mercedes-Benz Fashion Week, la pasarela\u2026","rel":"","context":"En \u00abDise\u00f1adores\u00bb","img":{"alt_text":"","src":"https:\/\/i0.wp.com\/www.moda.es\/blog\/wp-content\/uploads\/2011\/09\/00060m1.jpg?fit=320%2C480&resize=350%2C200","width":350,"height":200},"classes":[]},{"id":14376,"url":"http:\/\/www.moda.es\/blog\/la-locura-disco-de-replay\/","url_meta":{"origin":7653,"position":3},"title":"La locura disco de Replay","date":"octubre 9, 2013","format":false,"excerpt":"M\u00fasica, baile, luces de discoteca y l\u00e1ser... Lo \u00faltimo de Replay es su colecci\u00f3n c\u00e1psula Laserblast Club. Esta colecci\u00f3n s\u00faper joven es un di\u00e1logo entre la tendencia m\u00e1s cool, la investigaci\u00f3n tecnol\u00f3gica y la conciencia sostenible. Las siluetas, de clara intenci\u00f3n discotequera, buscan el sexy. Minivestidos de seda negra cubiertos\u2026","rel":"","context":"En \u00abActualidad\u00bb","img":{"alt_text":"","src":"https:\/\/i0.wp.com\/www.moda.es\/blog\/wp-content\/uploads\/2013\/10\/Replay-Laserblast-Club-291.jpg?fit=500%2C736&resize=350%2C200","width":350,"height":200},"classes":[]},{"id":15938,"url":"http:\/\/www.moda.es\/blog\/preparada-para-la-primavera-ii\/","url_meta":{"origin":7653,"position":4},"title":"\u00bfPreparada para la primavera? (II)","date":"febrero 15, 2014","format":false,"excerpt":"Hoy que parece que la lluvia en Madrid nos va a dar una peque\u00f1a tregua, seguimos echando un vistazo a todo lo que desearemos tener en nuestro armario la pr\u00f3xima temporada. Hace unos d\u00edas descubr\u00edamos las tendencias arty, \u00e9tnica y la de lucir la camisa como b\u00e1sico de temporada, pero\u2026","rel":"","context":"En \u00abDestacados\u00bb","img":{"alt_text":"","src":"https:\/\/i0.wp.com\/www.moda.es\/blog\/wp-content\/uploads\/2014\/02\/Antonio-Berardi.jpg?resize=350%2C200","width":350,"height":200},"classes":[]},{"id":14645,"url":"http:\/\/www.moda.es\/blog\/nicola-formichetti-se-estrena-en-diesel\/","url_meta":{"origin":7653,"position":5},"title":"Nicola Formichetti se estrena en Diesel","date":"octubre 30, 2013","format":false,"excerpt":"Nicola Formichetti nos ha dejado echar un vistazo a su colecci\u00f3n debut en Diesel, Tras ser nombrado director creativo de la casa en abril, el dise\u00f1ador ha llamado a su primer proyecto #DieselTribute, una colecci\u00f3n c\u00e1psula en la que ha ultilizado los 35 a\u00f1os de archivo de la casa como\u2026","rel":"","context":"En \u00abColecciones\u00bb","img":{"alt_text":"","src":"https:\/\/i0.wp.com\/www.moda.es\/blog\/wp-content\/uploads\/2013\/10\/Diesel-211.jpg?fit=500%2C750&resize=350%2C200","width":350,"height":200},"classes":[]}],"_links":{"self":[{"href":"http:\/\/www.moda.es\/blog\/wp-json\/wp\/v2\/posts\/7653"}],"collection":[{"href":"http:\/\/www.moda.es\/blog\/wp-json\/wp\/v2\/posts"}],"about":[{"href":"http:\/\/www.moda.es\/blog\/wp-json\/wp\/v2\/types\/post"}],"author":[{"embeddable":true,"href":"http:\/\/www.moda.es\/blog\/wp-json\/wp\/v2\/users\/2"}],"replies":[{"embeddable":true,"href":"http:\/\/www.moda.es\/blog\/wp-json\/wp\/v2\/comments?post=7653"}],"version-history":[{"count":0,"href":"http:\/\/www.moda.es\/blog\/wp-json\/wp\/v2\/posts\/7653\/revisions"}],"wp:featuredmedia":[{"embeddable":true,"href":"http:\/\/www.moda.es\/blog\/wp-json\/wp\/v2\/media\/16807"}],"wp:attachment":[{"href":"http:\/\/www.moda.es\/blog\/wp-json\/wp\/v2\/media?parent=7653"}],"wp:term":[{"taxonomy":"category","embeddable":true,"href":"http:\/\/www.moda.es\/blog\/wp-json\/wp\/v2\/categories?post=7653"},{"taxonomy":"post_tag","embeddable":true,"href":"http:\/\/www.moda.es\/blog\/wp-json\/wp\/v2\/tags?post=7653"}],"curies":[{"name":"wp","href":"https:\/\/api.w.org\/{rel}","templated":true}]}}