{"id":7635,"date":"2012-06-24T18:49:41","date_gmt":"2012-06-24T16:49:41","guid":{"rendered":"http:\/\/www.moda.es\/blog\/?p=7635"},"modified":"2012-06-24T18:49:41","modified_gmt":"2012-06-24T16:49:41","slug":"hija-del-hip-hop","status":"publish","type":"post","link":"http:\/\/www.moda.es\/blog\/hija-del-hip-hop\/","title":{"rendered":"Hija del Hip Hop"},"content":{"rendered":"<figure id=\"attachment_7642\" aria-describedby=\"caption-attachment-7642\" style=\"width: 500px\" class=\"wp-caption aligncenter\"><a href=\"https:\/\/i0.wp.com\/www.moda.es\/blog\/wp-content\/uploads\/2012\/06\/MG_8941.jpg\"><img data-attachment-id=\"7642\" data-permalink=\"http:\/\/www.moda.es\/blog\/_mg_8941\/\" data-orig-file=\"https:\/\/i0.wp.com\/www.moda.es\/blog\/wp-content\/uploads\/2012\/06\/MG_8941-e1340555602552.jpg?fit=500%2C333\" data-orig-size=\"500,333\" data-comments-opened=\"1\" data-image-meta=\"{&quot;aperture&quot;:&quot;0&quot;,&quot;credit&quot;:&quot;&quot;,&quot;camera&quot;:&quot;&quot;,&quot;caption&quot;:&quot;&quot;,&quot;created_timestamp&quot;:&quot;0&quot;,&quot;copyright&quot;:&quot;&quot;,&quot;focal_length&quot;:&quot;0&quot;,&quot;iso&quot;:&quot;0&quot;,&quot;shutter_speed&quot;:&quot;0&quot;,&quot;title&quot;:&quot;&quot;}\" data-image-title=\"_MG_8941\" data-image-description=\"\" data-image-caption=\"&lt;p&gt;Colecci\u00f3n P\/ V 2012. Foto via www.homecore.com&lt;\/p&gt;\n\" data-medium-file=\"https:\/\/i0.wp.com\/www.moda.es\/blog\/wp-content\/uploads\/2012\/06\/MG_8941-e1340555602552.jpg?fit=300%2C199\" data-large-file=\"https:\/\/i0.wp.com\/www.moda.es\/blog\/wp-content\/uploads\/2012\/06\/MG_8941-e1340555602552.jpg?fit=500%2C333\" loading=\"lazy\" class=\"size-full wp-image-7642\" src=\"https:\/\/i0.wp.com\/www.moda.es\/blog\/wp-content\/uploads\/2012\/06\/MG_8941-e1340555602552.jpg?resize=500%2C333\" alt=\"\" width=\"500\" height=\"333\" srcset=\"https:\/\/i0.wp.com\/www.moda.es\/blog\/wp-content\/uploads\/2012\/06\/MG_8941-e1340555602552.jpg?w=500 500w, https:\/\/i0.wp.com\/www.moda.es\/blog\/wp-content\/uploads\/2012\/06\/MG_8941-e1340555602552.jpg?resize=300%2C199 300w\" sizes=\"(max-width: 500px) 100vw, 500px\" data-recalc-dims=\"1\" \/><\/a><figcaption id=\"caption-attachment-7642\" class=\"wp-caption-text\">Campa\u00f1a de la colecci\u00f3n P\/ V 2012. Foto via www.homecore.com<\/figcaption><\/figure>\n<p>La historia de la moda actual -al menos, de un buen n\u00famero de firmas- se escribe as\u00ed: un grupo de amigos se junt\u00f3 para crear una l\u00ednea de camisetas y con el paso del tiempo, di\u00f3 a luz una firma en toda regla. As\u00ed tambi\u00e9n se podr\u00eda escribir la historia de HOMECORE, una marca francesa de moda masculina bien entendida. Naci\u00f3 a finales de los 80 vinculada al hip-hop, cuando sus dos almas m\u00e1ter Alexandre Guarneri\u00a0y su amigo, el graffitero Steph Cop, se pusieron a hacer camisetas con las obras de este.<\/p>\n<figure id=\"attachment_7643\" aria-describedby=\"caption-attachment-7643\" style=\"width: 500px\" class=\"wp-caption aligncenter\"><a href=\"https:\/\/i0.wp.com\/www.moda.es\/blog\/wp-content\/uploads\/2012\/06\/hc_1.jpg\"><img data-attachment-id=\"7643\" data-permalink=\"http:\/\/www.moda.es\/blog\/hc_1\/\" data-orig-file=\"https:\/\/i0.wp.com\/www.moda.es\/blog\/wp-content\/uploads\/2012\/06\/hc_1-e1340555709178.jpg?fit=500%2C333\" data-orig-size=\"500,333\" data-comments-opened=\"1\" data-image-meta=\"{&quot;aperture&quot;:&quot;0&quot;,&quot;credit&quot;:&quot;&quot;,&quot;camera&quot;:&quot;&quot;,&quot;caption&quot;:&quot;&quot;,&quot;created_timestamp&quot;:&quot;0&quot;,&quot;copyright&quot;:&quot;&quot;,&quot;focal_length&quot;:&quot;0&quot;,&quot;iso&quot;:&quot;0&quot;,&quot;shutter_speed&quot;:&quot;0&quot;,&quot;title&quot;:&quot;&quot;}\" data-image-title=\"hc_1\" data-image-description=\"\" data-image-caption=\"&lt;p&gt;Foto via www.homecore.com&lt;\/p&gt;\n\" data-medium-file=\"https:\/\/i0.wp.com\/www.moda.es\/blog\/wp-content\/uploads\/2012\/06\/hc_1-e1340555709178.jpg?fit=300%2C199\" data-large-file=\"https:\/\/i0.wp.com\/www.moda.es\/blog\/wp-content\/uploads\/2012\/06\/hc_1-e1340555709178.jpg?fit=500%2C333\" loading=\"lazy\" class=\"size-full wp-image-7643\" src=\"https:\/\/i0.wp.com\/www.moda.es\/blog\/wp-content\/uploads\/2012\/06\/hc_1-e1340555709178.jpg?resize=500%2C333\" alt=\"\" width=\"500\" height=\"333\" srcset=\"https:\/\/i0.wp.com\/www.moda.es\/blog\/wp-content\/uploads\/2012\/06\/hc_1-e1340555709178.jpg?w=500 500w, https:\/\/i0.wp.com\/www.moda.es\/blog\/wp-content\/uploads\/2012\/06\/hc_1-e1340555709178.jpg?resize=300%2C199 300w\" sizes=\"(max-width: 500px) 100vw, 500px\" data-recalc-dims=\"1\" \/><\/a><figcaption id=\"caption-attachment-7643\" class=\"wp-caption-text\">Foto via www.homecore.com<\/figcaption><\/figure>\n<figure id=\"attachment_7644\" aria-describedby=\"caption-attachment-7644\" style=\"width: 500px\" class=\"wp-caption aligncenter\"><a href=\"https:\/\/i0.wp.com\/www.moda.es\/blog\/wp-content\/uploads\/2012\/06\/hc_2.jpg\"><img data-attachment-id=\"7644\" data-permalink=\"http:\/\/www.moda.es\/blog\/hc_2\/\" data-orig-file=\"https:\/\/i0.wp.com\/www.moda.es\/blog\/wp-content\/uploads\/2012\/06\/hc_2-e1340555876427.jpg?fit=500%2C333\" data-orig-size=\"500,333\" data-comments-opened=\"1\" data-image-meta=\"{&quot;aperture&quot;:&quot;0&quot;,&quot;credit&quot;:&quot;&quot;,&quot;camera&quot;:&quot;&quot;,&quot;caption&quot;:&quot;&quot;,&quot;created_timestamp&quot;:&quot;0&quot;,&quot;copyright&quot;:&quot;&quot;,&quot;focal_length&quot;:&quot;0&quot;,&quot;iso&quot;:&quot;0&quot;,&quot;shutter_speed&quot;:&quot;0&quot;,&quot;title&quot;:&quot;&quot;}\" data-image-title=\"hc_2\" data-image-description=\"\" data-image-caption=\"&lt;p&gt;Foto via www.homecore.com&lt;\/p&gt;\n\" data-medium-file=\"https:\/\/i0.wp.com\/www.moda.es\/blog\/wp-content\/uploads\/2012\/06\/hc_2-e1340555876427.jpg?fit=300%2C199\" data-large-file=\"https:\/\/i0.wp.com\/www.moda.es\/blog\/wp-content\/uploads\/2012\/06\/hc_2-e1340555876427.jpg?fit=500%2C333\" loading=\"lazy\" class=\"size-full wp-image-7644\" src=\"https:\/\/i0.wp.com\/www.moda.es\/blog\/wp-content\/uploads\/2012\/06\/hc_2-e1340555876427.jpg?resize=500%2C333\" alt=\"\" width=\"500\" height=\"333\" srcset=\"https:\/\/i0.wp.com\/www.moda.es\/blog\/wp-content\/uploads\/2012\/06\/hc_2-e1340555876427.jpg?w=500 500w, https:\/\/i0.wp.com\/www.moda.es\/blog\/wp-content\/uploads\/2012\/06\/hc_2-e1340555876427.jpg?resize=300%2C199 300w\" sizes=\"(max-width: 500px) 100vw, 500px\" data-recalc-dims=\"1\" \/><\/a><figcaption id=\"caption-attachment-7644\" class=\"wp-caption-text\">Foto via www.homecore.com<\/figcaption><\/figure>\n<p>Con el tiempo, <a href=\"http:\/\/www.homecore.com\/\">HOMECORE<\/a> fue evolucionando hasta lo que es hoy una firma que hace moda masculina de los pies a la cabeza. No es que buscaran hacer streetwear pero \u00e9se era su entorno, el musical de los artistas de Hip Hop. La firma ha mantenido su car\u00e1cter independiente desde sus inicios. Ahora no s\u00f3lo viven de los hip-hoperos sino que abarcan un p\u00fablico m\u00e1s amplio y heterog\u00e9neo. Con un estilo dif\u00edcil de clasificar, entre cl\u00e1sico revisitado y tendencias &#8216;hipster&#8217; (rebecas, pantalones chinos remangados, bermudas y sandalias), hacen colecciones que suponen el fondo de armario perfecto. Si te gusta lo que te contamos y esta selecci\u00f3n de fotos, puedes disfrutar de la colecci\u00f3n Primavera\/ Verano 2012 al completo\u00a0<a href=\"http:\/\/www.homecore.com\/\">aqu\u00ed<\/a>.<\/p>\n<figure id=\"attachment_7645\" aria-describedby=\"caption-attachment-7645\" style=\"width: 333px\" class=\"wp-caption aligncenter\"><a href=\"https:\/\/i0.wp.com\/www.moda.es\/blog\/wp-content\/uploads\/2012\/06\/hc_6.jpg\"><img data-attachment-id=\"7645\" data-permalink=\"http:\/\/www.moda.es\/blog\/hc_6\/\" data-orig-file=\"https:\/\/i0.wp.com\/www.moda.es\/blog\/wp-content\/uploads\/2012\/06\/hc_6-e1340556161909.jpg?fit=333%2C500\" data-orig-size=\"333,500\" data-comments-opened=\"1\" data-image-meta=\"{&quot;aperture&quot;:&quot;0&quot;,&quot;credit&quot;:&quot;&quot;,&quot;camera&quot;:&quot;&quot;,&quot;caption&quot;:&quot;&quot;,&quot;created_timestamp&quot;:&quot;0&quot;,&quot;copyright&quot;:&quot;&quot;,&quot;focal_length&quot;:&quot;0&quot;,&quot;iso&quot;:&quot;0&quot;,&quot;shutter_speed&quot;:&quot;0&quot;,&quot;title&quot;:&quot;&quot;}\" data-image-title=\"hc_6\" data-image-description=\"\" data-image-caption=\"&lt;p&gt;Colecci\u00f3n P\/ V 2012, imagen del lookbook. Foto via www.homecore.com&lt;\/p&gt;\n\" data-medium-file=\"https:\/\/i0.wp.com\/www.moda.es\/blog\/wp-content\/uploads\/2012\/06\/hc_6-e1340556161909.jpg?fit=199%2C300\" data-large-file=\"https:\/\/i0.wp.com\/www.moda.es\/blog\/wp-content\/uploads\/2012\/06\/hc_6-e1340556161909.jpg?fit=333%2C500\" loading=\"lazy\" class=\"size-full wp-image-7645\" src=\"https:\/\/i0.wp.com\/www.moda.es\/blog\/wp-content\/uploads\/2012\/06\/hc_6-e1340556161909.jpg?resize=333%2C500\" alt=\"\" width=\"333\" height=\"500\" srcset=\"https:\/\/i0.wp.com\/www.moda.es\/blog\/wp-content\/uploads\/2012\/06\/hc_6-e1340556161909.jpg?w=333 333w, https:\/\/i0.wp.com\/www.moda.es\/blog\/wp-content\/uploads\/2012\/06\/hc_6-e1340556161909.jpg?resize=199%2C300 199w\" sizes=\"(max-width: 333px) 100vw, 333px\" data-recalc-dims=\"1\" \/><\/a><figcaption id=\"caption-attachment-7645\" class=\"wp-caption-text\">Colecci\u00f3n P\/ V 2012, imagen del lookbook. Foto via www.homecore.com<\/figcaption><\/figure>\n<figure id=\"attachment_7646\" aria-describedby=\"caption-attachment-7646\" style=\"width: 333px\" class=\"wp-caption aligncenter\"><a href=\"https:\/\/i0.wp.com\/www.moda.es\/blog\/wp-content\/uploads\/2012\/06\/hc_10.jpg\"><img data-attachment-id=\"7646\" data-permalink=\"http:\/\/www.moda.es\/blog\/hc_10\/\" data-orig-file=\"https:\/\/i0.wp.com\/www.moda.es\/blog\/wp-content\/uploads\/2012\/06\/hc_10-e1340556297466.jpg?fit=333%2C500\" data-orig-size=\"333,500\" data-comments-opened=\"1\" data-image-meta=\"{&quot;aperture&quot;:&quot;0&quot;,&quot;credit&quot;:&quot;&quot;,&quot;camera&quot;:&quot;&quot;,&quot;caption&quot;:&quot;&quot;,&quot;created_timestamp&quot;:&quot;0&quot;,&quot;copyright&quot;:&quot;&quot;,&quot;focal_length&quot;:&quot;0&quot;,&quot;iso&quot;:&quot;0&quot;,&quot;shutter_speed&quot;:&quot;0&quot;,&quot;title&quot;:&quot;&quot;}\" data-image-title=\"hc_10\" data-image-description=\"\" data-image-caption=\"&lt;p&gt;Foto via www.homecore.com&lt;\/p&gt;\n\" data-medium-file=\"https:\/\/i0.wp.com\/www.moda.es\/blog\/wp-content\/uploads\/2012\/06\/hc_10-e1340556297466.jpg?fit=199%2C300\" data-large-file=\"https:\/\/i0.wp.com\/www.moda.es\/blog\/wp-content\/uploads\/2012\/06\/hc_10-e1340556297466.jpg?fit=333%2C500\" loading=\"lazy\" class=\"size-full wp-image-7646\" src=\"https:\/\/i0.wp.com\/www.moda.es\/blog\/wp-content\/uploads\/2012\/06\/hc_10-e1340556297466.jpg?resize=333%2C500\" alt=\"\" width=\"333\" height=\"500\" srcset=\"https:\/\/i0.wp.com\/www.moda.es\/blog\/wp-content\/uploads\/2012\/06\/hc_10-e1340556297466.jpg?w=333 333w, https:\/\/i0.wp.com\/www.moda.es\/blog\/wp-content\/uploads\/2012\/06\/hc_10-e1340556297466.jpg?resize=199%2C300 199w\" sizes=\"(max-width: 333px) 100vw, 333px\" data-recalc-dims=\"1\" \/><\/a><figcaption id=\"caption-attachment-7646\" class=\"wp-caption-text\">Colecci\u00f3n P\/ V 2012, imagen del lookbook.\u00a0Foto via www.homecore.com<\/figcaption><\/figure>\n<p>\u00b7 Tiendas: por ahora, <a href=\"http:\/\/www.homecore.com\/\">HOMECORE<\/a> tiene tienda propia en Par\u00eds y Berl\u00edn, pero se puede adquirir <em>online<\/em> en <a href=\"http:\/\/www.openingceremony.us\/products.asp?menuid=1&amp;designerid=1439&amp;view=all\">Opening Ceremony<\/a>.<\/p>\n<figure id=\"attachment_7647\" aria-describedby=\"caption-attachment-7647\" style=\"width: 333px\" class=\"wp-caption aligncenter\"><a href=\"https:\/\/i0.wp.com\/www.moda.es\/blog\/wp-content\/uploads\/2012\/06\/hc_20.jpg\"><img data-attachment-id=\"7647\" data-permalink=\"http:\/\/www.moda.es\/blog\/hc_20\/\" data-orig-file=\"https:\/\/i0.wp.com\/www.moda.es\/blog\/wp-content\/uploads\/2012\/06\/hc_20-e1340556376188.jpg?fit=333%2C500\" data-orig-size=\"333,500\" data-comments-opened=\"1\" data-image-meta=\"{&quot;aperture&quot;:&quot;0&quot;,&quot;credit&quot;:&quot;&quot;,&quot;camera&quot;:&quot;&quot;,&quot;caption&quot;:&quot;&quot;,&quot;created_timestamp&quot;:&quot;0&quot;,&quot;copyright&quot;:&quot;&quot;,&quot;focal_length&quot;:&quot;0&quot;,&quot;iso&quot;:&quot;0&quot;,&quot;shutter_speed&quot;:&quot;0&quot;,&quot;title&quot;:&quot;&quot;}\" data-image-title=\"hc_20\" data-image-description=\"\" data-image-caption=\"&lt;p&gt;Colecci\u00f3n P\/ V 2012, imagen del lookbook. Foto via www.homecore.com&lt;\/p&gt;\n\" data-medium-file=\"https:\/\/i0.wp.com\/www.moda.es\/blog\/wp-content\/uploads\/2012\/06\/hc_20-e1340556376188.jpg?fit=199%2C300\" data-large-file=\"https:\/\/i0.wp.com\/www.moda.es\/blog\/wp-content\/uploads\/2012\/06\/hc_20-e1340556376188.jpg?fit=333%2C500\" loading=\"lazy\" class=\"size-full wp-image-7647\" src=\"https:\/\/i0.wp.com\/www.moda.es\/blog\/wp-content\/uploads\/2012\/06\/hc_20-e1340556376188.jpg?resize=333%2C500\" alt=\"\" width=\"333\" height=\"500\" srcset=\"https:\/\/i0.wp.com\/www.moda.es\/blog\/wp-content\/uploads\/2012\/06\/hc_20-e1340556376188.jpg?w=333 333w, https:\/\/i0.wp.com\/www.moda.es\/blog\/wp-content\/uploads\/2012\/06\/hc_20-e1340556376188.jpg?resize=199%2C300 199w\" sizes=\"(max-width: 333px) 100vw, 333px\" data-recalc-dims=\"1\" \/><\/a><figcaption id=\"caption-attachment-7647\" class=\"wp-caption-text\">Colecci\u00f3n P\/ V 2012, imagen del lookbook. Foto via www.homecore.com<\/figcaption><\/figure>\n<figure id=\"attachment_7648\" aria-describedby=\"caption-attachment-7648\" style=\"width: 333px\" class=\"wp-caption aligncenter\"><a href=\"https:\/\/i0.wp.com\/www.moda.es\/blog\/wp-content\/uploads\/2012\/06\/hc_21.jpg\"><img data-attachment-id=\"7648\" data-permalink=\"http:\/\/www.moda.es\/blog\/hc_21\/\" data-orig-file=\"https:\/\/i0.wp.com\/www.moda.es\/blog\/wp-content\/uploads\/2012\/06\/hc_21-e1340556502424.jpg?fit=333%2C500\" data-orig-size=\"333,500\" data-comments-opened=\"1\" data-image-meta=\"{&quot;aperture&quot;:&quot;0&quot;,&quot;credit&quot;:&quot;&quot;,&quot;camera&quot;:&quot;&quot;,&quot;caption&quot;:&quot;&quot;,&quot;created_timestamp&quot;:&quot;0&quot;,&quot;copyright&quot;:&quot;&quot;,&quot;focal_length&quot;:&quot;0&quot;,&quot;iso&quot;:&quot;0&quot;,&quot;shutter_speed&quot;:&quot;0&quot;,&quot;title&quot;:&quot;&quot;}\" data-image-title=\"hc_21\" data-image-description=\"\" data-image-caption=\"&lt;p&gt;Colecci\u00f3n P\/ V 2012, imagen del lookbook. Foto via www.homecore.com&lt;\/p&gt;\n\" data-medium-file=\"https:\/\/i0.wp.com\/www.moda.es\/blog\/wp-content\/uploads\/2012\/06\/hc_21-e1340556502424.jpg?fit=199%2C300\" data-large-file=\"https:\/\/i0.wp.com\/www.moda.es\/blog\/wp-content\/uploads\/2012\/06\/hc_21-e1340556502424.jpg?fit=333%2C500\" loading=\"lazy\" class=\"size-full wp-image-7648\" src=\"https:\/\/i0.wp.com\/www.moda.es\/blog\/wp-content\/uploads\/2012\/06\/hc_21-e1340556502424.jpg?resize=333%2C500\" alt=\"\" width=\"333\" height=\"500\" srcset=\"https:\/\/i0.wp.com\/www.moda.es\/blog\/wp-content\/uploads\/2012\/06\/hc_21-e1340556502424.jpg?w=333 333w, https:\/\/i0.wp.com\/www.moda.es\/blog\/wp-content\/uploads\/2012\/06\/hc_21-e1340556502424.jpg?resize=199%2C300 199w\" sizes=\"(max-width: 333px) 100vw, 333px\" data-recalc-dims=\"1\" \/><\/a><figcaption id=\"caption-attachment-7648\" class=\"wp-caption-text\">Colecci\u00f3n P\/ V 2012, imagen del lookbook. Foto via www.homecore.com<\/figcaption><\/figure>\n<p>&nbsp;<\/p>\n","protected":false},"excerpt":{"rendered":"<p>La historia de la moda actual -al menos, de un buen n\u00famero de firmas- se escribe as\u00ed: un grupo de amigos se junt\u00f3 para crear una l\u00ednea de camisetas y con el paso del tiempo, di\u00f3 a luz una firma en toda regla. As\u00ed tambi\u00e9n se podr\u00eda escribir la historia [&hellip;]<\/p>\n","protected":false},"author":2,"featured_media":16806,"comment_status":"open","ping_status":"open","sticky":false,"template":"","format":"standard","meta":{"jetpack_publicize_message":"","jetpack_is_tweetstorm":false,"jetpack_publicize_feature_enabled":true},"categories":[19],"tags":[],"jetpack_publicize_connections":[],"jetpack_featured_media_url":"https:\/\/i0.wp.com\/www.moda.es\/blog\/wp-content\/uploads\/2012\/06\/MG_8941-e13405556025521.jpg?fit=500%2C333","jetpack_sharing_enabled":true,"jetpack_shortlink":"https:\/\/wp.me\/p4tJCC-1Z9","jetpack-related-posts":[{"id":7386,"url":"http:\/\/www.moda.es\/blog\/camisetas-sin-igual\/","url_meta":{"origin":7635,"position":0},"title":"Camisetas sin igual","date":"junio 4, 2012","format":false,"excerpt":"Seguro ya las has fichado. Igual no sabes de d\u00f3nde son o su nombre pero se las has visto a alguien por la calle. Parecen vintage pero no lo son, aunque su inspiraci\u00f3n es esa. Son las camiseta de 'The Hip Tee'. Su nombre compuesto por las palabras inglesas 'Hip',\u2026","rel":"","context":"En \u00abFirmas\u00bb","img":{"alt_text":"","src":"https:\/\/i0.wp.com\/www.moda.es\/blog\/wp-content\/uploads\/2012\/06\/truelove_0006-157-525-525-80-c-e1338849965191.jpg?resize=350%2C200","width":350,"height":200},"classes":[]},{"id":4912,"url":"http:\/\/www.moda.es\/blog\/camisetas-como-lienzos\/","url_meta":{"origin":7635,"position":1},"title":"Camisetas como lienzos","date":"enero 5, 2012","format":false,"excerpt":"Iniciativa, juventud y originalidad. Estas premisas definen a Lalimitada, una tienda online donde el arte se ha hermanado con la moda para hacer del primero un bien asequible. \u00bfC\u00f3mo? Utilizando las camisetas como lienzos, como si fueran el soporte de una serigraf\u00eda porque, de hecho, cada camiseta lleva el n\u00famero\u2026","rel":"","context":"En \u00abTiendas online\u00bb","img":{"alt_text":"","src":"https:\/\/i0.wp.com\/www.moda.es\/blog\/wp-content\/uploads\/2012\/01\/modelo2_mosca-cojonera_lalimitada1.jpg?fit=400%2C400&resize=350%2C200","width":350,"height":200},"classes":[]},{"id":8980,"url":"http:\/\/www.moda.es\/blog\/ricardo-cavolo-esta-de-moda\/","url_meta":{"origin":7635,"position":2},"title":"Ricardo Cavolo est\u00e1 de moda","date":"octubre 3, 2012","format":false,"excerpt":"Uno de nuestros ilustradores favoritos est\u00e1 de enhorabuena. Es Ricardo Cavolo y por lo que se ve \u00faltimamente no para: una colecci\u00f3n de camisetas, una colaboraci\u00f3n con una firma de ropa y otra, con una de zapatillas deportivas, adem\u00e1s est\u00e1 trabajando en la ilustraci\u00f3n de varios libros, entre otros, una\u2026","rel":"","context":"En \u00abStreetwear\u00bb","img":{"alt_text":"","src":"https:\/\/i0.wp.com\/www.moda.es\/blog\/wp-content\/uploads\/2012\/10\/1309040_6847354_i-e13493039638691.jpg?fit=500%2C280&resize=350%2C200","width":350,"height":200},"classes":[]},{"id":21306,"url":"http:\/\/www.moda.es\/blog\/net-a-porter-se-reforma\/","url_meta":{"origin":7635,"position":3},"title":"Net-A-Porter se \u00abReforma\u00bb","date":"noviembre 8, 2016","format":false,"excerpt":"Net-A-Porter y Reformation han colaborado en una edici\u00f3n exclusiva para la temporada de fiesta, siendo\u00a0la primera vez que la marca americana\u00a0de moda sostenible\u00a0estar\u00e1\u00a0disponible para comprar a nivel mundial. \u201cReformation es una marca con una gran conciencia eco que no es normalmente algo que vaya de la mano con la moda.\u2026","rel":"","context":"En \u00abActualidad\u00bb","img":{"alt_text":"","src":"https:\/\/i0.wp.com\/www.moda.es\/blog\/wp-content\/uploads\/2016\/11\/Captura-de-pantalla-2016-11-08-a-las-19.57.32.png?fit=368%2C452&resize=350%2C200","width":350,"height":200},"classes":[]},{"id":19150,"url":"http:\/\/www.moda.es\/blog\/camisetas-por-una-buena-causa\/","url_meta":{"origin":7635,"position":4},"title":"Camisetas por una buena causa","date":"marzo 17, 2015","format":false,"excerpt":"Stella McCartney se ha sumado al dise\u00f1o solidario y en beneficio de War Child ha creado dos camisetas inspiradas en dibujos infantiles. Cuando pensamos en el estudio de dise\u00f1o de un creador imaginamos un moodboard lleno de muestras de tejido, bocetos, fotograf\u00edas y referencias pero nunca pensar\u00edamos en una pared\u2026","rel":"","context":"En \u00abActualidad\u00bb","img":{"alt_text":"","src":"https:\/\/i0.wp.com\/www.moda.es\/blog\/wp-content\/uploads\/2015\/03\/stella.jpg?fit=650%2C799&resize=350%2C200","width":350,"height":200},"classes":[]},{"id":834,"url":"http:\/\/www.moda.es\/blog\/la-polemica-del-gigante-new-york-fashion-week\/","url_meta":{"origin":7635,"position":5},"title":"La pol\u00e9mica del gigante\/ New York Fashion Week","date":"febrero 16, 2011","format":false,"excerpt":"La pol\u00e9mica de moda del d\u00eda de ayer\u00a0fue la retirada de una serie de camisetas de Stradivarius inspiradas en las im\u00e1genes de conocidas bloggeras del mundo fashion. Lo le\u00eda ayer en\u00a0el blog 'Trending Topics'\u00a0de El Pa\u00eds y hoy se hac\u00eda eco de la noticia\u00a0la secci\u00f3n de Tendencias de El Mundo.\u2026","rel":"","context":"En \u00abDise\u00f1adores\u00bb","img":{"alt_text":"","src":"https:\/\/i0.wp.com\/www.moda.es\/blog\/wp-content\/uploads\/2011\/02\/6a00d8341bfb1653ef014e5f270fcb970c-500wi1.jpg?fit=500%2C383&resize=350%2C200","width":350,"height":200},"classes":[]}],"_links":{"self":[{"href":"http:\/\/www.moda.es\/blog\/wp-json\/wp\/v2\/posts\/7635"}],"collection":[{"href":"http:\/\/www.moda.es\/blog\/wp-json\/wp\/v2\/posts"}],"about":[{"href":"http:\/\/www.moda.es\/blog\/wp-json\/wp\/v2\/types\/post"}],"author":[{"embeddable":true,"href":"http:\/\/www.moda.es\/blog\/wp-json\/wp\/v2\/users\/2"}],"replies":[{"embeddable":true,"href":"http:\/\/www.moda.es\/blog\/wp-json\/wp\/v2\/comments?post=7635"}],"version-history":[{"count":0,"href":"http:\/\/www.moda.es\/blog\/wp-json\/wp\/v2\/posts\/7635\/revisions"}],"wp:featuredmedia":[{"embeddable":true,"href":"http:\/\/www.moda.es\/blog\/wp-json\/wp\/v2\/media\/16806"}],"wp:attachment":[{"href":"http:\/\/www.moda.es\/blog\/wp-json\/wp\/v2\/media?parent=7635"}],"wp:term":[{"taxonomy":"category","embeddable":true,"href":"http:\/\/www.moda.es\/blog\/wp-json\/wp\/v2\/categories?post=7635"},{"taxonomy":"post_tag","embeddable":true,"href":"http:\/\/www.moda.es\/blog\/wp-json\/wp\/v2\/tags?post=7635"}],"curies":[{"name":"wp","href":"https:\/\/api.w.org\/{rel}","templated":true}]}}