{"id":7632,"date":"2012-06-25T23:55:26","date_gmt":"2012-06-25T21:55:26","guid":{"rendered":"http:\/\/www.moda.es\/blog\/?p=7632"},"modified":"2012-06-25T23:55:26","modified_gmt":"2012-06-25T21:55:26","slug":"dia-de-la-musica-2012-maneras-de-vestir","status":"publish","type":"post","link":"http:\/\/www.moda.es\/blog\/dia-de-la-musica-2012-maneras-de-vestir\/","title":{"rendered":"D\u00eda de la M\u00fasica 2012, maneras de vestir"},"content":{"rendered":"<figure id=\"attachment_7664\" aria-describedby=\"caption-attachment-7664\" style=\"width: 423px\" class=\"wp-caption aligncenter\"><a href=\"https:\/\/i0.wp.com\/www.moda.es\/blog\/wp-content\/uploads\/2012\/06\/diadelamusica2012.jpg\"><img data-attachment-id=\"7664\" data-permalink=\"http:\/\/www.moda.es\/blog\/diadelamusica2012\/\" data-orig-file=\"https:\/\/i0.wp.com\/www.moda.es\/blog\/wp-content\/uploads\/2012\/06\/diadelamusica2012-e1340662690937.jpg?fit=423%2C300\" data-orig-size=\"423,300\" data-comments-opened=\"1\" data-image-meta=\"{&quot;aperture&quot;:&quot;0&quot;,&quot;credit&quot;:&quot;&quot;,&quot;camera&quot;:&quot;&quot;,&quot;caption&quot;:&quot;&quot;,&quot;created_timestamp&quot;:&quot;0&quot;,&quot;copyright&quot;:&quot;&quot;,&quot;focal_length&quot;:&quot;0&quot;,&quot;iso&quot;:&quot;0&quot;,&quot;shutter_speed&quot;:&quot;0&quot;,&quot;title&quot;:&quot;&quot;}\" data-image-title=\"diadelamusica2012\" data-image-description=\"\" data-image-caption=\"&lt;p&gt;Foto via indiecalling.blogspot.com&lt;\/p&gt;\n\" data-medium-file=\"https:\/\/i0.wp.com\/www.moda.es\/blog\/wp-content\/uploads\/2012\/06\/diadelamusica2012-e1340662690937.jpg?fit=300%2C212\" data-large-file=\"https:\/\/i0.wp.com\/www.moda.es\/blog\/wp-content\/uploads\/2012\/06\/diadelamusica2012-e1340662690937.jpg?fit=423%2C300\" loading=\"lazy\" class=\"size-full wp-image-7664\" src=\"https:\/\/i0.wp.com\/www.moda.es\/blog\/wp-content\/uploads\/2012\/06\/diadelamusica2012-e1340662690937.jpg?resize=423%2C300\" alt=\"\" width=\"423\" height=\"300\" srcset=\"https:\/\/i0.wp.com\/www.moda.es\/blog\/wp-content\/uploads\/2012\/06\/diadelamusica2012-e1340662690937.jpg?w=423 423w, https:\/\/i0.wp.com\/www.moda.es\/blog\/wp-content\/uploads\/2012\/06\/diadelamusica2012-e1340662690937.jpg?resize=300%2C212 300w\" sizes=\"(max-width: 423px) 100vw, 423px\" data-recalc-dims=\"1\" \/><\/a><figcaption id=\"caption-attachment-7664\" class=\"wp-caption-text\">Foto via indiecalling.blogspot.com<\/figcaption><\/figure>\n<p>\u00bfHab\u00e9is podido disfrutar del <a href=\"http:\/\/www.diadelamusica.com\/2012\/\">D\u00eda de la M\u00fasica<\/a>? Preguntamos por los conciertos del doble festival que se ha celebrado en Madrid el pasado fin de semana. Nosotros, por desgracia, este a\u00f1o no es podido ser testigos directos, pero s\u00ed hemos estado pendientes de la informaci\u00f3n que se pod\u00eda encontrar en directo en la red durante el fin de semana, as\u00ed como de las cr\u00f3nicas de los conciertos y el resumen que anoche nos regal\u00f3 La 2 de televisi\u00f3n. Cuando se dan este tipo de conciertos, nos gusta analizar el estilo de los artistas que participan que son de lo m\u00e1s heterog\u00e9neo, como los estilos musicales que se daban cita.<\/p>\n<figure id=\"attachment_7665\" aria-describedby=\"caption-attachment-7665\" style=\"width: 500px\" class=\"wp-caption aligncenter\"><a href=\"https:\/\/i0.wp.com\/www.moda.es\/blog\/wp-content\/uploads\/2012\/06\/DSC7339201262315302.jpg\"><img data-attachment-id=\"7665\" data-permalink=\"http:\/\/www.moda.es\/blog\/_dsc7339201262315302\/\" data-orig-file=\"https:\/\/i0.wp.com\/www.moda.es\/blog\/wp-content\/uploads\/2012\/06\/DSC7339201262315302-e1340662824266.jpg?fit=500%2C332\" data-orig-size=\"500,332\" data-comments-opened=\"1\" data-image-meta=\"{&quot;aperture&quot;:&quot;0&quot;,&quot;credit&quot;:&quot;&quot;,&quot;camera&quot;:&quot;&quot;,&quot;caption&quot;:&quot;&quot;,&quot;created_timestamp&quot;:&quot;0&quot;,&quot;copyright&quot;:&quot;&quot;,&quot;focal_length&quot;:&quot;0&quot;,&quot;iso&quot;:&quot;0&quot;,&quot;shutter_speed&quot;:&quot;0&quot;,&quot;title&quot;:&quot;&quot;}\" data-image-title=\"_DSC7339201262315302\" data-image-description=\"\" data-image-caption=\"&lt;p&gt;Foto via www.diadelamusica.com&lt;\/p&gt;\n\" data-medium-file=\"https:\/\/i0.wp.com\/www.moda.es\/blog\/wp-content\/uploads\/2012\/06\/DSC7339201262315302-e1340662824266.jpg?fit=300%2C199\" data-large-file=\"https:\/\/i0.wp.com\/www.moda.es\/blog\/wp-content\/uploads\/2012\/06\/DSC7339201262315302-e1340662824266.jpg?fit=500%2C332\" loading=\"lazy\" class=\"size-full wp-image-7665\" src=\"https:\/\/i0.wp.com\/www.moda.es\/blog\/wp-content\/uploads\/2012\/06\/DSC7339201262315302-e1340662824266.jpg?resize=500%2C332\" alt=\"\" width=\"500\" height=\"332\" srcset=\"https:\/\/i0.wp.com\/www.moda.es\/blog\/wp-content\/uploads\/2012\/06\/DSC7339201262315302-e1340662824266.jpg?w=500 500w, https:\/\/i0.wp.com\/www.moda.es\/blog\/wp-content\/uploads\/2012\/06\/DSC7339201262315302-e1340662824266.jpg?resize=300%2C199 300w\" sizes=\"(max-width: 500px) 100vw, 500px\" data-recalc-dims=\"1\" \/><\/a><figcaption id=\"caption-attachment-7665\" class=\"wp-caption-text\">Azealia Banks durante su actuaci\u00f3n en el D\u00eda de la M\u00fasica 2012, el pasado viernes.\u00a0Foto via www.diadelamusica.com<\/figcaption><\/figure>\n<p>Empecemos por algunos de los cantantes que m\u00e1s nos gustan. <a href=\"http:\/\/www.azealiabanks.com\/\">Azealia Banks<\/a>, por su fuerza, descaro y gran energ\u00eda musical. El estilo de esta rapera, muy neoyorquino y un poco &#8216;trash&#8217;, se caracteriza por la combinaci\u00f3n de prendas llamativas en su colorido. Mucho mini short (deshilachados y con bolsillos vistos), tops cortos, y ahora sus favoritos, los jerseys y camisetas con dibujos de Mickye Mouse. Para su concierto del <a href=\"http:\/\/www.diadelamusica.com\/2012\/\">D\u00eda de la M\u00fasica<\/a> se decant\u00f3 por un ba\u00f1ador de lycra a rayas de colores con unos shorts de talle alto rojos.<\/p>\n<figure id=\"attachment_7666\" aria-describedby=\"caption-attachment-7666\" style=\"width: 399px\" class=\"wp-caption aligncenter\"><a href=\"https:\/\/i0.wp.com\/www.moda.es\/blog\/wp-content\/uploads\/2012\/06\/DSC73342012623152949.jpg\"><img data-attachment-id=\"7666\" data-permalink=\"http:\/\/www.moda.es\/blog\/_dsc73342012623152949\/\" data-orig-file=\"https:\/\/i0.wp.com\/www.moda.es\/blog\/wp-content\/uploads\/2012\/06\/DSC73342012623152949.jpg?fit=399%2C600\" data-orig-size=\"399,600\" data-comments-opened=\"1\" data-image-meta=\"{&quot;aperture&quot;:&quot;0&quot;,&quot;credit&quot;:&quot;&quot;,&quot;camera&quot;:&quot;&quot;,&quot;caption&quot;:&quot;&quot;,&quot;created_timestamp&quot;:&quot;0&quot;,&quot;copyright&quot;:&quot;&quot;,&quot;focal_length&quot;:&quot;0&quot;,&quot;iso&quot;:&quot;0&quot;,&quot;shutter_speed&quot;:&quot;0&quot;,&quot;title&quot;:&quot;&quot;}\" data-image-title=\"_DSC73342012623152949\" data-image-description=\"\" data-image-caption=\"&lt;p&gt;Azealia Banks dando lo mejor. Foto via www.diadelamusica.com&lt;\/p&gt;\n\" data-medium-file=\"https:\/\/i0.wp.com\/www.moda.es\/blog\/wp-content\/uploads\/2012\/06\/DSC73342012623152949.jpg?fit=199%2C300\" data-large-file=\"https:\/\/i0.wp.com\/www.moda.es\/blog\/wp-content\/uploads\/2012\/06\/DSC73342012623152949.jpg?fit=399%2C600\" loading=\"lazy\" class=\"size-full wp-image-7666\" src=\"https:\/\/i0.wp.com\/www.moda.es\/blog\/wp-content\/uploads\/2012\/06\/DSC73342012623152949.jpg?resize=399%2C600\" alt=\"\" width=\"399\" height=\"600\" srcset=\"https:\/\/i0.wp.com\/www.moda.es\/blog\/wp-content\/uploads\/2012\/06\/DSC73342012623152949.jpg?w=399 399w, https:\/\/i0.wp.com\/www.moda.es\/blog\/wp-content\/uploads\/2012\/06\/DSC73342012623152949.jpg?resize=199%2C300 199w\" sizes=\"(max-width: 399px) 100vw, 399px\" data-recalc-dims=\"1\" \/><\/a><figcaption id=\"caption-attachment-7666\" class=\"wp-caption-text\">Azealia Banks dando lo mejor. Foto via www.diadelamusica.com<\/figcaption><\/figure>\n<p><a href=\"http:\/\/www.myspace.com\/thetwinshadow\">Twin Shadow<\/a> es el seud\u00f3nimo tras el que se esconde George Lewis Jr. Aunque nacido en la Rep\u00fablica Dominicana y criado en Florida, vive en Brooklyn desde 2006, y todo este periplo vital se nota en su estilo. Ante todo, se nota una predilecci\u00f3n por recuperar piezas de los 80 ya sea un sombrero, una chupa de cuero con tachuelas o el tup\u00e9. El viernes tambi\u00e9n luci\u00f3 un <em>look<\/em>\u00a0ecl\u00e9ctico, pantalones blancos, camiseta desbocada, cazadora vaquera, grandes gafas de sol cuadrangulares (muy 80&#8217;s) y gorra de paja ladeada.<\/p>\n<figure id=\"attachment_7667\" aria-describedby=\"caption-attachment-7667\" style=\"width: 500px\" class=\"wp-caption aligncenter\"><a href=\"https:\/\/i0.wp.com\/www.moda.es\/blog\/wp-content\/uploads\/2012\/06\/twin-shadow-by-christian-gh_200612_1340197513_3_.jpg\"><img data-attachment-id=\"7667\" data-permalink=\"http:\/\/www.moda.es\/blog\/twin-shadow-by-christian-gh_200612_1340197513_3_\/\" data-orig-file=\"https:\/\/i0.wp.com\/www.moda.es\/blog\/wp-content\/uploads\/2012\/06\/twin-shadow-by-christian-gh_200612_1340197513_3_-e1340663260739.jpg?fit=500%2C280\" data-orig-size=\"500,280\" data-comments-opened=\"1\" data-image-meta=\"{&quot;aperture&quot;:&quot;0&quot;,&quot;credit&quot;:&quot;&quot;,&quot;camera&quot;:&quot;&quot;,&quot;caption&quot;:&quot;&quot;,&quot;created_timestamp&quot;:&quot;0&quot;,&quot;copyright&quot;:&quot;&quot;,&quot;focal_length&quot;:&quot;0&quot;,&quot;iso&quot;:&quot;0&quot;,&quot;shutter_speed&quot;:&quot;0&quot;,&quot;title&quot;:&quot;&quot;}\" data-image-title=\"twin-shadow-by-christian-gh_200612_1340197513_3_\" data-image-description=\"\" data-image-caption=\"&lt;p&gt;Retrato de Twin Shadow. Foto via www.playgroundmag.net&lt;\/p&gt;\n\" data-medium-file=\"https:\/\/i0.wp.com\/www.moda.es\/blog\/wp-content\/uploads\/2012\/06\/twin-shadow-by-christian-gh_200612_1340197513_3_-e1340663260739.jpg?fit=300%2C168\" data-large-file=\"https:\/\/i0.wp.com\/www.moda.es\/blog\/wp-content\/uploads\/2012\/06\/twin-shadow-by-christian-gh_200612_1340197513_3_-e1340663260739.jpg?fit=500%2C280\" loading=\"lazy\" class=\"size-full wp-image-7667\" src=\"https:\/\/i0.wp.com\/www.moda.es\/blog\/wp-content\/uploads\/2012\/06\/twin-shadow-by-christian-gh_200612_1340197513_3_-e1340663260739.jpg?resize=500%2C280\" alt=\"\" width=\"500\" height=\"280\" srcset=\"https:\/\/i0.wp.com\/www.moda.es\/blog\/wp-content\/uploads\/2012\/06\/twin-shadow-by-christian-gh_200612_1340197513_3_-e1340663260739.jpg?w=500 500w, https:\/\/i0.wp.com\/www.moda.es\/blog\/wp-content\/uploads\/2012\/06\/twin-shadow-by-christian-gh_200612_1340197513_3_-e1340663260739.jpg?resize=300%2C168 300w\" sizes=\"(max-width: 500px) 100vw, 500px\" data-recalc-dims=\"1\" \/><\/a><figcaption id=\"caption-attachment-7667\" class=\"wp-caption-text\">Retrato de Twin Shadow. Foto via www.playgroundmag.net<\/figcaption><\/figure>\n<figure id=\"attachment_7668\" aria-describedby=\"caption-attachment-7668\" style=\"width: 430px\" class=\"wp-caption aligncenter\"><a href=\"https:\/\/i0.wp.com\/www.moda.es\/blog\/wp-content\/uploads\/2012\/06\/9DC53B57C98F754B371D56718D91.jpg\"><img data-attachment-id=\"7668\" data-permalink=\"http:\/\/www.moda.es\/blog\/9dc53b57c98f754b371d56718d91\/\" data-orig-file=\"https:\/\/i0.wp.com\/www.moda.es\/blog\/wp-content\/uploads\/2012\/06\/9DC53B57C98F754B371D56718D91.jpg?fit=430%2C286\" data-orig-size=\"430,286\" data-comments-opened=\"1\" data-image-meta=\"{&quot;aperture&quot;:&quot;0&quot;,&quot;credit&quot;:&quot;&quot;,&quot;camera&quot;:&quot;&quot;,&quot;caption&quot;:&quot;&quot;,&quot;created_timestamp&quot;:&quot;0&quot;,&quot;copyright&quot;:&quot;&quot;,&quot;focal_length&quot;:&quot;0&quot;,&quot;iso&quot;:&quot;0&quot;,&quot;shutter_speed&quot;:&quot;0&quot;,&quot;title&quot;:&quot;&quot;}\" data-image-title=\"9DC53B57C98F754B371D56718D91\" data-image-description=\"\" data-image-caption=\"&lt;p&gt;Twin Shadow actuando a pleno sol de la tarde. Foto via entretenimiento.es.msn.com&lt;\/p&gt;\n\" data-medium-file=\"https:\/\/i0.wp.com\/www.moda.es\/blog\/wp-content\/uploads\/2012\/06\/9DC53B57C98F754B371D56718D91.jpg?fit=300%2C199\" data-large-file=\"https:\/\/i0.wp.com\/www.moda.es\/blog\/wp-content\/uploads\/2012\/06\/9DC53B57C98F754B371D56718D91.jpg?fit=430%2C286\" loading=\"lazy\" class=\"size-full wp-image-7668\" src=\"https:\/\/i0.wp.com\/www.moda.es\/blog\/wp-content\/uploads\/2012\/06\/9DC53B57C98F754B371D56718D91.jpg?resize=430%2C286\" alt=\"\" width=\"430\" height=\"286\" srcset=\"https:\/\/i0.wp.com\/www.moda.es\/blog\/wp-content\/uploads\/2012\/06\/9DC53B57C98F754B371D56718D91.jpg?w=430 430w, https:\/\/i0.wp.com\/www.moda.es\/blog\/wp-content\/uploads\/2012\/06\/9DC53B57C98F754B371D56718D91.jpg?resize=300%2C199 300w\" sizes=\"(max-width: 430px) 100vw, 430px\" data-recalc-dims=\"1\" \/><\/a><figcaption id=\"caption-attachment-7668\" class=\"wp-caption-text\">Twin Shadow actuando a pleno sol de la tarde. Foto via entretenimiento.es.msn.com<\/figcaption><\/figure>\n<p>A\u00fan nos quedan unos cuantos de nuestros favoritos por comentar. Continuar\u00e1.<\/p>\n<figure id=\"attachment_7669\" aria-describedby=\"caption-attachment-7669\" style=\"width: 500px\" class=\"wp-caption aligncenter\"><a href=\"https:\/\/i0.wp.com\/www.moda.es\/blog\/wp-content\/uploads\/2012\/06\/1340417024597.jpg\"><img data-attachment-id=\"7669\" data-permalink=\"http:\/\/www.moda.es\/blog\/1340417024597\/\" data-orig-file=\"https:\/\/i0.wp.com\/www.moda.es\/blog\/wp-content\/uploads\/2012\/06\/1340417024597-e1340664161726.jpg?fit=500%2C281\" data-orig-size=\"500,281\" data-comments-opened=\"1\" data-image-meta=\"{&quot;aperture&quot;:&quot;0&quot;,&quot;credit&quot;:&quot;&quot;,&quot;camera&quot;:&quot;&quot;,&quot;caption&quot;:&quot;&quot;,&quot;created_timestamp&quot;:&quot;0&quot;,&quot;copyright&quot;:&quot;&quot;,&quot;focal_length&quot;:&quot;0&quot;,&quot;iso&quot;:&quot;0&quot;,&quot;shutter_speed&quot;:&quot;0&quot;,&quot;title&quot;:&quot;&quot;}\" data-image-title=\"1340417024597\" data-image-description=\"\" data-image-caption=\"&lt;p&gt;Buen ambiente y sol en el D\u00eda de la M\u00fasica 2012. Foto via rtve.es&lt;\/p&gt;\n\" data-medium-file=\"https:\/\/i0.wp.com\/www.moda.es\/blog\/wp-content\/uploads\/2012\/06\/1340417024597-e1340664161726.jpg?fit=300%2C168\" data-large-file=\"https:\/\/i0.wp.com\/www.moda.es\/blog\/wp-content\/uploads\/2012\/06\/1340417024597-e1340664161726.jpg?fit=500%2C281\" loading=\"lazy\" class=\"size-full wp-image-7669\" src=\"https:\/\/i0.wp.com\/www.moda.es\/blog\/wp-content\/uploads\/2012\/06\/1340417024597-e1340664161726.jpg?resize=500%2C281\" alt=\"\" width=\"500\" height=\"281\" srcset=\"https:\/\/i0.wp.com\/www.moda.es\/blog\/wp-content\/uploads\/2012\/06\/1340417024597-e1340664161726.jpg?w=500 500w, https:\/\/i0.wp.com\/www.moda.es\/blog\/wp-content\/uploads\/2012\/06\/1340417024597-e1340664161726.jpg?resize=300%2C168 300w\" sizes=\"(max-width: 500px) 100vw, 500px\" data-recalc-dims=\"1\" \/><\/a><figcaption id=\"caption-attachment-7669\" class=\"wp-caption-text\">Buen ambiente y sol en el D\u00eda de la M\u00fasica 2012. Foto via rtve.es<\/figcaption><\/figure>\n","protected":false},"excerpt":{"rendered":"<p>\u00bfHab\u00e9is podido disfrutar del D\u00eda de la M\u00fasica? Preguntamos por los conciertos del doble festival que se ha celebrado en Madrid el pasado fin de semana. Nosotros, por desgracia, este a\u00f1o no es podido ser testigos directos, pero s\u00ed hemos estado pendientes de la informaci\u00f3n que se pod\u00eda encontrar en [&hellip;]<\/p>\n","protected":false},"author":2,"featured_media":16811,"comment_status":"open","ping_status":"open","sticky":false,"template":"","format":"standard","meta":{"jetpack_publicize_message":"","jetpack_is_tweetstorm":false,"jetpack_publicize_feature_enabled":true},"categories":[20],"tags":[],"jetpack_publicize_connections":[],"jetpack_featured_media_url":"https:\/\/i0.wp.com\/www.moda.es\/blog\/wp-content\/uploads\/2012\/06\/diadelamusica2012-e13406626909371.jpg?fit=423%2C300","jetpack_sharing_enabled":true,"jetpack_shortlink":"https:\/\/wp.me\/p4tJCC-1Z6","jetpack-related-posts":[{"id":2118,"url":"http:\/\/www.moda.es\/blog\/esa-chica-pelirroja\/","url_meta":{"origin":7632,"position":0},"title":"Esa chica pelirroja","date":"mayo 30, 2011","format":false,"excerpt":"Acaba de pasar el tornado festivalero del Primavera Sound 2011, cuatro d\u00edas de m\u00fasica, conciertos que se solapan, d\u00edas que acaban al amanecer del d\u00eda siguiente... Han pasado innumerables grupos, muchos con l\u00edderes que son iconos de moda. El a\u00f1o pasado estuvieron en el festival Florence + The Machine, el\u2026","rel":"","context":"En \u00abM\u00fasica y Moda\u00bb","img":{"alt_text":"","src":"https:\/\/i0.wp.com\/www.moda.es\/blog\/wp-content\/uploads\/2011\/05\/4656972204_01969ee5d2.jpg?fit=500%2C375&resize=350%2C200","width":350,"height":200},"classes":[]},{"id":8270,"url":"http:\/\/www.moda.es\/blog\/supermodelos-olimpicas\/","url_meta":{"origin":7632,"position":1},"title":"Supermodelos ol\u00edmpicas","date":"agosto 13, 2012","format":false,"excerpt":"\u00bfVisteis anoche la gala de clausura de los Juegos Ol\u00edmpicos de Londres? Seguro que a estas alturas del d\u00eda, aunque no lo vierais, os habr\u00e1n comentado algo. Aparte de que fue un concierto en toda regla de los grandes hits de la m\u00fasica brit\u00e1nica de todas las d\u00e9cadas, hubo gui\u00f1os\u2026","rel":"","context":"En \u00abPasarelas\u00bb","img":{"alt_text":"","src":"https:\/\/i0.wp.com\/www.moda.es\/blog\/wp-content\/uploads\/2012\/08\/636x-e13448864764851.jpg?fit=500%2C346&resize=350%2C200","width":350,"height":200},"classes":[]},{"id":6667,"url":"http:\/\/www.moda.es\/blog\/kim-gordon-hace-vestidos\/","url_meta":{"origin":7632,"position":2},"title":"Kim Gordon hace vestidos","date":"abril 17, 2012","format":false,"excerpt":"Tocar el bajo y vestir con un elegante vestido de lentejuelas no es incompatible. Ante cualquier duda, solo hay que ver una \u00a0imagen de Kim Gordon en alguno de los conciertos con Sonic Youth. La bajista del grupo demuestra en cada aparici\u00f3n en el escenario que las roqueras pueden tener\u2026","rel":"","context":"En \u00abM\u00fasica y Moda\u00bb","img":{"alt_text":"","src":"https:\/\/i0.wp.com\/www.moda.es\/blog\/wp-content\/uploads\/2012\/04\/kim_gordon_41.jpg?fit=474%2C594&resize=350%2C200","width":350,"height":200},"classes":[]},{"id":3617,"url":"http:\/\/www.moda.es\/blog\/ella-es-la-chica-de-moda-aqui\/","url_meta":{"origin":7632,"position":3},"title":"Ella es la chica de moda aqu\u00ed","date":"octubre 2, 2011","format":false,"excerpt":"El otro d\u00eda me qued\u00e9 sorprendida cuando, entre las p\u00e1ginas de internacional de un peri\u00f3dico, me encontr\u00e9 con la foto de una cara conocida anunciando una firma de bolsos. \u00bfAnne Hathaway para Ferragamo? No. Se trata de un rostro joven espa\u00f1ol de fama dentro de nuestras fronteras y, tambi\u00e9n algo\u2026","rel":"","context":"En \u00abIt Girl\u00bb","img":{"alt_text":"","src":"https:\/\/i0.wp.com\/www.moda.es\/blog\/wp-content\/uploads\/2011\/10\/russian-red-que-ahora-disena-para-kling.jpg?fit=600%2C812&resize=350%2C200","width":350,"height":200},"classes":[]},{"id":3801,"url":"http:\/\/www.moda.es\/blog\/dias-nordicos-un-invierno-anticipado\/","url_meta":{"origin":7632,"position":4},"title":"D\u00edas n\u00f3rdicos: un invierno anticipado","date":"octubre 13, 2011","format":false,"excerpt":"\u00bfTe gusta el fr\u00edo? \u00bfY lo n\u00f3rdico? Entonces, \u00a1esto te va a gustar! Se llama D\u00edas N\u00f3rdicos y se trata de un festival cultural multidisciplinar que pretende acercarnos a estos lejanos vecinos del norte de Europa. Porque muchos lo que conocemos de los n\u00f3rdicos es que han creado un dise\u00f1o\u2026","rel":"","context":"En \u00abFirmas\u00bb","img":{"alt_text":"","src":"https:\/\/i0.wp.com\/www.moda.es\/blog\/wp-content\/uploads\/2011\/10\/Expo-camis-e13185489913671.jpg?fit=500%2C331&resize=350%2C200","width":350,"height":200},"classes":[]},{"id":6645,"url":"http:\/\/www.moda.es\/blog\/las-celebrities-festivalean\/","url_meta":{"origin":7632,"position":5},"title":"Las &#8216;celebrities&#8217; festivalean","date":"abril 16, 2012","format":false,"excerpt":"Antes de que se abra la veda festivalera en nuestro pa\u00eds, all\u00e9n de los mares este pasado fin de semana se ha celebrado uno de los festivales de m\u00fasica m\u00e1s sonados del globo: Coachella. Poco te podemos contar que no sepas ya. Coachella recibe su nombre del valle donde tiene\u2026","rel":"","context":"En \u00abM\u00fasica y Moda\u00bb","img":{"alt_text":"","src":"https:\/\/i0.wp.com\/www.moda.es\/blog\/wp-content\/uploads\/2012\/04\/Coachella-sky-e13346035864581.jpg?fit=450%2C421&resize=350%2C200","width":350,"height":200},"classes":[]}],"_links":{"self":[{"href":"http:\/\/www.moda.es\/blog\/wp-json\/wp\/v2\/posts\/7632"}],"collection":[{"href":"http:\/\/www.moda.es\/blog\/wp-json\/wp\/v2\/posts"}],"about":[{"href":"http:\/\/www.moda.es\/blog\/wp-json\/wp\/v2\/types\/post"}],"author":[{"embeddable":true,"href":"http:\/\/www.moda.es\/blog\/wp-json\/wp\/v2\/users\/2"}],"replies":[{"embeddable":true,"href":"http:\/\/www.moda.es\/blog\/wp-json\/wp\/v2\/comments?post=7632"}],"version-history":[{"count":0,"href":"http:\/\/www.moda.es\/blog\/wp-json\/wp\/v2\/posts\/7632\/revisions"}],"wp:featuredmedia":[{"embeddable":true,"href":"http:\/\/www.moda.es\/blog\/wp-json\/wp\/v2\/media\/16811"}],"wp:attachment":[{"href":"http:\/\/www.moda.es\/blog\/wp-json\/wp\/v2\/media?parent=7632"}],"wp:term":[{"taxonomy":"category","embeddable":true,"href":"http:\/\/www.moda.es\/blog\/wp-json\/wp\/v2\/categories?post=7632"},{"taxonomy":"post_tag","embeddable":true,"href":"http:\/\/www.moda.es\/blog\/wp-json\/wp\/v2\/tags?post=7632"}],"curies":[{"name":"wp","href":"https:\/\/api.w.org\/{rel}","templated":true}]}}