{"id":7445,"date":"2012-06-07T22:04:13","date_gmt":"2012-06-07T20:04:13","guid":{"rendered":"http:\/\/www.moda.es\/blog\/?p=7445"},"modified":"2012-06-07T22:04:13","modified_gmt":"2012-06-07T20:04:13","slug":"para-bailar-la-bamba","status":"publish","type":"post","link":"http:\/\/www.moda.es\/blog\/para-bailar-la-bamba\/","title":{"rendered":"Para bailar, la &#8216;bamba&#8217;"},"content":{"rendered":"<p>En el verano, para los festivales,\u00a0la playa, la monta\u00f1a, un picnic&#8230; hay que c\u00f3modo y ligero. Y para ello llevar los pies tambi\u00e9n confortables, para aprovechar esos largos d\u00edas al m\u00e1ximo y que tus dos pies no sufran. Te traemos una buena lista con variadas opciones de bambas, zapatillas deportivas o como quieras llamarlas para que vivas con \u00e9xito cualquier excursi\u00f3n o escapada.<\/p>\n<p><a href=\"http:\/\/www.keds.com\/store\/SiteController\/keds\/home\">Keds<\/a>. La marca americana apunto de cumplir 100 a\u00f1os mantiene igual de joven su esp\u00edritu. Nos quedamos con el modelo &#8216;The Champion&#8217; que mezcla los materiales cl\u00e1sicos de este tipo de zapatillas, goma y lona.<\/p>\n<figure id=\"attachment_7450\" aria-describedby=\"caption-attachment-7450\" style=\"width: 500px\" class=\"wp-caption aligncenter\"><a href=\"https:\/\/i0.wp.com\/www.moda.es\/blog\/wp-content\/uploads\/2012\/06\/keds2.jpg\"><img data-attachment-id=\"7450\" data-permalink=\"http:\/\/www.moda.es\/blog\/keds2\/\" data-orig-file=\"https:\/\/i0.wp.com\/www.moda.es\/blog\/wp-content\/uploads\/2012\/06\/keds2-e1339099020305.jpg?fit=500%2C214\" data-orig-size=\"500,214\" data-comments-opened=\"1\" data-image-meta=\"{&quot;aperture&quot;:&quot;0&quot;,&quot;credit&quot;:&quot;&quot;,&quot;camera&quot;:&quot;&quot;,&quot;caption&quot;:&quot;&quot;,&quot;created_timestamp&quot;:&quot;0&quot;,&quot;copyright&quot;:&quot;&quot;,&quot;focal_length&quot;:&quot;0&quot;,&quot;iso&quot;:&quot;0&quot;,&quot;shutter_speed&quot;:&quot;0&quot;,&quot;title&quot;:&quot;&quot;}\" data-image-title=\"keds2\" data-image-description=\"\" data-image-caption=\"&lt;p&gt;Keds a todo color. Foto via notabene-blog.blogspot.com&lt;\/p&gt;\n\" data-medium-file=\"https:\/\/i0.wp.com\/www.moda.es\/blog\/wp-content\/uploads\/2012\/06\/keds2-e1339099020305.jpg?fit=300%2C128\" data-large-file=\"https:\/\/i0.wp.com\/www.moda.es\/blog\/wp-content\/uploads\/2012\/06\/keds2-e1339099020305.jpg?fit=500%2C214\" loading=\"lazy\" class=\"size-full wp-image-7450\" src=\"https:\/\/i0.wp.com\/www.moda.es\/blog\/wp-content\/uploads\/2012\/06\/keds2-e1339099020305.jpg?resize=500%2C214\" alt=\"\" width=\"500\" height=\"214\" srcset=\"https:\/\/i0.wp.com\/www.moda.es\/blog\/wp-content\/uploads\/2012\/06\/keds2-e1339099020305.jpg?w=500 500w, https:\/\/i0.wp.com\/www.moda.es\/blog\/wp-content\/uploads\/2012\/06\/keds2-e1339099020305.jpg?resize=300%2C128 300w\" sizes=\"(max-width: 500px) 100vw, 500px\" data-recalc-dims=\"1\" \/><\/a><figcaption id=\"caption-attachment-7450\" class=\"wp-caption-text\">Keds a todo color. Foto via notabene-blog.blogspot.com<\/figcaption><\/figure>\n<p><a href=\"http:\/\/www.superga.co.uk\/\">Superga<\/a>. En otro post os habl\u00e1bamos de que esta firma italiana hab\u00eda escogido a una de las chicas m\u00e1s de moda, Alexa Chung, como \u00abcomisaria\u00bb estilista e imagen de su \u00faltima campa\u00f1a. Gracias a esta it-girl, han conseguido que la marca se revalorice y numerosas <em>celebrities<\/em> se hayan hecho con un par. Atenci\u00f3n al modelo que han sacado con mega suela multicolor, siguiendo la estela de las que presentara Prada para el verano pasado.<\/p>\n<figure id=\"attachment_7449\" aria-describedby=\"caption-attachment-7449\" style=\"width: 450px\" class=\"wp-caption aligncenter\"><a href=\"https:\/\/i0.wp.com\/www.moda.es\/blog\/wp-content\/uploads\/2012\/06\/dadad06d561baaff9f25ead50f15e85a.jpg\"><img data-attachment-id=\"7449\" data-permalink=\"http:\/\/www.moda.es\/blog\/dadad06d561baaff9f25ead50f15e85a\/\" data-orig-file=\"https:\/\/i0.wp.com\/www.moda.es\/blog\/wp-content\/uploads\/2012\/06\/dadad06d561baaff9f25ead50f15e85a-e1339098853409.jpg?fit=450%2C267\" data-orig-size=\"450,267\" data-comments-opened=\"1\" data-image-meta=\"{&quot;aperture&quot;:&quot;0&quot;,&quot;credit&quot;:&quot;&quot;,&quot;camera&quot;:&quot;&quot;,&quot;caption&quot;:&quot;&quot;,&quot;created_timestamp&quot;:&quot;0&quot;,&quot;copyright&quot;:&quot;&quot;,&quot;focal_length&quot;:&quot;0&quot;,&quot;iso&quot;:&quot;0&quot;,&quot;shutter_speed&quot;:&quot;0&quot;,&quot;title&quot;:&quot;&quot;}\" data-image-title=\"dadad06d561baaff9f25ead50f15e85a\" data-image-description=\"\" data-image-caption=\"&lt;p&gt;Modelo Hoh 2790 Multicolour Cotw &#8211; White de Superga. Foto via www.superga.co.uk&lt;\/p&gt;\n\" data-medium-file=\"https:\/\/i0.wp.com\/www.moda.es\/blog\/wp-content\/uploads\/2012\/06\/dadad06d561baaff9f25ead50f15e85a-e1339098853409.jpg?fit=300%2C178\" data-large-file=\"https:\/\/i0.wp.com\/www.moda.es\/blog\/wp-content\/uploads\/2012\/06\/dadad06d561baaff9f25ead50f15e85a-e1339098853409.jpg?fit=450%2C267\" loading=\"lazy\" class=\"size-full wp-image-7449\" src=\"https:\/\/i0.wp.com\/www.moda.es\/blog\/wp-content\/uploads\/2012\/06\/dadad06d561baaff9f25ead50f15e85a-e1339098853409.jpg?resize=450%2C267\" alt=\"\" width=\"450\" height=\"267\" srcset=\"https:\/\/i0.wp.com\/www.moda.es\/blog\/wp-content\/uploads\/2012\/06\/dadad06d561baaff9f25ead50f15e85a-e1339098853409.jpg?w=450 450w, https:\/\/i0.wp.com\/www.moda.es\/blog\/wp-content\/uploads\/2012\/06\/dadad06d561baaff9f25ead50f15e85a-e1339098853409.jpg?resize=300%2C178 300w\" sizes=\"(max-width: 450px) 100vw, 450px\" data-recalc-dims=\"1\" \/><\/a><figcaption id=\"caption-attachment-7449\" class=\"wp-caption-text\">Modelo Hoh 2790 Multicolour Cotw &#8211; White de Superga. Foto via www.superga.co.uk<\/figcaption><\/figure>\n<p><a href=\"http:\/\/www.kawasakisko.dk\/\">Kawasaki<\/a>. \u00c9sta es el modelo de lona y goma versi\u00f3n danesa. Se distingue por su puntera recortada de forma c\u00f3ncava y se exportaron de las pistas de b\u00e1dminton all\u00e1 por los a\u00f1os 70.<\/p>\n<figure id=\"attachment_7451\" aria-describedby=\"caption-attachment-7451\" style=\"width: 450px\" class=\"wp-caption aligncenter\"><a href=\"https:\/\/i0.wp.com\/www.moda.es\/blog\/wp-content\/uploads\/2012\/06\/mag_kawasaki_footwear-03_f.jpg\"><img data-attachment-id=\"7451\" data-permalink=\"http:\/\/www.moda.es\/blog\/mag_kawasaki_footwear-03_f\/\" data-orig-file=\"https:\/\/i0.wp.com\/www.moda.es\/blog\/wp-content\/uploads\/2012\/06\/mag_kawasaki_footwear-03_f-e1339099441632.jpg?fit=450%2C300\" data-orig-size=\"450,300\" data-comments-opened=\"1\" data-image-meta=\"{&quot;aperture&quot;:&quot;0&quot;,&quot;credit&quot;:&quot;&quot;,&quot;camera&quot;:&quot;&quot;,&quot;caption&quot;:&quot;&quot;,&quot;created_timestamp&quot;:&quot;0&quot;,&quot;copyright&quot;:&quot;&quot;,&quot;focal_length&quot;:&quot;0&quot;,&quot;iso&quot;:&quot;0&quot;,&quot;shutter_speed&quot;:&quot;0&quot;,&quot;title&quot;:&quot;&quot;}\" data-image-title=\"mag_kawasaki_footwear-03_f\" data-image-description=\"\" data-image-caption=\"&lt;p&gt;Kawasaki. Foto via stylemag-online.net&lt;\/p&gt;\n\" data-medium-file=\"https:\/\/i0.wp.com\/www.moda.es\/blog\/wp-content\/uploads\/2012\/06\/mag_kawasaki_footwear-03_f-e1339099441632.jpg?fit=300%2C200\" data-large-file=\"https:\/\/i0.wp.com\/www.moda.es\/blog\/wp-content\/uploads\/2012\/06\/mag_kawasaki_footwear-03_f-e1339099441632.jpg?fit=450%2C300\" loading=\"lazy\" class=\"size-full wp-image-7451\" src=\"https:\/\/i0.wp.com\/www.moda.es\/blog\/wp-content\/uploads\/2012\/06\/mag_kawasaki_footwear-03_f-e1339099441632.jpg?resize=450%2C300\" alt=\"\" width=\"450\" height=\"300\" srcset=\"https:\/\/i0.wp.com\/www.moda.es\/blog\/wp-content\/uploads\/2012\/06\/mag_kawasaki_footwear-03_f-e1339099441632.jpg?w=450 450w, https:\/\/i0.wp.com\/www.moda.es\/blog\/wp-content\/uploads\/2012\/06\/mag_kawasaki_footwear-03_f-e1339099441632.jpg?resize=300%2C200 300w\" sizes=\"(max-width: 450px) 100vw, 450px\" data-recalc-dims=\"1\" \/><\/a><figcaption id=\"caption-attachment-7451\" class=\"wp-caption-text\">Kawasaki. Foto via stylemag-online.net<\/figcaption><\/figure>\n<p>No podemos olvidarnos de las nacionales Victoria, esas que seguro de ni\u00f1o llevaste hasta aburrirte, o de las francesas Bensimon. Ambas, en un af\u00e1n de renovarse para permanecer en el candelero, sacan nuevos modelos con sugerentes combinaciones textiles, en encaje o suela de rafia, las Victoria y lino con lazo de raso, Bensimon.<\/p>\n<p>El\u00edgelas en un color o estampado que me se adapten a tu estilo y&#8230; \u00a1a quemar zapatilla bailando!<\/p>\n<p>&nbsp;<\/p>\n","protected":false},"excerpt":{"rendered":"<p>En el verano, para los festivales,\u00a0la playa, la monta\u00f1a, un picnic&#8230; hay que c\u00f3modo y ligero. Y para ello llevar los pies tambi\u00e9n confortables, para aprovechar esos largos d\u00edas al m\u00e1ximo y que tus dos pies no sufran. Te traemos una buena lista con variadas opciones de bambas, zapatillas deportivas [&hellip;]<\/p>\n","protected":false},"author":2,"featured_media":16796,"comment_status":"open","ping_status":"open","sticky":false,"template":"","format":"standard","meta":{"jetpack_publicize_message":"","jetpack_is_tweetstorm":false,"jetpack_publicize_feature_enabled":true},"categories":[2],"tags":[],"jetpack_publicize_connections":[],"jetpack_featured_media_url":"https:\/\/i0.wp.com\/www.moda.es\/blog\/wp-content\/uploads\/2012\/06\/keds2-e13390990203051.jpg?fit=500%2C214","jetpack_sharing_enabled":true,"jetpack_shortlink":"https:\/\/wp.me\/p4tJCC-1W5","jetpack-related-posts":[{"id":6729,"url":"http:\/\/www.moda.es\/blog\/pies-nauticos\/","url_meta":{"origin":7445,"position":0},"title":"Pies na\u00faticos","date":"abril 21, 2012","format":false,"excerpt":"Los n\u00e1uticos es otra de esas prendas -como los chubasqueros o las sudaderas de Amarras- que dio el salto de los barcos a las calles, de ser un zapato funcional a meramente est\u00e9tico. Tradicionalmente asociados a un atuendo cl\u00e1sico al igual que los mocasines, hab\u00edan, como estos, quedado postergados en\u2026","rel":"","context":"En \u00abAccesorios\u00bb","img":{"alt_text":"","src":"https:\/\/i0.wp.com\/www.moda.es\/blog\/wp-content\/uploads\/2012\/04\/63740292_031.jpg?fit=407%2C569&resize=350%2C200","width":350,"height":200},"classes":[]},{"id":5922,"url":"http:\/\/www.moda.es\/blog\/chica-superga\/","url_meta":{"origin":7445,"position":1},"title":"Chica Superga","date":"marzo 21, 2012","format":false,"excerpt":"La chica de moda sigue tan de moda como siempre. Alexa Chung, adem\u00e1s de ser referente de moda per se, ahora se ha convertido en musa y directora creativa de la marca de zapatillas de lona Superga. En la primavera del a\u00f1o pasado, la modelo y presentadora de televisi\u00f3n inglesa\u2026","rel":"","context":"En \u00abFirmas\u00bb","img":{"alt_text":"","src":"https:\/\/i0.wp.com\/www.moda.es\/blog\/wp-content\/uploads\/2012\/03\/superga_ss12_alexa_shoot-e13322873202551.jpg?fit=500%2C333&resize=350%2C200","width":350,"height":200},"classes":[]},{"id":7898,"url":"http:\/\/www.moda.es\/blog\/deportivas-con-tacon-si-se-puede\/","url_meta":{"origin":7445,"position":2},"title":"\u00bfDeportivas con tac\u00f3n? S\u00ed se puede","date":"julio 12, 2012","format":false,"excerpt":"M\u00e1s de una vez te habr\u00e1s re\u00eddo con esa frase de \"arreglada pero informal\", al referirse al desvar\u00edo estil\u00edstico de llevar un chandal con tacones. Existe una versi\u00f3n ahora que no dista tanto de esto: las zapatillas deportivas con tac\u00f3n invisible en el interior, obra maestra de la dise\u00f1adora francesa\u2026","rel":"","context":"En \u00abAccesorios\u00bb","img":{"alt_text":"","src":"https:\/\/i0.wp.com\/www.moda.es\/blog\/wp-content\/uploads\/2012\/07\/Marant-Sneakers-e13417689757911.jpg?fit=500%2C314&resize=350%2C200","width":350,"height":200},"classes":[]},{"id":14090,"url":"http:\/\/www.moda.es\/blog\/tus-nuevas-converse-by-maison-martin-margiela\/","url_meta":{"origin":7445,"position":3},"title":"Tus nuevas Converse&#8230; by Maison Martin Margiela","date":"septiembre 9, 2013","format":false,"excerpt":"Cuando compras unas zapatillas, y especialmente unas Converse, una de las claves es el color. Sin embargo, si decides hacerte con uno de los pares de zapatillas pertenecientes a su \u00faltima gran colaboraci\u00f3n probablemente el color sea secundario, o al menos ser\u00e1 una interesante espera. Converse se ha unido a\u2026","rel":"","context":"En \u00abAccesorios\u00bb","img":{"alt_text":"","src":"https:\/\/i0.wp.com\/www.moda.es\/blog\/wp-content\/uploads\/2013\/09\/Converse-by-MMM71.jpg?fit=500%2C375&resize=350%2C200","width":350,"height":200},"classes":[]},{"id":12910,"url":"http:\/\/www.moda.es\/blog\/converse-y-comme-des-garcons\/","url_meta":{"origin":7445,"position":4},"title":"Converse y Comme des Gar\u00e7ons","date":"junio 3, 2013","format":false,"excerpt":"A algunos les parecen cursis y otros pueblan de ellos decorados y looks. A Comme des Gar\u00e7ons le gustan y a Converse tambi\u00e9n y por ello han poblado de ellos su \u00faltima colecci\u00f3n. Hablo de corazones y de la colaboraci\u00f3n entre una marca referente en el mundo de la moda\u2026","rel":"","context":"En \u00abActualidad\u00bb","img":{"alt_text":"","src":"https:\/\/i0.wp.com\/www.moda.es\/blog\/wp-content\/uploads\/2013\/06\/Converse-11.jpg?fit=500%2C375&resize=350%2C200","width":350,"height":200},"classes":[]},{"id":15681,"url":"http:\/\/www.moda.es\/blog\/lo-ultimo-de-riccardo-tisci-se-lucira-en-la-cancha\/","url_meta":{"origin":7445,"position":5},"title":"Lo \u00faltimo de Riccardo Tisci se lucir\u00e1 en la cancha","date":"enero 25, 2014","format":false,"excerpt":"De la pasarela a la pista. Riccardo Tisci aplica su arte a un elemento que en principio no pertence al entorno que presuponemos a la moda. El director creativo de Givenchy ha dise\u00f1ado cuatro zapatillas de baloncesto diferentes usando uno de los modelos m\u00e1s emblem\u00e1ticos de la marca deportiva, las\u00a0Air\u2026","rel":"","context":"En \u00abColecciones\u00bb","img":{"alt_text":"","src":"https:\/\/i0.wp.com\/www.moda.es\/blog\/wp-content\/uploads\/2014\/01\/Ricardo-Tisci-Nike-11.jpg?fit=500%2C422&resize=350%2C200","width":350,"height":200},"classes":[]}],"_links":{"self":[{"href":"http:\/\/www.moda.es\/blog\/wp-json\/wp\/v2\/posts\/7445"}],"collection":[{"href":"http:\/\/www.moda.es\/blog\/wp-json\/wp\/v2\/posts"}],"about":[{"href":"http:\/\/www.moda.es\/blog\/wp-json\/wp\/v2\/types\/post"}],"author":[{"embeddable":true,"href":"http:\/\/www.moda.es\/blog\/wp-json\/wp\/v2\/users\/2"}],"replies":[{"embeddable":true,"href":"http:\/\/www.moda.es\/blog\/wp-json\/wp\/v2\/comments?post=7445"}],"version-history":[{"count":0,"href":"http:\/\/www.moda.es\/blog\/wp-json\/wp\/v2\/posts\/7445\/revisions"}],"wp:featuredmedia":[{"embeddable":true,"href":"http:\/\/www.moda.es\/blog\/wp-json\/wp\/v2\/media\/16796"}],"wp:attachment":[{"href":"http:\/\/www.moda.es\/blog\/wp-json\/wp\/v2\/media?parent=7445"}],"wp:term":[{"taxonomy":"category","embeddable":true,"href":"http:\/\/www.moda.es\/blog\/wp-json\/wp\/v2\/categories?post=7445"},{"taxonomy":"post_tag","embeddable":true,"href":"http:\/\/www.moda.es\/blog\/wp-json\/wp\/v2\/tags?post=7445"}],"curies":[{"name":"wp","href":"https:\/\/api.w.org\/{rel}","templated":true}]}}