{"id":7422,"date":"2012-06-07T01:09:10","date_gmt":"2012-06-06T23:09:10","guid":{"rendered":"http:\/\/www.moda.es\/blog\/?p=7422"},"modified":"2012-06-07T01:09:10","modified_gmt":"2012-06-06T23:09:10","slug":"las-olsen-reinas-de-la-moda","status":"publish","type":"post","link":"http:\/\/www.moda.es\/blog\/las-olsen-reinas-de-la-moda\/","title":{"rendered":"Las Olsen, reinas de la moda"},"content":{"rendered":"<figure id=\"attachment_7430\" aria-describedby=\"caption-attachment-7430\" style=\"width: 500px\" class=\"wp-caption aligncenter\"><a href=\"https:\/\/i0.wp.com\/www.moda.es\/blog\/wp-content\/uploads\/2012\/06\/Mary-Kate-Olsen_-Lauren-Hutton_-Ashley-Olsen-attend-the-2012-CFDA-Fashion-Awards.jpg\"><img data-attachment-id=\"7430\" data-permalink=\"http:\/\/www.moda.es\/blog\/mary-kate-olsen_-lauren-hutton_-ashley-olsen-attend-the-2012-cfda-fashion-awards\/\" data-orig-file=\"https:\/\/i0.wp.com\/www.moda.es\/blog\/wp-content\/uploads\/2012\/06\/Mary-Kate-Olsen_-Lauren-Hutton_-Ashley-Olsen-attend-the-2012-CFDA-Fashion-Awards-e1339023731773.jpg?fit=500%2C440\" data-orig-size=\"500,440\" data-comments-opened=\"1\" data-image-meta=\"{&quot;aperture&quot;:&quot;0&quot;,&quot;credit&quot;:&quot;&quot;,&quot;camera&quot;:&quot;&quot;,&quot;caption&quot;:&quot;&quot;,&quot;created_timestamp&quot;:&quot;0&quot;,&quot;copyright&quot;:&quot;&quot;,&quot;focal_length&quot;:&quot;0&quot;,&quot;iso&quot;:&quot;0&quot;,&quot;shutter_speed&quot;:&quot;0&quot;,&quot;title&quot;:&quot;&quot;}\" data-image-title=\"Mary-Kate-Olsen_-Lauren-Hutton_-Ashley-Olsen&#8211;attend-the-2012-CFDA-Fashion-Awards\" data-image-description=\"\" data-image-caption=\"&lt;p&gt;Mary Kate Olsen, Lauren Hutton y Ashley Olsen, a su llegada a los premios CFDA. Foto via www.graziadaily.co.uk&lt;\/p&gt;\n\" data-medium-file=\"https:\/\/i0.wp.com\/www.moda.es\/blog\/wp-content\/uploads\/2012\/06\/Mary-Kate-Olsen_-Lauren-Hutton_-Ashley-Olsen-attend-the-2012-CFDA-Fashion-Awards-e1339023731773.jpg?fit=300%2C264\" data-large-file=\"https:\/\/i0.wp.com\/www.moda.es\/blog\/wp-content\/uploads\/2012\/06\/Mary-Kate-Olsen_-Lauren-Hutton_-Ashley-Olsen-attend-the-2012-CFDA-Fashion-Awards-e1339023731773.jpg?fit=500%2C440\" loading=\"lazy\" class=\"size-full wp-image-7430\" src=\"https:\/\/i0.wp.com\/www.moda.es\/blog\/wp-content\/uploads\/2012\/06\/Mary-Kate-Olsen_-Lauren-Hutton_-Ashley-Olsen-attend-the-2012-CFDA-Fashion-Awards-e1339023731773.jpg?resize=500%2C440\" alt=\"\" width=\"500\" height=\"440\" srcset=\"https:\/\/i0.wp.com\/www.moda.es\/blog\/wp-content\/uploads\/2012\/06\/Mary-Kate-Olsen_-Lauren-Hutton_-Ashley-Olsen-attend-the-2012-CFDA-Fashion-Awards-e1339023731773.jpg?w=500 500w, https:\/\/i0.wp.com\/www.moda.es\/blog\/wp-content\/uploads\/2012\/06\/Mary-Kate-Olsen_-Lauren-Hutton_-Ashley-Olsen-attend-the-2012-CFDA-Fashion-Awards-e1339023731773.jpg?resize=300%2C264 300w\" sizes=\"(max-width: 500px) 100vw, 500px\" data-recalc-dims=\"1\" \/><\/a><figcaption id=\"caption-attachment-7430\" class=\"wp-caption-text\">Mary Kate Olsen, Lauren Hutton y Ashley Olsen, a su llegada a los premios CFDA. Foto via www.graziadaily.co.uk<\/figcaption><\/figure>\n<p>Ayer las hermanas gemelas Olsen fueron noticia. El motivo: anteanoche (en la noche americana) se entregaban los premios de CFDA (Council of Fashion Designers of America), que se pueden considerar como los hom\u00f3logos de los \u00d3scar pero en la moda, y estas cuasi siamesas -que no se separan nunca- se hicieron con el galard\u00f3n a mejor dise\u00f1ador de moda femenina. Una velada en la que adem\u00e1s de premiar la labor de varios dise\u00f1adores, se puedo disfrutar del espect\u00e1culo de la alfombra roja.<\/p>\n<figure id=\"attachment_7437\" aria-describedby=\"caption-attachment-7437\" style=\"width: 320px\" class=\"wp-caption aligncenter\"><a href=\"https:\/\/i0.wp.com\/www.moda.es\/blog\/wp-content\/uploads\/2012\/06\/004m.jpg\"><img data-attachment-id=\"7437\" data-permalink=\"http:\/\/www.moda.es\/blog\/004m-2\/\" data-orig-file=\"https:\/\/i0.wp.com\/www.moda.es\/blog\/wp-content\/uploads\/2012\/06\/004m.jpg?fit=320%2C480\" data-orig-size=\"320,480\" data-comments-opened=\"1\" data-image-meta=\"{&quot;aperture&quot;:&quot;0&quot;,&quot;credit&quot;:&quot;&quot;,&quot;camera&quot;:&quot;&quot;,&quot;caption&quot;:&quot;&quot;,&quot;created_timestamp&quot;:&quot;0&quot;,&quot;copyright&quot;:&quot;2012 Kevin Mazur&quot;,&quot;focal_length&quot;:&quot;0&quot;,&quot;iso&quot;:&quot;0&quot;,&quot;shutter_speed&quot;:&quot;0&quot;,&quot;title&quot;:&quot;&quot;}\" data-image-title=\"004m\" data-image-description=\"\" data-image-caption=\"&lt;p&gt;Kate Bosworth vestida de Altuzarra. Foto via www.style.com&lt;\/p&gt;\n\" data-medium-file=\"https:\/\/i0.wp.com\/www.moda.es\/blog\/wp-content\/uploads\/2012\/06\/004m.jpg?fit=200%2C300\" data-large-file=\"https:\/\/i0.wp.com\/www.moda.es\/blog\/wp-content\/uploads\/2012\/06\/004m.jpg?fit=320%2C480\" loading=\"lazy\" class=\"size-full wp-image-7437\" src=\"https:\/\/i0.wp.com\/www.moda.es\/blog\/wp-content\/uploads\/2012\/06\/004m.jpg?resize=320%2C480\" alt=\"\" width=\"320\" height=\"480\" srcset=\"https:\/\/i0.wp.com\/www.moda.es\/blog\/wp-content\/uploads\/2012\/06\/004m.jpg?w=320 320w, https:\/\/i0.wp.com\/www.moda.es\/blog\/wp-content\/uploads\/2012\/06\/004m.jpg?resize=200%2C300 200w\" sizes=\"(max-width: 320px) 100vw, 320px\" data-recalc-dims=\"1\" \/><\/a><figcaption id=\"caption-attachment-7437\" class=\"wp-caption-text\">Kate Bosworth vestida de Altuzarra. Foto via www.style.com<\/figcaption><\/figure>\n<p>En cuanto al premio de dise\u00f1ador de moda masculina fue a recaer en <a href=\"http:\/\/www.billyreid.com\/category\/menswear.html\">Billy Reid<\/a> (buen dise\u00f1o en americanas, jerseys de punto y pantalones), y el de accesorios para <a href=\"http:\/\/www.reedkrakoff.com\/online\/handbags\/USIndexView?storeId=16001&amp;catalogId=16500&amp;langId=-1\">Reed Krakoff<\/a>.\u00a0En el apartado dedicado a los medios, los conocidos\u00a0<em>bloggers<\/em> <a href=\"http:\/\/www.garancedore.fr\/\">Garance Dor\u00e9<\/a> y Scott Schuman (<a href=\"http:\/\/www.thesartorialist.com\/\">The Sartorialist<\/a>), pareja en la \u00abvida real\u00bb, recibieron el premio CFDA Eugenia Sheppard.\u00a0Tambi\u00e9n hubo lugar para premiar a los nuevos talentos que en dise\u00f1o de moda femenina fue para Altuzarra, en masculina, para Phillip Lim.<\/p>\n<figure id=\"attachment_7438\" aria-describedby=\"caption-attachment-7438\" style=\"width: 320px\" class=\"wp-caption aligncenter\"><a href=\"https:\/\/i0.wp.com\/www.moda.es\/blog\/wp-content\/uploads\/2012\/06\/072m.jpg\"><img data-attachment-id=\"7438\" data-permalink=\"http:\/\/www.moda.es\/blog\/072m\/\" data-orig-file=\"https:\/\/i0.wp.com\/www.moda.es\/blog\/wp-content\/uploads\/2012\/06\/072m.jpg?fit=320%2C480\" data-orig-size=\"320,480\" data-comments-opened=\"1\" data-image-meta=\"{&quot;aperture&quot;:&quot;0&quot;,&quot;credit&quot;:&quot;&quot;,&quot;camera&quot;:&quot;&quot;,&quot;caption&quot;:&quot;&quot;,&quot;created_timestamp&quot;:&quot;0&quot;,&quot;copyright&quot;:&quot;&quot;,&quot;focal_length&quot;:&quot;0&quot;,&quot;iso&quot;:&quot;0&quot;,&quot;shutter_speed&quot;:&quot;0&quot;,&quot;title&quot;:&quot;&quot;}\" data-image-title=\"072m\" data-image-description=\"\" data-image-caption=\"&lt;p&gt;Dakota Fanning vestida de Proenza Schouler y acompa\u00f1ada por los dos dise\u00f1adores de la firma, Jack McCollough y Lazaro Hernandez. Foto via Style.com&lt;\/p&gt;\n\" data-medium-file=\"https:\/\/i0.wp.com\/www.moda.es\/blog\/wp-content\/uploads\/2012\/06\/072m.jpg?fit=200%2C300\" data-large-file=\"https:\/\/i0.wp.com\/www.moda.es\/blog\/wp-content\/uploads\/2012\/06\/072m.jpg?fit=320%2C480\" loading=\"lazy\" class=\"size-full wp-image-7438\" src=\"https:\/\/i0.wp.com\/www.moda.es\/blog\/wp-content\/uploads\/2012\/06\/072m.jpg?resize=320%2C480\" alt=\"\" width=\"320\" height=\"480\" srcset=\"https:\/\/i0.wp.com\/www.moda.es\/blog\/wp-content\/uploads\/2012\/06\/072m.jpg?w=320 320w, https:\/\/i0.wp.com\/www.moda.es\/blog\/wp-content\/uploads\/2012\/06\/072m.jpg?resize=200%2C300 200w\" sizes=\"(max-width: 320px) 100vw, 320px\" data-recalc-dims=\"1\" \/><\/a><figcaption id=\"caption-attachment-7438\" class=\"wp-caption-text\">Dakota Fanning vestida de Proenza Schouler y acompa\u00f1ada por los dos dise\u00f1adores de la firma, Jack McCollough y Lazaro Hernandez. Foto via Style.com<\/figcaption><\/figure>\n<figure id=\"attachment_7440\" aria-describedby=\"caption-attachment-7440\" style=\"width: 350px\" class=\"wp-caption aligncenter\"><a href=\"https:\/\/i0.wp.com\/www.moda.es\/blog\/wp-content\/uploads\/2012\/06\/6._Zoe_Saldana_in_Prabal_Gurung.jpg\"><img data-attachment-id=\"7440\" data-permalink=\"http:\/\/www.moda.es\/blog\/2012-cfda-fashion-awards-cocktails\/\" data-orig-file=\"https:\/\/i0.wp.com\/www.moda.es\/blog\/wp-content\/uploads\/2012\/06\/6._Zoe_Saldana_in_Prabal_Gurung-e1339025025393.jpg?fit=350%2C534\" data-orig-size=\"350,534\" data-comments-opened=\"1\" data-image-meta=\"{&quot;aperture&quot;:&quot;0&quot;,&quot;credit&quot;:&quot;&quot;,&quot;camera&quot;:&quot;&quot;,&quot;caption&quot;:&quot;&quot;,&quot;created_timestamp&quot;:&quot;0&quot;,&quot;copyright&quot;:&quot;&quot;,&quot;focal_length&quot;:&quot;0&quot;,&quot;iso&quot;:&quot;0&quot;,&quot;shutter_speed&quot;:&quot;0&quot;,&quot;title&quot;:&quot;&quot;}\" data-image-title=\"2012 CFDA Fashion Awards &#8211; Cocktails\" data-image-description=\"&lt;p&gt;NEW YORK, NY &#8211; JUNE 04:  Zoe Saldana attends 2012 CFDA Fashion Awards at Alice Tully Hall on June 4, 2012 in New York City.  (Photo by Kevin Mazur\/WireImage)&lt;\/p&gt;\n\" data-image-caption=\"&lt;p&gt;Zoe Saldana con vestido de Prabal Gurung. Foto de Kevin Mazur\/ WireImage, via www.graziadaily.co.uk&lt;\/p&gt;\n\" data-medium-file=\"https:\/\/i0.wp.com\/www.moda.es\/blog\/wp-content\/uploads\/2012\/06\/6._Zoe_Saldana_in_Prabal_Gurung-e1339025025393.jpg?fit=196%2C300\" data-large-file=\"https:\/\/i0.wp.com\/www.moda.es\/blog\/wp-content\/uploads\/2012\/06\/6._Zoe_Saldana_in_Prabal_Gurung-e1339025025393.jpg?fit=350%2C534\" loading=\"lazy\" class=\"size-full wp-image-7440\" src=\"https:\/\/i0.wp.com\/www.moda.es\/blog\/wp-content\/uploads\/2012\/06\/6._Zoe_Saldana_in_Prabal_Gurung-e1339025025393.jpg?resize=350%2C534\" alt=\"\" width=\"350\" height=\"534\" srcset=\"https:\/\/i0.wp.com\/www.moda.es\/blog\/wp-content\/uploads\/2012\/06\/6._Zoe_Saldana_in_Prabal_Gurung-e1339025025393.jpg?w=350 350w, https:\/\/i0.wp.com\/www.moda.es\/blog\/wp-content\/uploads\/2012\/06\/6._Zoe_Saldana_in_Prabal_Gurung-e1339025025393.jpg?resize=196%2C300 196w\" sizes=\"(max-width: 350px) 100vw, 350px\" data-recalc-dims=\"1\" \/><\/a><figcaption id=\"caption-attachment-7440\" class=\"wp-caption-text\">Zoe Saldana con vestido de Prabal Gurung. Foto de Kevin Mazur\/ WireImage, via www.graziadaily.co.uk<\/figcaption><\/figure>\n<p>Sin embargo, las que de verdad se llevaron todas las miradas y atenciones de los medios fueron las Olsen premiadas por su firma <a href=\"http:\/\/www.therow.com\/\">The Row<\/a>, que se hicieron con el galard\u00f3n al que tambi\u00e9n optaban Marc Jacobs y los dise\u00f1adores de Proenza Schouler.<\/p>\n<figure id=\"attachment_7442\" aria-describedby=\"caption-attachment-7442\" style=\"width: 320px\" class=\"wp-caption aligncenter\"><a href=\"https:\/\/i0.wp.com\/www.moda.es\/blog\/wp-content\/uploads\/2012\/06\/086m.jpg\"><img data-attachment-id=\"7442\" data-permalink=\"http:\/\/www.moda.es\/blog\/086m\/\" data-orig-file=\"https:\/\/i0.wp.com\/www.moda.es\/blog\/wp-content\/uploads\/2012\/06\/086m.jpg?fit=320%2C480\" data-orig-size=\"320,480\" data-comments-opened=\"1\" data-image-meta=\"{&quot;aperture&quot;:&quot;0&quot;,&quot;credit&quot;:&quot;&quot;,&quot;camera&quot;:&quot;&quot;,&quot;caption&quot;:&quot;&quot;,&quot;created_timestamp&quot;:&quot;0&quot;,&quot;copyright&quot;:&quot;&quot;,&quot;focal_length&quot;:&quot;0&quot;,&quot;iso&quot;:&quot;0&quot;,&quot;shutter_speed&quot;:&quot;0&quot;,&quot;title&quot;:&quot;&quot;}\" data-image-title=\"086m\" data-image-description=\"\" data-image-caption=\"&lt;p&gt;Carine Roitfeld con &#8216;look&#8217; de Alexander Wang, junto al dise\u00f1ador. Foto via www.style.com&lt;\/p&gt;\n\" data-medium-file=\"https:\/\/i0.wp.com\/www.moda.es\/blog\/wp-content\/uploads\/2012\/06\/086m.jpg?fit=200%2C300\" data-large-file=\"https:\/\/i0.wp.com\/www.moda.es\/blog\/wp-content\/uploads\/2012\/06\/086m.jpg?fit=320%2C480\" loading=\"lazy\" class=\"size-full wp-image-7442\" src=\"https:\/\/i0.wp.com\/www.moda.es\/blog\/wp-content\/uploads\/2012\/06\/086m.jpg?resize=320%2C480\" alt=\"\" width=\"320\" height=\"480\" srcset=\"https:\/\/i0.wp.com\/www.moda.es\/blog\/wp-content\/uploads\/2012\/06\/086m.jpg?w=320 320w, https:\/\/i0.wp.com\/www.moda.es\/blog\/wp-content\/uploads\/2012\/06\/086m.jpg?resize=200%2C300 200w\" sizes=\"(max-width: 320px) 100vw, 320px\" data-recalc-dims=\"1\" \/><\/a><figcaption id=\"caption-attachment-7442\" class=\"wp-caption-text\">Carine Roitfeld con &#039;look&#039; de Alexander Wang, junto al dise\u00f1ador. Foto via www.style.com<\/figcaption><\/figure>\n<figure id=\"attachment_7443\" aria-describedby=\"caption-attachment-7443\" style=\"width: 320px\" class=\"wp-caption aligncenter\"><a href=\"https:\/\/i0.wp.com\/www.moda.es\/blog\/wp-content\/uploads\/2012\/06\/008m.jpg\"><img data-attachment-id=\"7443\" data-permalink=\"http:\/\/www.moda.es\/blog\/008m\/\" data-orig-file=\"https:\/\/i0.wp.com\/www.moda.es\/blog\/wp-content\/uploads\/2012\/06\/008m.jpg?fit=320%2C480\" data-orig-size=\"320,480\" data-comments-opened=\"1\" data-image-meta=\"{&quot;aperture&quot;:&quot;0&quot;,&quot;credit&quot;:&quot;&quot;,&quot;camera&quot;:&quot;&quot;,&quot;caption&quot;:&quot;&quot;,&quot;created_timestamp&quot;:&quot;0&quot;,&quot;copyright&quot;:&quot;2012 Kevin Mazur&quot;,&quot;focal_length&quot;:&quot;0&quot;,&quot;iso&quot;:&quot;0&quot;,&quot;shutter_speed&quot;:&quot;0&quot;,&quot;title&quot;:&quot;&quot;}\" data-image-title=\"008m\" data-image-description=\"\" data-image-caption=\"&lt;p&gt;Doutzen Kroes con vestido negro y transparencias de Sophie Theallet. Foto via www.style.com&lt;\/p&gt;\n\" data-medium-file=\"https:\/\/i0.wp.com\/www.moda.es\/blog\/wp-content\/uploads\/2012\/06\/008m.jpg?fit=200%2C300\" data-large-file=\"https:\/\/i0.wp.com\/www.moda.es\/blog\/wp-content\/uploads\/2012\/06\/008m.jpg?fit=320%2C480\" loading=\"lazy\" class=\"size-full wp-image-7443\" src=\"https:\/\/i0.wp.com\/www.moda.es\/blog\/wp-content\/uploads\/2012\/06\/008m.jpg?resize=320%2C480\" alt=\"\" width=\"320\" height=\"480\" srcset=\"https:\/\/i0.wp.com\/www.moda.es\/blog\/wp-content\/uploads\/2012\/06\/008m.jpg?w=320 320w, https:\/\/i0.wp.com\/www.moda.es\/blog\/wp-content\/uploads\/2012\/06\/008m.jpg?resize=200%2C300 200w\" sizes=\"(max-width: 320px) 100vw, 320px\" data-recalc-dims=\"1\" \/><\/a><figcaption id=\"caption-attachment-7443\" class=\"wp-caption-text\">Doutzen Kroes con vestido negro y transparencias de Sophie Theallet. Foto via www.style.com<\/figcaption><\/figure>\n<p>&nbsp;<\/p>\n","protected":false},"excerpt":{"rendered":"<p>Ayer las hermanas gemelas Olsen fueron noticia. El motivo: anteanoche (en la noche americana) se entregaban los premios de CFDA (Council of Fashion Designers of America), que se pueden considerar como los hom\u00f3logos de los \u00d3scar pero en la moda, y estas cuasi siamesas -que no se separan nunca- se [&hellip;]<\/p>\n","protected":false},"author":2,"featured_media":16805,"comment_status":"open","ping_status":"open","sticky":false,"template":"","format":"standard","meta":{"jetpack_publicize_message":"","jetpack_is_tweetstorm":false,"jetpack_publicize_feature_enabled":true},"categories":[4],"tags":[],"jetpack_publicize_connections":[],"jetpack_featured_media_url":"https:\/\/i0.wp.com\/www.moda.es\/blog\/wp-content\/uploads\/2012\/06\/Mary-Kate-Olsen_-Lauren-Hutton_-Ashley-Olsen-attend-the-2012-CFDA-Fashion-Awards-e13390237317731.jpg?fit=500%2C440","jetpack_sharing_enabled":true,"jetpack_shortlink":"https:\/\/wp.me\/p4tJCC-1VI","jetpack-related-posts":[{"id":2232,"url":"http:\/\/www.moda.es\/blog\/una-estatuilla-para-los-artistas-de-la-moda-1\/","url_meta":{"origin":7422,"position":0},"title":"Una estatuilla para los artistas de la moda (1)","date":"junio 9, 2011","format":false,"excerpt":"Hace tres d\u00edas se entregaron los premios CFDA, los m\u00e1s importantes del mundo de la moda. La t\u00f3nica general de su alfombra roja fue sobriedad y buen gusto. En t\u00e9rminos generales, las famosas ya fueran modelos, actrices o celebrities de otra condici\u00f3n, se decantaron por vestidos monocrom\u00e1ticos de l\u00edneas sencillas\u2026","rel":"","context":"En \u00abAlfombra Roja\u00bb","img":{"alt_text":"","src":"https:\/\/i0.wp.com\/www.moda.es\/blog\/wp-content\/uploads\/2011\/06\/alfombra_roja_cfda_fashion_awards_2011_63918657_562x9081.jpg?fit=562%2C908&resize=350%2C200","width":350,"height":200},"classes":[]},{"id":19441,"url":"http:\/\/www.moda.es\/blog\/las-gemelas-olsen-repiten-como-ganadores-en-los-cfda\/","url_meta":{"origin":7422,"position":1},"title":"Las gemelas Olsen, repiten como ganadores en los CFDA","date":"junio 2, 2015","format":false,"excerpt":"Mary-Kate y Ashley Olsen han recogido su tercer premio CFDA por su marca de ropa de mujer The Row, ayer. El d\u00fao, que gan\u00f3 el premio a la mejor colecci\u00f3n de accesorios del a\u00f1o pasado, y el premio a la mejor colecci\u00f3n de ropa de mujer en 2012, triunfaron a\u2026","rel":"","context":"En \u00abActualidad\u00bb","img":{"alt_text":"","src":"https:\/\/i0.wp.com\/www.moda.es\/blog\/wp-content\/uploads\/2015\/06\/olsens.jpg?fit=650%2C975&resize=350%2C200","width":350,"height":200},"classes":[]},{"id":12922,"url":"http:\/\/www.moda.es\/blog\/los-mejores-looks-de-los-premios-cfda-2013\/","url_meta":{"origin":7422,"position":2},"title":"Los mejores looks de los premios CFDA 2013","date":"junio 4, 2013","format":false,"excerpt":"Tras la gala de los MET, la moda vuelve a ser punto de encuentro de bellas y deseadas en una alfombra roja. Esta vez ha sido con motivo de la entrega de premios del CFDA, o lo que es lo mismo, el reconocimiento del Consejo de Dise\u00f1adores de Moda de\u2026","rel":"","context":"En \u00abAlfombra Roja\u00bb","img":{"alt_text":"","src":"https:\/\/i0.wp.com\/www.moda.es\/blog\/wp-content\/uploads\/2013\/06\/Adriana-Lima.jpg?resize=350%2C200","width":350,"height":200},"classes":[]},{"id":21939,"url":"http:\/\/www.moda.es\/blog\/ya-tenemos-lista-de-nominados-para-los-premios-cfda\/","url_meta":{"origin":7422,"position":3},"title":"Ya tenemos lista de nominados para los Premios CFDA","date":"marzo 24, 2017","format":false,"excerpt":"Al fin se han anunciado las nominaciones a los premios de la Moda CFDA 2017, y Demna Gvasalia, Gloria Steinem y Franca Sozzani est\u00e1n entre los nombres honor\u00edficos. Aunque la mayor\u00eda de los ganadores no ser\u00e1n revelados hasta el 5 de junio, algunos ya han sido anunciados. Rick Owens ha\u2026","rel":"","context":"En \u00abActualidad\u00bb","img":{"alt_text":"","src":"https:\/\/i0.wp.com\/www.moda.es\/blog\/wp-content\/uploads\/2017\/03\/Captura-de-pantalla-2017-03-24-a-las-17.34.06.png?fit=364%2C546&resize=350%2C200","width":350,"height":200},"classes":[]},{"id":7400,"url":"http:\/\/www.moda.es\/blog\/los-premios-mtv-se-visten-de-corto\/","url_meta":{"origin":7422,"position":4},"title":"Los premios MTV se visten de corto","date":"junio 5, 2012","format":false,"excerpt":"La noche de las minis. As\u00ed se vistieron la mayor\u00eda de las f\u00e9minas que acudieron a los MTV Movie Awards 2012 hace dos d\u00edas. Nadie escap\u00f3 a ellas, ni Kristen Stewart, ni Charlize Theron, ni Emma Watson, tampoco Christina Ricci o las hermanas Hilton, incluso Jennifer Aniston. De entre las\u2026","rel":"","context":"En \u00abAlfombra Roja\u00bb","img":{"alt_text":"","src":"https:\/\/i0.wp.com\/www.moda.es\/blog\/wp-content\/uploads\/2012\/06\/1338773219_kristen-stewart-zoom-e13389335562561.jpg?fit=350%2C545&resize=350%2C200","width":350,"height":200},"classes":[]},{"id":2248,"url":"http:\/\/www.moda.es\/blog\/una-estatuilla-para-los-artistas-de-la-moda-2\/","url_meta":{"origin":7422,"position":5},"title":"Una estatuilla para los artistas de la moda (2)","date":"junio 10, 2011","format":false,"excerpt":"De la gala\u00a0los premios CFDA 2011, es obligatorio hablar\u00a0de los galardonados y, por supuesto, de la reina de las apariciones rompedoras, la cantante Lady Gaga. En cuanto a los premiados de este a\u00f1o, empezar\u00eda por uno de mis favoritos entre los favoritos: Marc Jacobs. El dise\u00f1ador recibi\u00f3\u00a0un galard\u00f3n por su\u2026","rel":"","context":"En \u00abAlfombra Roja\u00bb","img":{"alt_text":"","src":"https:\/\/i0.wp.com\/www.moda.es\/blog\/wp-content\/uploads\/2011\/06\/lady-gaga-cdfa-500x228.jpg?fit=500%2C228&resize=350%2C200","width":350,"height":200},"classes":[]}],"_links":{"self":[{"href":"http:\/\/www.moda.es\/blog\/wp-json\/wp\/v2\/posts\/7422"}],"collection":[{"href":"http:\/\/www.moda.es\/blog\/wp-json\/wp\/v2\/posts"}],"about":[{"href":"http:\/\/www.moda.es\/blog\/wp-json\/wp\/v2\/types\/post"}],"author":[{"embeddable":true,"href":"http:\/\/www.moda.es\/blog\/wp-json\/wp\/v2\/users\/2"}],"replies":[{"embeddable":true,"href":"http:\/\/www.moda.es\/blog\/wp-json\/wp\/v2\/comments?post=7422"}],"version-history":[{"count":0,"href":"http:\/\/www.moda.es\/blog\/wp-json\/wp\/v2\/posts\/7422\/revisions"}],"wp:featuredmedia":[{"embeddable":true,"href":"http:\/\/www.moda.es\/blog\/wp-json\/wp\/v2\/media\/16805"}],"wp:attachment":[{"href":"http:\/\/www.moda.es\/blog\/wp-json\/wp\/v2\/media?parent=7422"}],"wp:term":[{"taxonomy":"category","embeddable":true,"href":"http:\/\/www.moda.es\/blog\/wp-json\/wp\/v2\/categories?post=7422"},{"taxonomy":"post_tag","embeddable":true,"href":"http:\/\/www.moda.es\/blog\/wp-json\/wp\/v2\/tags?post=7422"}],"curies":[{"name":"wp","href":"https:\/\/api.w.org\/{rel}","templated":true}]}}