{"id":717,"date":"2011-02-04T20:43:49","date_gmt":"2011-02-04T19:43:49","guid":{"rendered":"http:\/\/www.moda.es\/blog\/?p=717"},"modified":"2011-02-04T20:43:49","modified_gmt":"2011-02-04T19:43:49","slug":"bajando-por-el-mediterraneo-x-vfw","status":"publish","type":"post","link":"http:\/\/www.moda.es\/blog\/bajando-por-el-mediterraneo-x-vfw\/","title":{"rendered":"Bajando por el mediterr\u00e1neo: X VFW"},"content":{"rendered":"<p>Tras Barcelona, Valencia. Seguimos la l\u00ednea del Mediterr\u00e1neo antes de saltar el Atl\u00e1ntico para la cita ineludible con la pasarela neoyorquina en un par de semanas. Desde el mi\u00e9rcoles y hasta hoy se ha celebrado la X edici\u00f3n de la Valencia Fashion Week. En n\u00fameros: tres jornadas en las que se han visto m\u00e1s de treinta colecciones de pr\u00eat-\u00e0-porter.<\/p>\n<p>La novedad ha sido el emplazamiento, la pasarela se ha trasladado al \u00c1gora dentro de\u00a0la Ciudad de les Arts i les Ci\u00e8ncies de Valencia, el conjunto creado por Santiago Calatrava. All\u00ed se inaugur\u00f3 esta X edici\u00f3n de la VFW\u00a0con el desfile de <a href=\"http:\/\/www.juanvidal.net\/\">Juan Vidal<\/a>. Se inspir\u00f3 en el mito de Odile &#8211; la mujer que tom\u00f3 forma de cisne negro- y lo reinterpret\u00f3 combin\u00e1ndolo con ecos victorianos y un punto g\u00f3tico (una colecci\u00f3n oscura donde el color\u00a0elegido fue el negro) casi dominado por un aire dram\u00e1tico.<\/p>\n<figure id=\"attachment_720\" aria-describedby=\"caption-attachment-720\" style=\"width: 476px\" class=\"wp-caption alignnone\"><a href=\"https:\/\/i0.wp.com\/www.moda.es\/blog\/wp-content\/uploads\/2011\/02\/577427.jpg\"><img data-attachment-id=\"720\" data-permalink=\"http:\/\/www.moda.es\/blog\/577427\/\" data-orig-file=\"https:\/\/i0.wp.com\/www.moda.es\/blog\/wp-content\/uploads\/2011\/02\/577427.jpg?fit=652%2C434\" data-orig-size=\"652,434\" data-comments-opened=\"1\" data-image-meta=\"{&quot;aperture&quot;:&quot;0&quot;,&quot;credit&quot;:&quot;&quot;,&quot;camera&quot;:&quot;&quot;,&quot;caption&quot;:&quot;&quot;,&quot;created_timestamp&quot;:&quot;0&quot;,&quot;copyright&quot;:&quot;&quot;,&quot;focal_length&quot;:&quot;0&quot;,&quot;iso&quot;:&quot;0&quot;,&quot;shutter_speed&quot;:&quot;0&quot;,&quot;title&quot;:&quot;&quot;}\" data-image-title=\"577427\" data-image-description=\"\" data-image-caption=\"&lt;p&gt;via Demotix.com&lt;\/p&gt;\n\" data-medium-file=\"https:\/\/i0.wp.com\/www.moda.es\/blog\/wp-content\/uploads\/2011\/02\/577427.jpg?fit=300%2C199\" data-large-file=\"https:\/\/i0.wp.com\/www.moda.es\/blog\/wp-content\/uploads\/2011\/02\/577427.jpg?fit=640%2C426\" loading=\"lazy\" class=\"size-full wp-image-720\" src=\"https:\/\/i0.wp.com\/www.moda.es\/blog\/wp-content\/uploads\/2011\/02\/577427.jpg?resize=476%2C300\" alt=\"\" width=\"476\" height=\"300\" data-recalc-dims=\"1\" \/><\/a><figcaption id=\"caption-attachment-720\" class=\"wp-caption-text\">via Demotix.com<\/figcaption><\/figure>\n<figure id=\"attachment_721\" aria-describedby=\"caption-attachment-721\" style=\"width: 325px\" class=\"wp-caption alignnone\"><a href=\"https:\/\/i0.wp.com\/www.moda.es\/blog\/wp-content\/uploads\/2011\/02\/577433.jpg\"><img data-attachment-id=\"721\" data-permalink=\"http:\/\/www.moda.es\/blog\/577433\/\" data-orig-file=\"https:\/\/i0.wp.com\/www.moda.es\/blog\/wp-content\/uploads\/2011\/02\/577433.jpg?fit=325%2C488\" data-orig-size=\"325,488\" data-comments-opened=\"1\" data-image-meta=\"{&quot;aperture&quot;:&quot;0&quot;,&quot;credit&quot;:&quot;&quot;,&quot;camera&quot;:&quot;&quot;,&quot;caption&quot;:&quot;&quot;,&quot;created_timestamp&quot;:&quot;0&quot;,&quot;copyright&quot;:&quot;&quot;,&quot;focal_length&quot;:&quot;0&quot;,&quot;iso&quot;:&quot;0&quot;,&quot;shutter_speed&quot;:&quot;0&quot;,&quot;title&quot;:&quot;&quot;}\" data-image-title=\"577433\" data-image-description=\"\" data-image-caption=\"&lt;p&gt;via Demotix.com&lt;\/p&gt;\n\" data-medium-file=\"https:\/\/i0.wp.com\/www.moda.es\/blog\/wp-content\/uploads\/2011\/02\/577433.jpg?fit=199%2C300\" data-large-file=\"https:\/\/i0.wp.com\/www.moda.es\/blog\/wp-content\/uploads\/2011\/02\/577433.jpg?fit=325%2C488\" loading=\"lazy\" class=\"size-full wp-image-721\" src=\"https:\/\/i0.wp.com\/www.moda.es\/blog\/wp-content\/uploads\/2011\/02\/577433.jpg?resize=325%2C488\" alt=\"\" width=\"325\" height=\"488\" srcset=\"https:\/\/i0.wp.com\/www.moda.es\/blog\/wp-content\/uploads\/2011\/02\/577433.jpg?w=325 325w, https:\/\/i0.wp.com\/www.moda.es\/blog\/wp-content\/uploads\/2011\/02\/577433.jpg?resize=199%2C300 199w\" sizes=\"(max-width: 325px) 100vw, 325px\" data-recalc-dims=\"1\" \/><\/a><figcaption id=\"caption-attachment-721\" class=\"wp-caption-text\">via Demotix.com<\/figcaption><\/figure>\n<p>Uno de los desfiles de peso fue el del algo veterano Jos\u00e9 Castro en colaboraci\u00f3n con <em>Siempreesviernes<\/em>.\u00a0Con el t\u00edtulo de <em>Death Can Dance<\/em>\u00a0s\u00f3lo se pod\u00eda esperar una\u00a0colecci\u00f3n dictada por el negro. Aunque aqu\u00ed, al contrario que en la presentada por Juan Vidal,\u00a0el rojo se abre paso en forma de capas de piel (como el zorro). Por otro lado, otro de los tejidos estrella fue el denim gastado en cazadoras y pantalones. La nota <em>rocker<\/em> de Castro qued\u00f3 patente en las tachuelas y las medias &#8216;estropeadas&#8217;.<\/p>\n<figure id=\"attachment_723\" aria-describedby=\"caption-attachment-723\" style=\"width: 503px\" class=\"wp-caption alignnone\"><a href=\"https:\/\/i0.wp.com\/www.moda.es\/blog\/wp-content\/uploads\/2011\/02\/CASTRO3-644x362.jpg\"><img data-attachment-id=\"723\" data-permalink=\"http:\/\/www.moda.es\/blog\/castro3-644x362\/\" data-orig-file=\"https:\/\/i0.wp.com\/www.moda.es\/blog\/wp-content\/uploads\/2011\/02\/CASTRO3-644x362.jpg?fit=644%2C362\" data-orig-size=\"644,362\" data-comments-opened=\"1\" data-image-meta=\"{&quot;aperture&quot;:&quot;0&quot;,&quot;credit&quot;:&quot;&quot;,&quot;camera&quot;:&quot;&quot;,&quot;caption&quot;:&quot;&quot;,&quot;created_timestamp&quot;:&quot;0&quot;,&quot;copyright&quot;:&quot;&quot;,&quot;focal_length&quot;:&quot;0&quot;,&quot;iso&quot;:&quot;0&quot;,&quot;shutter_speed&quot;:&quot;0&quot;,&quot;title&quot;:&quot;&quot;}\" data-image-title=\"CASTRO3&#8211;644&#215;362\" data-image-description=\"\" data-image-caption=\"&lt;p&gt;via Abc.es&lt;\/p&gt;\n\" data-medium-file=\"https:\/\/i0.wp.com\/www.moda.es\/blog\/wp-content\/uploads\/2011\/02\/CASTRO3-644x362.jpg?fit=300%2C168\" data-large-file=\"https:\/\/i0.wp.com\/www.moda.es\/blog\/wp-content\/uploads\/2011\/02\/CASTRO3-644x362.jpg?fit=640%2C360\" loading=\"lazy\" class=\"size-full wp-image-723\" src=\"https:\/\/i0.wp.com\/www.moda.es\/blog\/wp-content\/uploads\/2011\/02\/CASTRO3-644x362.jpg?resize=503%2C266\" alt=\"\" width=\"503\" height=\"266\" data-recalc-dims=\"1\" \/><\/a><figcaption id=\"caption-attachment-723\" class=\"wp-caption-text\">via Abc.es<\/figcaption><\/figure>\n<figure id=\"attachment_724\" aria-describedby=\"caption-attachment-724\" style=\"width: 508px\" class=\"wp-caption alignnone\"><a href=\"https:\/\/i0.wp.com\/www.moda.es\/blog\/wp-content\/uploads\/2011\/02\/CASTRO4-644x362.jpg\"><img data-attachment-id=\"724\" data-permalink=\"http:\/\/www.moda.es\/blog\/castro4-644x362\/\" data-orig-file=\"https:\/\/i0.wp.com\/www.moda.es\/blog\/wp-content\/uploads\/2011\/02\/CASTRO4-644x362.jpg?fit=644%2C362\" data-orig-size=\"644,362\" data-comments-opened=\"1\" data-image-meta=\"{&quot;aperture&quot;:&quot;0&quot;,&quot;credit&quot;:&quot;&quot;,&quot;camera&quot;:&quot;&quot;,&quot;caption&quot;:&quot;&quot;,&quot;created_timestamp&quot;:&quot;0&quot;,&quot;copyright&quot;:&quot;&quot;,&quot;focal_length&quot;:&quot;0&quot;,&quot;iso&quot;:&quot;0&quot;,&quot;shutter_speed&quot;:&quot;0&quot;,&quot;title&quot;:&quot;&quot;}\" data-image-title=\"CASTRO4&#8211;644&#215;362\" data-image-description=\"\" data-image-caption=\"&lt;p&gt;via Abc.es&lt;\/p&gt;\n\" data-medium-file=\"https:\/\/i0.wp.com\/www.moda.es\/blog\/wp-content\/uploads\/2011\/02\/CASTRO4-644x362.jpg?fit=300%2C168\" data-large-file=\"https:\/\/i0.wp.com\/www.moda.es\/blog\/wp-content\/uploads\/2011\/02\/CASTRO4-644x362.jpg?fit=640%2C360\" loading=\"lazy\" class=\"size-full wp-image-724\" src=\"https:\/\/i0.wp.com\/www.moda.es\/blog\/wp-content\/uploads\/2011\/02\/CASTRO4-644x362.jpg?resize=508%2C282\" alt=\"\" width=\"508\" height=\"282\" data-recalc-dims=\"1\" \/><\/a><figcaption id=\"caption-attachment-724\" class=\"wp-caption-text\">via Abc.es<\/figcaption><\/figure>\n","protected":false},"excerpt":{"rendered":"<p>Tras Barcelona, Valencia. Seguimos la l\u00ednea del Mediterr\u00e1neo antes de saltar el Atl\u00e1ntico para la cita ineludible con la pasarela neoyorquina en un par de semanas. Desde el mi\u00e9rcoles y hasta hoy se ha celebrado la X edici\u00f3n de la Valencia Fashion Week. En n\u00fameros: tres jornadas en las que [&hellip;]<\/p>\n","protected":false},"author":2,"featured_media":16392,"comment_status":"open","ping_status":"open","sticky":false,"template":"","format":"standard","meta":{"jetpack_publicize_message":"","jetpack_is_tweetstorm":false,"jetpack_publicize_feature_enabled":true},"categories":[23],"tags":[],"jetpack_publicize_connections":[],"jetpack_featured_media_url":"https:\/\/i0.wp.com\/www.moda.es\/blog\/wp-content\/uploads\/2011\/02\/5774271.jpg?fit=652%2C434","jetpack_sharing_enabled":true,"jetpack_shortlink":"https:\/\/wp.me\/p4tJCC-bz","jetpack-related-posts":[{"id":706,"url":"http:\/\/www.moda.es\/blog\/en-plena-voragine-2\/","url_meta":{"origin":717,"position":0},"title":"En plena vor\u00e1gine (2)","date":"febrero 3, 2011","format":false,"excerpt":"Parece que las cosas se van calmando un poco, ya no coinciden tantas pasarelas aunque la que ahora abarca todas las atenciones es la de Valencia. Ayer ech\u00f3 el cierre 080 Barcelona Fashion: muchos dise\u00f1adores, muchos desfiles... Una pasarela donde se dan la mano creatividad e innovaci\u00f3n y el mercado.\u2026","rel":"","context":"En \u00abPasarelas\u00bb","img":{"alt_text":"","src":"https:\/\/i0.wp.com\/www.moda.es\/blog\/wp-content\/uploads\/2011\/02\/krizia5.jpg?resize=350%2C200","width":350,"height":200},"classes":[]},{"id":3366,"url":"http:\/\/www.moda.es\/blog\/ultima-edicion-de-cibeles-alias-juanjo-oliva\/","url_meta":{"origin":717,"position":1},"title":"\u00daltima edici\u00f3n de Cibeles alias Juanjo Oliva","date":"septiembre 21, 2011","format":false,"excerpt":"Es todo un sastre, un modista. Como los de antes. Si, aparte de su ropa como demostraci\u00f3n emp\u00edrica, hace falta alguna prueba m\u00e1s, hace dos d\u00edas al t\u00e9rmino de esta \u00faltima edici\u00f3n de la Cibeles Madrid Fashion Week, Juanjo Oliva recib\u00eda el Premio L'Oreal a la mejor colecci\u00f3n. En estos\u2026","rel":"","context":"En \u00abDise\u00f1adores\u00bb","img":{"alt_text":"","src":"https:\/\/i0.wp.com\/www.elblogdemarialeon.com\/wp-content\/uploads\/2011\/09\/IMG_5143-768x1024.jpg?resize=350%2C200","width":350,"height":200},"classes":[]},{"id":8562,"url":"http:\/\/www.moda.es\/blog\/que-diez-anos-no-es-nada\/","url_meta":{"origin":717,"position":2},"title":"Que diez a\u00f1os no es nada","date":"septiembre 1, 2012","format":false,"excerpt":"Para David Delf\u00edn el a\u00f1o 2002 no fue uno cualquiera. En septiembre de aquel a\u00f1o, se estrenaba como dise\u00f1ador en la pasarela Cibeles. La pol\u00e9mica estaba servida. Inspirado por el movimiento art\u00edstico Surrealista, se hab\u00eda atrevido a sacar a las modelos con capuchas-saco y con sogas al cuello. La provocaci\u00f3n\u2026","rel":"","context":"En \u00abPasarelas\u00bb","img":{"alt_text":"","src":"https:\/\/i0.wp.com\/www.moda.es\/blog\/wp-content\/uploads\/2012\/09\/davidelfin008a-e13465166982611.jpg?fit=400%2C600&resize=350%2C200","width":350,"height":200},"classes":[]},{"id":296,"url":"http:\/\/www.moda.es\/blog\/menu-del-dia-steven-alan\/","url_meta":{"origin":717,"position":3},"title":"Men\u00fa del d\u00eda: Steven Alan","date":"diciembre 17, 2010","format":false,"excerpt":"Ten\u00eda ganas de compartir con vosotros, quiz\u00e1 descubriros,\u00a0una\u00a0firma que me gusta bastante. Es americana, mejor dicho, de los Estados Unidos, porque Am\u00e9rica es todo un continente no s\u00f3lo ese inmenso pa\u00eds. Steven Alan es una firma de ropa de estilo\u00a0street wear algo pijillo, con un punto de sofisticaci\u00f3n. La confecci\u00f3n\u2026","rel":"","context":"En \u00abColecciones\u00bb","img":{"alt_text":"","src":"https:\/\/i0.wp.com\/www.moda.es\/blog\/wp-content\/uploads\/2010\/12\/steven-alan-fall-2009-collection-11.jpg?fit=540%2C377&resize=350%2C200","width":350,"height":200},"classes":[]},{"id":3157,"url":"http:\/\/www.moda.es\/blog\/el-desfile-de-la-mostra-2\/","url_meta":{"origin":717,"position":4},"title":"El desfile de La Mostra (2)","date":"septiembre 3, 2011","format":false,"excerpt":"Siguen los desfiles de actrices con el gran canal de Venecia de fondo. Elegancia internacional, de las actrices y de las firmas que les visten. De las galas que lucen las celebrities, la mayor\u00eda son piezas de la temporada oto\u00f1o\/ invierno 2011\/ 2012, ya sean de haute couture o de\u2026","rel":"","context":"En \u00abAlfombra Roja\u00bb","img":{"alt_text":"","src":"https:\/\/i0.wp.com\/www.moda.es\/blog\/wp-content\/uploads\/2011\/09\/keira_knightley_en_valentino_120466951_north_318x4781.jpg?fit=318%2C478&resize=350%2C200","width":350,"height":200},"classes":[]},{"id":13295,"url":"http:\/\/www.moda.es\/blog\/desigual-en-la-pasarela-080\/","url_meta":{"origin":717,"position":5},"title":"Desigual en la pasarela 080","date":"julio 12, 2013","format":false,"excerpt":"La vida de Desigual sigue siendo chula y as\u00ed lo ha demostrado en el desfile de la temporada Primavera - Verano 2014 durante la 080 de Barcelona. En un espacio blanco y di\u00e1fano hicieron su explosi\u00f3n la m\u00fasica, el color... y Adriana Lima. Era la primera vez que la guap\u00edsima\u2026","rel":"","context":"En \u00abColecciones\u00bb","img":{"alt_text":"","src":"https:\/\/i0.wp.com\/www.moda.es\/blog\/wp-content\/uploads\/2013\/07\/Desigual-110.jpg?fit=400%2C276&resize=350%2C200","width":350,"height":200},"classes":[]}],"_links":{"self":[{"href":"http:\/\/www.moda.es\/blog\/wp-json\/wp\/v2\/posts\/717"}],"collection":[{"href":"http:\/\/www.moda.es\/blog\/wp-json\/wp\/v2\/posts"}],"about":[{"href":"http:\/\/www.moda.es\/blog\/wp-json\/wp\/v2\/types\/post"}],"author":[{"embeddable":true,"href":"http:\/\/www.moda.es\/blog\/wp-json\/wp\/v2\/users\/2"}],"replies":[{"embeddable":true,"href":"http:\/\/www.moda.es\/blog\/wp-json\/wp\/v2\/comments?post=717"}],"version-history":[{"count":0,"href":"http:\/\/www.moda.es\/blog\/wp-json\/wp\/v2\/posts\/717\/revisions"}],"wp:featuredmedia":[{"embeddable":true,"href":"http:\/\/www.moda.es\/blog\/wp-json\/wp\/v2\/media\/16392"}],"wp:attachment":[{"href":"http:\/\/www.moda.es\/blog\/wp-json\/wp\/v2\/media?parent=717"}],"wp:term":[{"taxonomy":"category","embeddable":true,"href":"http:\/\/www.moda.es\/blog\/wp-json\/wp\/v2\/categories?post=717"},{"taxonomy":"post_tag","embeddable":true,"href":"http:\/\/www.moda.es\/blog\/wp-json\/wp\/v2\/tags?post=717"}],"curies":[{"name":"wp","href":"https:\/\/api.w.org\/{rel}","templated":true}]}}