{"id":706,"date":"2011-02-03T22:57:59","date_gmt":"2011-02-03T21:57:59","guid":{"rendered":"http:\/\/www.moda.es\/blog\/?p=706"},"modified":"2011-02-03T22:57:59","modified_gmt":"2011-02-03T21:57:59","slug":"en-plena-voragine-2","status":"publish","type":"post","link":"http:\/\/www.moda.es\/blog\/en-plena-voragine-2\/","title":{"rendered":"En plena vor\u00e1gine (2)"},"content":{"rendered":"<p>Parece que las cosas se van calmando un poco, ya no coinciden tantas pasarelas aunque la que ahora abarca todas las atenciones es la de Valencia. Ayer ech\u00f3 el cierre 080 Barcelona Fashion: muchos dise\u00f1adores, muchos desfiles&#8230; Una pasarela donde se dan la mano creatividad e innovaci\u00f3n y el mercado.<\/p>\n<p>De los desfiles del martes,\u00a0el de Txell Miras titulado <em>Fundido en Negro<\/em> porque todo, no s\u00f3lo la ropa, sino la puesta en escena qued\u00f3 cubierto por la oscuridad.\u00a0Su marca destac\u00f3 por lo artesanal de los patrones. Las cremalleras tomaron protagonismo en un inteligente uso para cambiar la apariencia de cada prenda.\u00a0Txell jug\u00f3 con el dualismo de la\u00a0pieza ajustada frente al volumen de los cuerpos superiores colmados de plisados.<\/p>\n<figure style=\"width: 287px\" class=\"wp-caption alignnone\"><img loading=\"lazy\" src=\"https:\/\/i0.wp.com\/www.adospuntos.cl\/blog\/wp-content\/uploads\/2011\/02\/Txell-Miras-23.jpg?resize=287%2C430\" alt=\"\" width=\"287\" height=\"430\" data-recalc-dims=\"1\" \/><figcaption class=\"wp-caption-text\">via Adospuntos.cl<\/figcaption><\/figure>\n<figure style=\"width: 287px\" class=\"wp-caption alignnone\"><img loading=\"lazy\" src=\"https:\/\/i0.wp.com\/www.adospuntos.cl\/blog\/wp-content\/uploads\/2011\/02\/Txell-Miras-33.jpg?resize=287%2C430\" alt=\"\" width=\"287\" height=\"430\" data-recalc-dims=\"1\" \/><figcaption class=\"wp-caption-text\">via Adospuntos.cl<\/figcaption><\/figure>\n<figure style=\"width: 287px\" class=\"wp-caption alignnone\"><img loading=\"lazy\" src=\"https:\/\/i0.wp.com\/www.adospuntos.cl\/blog\/wp-content\/uploads\/2011\/02\/Txell-Miras-43.jpg?resize=287%2C430\" alt=\"\" width=\"287\" height=\"430\" data-recalc-dims=\"1\" \/><figcaption class=\"wp-caption-text\">via Adospuntos.cl<\/figcaption><\/figure>\n<p>Entre los dem\u00e1s pases del d\u00eda hay que subrayar el de Krizia Robustella, dise\u00f1adora que ha ganado el premio Mentos 080 Barcelona Fashion a la colecci\u00f3n m\u00e1s completa en sus dos categor\u00edas: moda femenina y masculina. As\u00ed que todos los honores para la holandesa. Krizia define la filosof\u00eda de sus dise\u00f1os como <em>sport deluxe<\/em> al tomar como referente prendas deportivas de las \u00faltimas d\u00e9cadas para crear un universo propio donde la comodidad se funde con el lujo. La dise\u00f1adora firma unas piezas un tanto exc\u00e9ntricas porque ese inconformismo inherente que la caracteriza.<\/p>\n<div class=\"mceTemp\">\n<dt><a href=\"https:\/\/i0.wp.com\/www.moda.es\/blog\/wp-content\/uploads\/2011\/02\/krizia5.jpg\"><img data-attachment-id=\"715\" data-permalink=\"http:\/\/www.moda.es\/blog\/krizia5\/\" data-orig-file=\"https:\/\/i0.wp.com\/www.moda.es\/blog\/wp-content\/uploads\/2011\/02\/krizia5.jpg?fit=803%2C588\" data-orig-size=\"803,588\" data-comments-opened=\"1\" data-image-meta=\"{&quot;aperture&quot;:&quot;0&quot;,&quot;credit&quot;:&quot;&quot;,&quot;camera&quot;:&quot;&quot;,&quot;caption&quot;:&quot;&quot;,&quot;created_timestamp&quot;:&quot;0&quot;,&quot;copyright&quot;:&quot;&quot;,&quot;focal_length&quot;:&quot;0&quot;,&quot;iso&quot;:&quot;0&quot;,&quot;shutter_speed&quot;:&quot;0&quot;,&quot;title&quot;:&quot;&quot;}\" data-image-title=\"krizia5\" data-image-description=\"\" data-image-caption=\"&lt;p&gt;via Abhfya.com&lt;\/p&gt;\n\" data-medium-file=\"https:\/\/i0.wp.com\/www.moda.es\/blog\/wp-content\/uploads\/2011\/02\/krizia5.jpg?fit=300%2C219\" data-large-file=\"https:\/\/i0.wp.com\/www.moda.es\/blog\/wp-content\/uploads\/2011\/02\/krizia5.jpg?fit=640%2C469\" loading=\"lazy\" class=\"size-full wp-image-715\" src=\"https:\/\/i0.wp.com\/www.moda.es\/blog\/wp-content\/uploads\/2011\/02\/krizia5.jpg?resize=613%2C476\" alt=\"\" width=\"613\" height=\"476\" data-recalc-dims=\"1\" \/><\/a><\/dt>\n<dd>via Abhfya.com<\/dd>\n<\/div>\n<p>Aparte de la X Valencia Fashion Week, las\u00a0pr\u00f3ximas citas de peso\u00a0est\u00e1n al caer: New York Fashion Week del 10 al 17 de febrero\u00a0que pasa el relevo a\u00a0Cibeles, del 18 al 23.<\/p>\n","protected":false},"excerpt":{"rendered":"<p>Parece que las cosas se van calmando un poco, ya no coinciden tantas pasarelas aunque la que ahora abarca todas las atenciones es la de Valencia. Ayer ech\u00f3 el cierre 080 Barcelona Fashion: muchos dise\u00f1adores, muchos desfiles&#8230; Una pasarela donde se dan la mano creatividad e innovaci\u00f3n y el mercado. [&hellip;]<\/p>\n","protected":false},"author":2,"featured_media":0,"comment_status":"open","ping_status":"open","sticky":false,"template":"","format":"standard","meta":{"jetpack_publicize_message":"","jetpack_is_tweetstorm":false,"jetpack_publicize_feature_enabled":true},"categories":[23],"tags":[],"jetpack_publicize_connections":[],"jetpack_featured_media_url":"","jetpack_sharing_enabled":true,"jetpack_shortlink":"https:\/\/wp.me\/p4tJCC-bo","jetpack-related-posts":[{"id":692,"url":"http:\/\/www.moda.es\/blog\/en-plena-voragine\/","url_meta":{"origin":706,"position":0},"title":"En plena vor\u00e1gine","date":"febrero 2, 2011","format":false,"excerpt":"Esta es una semana en que la moda est\u00e1 en un momento de ebullici\u00f3n: desfiles y m\u00e1s desfiles. Si la semana pasada fue la alta costura de Par\u00eds, esta semana se dan cita la pasarela 080 de Barcelona, los desfiles de la Estocolmo Fashion Week. Ante tantas noticias generadas por\u2026","rel":"","context":"En \u00abPasarelas\u00bb","img":{"alt_text":"","src":"https:\/\/i0.wp.com\/www.moda.es\/blog\/wp-content\/uploads\/2011\/02\/DSCN03241.jpg?fit=660%2C880&resize=350%2C200","width":350,"height":200},"classes":[]},{"id":14811,"url":"http:\/\/www.moda.es\/blog\/la-noche-de-los-angeles\/","url_meta":{"origin":706,"position":1},"title":"La noche de los \u00e1ngeles","date":"noviembre 15, 2013","format":false,"excerpt":"Lleg\u00f3 el gran d\u00eda y desplegaron su magia. Al fin lleg\u00f3 uno de los desfiles m\u00e1s esperados del a\u00f1o: las chicas de Victoria's Secret vinieron para mostrarnos la \u00faltima colecci\u00f3n y llenarnos de \u00bfsana? envidia. Nueva York fue como siempre el escenario y las estrellas invitadas para hacer bailar a\u2026","rel":"","context":"En \u00abDestacados\u00bb","img":{"alt_text":"","src":"https:\/\/i0.wp.com\/www.moda.es\/blog\/wp-content\/uploads\/2013\/11\/Victorias-Secret-1.jpg?resize=350%2C200","width":350,"height":200},"classes":[]},{"id":20290,"url":"http:\/\/www.moda.es\/blog\/el-futuro-de-la-moda\/","url_meta":{"origin":706,"position":2},"title":"El futuro de la moda","date":"febrero 6, 2016","format":false,"excerpt":"Burberry se ha convertido en la primera marca de lujo\u00a0en\u00a0anunciar cambios en su actual modelo de desfiles. La casa brit\u00e1nica\u00a0ha revelado\u00a0que fusionar\u00e1 sus muestras de las colecciones\u00a0\u00a0femenina y masculina a partir de septiembre de este a\u00f1o en dos desfiles\u00a0anuales, los art\u00edculos de los cuales estar\u00e1n disponibles para comprar de inmediato\u2026","rel":"","context":"En \u00abActualidad\u00bb","img":{"alt_text":"","src":"https:\/\/i0.wp.com\/www.moda.es\/blog\/wp-content\/uploads\/2016\/02\/Captura-de-pantalla-2016-02-06-a-las-14.27.11.png?fit=296%2C435&resize=350%2C200","width":350,"height":200},"classes":[]},{"id":5437,"url":"http:\/\/www.moda.es\/blog\/el-punto-y-la-seda-de-sita-murt\/","url_meta":{"origin":706,"position":3},"title":"El punto y la seda de Sita Murt","date":"febrero 8, 2012","format":false,"excerpt":"La MBFWM ha dado mucho de s\u00ed, una semana completa de desfiles que nos es imposible abarcar y por eso, a\u00fan nos quedan algunos desfiles por comentar en el tintero. Como el de Sita Murt del pasado s\u00e1bado (4 de febrero) donde el punto junto a la seda fueron los\u2026","rel":"","context":"En \u00abPasarelas\u00bb","img":{"alt_text":"","src":"https:\/\/i0.wp.com\/www.moda.es\/blog\/wp-content\/uploads\/2012\/02\/SitaMurt_001-e13286588545591.jpg?fit=333%2C500&resize=350%2C200","width":350,"height":200},"classes":[]},{"id":1776,"url":"http:\/\/www.moda.es\/blog\/la-chica-de-las-cejas-gruesas\/","url_meta":{"origin":706,"position":4},"title":"La chica de las cejas gruesas","date":"mayo 2, 2011","format":false,"excerpt":"Es la modelo del momento. Su nombre\u00a0imposible de olvidar, Arizona Muse,\u00a0parece el de un perfume para adolescentes. Sus gruesas cejas, su se\u00f1a de identidad. Se llama Zoe pero era m\u00e1s llamativo lo de Arizona. Nacida en 1988 en Tucson (Arizona, EE.UU.), firm\u00f3\u00a0un contrato como modelo con la agencia\u00a0Next en 2008,\u2026","rel":"","context":"En \u00abIt Girl\u00bb","img":{"alt_text":"","src":"https:\/\/i0.wp.com\/shows.sight-management.com\/wp-content\/uploads\/2011\/02\/arizona-muse-marc-jacobs.jpg?resize=350%2C200","width":350,"height":200},"classes":[]},{"id":19167,"url":"http:\/\/www.moda.es\/blog\/adios-giselle\/","url_meta":{"origin":706,"position":5},"title":"Adios, Giselle","date":"marzo 21, 2015","format":false,"excerpt":"Durante m\u00e1s de quince a\u00f1os, Gisele B\u00fcndchen, con sus piernas interminables, su preciosa sonrisa y su cabello dorado ha sido un elemento b\u00e1sico en las pasarelas. Ahora, la bomba brasile\u00f1a ha anunciado que va a colgar sus tacones de aguja a trav\u00e9s de un comunicado de su hermana y portavoz,\u2026","rel":"","context":"En \u00abActualidad\u00bb","img":{"alt_text":"","src":"https:\/\/i0.wp.com\/www.moda.es\/blog\/wp-content\/uploads\/2015\/03\/04-christian-dior-couture-fall-2007.jpg?fit=650%2C975&resize=350%2C200","width":350,"height":200},"classes":[]}],"_links":{"self":[{"href":"http:\/\/www.moda.es\/blog\/wp-json\/wp\/v2\/posts\/706"}],"collection":[{"href":"http:\/\/www.moda.es\/blog\/wp-json\/wp\/v2\/posts"}],"about":[{"href":"http:\/\/www.moda.es\/blog\/wp-json\/wp\/v2\/types\/post"}],"author":[{"embeddable":true,"href":"http:\/\/www.moda.es\/blog\/wp-json\/wp\/v2\/users\/2"}],"replies":[{"embeddable":true,"href":"http:\/\/www.moda.es\/blog\/wp-json\/wp\/v2\/comments?post=706"}],"version-history":[{"count":0,"href":"http:\/\/www.moda.es\/blog\/wp-json\/wp\/v2\/posts\/706\/revisions"}],"wp:attachment":[{"href":"http:\/\/www.moda.es\/blog\/wp-json\/wp\/v2\/media?parent=706"}],"wp:term":[{"taxonomy":"category","embeddable":true,"href":"http:\/\/www.moda.es\/blog\/wp-json\/wp\/v2\/categories?post=706"},{"taxonomy":"post_tag","embeddable":true,"href":"http:\/\/www.moda.es\/blog\/wp-json\/wp\/v2\/tags?post=706"}],"curies":[{"name":"wp","href":"https:\/\/api.w.org\/{rel}","templated":true}]}}