{"id":694,"date":"2011-02-01T23:07:34","date_gmt":"2011-02-01T22:07:34","guid":{"rendered":"http:\/\/www.moda.es\/blog\/?p=694"},"modified":"2011-02-01T23:07:34","modified_gmt":"2011-02-01T22:07:34","slug":"el-dibujante-de-la-haute-couture","status":"publish","type":"post","link":"http:\/\/www.moda.es\/blog\/el-dibujante-de-la-haute-couture\/","title":{"rendered":"El dibujante de la Haute Couture"},"content":{"rendered":"<p><img loading=\"lazy\" class=\"alignnone\" src=\"https:\/\/i0.wp.com\/www.vanityfair.com\/online\/beauty\/miss-dior1.jpg?resize=250%2C342\" alt=\"\" width=\"250\" height=\"342\" data-recalc-dims=\"1\" \/><\/p>\n<p>La inspiraci\u00f3n de la \u00faltima colecci\u00f3n de Christian Dior que comentaba ayer ha sido este gran ilustrador, admirado por compa\u00f1eros de oficio, dise\u00f1adores y\u00a0devotos\u00a0de la moda. Se llama Ren\u00e9 Gruau.<\/p>\n<p>Infatigable creador, Gruau ha dibujado la moda desde mediados de los a\u00f1os 30 y&#8230; \u00a1sigue en activo! Como dec\u00eda ayer, concebi\u00f3 el imaginario de la <em>maison<\/em> Dior: \u00e9l cre\u00f3 junto a Christian D. el <em>New Look<\/em> por lo que forma parte de la historia de la alta costura, esa que surgi\u00f3 de las cenizas\u00a0de la Segunda Guerra Mundial cuando tras la oscuridad vinieron las ganas de vivir.\u00a0\u00a0Ha sido el dise\u00f1ador de los nombres ic\u00f3nicos de la costura francesa al tiempo que ha dado vida y color a las p\u00e1ginas de las revistas de moda.<\/p>\n<p><img loading=\"lazy\" class=\"alignnone\" src=\"https:\/\/i0.wp.com\/4.bp.blogspot.com\/_HlhLpIibx0w\/TNp0-yymJ4I\/AAAAAAAAALU\/1yo7Df4t7wM\/s1600\/Gruau_MissDior.jpg?resize=290%2C400\" alt=\"\" width=\"290\" height=\"400\" data-recalc-dims=\"1\" \/><\/p>\n<p>Ren\u00e9, a pesar de lo que su nombre pueda vaticinar, no es originario de Francia, sino de Italia donde naci\u00f3\u00a0en 1909, aunque su madre era francesa y de ella tom\u00f3 el apellido. Su trayectoria es envidiable, sus ilustraciones se han paseado por las revistas m\u00e1s importantes: entre\u00a01935 y 1939, Gruau colabora con Marie Claire y L&#8217;Officiel, entre otras; en 1948, se marcha a los EE.UU. donde trabaja para Harper&#8217;s Bazaar y Vogue, despu\u00e9s comienza a trabajar en exclusiva para Flair. Y desde 1950 hasta hoy, adem\u00e1s de trabajar para Balmain, Balenciaga, Givenchy o Rochas, su mano sigue activa creando dibujos para Elle, Vogue France, Madame Figaro y L&#8217;Officiel de la Couture.<\/p>\n<p><img loading=\"lazy\" class=\"alignnone\" src=\"https:\/\/i0.wp.com\/rachelsayshello.com\/wp-content\/uploads\/2010\/11\/ReneGruau1resized.jpg?resize=390%2C604\" alt=\"\" width=\"390\" height=\"604\" data-recalc-dims=\"1\" \/><\/p>\n<p>Ren\u00e9 Gruau: \u201cl\u00b4\u00e9l\u00e9gance est un fluide, donc par nature difficile \u00e0 d\u00e9finir, mais elle est faite de vouloir et de savoir, de gr\u00e2ce, de raffinement, de perfection , de distinction\u201d.<\/p>\n<p><img loading=\"lazy\" class=\"alignnone\" src=\"https:\/\/i0.wp.com\/www.moda.es\/blog\/wp-content\/uploads\/2011\/02\/d5157822l.jpg?resize=340%2C260\" alt=\"\" width=\"340\" height=\"260\" data-recalc-dims=\"1\" \/><\/p>\n","protected":false},"excerpt":{"rendered":"<p>La inspiraci\u00f3n de la \u00faltima colecci\u00f3n de Christian Dior que comentaba ayer ha sido este gran ilustrador, admirado por compa\u00f1eros de oficio, dise\u00f1adores y\u00a0devotos\u00a0de la moda. Se llama Ren\u00e9 Gruau. Infatigable creador, Gruau ha dibujado la moda desde mediados de los a\u00f1os 30 y&#8230; \u00a1sigue en activo! Como dec\u00eda ayer, [&hellip;]<\/p>\n","protected":false},"author":2,"featured_media":0,"comment_status":"open","ping_status":"open","sticky":false,"template":"","format":"standard","meta":{"jetpack_publicize_message":"","jetpack_is_tweetstorm":false,"jetpack_publicize_feature_enabled":true},"categories":[16],"tags":[],"jetpack_publicize_connections":[],"jetpack_featured_media_url":"","jetpack_sharing_enabled":true,"jetpack_shortlink":"https:\/\/wp.me\/p4tJCC-bc","jetpack-related-posts":[{"id":680,"url":"http:\/\/www.moda.es\/blog\/volumen-it-up\/","url_meta":{"origin":694,"position":0},"title":"Volumen it up!","date":"enero 31, 2011","format":false,"excerpt":"En Dior nunca sobra tela, menos a\u00fan, en la Alta Costura. Galliano ha desplegado -plegado y plisado- todo su arte en faldas, vestidos y chaquetas\u00a0que s\u00f3lo \u00e9l puede hacer reales gracias a su dominio del patronaje. Dior s\u00f3lo puede ser Dior, y en este \u00faltimo desfile lo ha sido con\u2026","rel":"","context":"En \u00abPasarelas\u00bb","img":{"alt_text":"","src":"https:\/\/i0.wp.com\/www.moda.es\/blog\/wp-content\/uploads\/2011\/01\/Dior-Haute-Couture-Spring-2011-11.jpg?fit=468%2C702&resize=350%2C200","width":350,"height":200},"classes":[]},{"id":13235,"url":"http:\/\/www.moda.es\/blog\/lo-mejor-de-la-semana-de-la-alta-costura-ii\/","url_meta":{"origin":694,"position":1},"title":"Lo mejor de la Semana de la Alta Costura (II)","date":"julio 6, 2013","format":false,"excerpt":"Ayer te mostr\u00e9 algunas pinceladas de lo que se ha visto en la Semana de la Costura para la temporada Oto\u00f1o - Invierno 2013 pero seguro que te has quedado con ganas de saber m\u00e1s, \u00bfverdad? El detalle m\u00e1s llamativo de la colecci\u00f3n de alta costura de Giorgio Armani fueron\u2026","rel":"","context":"En \u00abColecciones\u00bb","img":{"alt_text":"","src":"https:\/\/i0.wp.com\/www.moda.es\/blog\/wp-content\/uploads\/2013\/07\/Armani-Prive.jpg?fit=400%2C267&resize=350%2C200","width":350,"height":200},"classes":[]},{"id":19800,"url":"http:\/\/www.moda.es\/blog\/jennifer-lawrence-repite-con-dior\/","url_meta":{"origin":694,"position":2},"title":"Jennifer Lawrence repite con Dior","date":"septiembre 17, 2015","format":false,"excerpt":"La actriz estadounidense Jennifer Lawrence est\u00e1 de vuelta con una nueva colaboraci\u00f3n para Dior. Posando para la lente del fot\u00f3grafo de moda David Sims, la estrella ganadora del Oscar presenta la l\u00ednea de bolsos para el oto\u00f1o 2015, incluyendo los modelos Be Dior y Diorissimo, que en palabras de la\u2026","rel":"","context":"En \u00abActualidad\u00bb","img":{"alt_text":"","src":"https:\/\/i0.wp.com\/www.moda.es\/blog\/wp-content\/uploads\/2015\/09\/Captura-de-pantalla-2015-09-17-a-las-22.12.31.png?fit=437%2C710&resize=350%2C200","width":350,"height":200},"classes":[]},{"id":15688,"url":"http:\/\/www.moda.es\/blog\/lo-mejor-de-la-alta-costura-de-paris\/","url_meta":{"origin":694,"position":3},"title":"Lo mejor de la Alta Costura de Par\u00eds","date":"enero 25, 2014","format":false,"excerpt":"Unas semanas antes de descubrir las nuevas tendencias del oto\u00f1o 2014 en los desfiles de Londres, Nueva York, Mil\u00e1n y Par\u00eds, el sue\u00f1o de la moda se hace realidad en la presentaci\u00f3n de las colecciones de Alta Costura. Te presentamos aqu\u00ed lo mejor que pudimos ver sobre las pasarelas. Chanel\u2026","rel":"","context":"En \u00abDestacados\u00bb","img":{"alt_text":"","src":"https:\/\/i0.wp.com\/www.moda.es\/blog\/wp-content\/uploads\/2014\/01\/Chanel1.jpg?resize=350%2C200","width":350,"height":200},"classes":[]},{"id":20820,"url":"http:\/\/www.moda.es\/blog\/maria-grazia-chiuri-nueva-directora-creativa-de-dior\/","url_meta":{"origin":694,"position":4},"title":"Maria Grazia Chiuri nueva Directora Creativa de Dior","date":"junio 23, 2016","format":false,"excerpt":"Se ha sabido esta tarde.\u00a0Tras el pr\u00f3ximo desfile de Alta Costura de Dior, la marca anunciar\u00e1 oficialmente la llegada de su nueva\u00a0Maria Grazia Chiuri. Chiuri va a ser la primera directora creativa femenina en 70 a\u00f1os de historia de esta ic\u00f3nica marca y lo hace en un momento dif\u00edcil en\u2026","rel":"","context":"En \u00abActualidad\u00bb","img":{"alt_text":"","src":"https:\/\/i0.wp.com\/www.moda.es\/blog\/wp-content\/uploads\/2016\/06\/Captura-de-pantalla-2016-06-23-a-las-22.09.52.png?fit=595%2C330&resize=350%2C200","width":350,"height":200},"classes":[]},{"id":11053,"url":"http:\/\/www.moda.es\/blog\/dior-ve-la-vida-de-color-de-rosa\/","url_meta":{"origin":694,"position":5},"title":"Dior ve la vida de color de rosa","date":"febrero 22, 2013","format":false,"excerpt":"\u00a0 \u00a0 En un mercado tan vol\u00e1til y et\u00e9reo como el de las fragancias (y no s\u00f3lo por lo ef\u00edmero de un aroma), los perfumes no sobreviven m\u00e1s de dos o tres a\u00f1os. Cada a\u00f1o se lanzan aproximadamente 100 eau de toilettes que por lo general no sobreviven m\u00e1s de\u2026","rel":"","context":"En \u00abBelleza\u00bb","img":{"alt_text":"","src":"https:\/\/i0.wp.com\/www.moda.es\/blog\/wp-content\/uploads\/2013\/02\/MISSDIOR_STILLS-091.jpg?fit=500%2C281&resize=350%2C200","width":350,"height":200},"classes":[]}],"_links":{"self":[{"href":"http:\/\/www.moda.es\/blog\/wp-json\/wp\/v2\/posts\/694"}],"collection":[{"href":"http:\/\/www.moda.es\/blog\/wp-json\/wp\/v2\/posts"}],"about":[{"href":"http:\/\/www.moda.es\/blog\/wp-json\/wp\/v2\/types\/post"}],"author":[{"embeddable":true,"href":"http:\/\/www.moda.es\/blog\/wp-json\/wp\/v2\/users\/2"}],"replies":[{"embeddable":true,"href":"http:\/\/www.moda.es\/blog\/wp-json\/wp\/v2\/comments?post=694"}],"version-history":[{"count":0,"href":"http:\/\/www.moda.es\/blog\/wp-json\/wp\/v2\/posts\/694\/revisions"}],"wp:attachment":[{"href":"http:\/\/www.moda.es\/blog\/wp-json\/wp\/v2\/media?parent=694"}],"wp:term":[{"taxonomy":"category","embeddable":true,"href":"http:\/\/www.moda.es\/blog\/wp-json\/wp\/v2\/categories?post=694"},{"taxonomy":"post_tag","embeddable":true,"href":"http:\/\/www.moda.es\/blog\/wp-json\/wp\/v2\/tags?post=694"}],"curies":[{"name":"wp","href":"https:\/\/api.w.org\/{rel}","templated":true}]}}