{"id":692,"date":"2011-02-02T21:36:55","date_gmt":"2011-02-02T20:36:55","guid":{"rendered":"http:\/\/www.moda.es\/blog\/?p=692"},"modified":"2011-02-02T21:36:55","modified_gmt":"2011-02-02T20:36:55","slug":"en-plena-voragine","status":"publish","type":"post","link":"http:\/\/www.moda.es\/blog\/en-plena-voragine\/","title":{"rendered":"En plena vor\u00e1gine"},"content":{"rendered":"<p>Esta es una semana en que la moda est\u00e1 en un momento de ebullici\u00f3n: desfiles y m\u00e1s desfiles. Si la semana pasada fue la alta costura de Par\u00eds, esta semana se dan cita la pasarela 080 de Barcelona, los desfiles de la Estocolmo Fashion Week. Ante tantas noticias generadas por la moda, os propongo que le\u00e1is las cr\u00f3nicas sobre lo visto, o\u00eddo y sucedido en Estocolmo en la web de Vanidad (<a href=\"http:\/\/www.vanidad.es\/cronica-de-la-estocolmo-fashion-week\/2\">d\u00eda 1<\/a> y <a href=\"http:\/\/www.vanidad.es\/cronica-de-la-estocolmo-fashion-week\">d\u00eda 2<\/a>). A fichar, del primer d\u00eda, a: <a href=\"http:\/\/www.idasjostedt.com\/\">Ida Sjostedt<\/a>, la m\u00e1s conocida <a href=\"http:\/\/www.filippa-k.com\/\">Filippa K<\/a>, y <a href=\"http:\/\/www.carinwester.com\/\">Carin Wester<\/a>.<\/p>\n<figure style=\"width: 450px\" class=\"wp-caption alignnone\"><img data-attachment-id=\"6466\" data-permalink=\"http:\/\/www.moda.es\/blog\/dscn0324\/\" data-orig-file=\"https:\/\/i0.wp.com\/www.moda.es\/blog\/wp-content\/uploads\/2011\/02\/DSCN0324.jpg?fit=660%2C880\" data-orig-size=\"660,880\" data-comments-opened=\"1\" data-image-meta=\"{&quot;aperture&quot;:&quot;3.2&quot;,&quot;credit&quot;:&quot;&quot;,&quot;camera&quot;:&quot;COOLPIX S3000&quot;,&quot;caption&quot;:&quot;&quot;,&quot;created_timestamp&quot;:&quot;1296506218&quot;,&quot;copyright&quot;:&quot;&quot;,&quot;focal_length&quot;:&quot;4.9&quot;,&quot;iso&quot;:&quot;200&quot;,&quot;shutter_speed&quot;:&quot;0.04&quot;,&quot;title&quot;:&quot;&quot;}\" data-image-title=\"DSCN0324\" data-image-description=\"\" data-image-caption=\"\" data-medium-file=\"https:\/\/i0.wp.com\/www.moda.es\/blog\/wp-content\/uploads\/2011\/02\/DSCN0324.jpg?fit=224%2C300\" data-large-file=\"https:\/\/i0.wp.com\/www.moda.es\/blog\/wp-content\/uploads\/2011\/02\/DSCN0324.jpg?fit=640%2C853\" src=\"https:\/\/i0.wp.com\/www.moda.es\/blog\/wp-content\/uploads\/2011\/02\/DSCN0324.jpg?w=450\" alt=\"\" title=\"DSCN0324\" class=\"alignnone size-full wp-image-6466\" srcset=\"https:\/\/i0.wp.com\/www.moda.es\/blog\/wp-content\/uploads\/2011\/02\/DSCN0324.jpg?w=660 660w, https:\/\/i0.wp.com\/www.moda.es\/blog\/wp-content\/uploads\/2011\/02\/DSCN0324.jpg?resize=224%2C300 224w\" sizes=\"(max-width: 640px) 100vw, 640px\" data-recalc-dims=\"1\" \/><figcaption class=\"wp-caption-text\">Imagen del desfile de Carin Wester A\/W 2011\/2012 (via Blogs.Sweden.se)<\/figcaption><\/figure>\n<p>Ante la imposibilidad de abarcarlo todo, podemos echar un buen ojo a todas las citas del d\u00eda para elegir las propuestas que m\u00e1s nos hayan llamado la atenci\u00f3n. Si quer\u00e9is seguir lo que en 080 Barcelona Fashion, pod\u00e9is hacerlo a trav\u00e9s de su <a href=\"http:\/\/www.080bylelook.com\/\">web<\/a>. De lo visto estos d\u00edas en la ciudad condal, me quedar\u00eda con el desfile de <a href=\"http:\/\/www.cardonabonache.com\/\">Cardona Bonache<\/a>. Este\u00a0d\u00fao de dise\u00f1adores catalanes -V\u00edctor Cardona Marqu\u00e9s e Israel Frutos Bonache-\u00a0formados en Amberes presentaron una colecci\u00f3n protagonizada por el negro y unos estampados gr\u00e1ficos escuetos, en anchas diagonales difuminadas de azul y blanco o rojos-naranjas. Al mismo tiempo surgi\u00f3 un co-protagonista: el color terracota. Cardona Bonache son buenos embajadores de la contrucci\u00f3n de Amberes: pliegues marcados y cortes sorprendentes elevan al negro por encima de sus posibilidades tonales.<\/p>\n<figure style=\"width: 520px\" class=\"wp-caption alignnone\"><img src=\"http:\/\/cardonabonache.files.wordpress.com\/2011\/02\/cardonabonache1.jpg?w=520\" alt=\"\" data-recalc-dims=\"1\" \/><figcaption class=\"wp-caption-text\">Desfile de Cardona Bonache (via Cardonabonache.wordpress.com)<\/figcaption><\/figure>\n","protected":false},"excerpt":{"rendered":"<p>Esta es una semana en que la moda est\u00e1 en un momento de ebullici\u00f3n: desfiles y m\u00e1s desfiles. Si la semana pasada fue la alta costura de Par\u00eds, esta semana se dan cita la pasarela 080 de Barcelona, los desfiles de la Estocolmo Fashion Week. Ante tantas noticias generadas por [&hellip;]<\/p>\n","protected":false},"author":2,"featured_media":16390,"comment_status":"open","ping_status":"open","sticky":false,"template":"","format":"standard","meta":{"jetpack_publicize_message":"","jetpack_is_tweetstorm":false,"jetpack_publicize_feature_enabled":true},"categories":[23],"tags":[],"jetpack_publicize_connections":[],"jetpack_featured_media_url":"https:\/\/i0.wp.com\/www.moda.es\/blog\/wp-content\/uploads\/2011\/02\/DSCN03241.jpg?fit=660%2C880","jetpack_sharing_enabled":true,"jetpack_shortlink":"https:\/\/wp.me\/p4tJCC-ba","jetpack-related-posts":[{"id":12950,"url":"http:\/\/www.moda.es\/blog\/armani-apoya-a-los-nuevos-disenadores-italianos\/","url_meta":{"origin":692,"position":0},"title":"Armani apoya a los nuevos dise\u00f1adores italianos","date":"junio 6, 2013","format":false,"excerpt":"\u00a0 \u00a0 Giorgio Armani abrir\u00e1 su pasarela de Mil\u00e1n a los dise\u00f1adores italianos emergentes, empezando durante la Semana de la Moda Masculina de Mil\u00e1n a finales de este mes. El primer dise\u00f1ador que formar\u00e1 parte de la nueva iniciativa de Armani es Andrea Pompilio, que ser\u00e1 un escaparate de su\u2026","rel":"","context":"En \u00abDestacados\u00bb","img":{"alt_text":"","src":"https:\/\/i0.wp.com\/www.moda.es\/blog\/wp-content\/uploads\/2013\/06\/Armani1.jpg?fit=400%2C600&resize=350%2C200","width":350,"height":200},"classes":[]},{"id":22602,"url":"http:\/\/www.moda.es\/blog\/victorias-secret-va-a-colaborar-con-balmain\/","url_meta":{"origin":692,"position":1},"title":"Victoria&#8217;s Secret va a colaborar con Balmain","date":"octubre 4, 2017","format":false,"excerpt":"Olivier Rousteing\u00a0de Balmain no es ajeno al fen\u00f3meno de Victoria's Secret, y suele contar con sus \u00e1ngeles tanto para \u00a0los desfiles de moda o las campa\u00f1as de su marca, los desfiles. Pero parece que Balmain y el gigante de la ropa interior lo han hecho oficial: Victoria's Secret acaba de\u2026","rel":"","context":"En \u00abActualidad\u00bb","img":{"alt_text":"","src":"https:\/\/i0.wp.com\/www.moda.es\/blog\/wp-content\/uploads\/2017\/10\/Captura-de-pantalla-2017-10-04-a-las-23.24.48.png?fit=522%2C290&resize=350%2C200","width":350,"height":200},"classes":[]},{"id":10528,"url":"http:\/\/www.moda.es\/blog\/matthew-williamson-se-pone-intimo\/","url_meta":{"origin":692,"position":2},"title":"Matthew Williamson se pone \u00edntimo","date":"febrero 1, 2013","format":false,"excerpt":"Faltan quince d\u00edas para la pr\u00f3xima edici\u00f3n de la Semana de la Moda de Londres y ya nos llegan interesantes noticias. \u00a0 Por segunda vez consecutiva, la marca de moda \u00edntima Triumph, ser\u00e1 la proveedora oficial de lencer\u00eda para todos los desfiles londinenses y ha desarrollado una iniciativa junto a\u2026","rel":"","context":"En \u00abActualidad\u00bb","img":{"alt_text":"","src":"https:\/\/i0.wp.com\/www.moda.es\/blog\/wp-content\/uploads\/2013\/02\/Matthew-Williamson-y-Triumph11.jpg?fit=500%2C750&resize=350%2C200","width":350,"height":200},"classes":[]},{"id":10312,"url":"http:\/\/www.moda.es\/blog\/paris-alta-costura\/","url_meta":{"origin":692,"position":3},"title":"Par\u00eds Alta Costura","date":"enero 22, 2013","format":false,"excerpt":"La Semana de Alta Costura es la mejor de todas. Si a los desfiles ya se les presupone un espect\u00e1culo, la costura es la sublimacion de ese espect\u00e1culo. La genialidad en grado m\u00e1ximo, el sue\u00f1o de la moda, la fantas\u00eda, lo mejor de lo mejor en cuanto a firmas, dise\u00f1adores,\u2026","rel":"","context":"En \u00abPasarelas\u00bb","img":{"alt_text":"","src":"https:\/\/i0.wp.com\/www.moda.es\/blog\/wp-content\/uploads\/2013\/01\/Versace-11.jpg?fit=500%2C236&resize=350%2C200","width":350,"height":200},"classes":[]},{"id":20290,"url":"http:\/\/www.moda.es\/blog\/el-futuro-de-la-moda\/","url_meta":{"origin":692,"position":4},"title":"El futuro de la moda","date":"febrero 6, 2016","format":false,"excerpt":"Burberry se ha convertido en la primera marca de lujo\u00a0en\u00a0anunciar cambios en su actual modelo de desfiles. La casa brit\u00e1nica\u00a0ha revelado\u00a0que fusionar\u00e1 sus muestras de las colecciones\u00a0\u00a0femenina y masculina a partir de septiembre de este a\u00f1o en dos desfiles\u00a0anuales, los art\u00edculos de los cuales estar\u00e1n disponibles para comprar de inmediato\u2026","rel":"","context":"En \u00abActualidad\u00bb","img":{"alt_text":"","src":"https:\/\/i0.wp.com\/www.moda.es\/blog\/wp-content\/uploads\/2016\/02\/Captura-de-pantalla-2016-02-06-a-las-14.27.11.png?fit=296%2C435&resize=350%2C200","width":350,"height":200},"classes":[]},{"id":14387,"url":"http:\/\/www.moda.es\/blog\/tenemos-nuevo-chico-en-vuitton\/","url_meta":{"origin":692,"position":5},"title":"Tenemos nuevo chico en Vuitton","date":"octubre 10, 2013","format":false,"excerpt":"Con tantas salidas y entradas el mundo de la moda en estos momentos es lo m\u00e1s parecido al baile de las sillas. Unos vienen y otros van, los dise\u00f1adores y las marcas se toman y se dejan y cada d\u00eda es un debate sobre qui\u00e9n dejar\u00e1 qu\u00e9 casa y a\u2026","rel":"","context":"En \u00abActualidad\u00bb","img":{"alt_text":"","src":"https:\/\/i0.wp.com\/www.moda.es\/blog\/wp-content\/uploads\/2013\/10\/Nicolas-Ghesquiere-181.jpg?fit=500%2C750&resize=350%2C200","width":350,"height":200},"classes":[]}],"_links":{"self":[{"href":"http:\/\/www.moda.es\/blog\/wp-json\/wp\/v2\/posts\/692"}],"collection":[{"href":"http:\/\/www.moda.es\/blog\/wp-json\/wp\/v2\/posts"}],"about":[{"href":"http:\/\/www.moda.es\/blog\/wp-json\/wp\/v2\/types\/post"}],"author":[{"embeddable":true,"href":"http:\/\/www.moda.es\/blog\/wp-json\/wp\/v2\/users\/2"}],"replies":[{"embeddable":true,"href":"http:\/\/www.moda.es\/blog\/wp-json\/wp\/v2\/comments?post=692"}],"version-history":[{"count":0,"href":"http:\/\/www.moda.es\/blog\/wp-json\/wp\/v2\/posts\/692\/revisions"}],"wp:featuredmedia":[{"embeddable":true,"href":"http:\/\/www.moda.es\/blog\/wp-json\/wp\/v2\/media\/16390"}],"wp:attachment":[{"href":"http:\/\/www.moda.es\/blog\/wp-json\/wp\/v2\/media?parent=692"}],"wp:term":[{"taxonomy":"category","embeddable":true,"href":"http:\/\/www.moda.es\/blog\/wp-json\/wp\/v2\/categories?post=692"},{"taxonomy":"post_tag","embeddable":true,"href":"http:\/\/www.moda.es\/blog\/wp-json\/wp\/v2\/tags?post=692"}],"curies":[{"name":"wp","href":"https:\/\/api.w.org\/{rel}","templated":true}]}}