{"id":680,"date":"2011-01-31T23:39:49","date_gmt":"2011-01-31T22:39:49","guid":{"rendered":"http:\/\/www.moda.es\/blog\/?p=680"},"modified":"2011-01-31T23:39:49","modified_gmt":"2011-01-31T22:39:49","slug":"volumen-it-up","status":"publish","type":"post","link":"http:\/\/www.moda.es\/blog\/volumen-it-up\/","title":{"rendered":"Volumen it up!"},"content":{"rendered":"<p>En Dior nunca sobra tela, menos a\u00fan, en la Alta Costura. Galliano ha desplegado -plegado y plisado- todo su arte en faldas, vestidos y chaquetas\u00a0que s\u00f3lo \u00e9l puede hacer reales gracias a su dominio del patronaje. Dior s\u00f3lo puede ser Dior, y en este \u00faltimo desfile lo ha sido con may\u00fasculas.<\/p>\n<figure style=\"width: 400px\" class=\"wp-caption alignnone\"><img data-attachment-id=\"6468\" data-permalink=\"http:\/\/www.moda.es\/blog\/dior-haute-couture-spring-2011-1\/\" data-orig-file=\"https:\/\/i0.wp.com\/www.moda.es\/blog\/wp-content\/uploads\/2011\/01\/Dior-Haute-Couture-Spring-2011-1.jpg?fit=468%2C702\" data-orig-size=\"468,702\" data-comments-opened=\"1\" data-image-meta=\"{&quot;aperture&quot;:&quot;4.5&quot;,&quot;credit&quot;:&quot;&quot;,&quot;camera&quot;:&quot;NIKON D3S&quot;,&quot;caption&quot;:&quot;&quot;,&quot;created_timestamp&quot;:&quot;1295884863&quot;,&quot;copyright&quot;:&quot;&quot;,&quot;focal_length&quot;:&quot;220&quot;,&quot;iso&quot;:&quot;1250&quot;,&quot;shutter_speed&quot;:&quot;0.003125&quot;,&quot;title&quot;:&quot;&quot;}\" data-image-title=\"Dior-Haute-Couture-Spring-2011-1\" data-image-description=\"\" data-image-caption=\"\" data-medium-file=\"https:\/\/i0.wp.com\/www.moda.es\/blog\/wp-content\/uploads\/2011\/01\/Dior-Haute-Couture-Spring-2011-1.jpg?fit=200%2C300\" data-large-file=\"https:\/\/i0.wp.com\/www.moda.es\/blog\/wp-content\/uploads\/2011\/01\/Dior-Haute-Couture-Spring-2011-1.jpg?fit=468%2C702\" src=\"https:\/\/i0.wp.com\/www.moda.es\/blog\/wp-content\/uploads\/2011\/01\/Dior-Haute-Couture-Spring-2011-1.jpg?w=400\" alt=\"\" title=\"Dior-Haute-Couture-Spring-2011-1\" class=\"alignnone size-full wp-image-6468\" srcset=\"https:\/\/i0.wp.com\/www.moda.es\/blog\/wp-content\/uploads\/2011\/01\/Dior-Haute-Couture-Spring-2011-1.jpg?w=468 468w, https:\/\/i0.wp.com\/www.moda.es\/blog\/wp-content\/uploads\/2011\/01\/Dior-Haute-Couture-Spring-2011-1.jpg?resize=200%2C300 200w\" sizes=\"(max-width: 468px) 100vw, 468px\" data-recalc-dims=\"1\" \/><figcaption class=\"wp-caption-text\">via Fashionmag.us<\/figcaption><\/figure>\n<p>Las modelos parec\u00edan mu\u00f1ecas de porcelana o debutantes de los a\u00f1os 50 con el m\u00e1s caro de los vestidos para su baile. Y es que la inspiraci\u00f3n de Galliano recal\u00f3 en el ilustrador Ren\u00e9 Gruau, que dibuj\u00f3 el imaginario de la casa durante los 40 y 50, y que a\u00fan hoy la acompa\u00f1a. Una paleta de color infinita, salida de un jard\u00edn en flor y las variadas tonalidades del agua. Muchas veces en juegos de rasos de seda con tules en pliegues de decenas de capas, como en el look de abajo de perfecta mezcla de beige y azul cielo.<\/p>\n<figure style=\"width: 400px\" class=\"wp-caption alignnone\"><img data-attachment-id=\"6470\" data-permalink=\"http:\/\/www.moda.es\/blog\/diorcouture19-dior-spring-2011-couture-paris-haute-couture\/\" data-orig-file=\"https:\/\/i0.wp.com\/www.moda.es\/blog\/wp-content\/uploads\/2011\/01\/diorcouture19-Dior-Spring-2011-Couture-Paris-Haute-Couture.jpeg?fit=600%2C899\" data-orig-size=\"600,899\" data-comments-opened=\"1\" data-image-meta=\"{&quot;aperture&quot;:&quot;0&quot;,&quot;credit&quot;:&quot;&quot;,&quot;camera&quot;:&quot;&quot;,&quot;caption&quot;:&quot;&quot;,&quot;created_timestamp&quot;:&quot;0&quot;,&quot;copyright&quot;:&quot;&quot;,&quot;focal_length&quot;:&quot;0&quot;,&quot;iso&quot;:&quot;0&quot;,&quot;shutter_speed&quot;:&quot;0&quot;,&quot;title&quot;:&quot;&quot;}\" data-image-title=\"diorcouture19-Dior-Spring-2011-Couture-Paris-Haute-Couture\" data-image-description=\"\" data-image-caption=\"\" data-medium-file=\"https:\/\/i0.wp.com\/www.moda.es\/blog\/wp-content\/uploads\/2011\/01\/diorcouture19-Dior-Spring-2011-Couture-Paris-Haute-Couture.jpeg?fit=200%2C300\" data-large-file=\"https:\/\/i0.wp.com\/www.moda.es\/blog\/wp-content\/uploads\/2011\/01\/diorcouture19-Dior-Spring-2011-Couture-Paris-Haute-Couture.jpeg?fit=600%2C899\" src=\"https:\/\/i0.wp.com\/www.moda.es\/blog\/wp-content\/uploads\/2011\/01\/diorcouture19-Dior-Spring-2011-Couture-Paris-Haute-Couture.jpeg?w=400\" alt=\"\" title=\"diorcouture19-Dior-Spring-2011-Couture-Paris-Haute-Couture\" class=\"alignnone size-full wp-image-6470\" srcset=\"https:\/\/i0.wp.com\/www.moda.es\/blog\/wp-content\/uploads\/2011\/01\/diorcouture19-Dior-Spring-2011-Couture-Paris-Haute-Couture.jpeg?w=600 600w, https:\/\/i0.wp.com\/www.moda.es\/blog\/wp-content\/uploads\/2011\/01\/diorcouture19-Dior-Spring-2011-Couture-Paris-Haute-Couture.jpeg?resize=200%2C300 200w\" sizes=\"(max-width: 600px) 100vw, 600px\" data-recalc-dims=\"1\" \/><figcaption class=\"wp-caption-text\">via Labdailyblog.com<\/figcaption><\/figure>\n<p>El <em>New Look<\/em> se apoder\u00f3 de la pasarela, al igual que el claro-oscuro. Seg\u00fan Galliano, ha sido un arduo trabajo conseguir simular los efectos del grafito o de las pinturas en las ilustraciones de Gruau. De ah\u00ed, que s\u00f3lo se utilizara pedredr\u00eda en determinadas zonas de las prendas para crear el efecto de sobras y relieves de los dibujos.<\/p>\n<p>Galliano ha recalado en la esencia Dior primigenia, la sofisticaci\u00f3n de los vol\u00famenes. La Alta Costura es el sue\u00f1o de moda donde John G. es el rey.<\/p>\n<figure style=\"width: 400px\" class=\"wp-caption alignnone\"><img src=\"https:\/\/i0.wp.com\/media.onsugar.com\/files\/2011\/01\/04\/1\/725\/7259112\/e9e7d31e93d19317_diorcouture5.jpg?w=400\" alt=\"\" data-recalc-dims=\"1\" \/><figcaption class=\"wp-caption-text\">via Sandiinthecity.onsugar.com<\/figcaption><\/figure>\n<figure style=\"width: 400px\" class=\"wp-caption alignnone\"><img loading=\"lazy\" src=\"https:\/\/i0.wp.com\/28.media.tumblr.com\/tumblr_lfk94yOT2B1qa7i4to1_400.png?resize=400%2C266\" alt=\"\" width=\"400\" height=\"266\" data-recalc-dims=\"1\" \/><figcaption class=\"wp-caption-text\">via Whateverilike.tumblr.com<\/figcaption><\/figure>\n","protected":false},"excerpt":{"rendered":"<p>En Dior nunca sobra tela, menos a\u00fan, en la Alta Costura. Galliano ha desplegado -plegado y plisado- todo su arte en faldas, vestidos y chaquetas\u00a0que s\u00f3lo \u00e9l puede hacer reales gracias a su dominio del patronaje. Dior s\u00f3lo puede ser Dior, y en este \u00faltimo desfile lo ha sido con [&hellip;]<\/p>\n","protected":false},"author":2,"featured_media":16385,"comment_status":"open","ping_status":"open","sticky":false,"template":"","format":"standard","meta":{"jetpack_publicize_message":"","jetpack_is_tweetstorm":false,"jetpack_publicize_feature_enabled":true},"categories":[23],"tags":[],"jetpack_publicize_connections":[],"jetpack_featured_media_url":"https:\/\/i0.wp.com\/www.moda.es\/blog\/wp-content\/uploads\/2011\/01\/Dior-Haute-Couture-Spring-2011-11.jpg?fit=468%2C702","jetpack_sharing_enabled":true,"jetpack_shortlink":"https:\/\/wp.me\/p4tJCC-aY","jetpack-related-posts":[{"id":3257,"url":"http:\/\/www.moda.es\/blog\/nuevas-caras-bill-gaytten-en-john-galliano\/","url_meta":{"origin":680,"position":0},"title":"Nuevas caras: Bill Gaytten en John Galliano","date":"septiembre 12, 2011","format":false,"excerpt":"Cuando Galliano solt\u00f3 por su boca esa ret\u00f3rica racista -fuera inducido por el alcohol o por la fatiga-, cav\u00f3 su tumba. Con la pol\u00e9mica lleg\u00f3 el espect\u00e1culo de los v\u00eddeos, de los juicios y, ante todo, la gran cuesti\u00f3n: \u00bfqui\u00e9n sustituir\u00eda al dise\u00f1ador no s\u00f3lo al frente de Dior, sino\u2026","rel":"","context":"En \u00abDise\u00f1adores\u00bb","img":{"alt_text":"","src":"https:\/\/i0.wp.com\/www.moda.es\/blog\/wp-content\/uploads\/2011\/09\/2iht-rgall27-inline-popup1.jpg?fit=333%2C500&resize=350%2C200","width":350,"height":200},"classes":[]},{"id":18367,"url":"http:\/\/www.moda.es\/blog\/john-galliano-nuevo-director-creativo-de-martin-margiela\/","url_meta":{"origin":680,"position":1},"title":"John Galliano, nuevo director creativo de Martin Margiela","date":"octubre 6, 2014","format":false,"excerpt":"Porque todo llega, y hay que salir fortalecido de cada ca\u00edda, Galliano recupera el lugar que nunca debi\u00f3 abandonar. John Galliano se ha unido a Maison Martin Margiela como director creativo, seg\u00fan anunciado hoy Renzo Rosso, el empresario italiano y presidente de OTB, propietaria de la casa. Enero ser\u00e1 el\u2026","rel":"","context":"En \u00abActualidad\u00bb","img":{"alt_text":"","src":"https:\/\/i0.wp.com\/www.moda.es\/blog\/wp-content\/uploads\/2014\/10\/jg.jpg?fit=650%2C844&resize=350%2C200","width":350,"height":200},"classes":[]},{"id":17407,"url":"http:\/\/www.moda.es\/blog\/se-acabo-de-la-renta-para-galliano\/","url_meta":{"origin":680,"position":2},"title":"Se acab\u00f3 de la Renta para Galliano","date":"abril 10, 2014","format":false,"excerpt":"Hoy se ha hecho oficial, John Galliano ha dicho adi\u00f3s a cualquier posibilidad de un trabajo en el taller de Oscar de la Renta tras un desacuerdo sobre el dinero. Seg\u00fan se ha informado, las discusiones de John Galliano sobre la posibilidad de tomar un papel permanente en el taller\u2026","rel":"","context":"En \u00abActualidad\u00bb","img":{"alt_text":"","src":"https:\/\/i0.wp.com\/www.moda.es\/blog\/wp-content\/uploads\/2014\/04\/John-Galliano-Oscar-de-la-Renta.jpg?fit=650%2C650&resize=350%2C200","width":350,"height":200},"classes":[]},{"id":10260,"url":"http:\/\/www.moda.es\/blog\/el-retorno-del-rey\/","url_meta":{"origin":680,"position":3},"title":"El retorno del rey","date":"enero 18, 2013","format":false,"excerpt":"\u00a0 Si la moda fuera religi\u00f3n John Galliano ser\u00eda su dios, y si fuera un hermoso pa\u00eds lleno de colores y fantas\u00eda el de Gibraltar sin duda lucir\u00eda con un orgullo la corona y dirigir\u00eda con su mano las m\u00e1s prodigiosas empresas, edificaciones y proyectos. Me declaro absoluta, infinita y\u2026","rel":"","context":"En \u00abActualidad\u00bb","img":{"alt_text":"","src":"https:\/\/i0.wp.com\/www.moda.es\/blog\/wp-content\/uploads\/2013\/01\/John-Galliano11.jpg?fit=500%2C345&resize=350%2C200","width":350,"height":200},"classes":[]},{"id":9977,"url":"http:\/\/www.moda.es\/blog\/el-sueno-de-raf-simons\/","url_meta":{"origin":680,"position":4},"title":"El sue\u00f1o de Raf Simons","date":"enero 3, 2013","format":false,"excerpt":"\u00a0 Como en un sue\u00f1o. Lleno de luz, sin sentido aparente, con una actitud totalmente relajada y sin caras conocidas. La llegada de Raf Simons sigue volviendo la casa Dior del rev\u00e9s y deja patente que nada va a ser como antes. Buena muestra de ello es su neuva campa\u00f1a\u2026","rel":"","context":"En \u00abCampa\u00f1as\u00bb","img":{"alt_text":"","src":"https:\/\/i0.wp.com\/www.moda.es\/blog\/wp-content\/uploads\/2013\/01\/Dior-SS131.jpg?fit=500%2C280&resize=350%2C200","width":350,"height":200},"classes":[]},{"id":1123,"url":"http:\/\/www.moda.es\/blog\/movida-parisina\/","url_meta":{"origin":680,"position":5},"title":"Movida parisina","date":"marzo 15, 2011","format":false,"excerpt":"\u00bfTe come la curiosidad de saber qui\u00e9n va a sustituir a Galliano al frente del gran buque de Dior? Pues corren rumores con\u00a0la respuesta. Ha habido tales movimientos en los \u00faltimos d\u00edas en las maisons de moda de Par\u00eds que el sustituto ha llegado tras la recomposici\u00f3n del puzzle y\u2026","rel":"","context":"En \u00abDise\u00f1adores\u00bb","img":{"alt_text":"","src":"https:\/\/i0.wp.com\/www.moda.es\/blog\/wp-content\/uploads\/2011\/03\/Riccardo-Tisci_personnalite_une1.jpg?fit=350%2C450&resize=350%2C200","width":350,"height":200},"classes":[]}],"_links":{"self":[{"href":"http:\/\/www.moda.es\/blog\/wp-json\/wp\/v2\/posts\/680"}],"collection":[{"href":"http:\/\/www.moda.es\/blog\/wp-json\/wp\/v2\/posts"}],"about":[{"href":"http:\/\/www.moda.es\/blog\/wp-json\/wp\/v2\/types\/post"}],"author":[{"embeddable":true,"href":"http:\/\/www.moda.es\/blog\/wp-json\/wp\/v2\/users\/2"}],"replies":[{"embeddable":true,"href":"http:\/\/www.moda.es\/blog\/wp-json\/wp\/v2\/comments?post=680"}],"version-history":[{"count":0,"href":"http:\/\/www.moda.es\/blog\/wp-json\/wp\/v2\/posts\/680\/revisions"}],"wp:featuredmedia":[{"embeddable":true,"href":"http:\/\/www.moda.es\/blog\/wp-json\/wp\/v2\/media\/16385"}],"wp:attachment":[{"href":"http:\/\/www.moda.es\/blog\/wp-json\/wp\/v2\/media?parent=680"}],"wp:term":[{"taxonomy":"category","embeddable":true,"href":"http:\/\/www.moda.es\/blog\/wp-json\/wp\/v2\/categories?post=680"},{"taxonomy":"post_tag","embeddable":true,"href":"http:\/\/www.moda.es\/blog\/wp-json\/wp\/v2\/tags?post=680"}],"curies":[{"name":"wp","href":"https:\/\/api.w.org\/{rel}","templated":true}]}}