{"id":673,"date":"2011-01-30T23:45:05","date_gmt":"2011-01-30T22:45:05","guid":{"rendered":"http:\/\/www.moda.es\/blog\/?p=673"},"modified":"2011-01-30T23:45:05","modified_gmt":"2011-01-30T22:45:05","slug":"los-ochenta-que-nunca-se-fueron-jpg","status":"publish","type":"post","link":"http:\/\/www.moda.es\/blog\/los-ochenta-que-nunca-se-fueron-jpg\/","title":{"rendered":"Los ochenta que nunca se fueron: JPG"},"content":{"rendered":"<p>Jean Paul Gautier encarn\u00f3 una parte muy importante de la esencia de los a\u00f1os 80 -en nuestro imaginario vivir\u00e1n por siempre los conos del cors\u00e9 de Madonna que \u00e9l cre\u00f3-.<\/p>\n<figure style=\"width: 320px\" class=\"wp-caption alignnone\"><img data-attachment-id=\"6472\" data-permalink=\"http:\/\/www.moda.es\/blog\/jean-paul-gaultier-spring-2011-haute-couture-joan-smalls\/\" data-orig-file=\"https:\/\/i0.wp.com\/www.moda.es\/blog\/wp-content\/uploads\/2011\/01\/Jean-Paul-Gaultier-Spring-2011-Haute-Couture-Joan-Smalls.jpg?fit=320%2C480\" data-orig-size=\"320,480\" data-comments-opened=\"1\" data-image-meta=\"{&quot;aperture&quot;:&quot;0&quot;,&quot;credit&quot;:&quot;&quot;,&quot;camera&quot;:&quot;&quot;,&quot;caption&quot;:&quot;&quot;,&quot;created_timestamp&quot;:&quot;0&quot;,&quot;copyright&quot;:&quot;&quot;,&quot;focal_length&quot;:&quot;0&quot;,&quot;iso&quot;:&quot;0&quot;,&quot;shutter_speed&quot;:&quot;0&quot;,&quot;title&quot;:&quot;&quot;}\" data-image-title=\"Jean-Paul-Gaultier-Spring-2011-Haute-Couture-Joan-Smalls\" data-image-description=\"\" data-image-caption=\"\" data-medium-file=\"https:\/\/i0.wp.com\/www.moda.es\/blog\/wp-content\/uploads\/2011\/01\/Jean-Paul-Gaultier-Spring-2011-Haute-Couture-Joan-Smalls.jpg?fit=200%2C300\" data-large-file=\"https:\/\/i0.wp.com\/www.moda.es\/blog\/wp-content\/uploads\/2011\/01\/Jean-Paul-Gaultier-Spring-2011-Haute-Couture-Joan-Smalls.jpg?fit=320%2C480\" loading=\"lazy\" src=\"https:\/\/i0.wp.com\/www.moda.es\/blog\/wp-content\/uploads\/2011\/01\/Jean-Paul-Gaultier-Spring-2011-Haute-Couture-Joan-Smalls.jpg?resize=320%2C480\" alt=\"\" title=\"Jean-Paul-Gaultier-Spring-2011-Haute-Couture-Joan-Smalls\" width=\"320\" height=\"480\" class=\"alignnone size-full wp-image-6472\" srcset=\"https:\/\/i0.wp.com\/www.moda.es\/blog\/wp-content\/uploads\/2011\/01\/Jean-Paul-Gaultier-Spring-2011-Haute-Couture-Joan-Smalls.jpg?w=320 320w, https:\/\/i0.wp.com\/www.moda.es\/blog\/wp-content\/uploads\/2011\/01\/Jean-Paul-Gaultier-Spring-2011-Haute-Couture-Joan-Smalls.jpg?resize=200%2C300 200w\" sizes=\"(max-width: 320px) 100vw, 320px\" data-recalc-dims=\"1\" \/><figcaption class=\"wp-caption-text\">via Beautyisdiverse.com<\/figcaption><\/figure>\n<p>Y el regreso al pasado de hace 30 a\u00f1os vino inspirado por la parte m\u00e1s dura de la d\u00e9cada: el punk. Eso s\u00ed, muy diluido, presentado de una manera elevada, por algo se trata de la alta costura. Por lo visto (le\u00eddo en la cr\u00edtica de Tim Blanks en Style.com), a la llegada al desfile sonaba la <a href=\"http:\/\/www.youtube.com\/watch?v=WIXg9KUiy00\">versi\u00f3n de \u00abMy Way\u00bb<\/a> de Sinatra por Sid Vicious. Evidenciaban esta tem\u00e1tica punk las crestas coronando las cabezas de todas las modelos, incluida la que cerraba el desfile, como siempre, con el traje de novia. \u00c9ste en el protocolario blanco, s\u00ed, pero un tanto subersivo con transparencias y guantes largos y tul de color negro.<\/p>\n<figure style=\"width: 384px\" class=\"wp-caption alignnone\"><img loading=\"lazy\" src=\"https:\/\/i0.wp.com\/images.dailyme.com\/assets\/2011012600000967.jpg?resize=384%2C272\" alt=\"\" width=\"384\" height=\"272\" data-recalc-dims=\"1\" \/><figcaption class=\"wp-caption-text\">via Dailyme.com<\/figcaption><\/figure>\n<figure style=\"width: 394px\" class=\"wp-caption alignnone\"><img loading=\"lazy\" src=\"http:\/\/whoisscout.files.wordpress.com\/2011\/01\/jean-paul-gaultier-paris-haute-couture-fashion-week-1.jpg?w=394&#038;h=594&#038;resize=394%2C594\" alt=\"\" width=\"394\" height=\"594\" data-recalc-dims=\"1\" \/><figcaption class=\"wp-caption-text\">via Whoisscout.com<\/figcaption><\/figure>\n<p>Los cortes maestro de Jean Paul aparec\u00edan en cada uno de los looks: todo tipo de vestidos, faldas combinadas con chaquetas pefectas, vestidos imaginativos&#8230; Todo corte y confecci\u00f3n. La oscuridad del negro dict\u00f3 la nota com\u00fan de esta colecci\u00f3n de alta costura donde el humor y el car\u00e1cter franc\u00e9s del <em>enfant terrible<\/em> no pudieron faltar. As\u00ed el broche final del desfile lo puso un canc\u00e1n. Maneras de reinventarse y el espect\u00e1culo de la haute couture.<\/p>\n<figure style=\"width: 411px\" class=\"wp-caption alignnone\"><img loading=\"lazy\" src=\"https:\/\/i0.wp.com\/26.media.tumblr.com\/tumblr_lfn8t56AHv1qa214go1_500.jpg?resize=411%2C617\" alt=\"\" width=\"411\" height=\"617\" data-recalc-dims=\"1\" \/><figcaption class=\"wp-caption-text\">via Photographicpictures.<\/figcaption><\/figure>\n","protected":false},"excerpt":{"rendered":"<p>Jean Paul Gautier encarn\u00f3 una parte muy importante de la esencia de los a\u00f1os 80 -en nuestro imaginario vivir\u00e1n por siempre los conos del cors\u00e9 de Madonna que \u00e9l cre\u00f3-. Y el regreso al pasado de hace 30 a\u00f1os vino inspirado por la parte m\u00e1s dura de la d\u00e9cada: el [&hellip;]<\/p>\n","protected":false},"author":2,"featured_media":16386,"comment_status":"open","ping_status":"open","sticky":false,"template":"","format":"standard","meta":{"jetpack_publicize_message":"","jetpack_is_tweetstorm":false,"jetpack_publicize_feature_enabled":true},"categories":[23],"tags":[],"jetpack_publicize_connections":[],"jetpack_featured_media_url":"https:\/\/i0.wp.com\/www.moda.es\/blog\/wp-content\/uploads\/2011\/01\/Jean-Paul-Gaultier-Spring-2011-Haute-Couture-Joan-Smalls1.jpg?fit=320%2C480","jetpack_sharing_enabled":true,"jetpack_shortlink":"https:\/\/wp.me\/p4tJCC-aR","jetpack-related-posts":[{"id":21031,"url":"http:\/\/www.moda.es\/blog\/topshop-se-une-a-los-nuevos-cambios-de-la-industria\/","url_meta":{"origin":673,"position":0},"title":"Topshop se une a los nuevos cambios de la industria","date":"agosto 31, 2016","format":false,"excerpt":"El desfile de la colecci\u00f3n primavera - verano 2017 de Topshop viene con novedades. La marca ha anunciado hoy que se une a la iniciativa\u00a0Runway-to-Retail, es decir, que inmediatamente despu\u00e9s de que la colecci\u00f3n se muestre en la pasarela estar\u00e1 disponible para sus clientes. Los clientes podr\u00e1n adquirir piezas seleccionadas\u2026","rel":"","context":"En \u00abActualidad\u00bb","img":{"alt_text":"","src":"https:\/\/i0.wp.com\/www.moda.es\/blog\/wp-content\/uploads\/2016\/08\/Captura-de-pantalla-2016-08-31-a-las-19.42.01.png?fit=475%2C364&resize=350%2C200","width":350,"height":200},"classes":[]},{"id":21301,"url":"http:\/\/www.moda.es\/blog\/victorias-secret-revela-el-look-estrella-de-su-proximo-desfile\/","url_meta":{"origin":673,"position":1},"title":"Victoria&#8217;s Secret revela el look estrella de su pr\u00f3ximo desfile","date":"noviembre 4, 2016","format":false,"excerpt":"\u00bfQu\u00e9 es m\u00e1s sexy\u00a0que un grupo\u00a0\u00a0de hermosas modelos caminando por una pasarela en lencer\u00eda? Que una de ellas lo haga completamente cubierta de cristales de Swarovski. Josephine Skriver, quien fue ungida \u00c1ngel por Victoria's Secret este a\u00f1o, ha sido\u00a0seleccionada para llevar el Swarovski Look en el desfile anual que se\u2026","rel":"","context":"En \u00abActualidad\u00bb","img":{"alt_text":"","src":"https:\/\/i0.wp.com\/www.moda.es\/blog\/wp-content\/uploads\/2016\/11\/Captura-de-pantalla-2016-11-04-a-las-19.42.53.png?fit=635%2C456&resize=350%2C200","width":350,"height":200},"classes":[]},{"id":21071,"url":"http:\/\/www.moda.es\/blog\/alexander-wang-se-asocia-con-adidas\/","url_meta":{"origin":673,"position":2},"title":"Alexander Wang se asocia con Adidas","date":"septiembre 12, 2016","format":false,"excerpt":"La Semana de la Moda de Nueva York est\u00e1 llena de sorpresas, y al final de su desfile de la noche del s\u00e1bado, Alexander Wang sorprendi\u00f3 a la audiencia con la presentaci\u00f3n de una inesperada colaboraci\u00f3n con Adidas. Despu\u00e9s de mostrar su nueva colecci\u00f3n\u00a0primavera \/ verano 2017\u00a0para su marca hom\u00f3nima,\u2026","rel":"","context":"En \u00abDestacados\u00bb","img":{"alt_text":"","src":"https:\/\/i0.wp.com\/www.moda.es\/blog\/wp-content\/uploads\/2016\/09\/Captura-de-pantalla-2016-09-13-a-las-0.19.58.png?fit=593%2C367&resize=350%2C200","width":350,"height":200},"classes":[]},{"id":2690,"url":"http:\/\/www.moda.es\/blog\/la-chica-del-pelo-rapado\/","url_meta":{"origin":673,"position":3},"title":"La chica del pelo rapado","date":"julio 16, 2011","format":false,"excerpt":"En uno de los post anteriores os hablaba del \u00faltimo desfile de alta costura de Jean Paul Gaultier.\u00a0Para \u00e9l, como un homenaje a otra \u00e9poca, el modisto consigui\u00f3 que desfilaran dos mujeres hoy desaparecidas de los escenarios y las pasarelas, respectivamente. Una de ellas fue la cantante francesa Myl\u00e8ne Farmer\u2026","rel":"","context":"En \u00abIt Girl\u00bb","img":{"alt_text":"","src":"https:\/\/i0.wp.com\/www.moda.es\/blog\/wp-content\/uploads\/2011\/07\/BALD-V1.jpg?resize=350%2C200","width":350,"height":200},"classes":[]},{"id":21845,"url":"http:\/\/www.moda.es\/blog\/el-desfile-mas-real-de-dolce-gabbana\/","url_meta":{"origin":673,"position":4},"title":"El desfile m\u00e1s real de Dolce &amp; Gabbana","date":"febrero 28, 2017","format":false,"excerpt":"Los desfiles de Dolce & Gabbana son siempre una fiesta y el de su \u00faltima colecci\u00f3n no pod\u00eda decepcionar. En este momento en el que todas las marcas quieren ofrecer algo diferente sobre la pasarela, los creadores italianos han dedicado su \u00faltimo desfile a los milennials. As\u00ed, entre los modelos,\u00a0estrellas\u2026","rel":"","context":"En \u00abActualidad\u00bb","img":{"alt_text":"","src":"","width":0,"height":0},"classes":[]},{"id":18634,"url":"http:\/\/www.moda.es\/blog\/naomi-campbell-y-jourdan-dunn-juntas-para-burberry\/","url_meta":{"origin":673,"position":5},"title":"Naomi Campbell y Jourdan Dunn, juntas para Burberry","date":"diciembre 16, 2014","format":false,"excerpt":"Burberry, la marca brit\u00e1nica por excelencia, le est\u00e1 cogiendo el gusto \u00faltimamente a fotografiar sus campa\u00f1as por parejas. Este oto\u00f1o se unieron Cara Delevingne y Malaika Firth y recientemente su nueva fragancia My Burberry eleg\u00eda a la ni\u00f1a bonita y a Kate Moss como imagen. En su nueva campa\u00f1a para\u2026","rel":"","context":"En \u00abActualidad\u00bb","img":{"alt_text":"","src":"https:\/\/i0.wp.com\/www.moda.es\/blog\/wp-content\/uploads\/2014\/12\/bbjn3.jpg?fit=650%2C975&resize=350%2C200","width":350,"height":200},"classes":[]}],"_links":{"self":[{"href":"http:\/\/www.moda.es\/blog\/wp-json\/wp\/v2\/posts\/673"}],"collection":[{"href":"http:\/\/www.moda.es\/blog\/wp-json\/wp\/v2\/posts"}],"about":[{"href":"http:\/\/www.moda.es\/blog\/wp-json\/wp\/v2\/types\/post"}],"author":[{"embeddable":true,"href":"http:\/\/www.moda.es\/blog\/wp-json\/wp\/v2\/users\/2"}],"replies":[{"embeddable":true,"href":"http:\/\/www.moda.es\/blog\/wp-json\/wp\/v2\/comments?post=673"}],"version-history":[{"count":0,"href":"http:\/\/www.moda.es\/blog\/wp-json\/wp\/v2\/posts\/673\/revisions"}],"wp:featuredmedia":[{"embeddable":true,"href":"http:\/\/www.moda.es\/blog\/wp-json\/wp\/v2\/media\/16386"}],"wp:attachment":[{"href":"http:\/\/www.moda.es\/blog\/wp-json\/wp\/v2\/media?parent=673"}],"wp:term":[{"taxonomy":"category","embeddable":true,"href":"http:\/\/www.moda.es\/blog\/wp-json\/wp\/v2\/categories?post=673"},{"taxonomy":"post_tag","embeddable":true,"href":"http:\/\/www.moda.es\/blog\/wp-json\/wp\/v2\/tags?post=673"}],"curies":[{"name":"wp","href":"https:\/\/api.w.org\/{rel}","templated":true}]}}