{"id":6645,"date":"2012-04-16T21:45:08","date_gmt":"2012-04-16T19:45:08","guid":{"rendered":"http:\/\/www.moda.es\/blog\/?p=6645"},"modified":"2012-04-16T21:45:08","modified_gmt":"2012-04-16T19:45:08","slug":"las-celebrities-festivalean","status":"publish","type":"post","link":"http:\/\/www.moda.es\/blog\/las-celebrities-festivalean\/","title":{"rendered":"Las &#8216;celebrities&#8217; festivalean"},"content":{"rendered":"<p><a href=\"https:\/\/i0.wp.com\/www.moda.es\/blog\/wp-content\/uploads\/2012\/04\/Coachella-sky.jpg\"><img data-attachment-id=\"6649\" data-permalink=\"http:\/\/www.moda.es\/blog\/coachella-sky\/\" data-orig-file=\"https:\/\/i0.wp.com\/www.moda.es\/blog\/wp-content\/uploads\/2012\/04\/Coachella-sky-e1334603586458.jpg?fit=450%2C421\" data-orig-size=\"450,421\" data-comments-opened=\"1\" data-image-meta=\"{&quot;aperture&quot;:&quot;0&quot;,&quot;credit&quot;:&quot;&quot;,&quot;camera&quot;:&quot;&quot;,&quot;caption&quot;:&quot;&quot;,&quot;created_timestamp&quot;:&quot;0&quot;,&quot;copyright&quot;:&quot;&quot;,&quot;focal_length&quot;:&quot;0&quot;,&quot;iso&quot;:&quot;0&quot;,&quot;shutter_speed&quot;:&quot;0&quot;,&quot;title&quot;:&quot;&quot;}\" data-image-title=\"Coachella sky\" data-image-description=\"\" data-image-caption=\"\" data-medium-file=\"https:\/\/i0.wp.com\/www.moda.es\/blog\/wp-content\/uploads\/2012\/04\/Coachella-sky-e1334603586458.jpg?fit=300%2C280\" data-large-file=\"https:\/\/i0.wp.com\/www.moda.es\/blog\/wp-content\/uploads\/2012\/04\/Coachella-sky-e1334603586458.jpg?fit=450%2C421\" loading=\"lazy\" class=\"aligncenter size-full wp-image-6649\" src=\"https:\/\/i0.wp.com\/www.moda.es\/blog\/wp-content\/uploads\/2012\/04\/Coachella-sky-e1334603586458.jpg?resize=450%2C421\" alt=\"\" width=\"450\" height=\"421\" srcset=\"https:\/\/i0.wp.com\/www.moda.es\/blog\/wp-content\/uploads\/2012\/04\/Coachella-sky-e1334603586458.jpg?w=450 450w, https:\/\/i0.wp.com\/www.moda.es\/blog\/wp-content\/uploads\/2012\/04\/Coachella-sky-e1334603586458.jpg?resize=300%2C280 300w\" sizes=\"(max-width: 450px) 100vw, 450px\" data-recalc-dims=\"1\" \/><\/a><\/p>\n<p>Antes de que se abra la veda festivalera en nuestro pa\u00eds, all\u00e9n de los mares este pasado fin de semana se ha celebrado uno de los festivales de m\u00fasica m\u00e1s sonados del globo: <a href=\"http:\/\/www.coachella.com\/\">Coachella<\/a>. Poco te podemos contar que no sepas ya. Coachella recibe su nombre del valle donde tiene lugar y en \u00e9l se dan cita grupos de rock, indie, hip hop y m\u00fasica electr\u00f3nica. Este a\u00f1o han coincidido entre otros\u00a0The Black Keys, Pulp, Radiohead, Bon Iver, Noel Gallagher, M83&#8230; Y adem\u00e1s, muchas celebrities americanas e inglesas que van a disfrutar de la m\u00fasica y que nos dejan de recuerdo un mont\u00f3n de looks que puedes fichar para inspirarte para el pr\u00f3ximo festival de verano al que vayas.<\/p>\n<p>Una de las asiduas es Kate Bosworth que este a\u00f1o se ha decantado por los shorts y las mini faldas, la camisa de estilo <em>cowboy<\/em> de <a href=\"http:\/\/www.isabelmarant.tm.fr\/\">Isabel Marant<\/a> y, como Kate Moss, se apunt\u00f3 a las botas <a href=\"http:\/\/www.hunter-boot.com\/\">Hunter<\/a>.<\/p>\n<figure id=\"attachment_6650\" aria-describedby=\"caption-attachment-6650\" style=\"width: 350px\" class=\"wp-caption aligncenter\"><a href=\"https:\/\/i0.wp.com\/www.moda.es\/blog\/wp-content\/uploads\/2012\/04\/kate-bosworth-coachella-e1334604163719.jpg\"><img data-attachment-id=\"6650\" data-permalink=\"http:\/\/www.moda.es\/blog\/kate-bosworth-coachella\/\" data-orig-file=\"https:\/\/i0.wp.com\/www.moda.es\/blog\/wp-content\/uploads\/2012\/04\/kate-bosworth-coachella-e1334604615947.jpg?fit=350%2C486\" data-orig-size=\"350,486\" data-comments-opened=\"1\" data-image-meta=\"{&quot;aperture&quot;:&quot;0&quot;,&quot;credit&quot;:&quot;&quot;,&quot;camera&quot;:&quot;&quot;,&quot;caption&quot;:&quot;&quot;,&quot;created_timestamp&quot;:&quot;0&quot;,&quot;copyright&quot;:&quot;&quot;,&quot;focal_length&quot;:&quot;0&quot;,&quot;iso&quot;:&quot;0&quot;,&quot;shutter_speed&quot;:&quot;0&quot;,&quot;title&quot;:&quot;&quot;}\" data-image-title=\"kate bosworth coachella\" data-image-description=\"\" data-image-caption=\"&lt;p&gt;Kate Bosworth con unas Hunter en sus pies. Foto via poprosa.com&lt;\/p&gt;\n\" data-medium-file=\"https:\/\/i0.wp.com\/www.moda.es\/blog\/wp-content\/uploads\/2012\/04\/kate-bosworth-coachella-e1334604615947.jpg?fit=216%2C300\" data-large-file=\"https:\/\/i0.wp.com\/www.moda.es\/blog\/wp-content\/uploads\/2012\/04\/kate-bosworth-coachella-e1334604615947.jpg?fit=350%2C486\" loading=\"lazy\" class=\"size-full wp-image-6650\" src=\"https:\/\/i0.wp.com\/www.moda.es\/blog\/wp-content\/uploads\/2012\/04\/kate-bosworth-coachella-e1334604615947.jpg?resize=350%2C486\" alt=\"\" width=\"350\" height=\"486\" srcset=\"https:\/\/i0.wp.com\/www.moda.es\/blog\/wp-content\/uploads\/2012\/04\/kate-bosworth-coachella-e1334604615947.jpg?w=350 350w, https:\/\/i0.wp.com\/www.moda.es\/blog\/wp-content\/uploads\/2012\/04\/kate-bosworth-coachella-e1334604615947.jpg?resize=216%2C300 216w\" sizes=\"(max-width: 350px) 100vw, 350px\" data-recalc-dims=\"1\" \/><\/a><figcaption id=\"caption-attachment-6650\" class=\"wp-caption-text\">Kate Bosworth con unas Hunter en sus pies. Foto via poprosa.com<\/figcaption><\/figure>\n<figure id=\"attachment_6651\" aria-describedby=\"caption-attachment-6651\" style=\"width: 320px\" class=\"wp-caption aligncenter\"><a href=\"https:\/\/i0.wp.com\/www.moda.es\/blog\/wp-content\/uploads\/2012\/04\/coachella_2012_55457427_320x.jpg\"><img data-attachment-id=\"6651\" data-permalink=\"http:\/\/www.moda.es\/blog\/coachella_2012_55457427_320x\/\" data-orig-file=\"https:\/\/i0.wp.com\/www.moda.es\/blog\/wp-content\/uploads\/2012\/04\/coachella_2012_55457427_320x.jpg?fit=320%2C480\" data-orig-size=\"320,480\" data-comments-opened=\"1\" data-image-meta=\"{&quot;aperture&quot;:&quot;0&quot;,&quot;credit&quot;:&quot;&quot;,&quot;camera&quot;:&quot;&quot;,&quot;caption&quot;:&quot;&quot;,&quot;created_timestamp&quot;:&quot;0&quot;,&quot;copyright&quot;:&quot;&quot;,&quot;focal_length&quot;:&quot;0&quot;,&quot;iso&quot;:&quot;0&quot;,&quot;shutter_speed&quot;:&quot;0&quot;,&quot;title&quot;:&quot;&quot;}\" data-image-title=\"coachella_2012_55457427_320x\" data-image-description=\"\" data-image-caption=\"&lt;p&gt;Kate con camisa de Isabel Marant. Foto via www.glamour.es&lt;\/p&gt;\n\" data-medium-file=\"https:\/\/i0.wp.com\/www.moda.es\/blog\/wp-content\/uploads\/2012\/04\/coachella_2012_55457427_320x.jpg?fit=200%2C300\" data-large-file=\"https:\/\/i0.wp.com\/www.moda.es\/blog\/wp-content\/uploads\/2012\/04\/coachella_2012_55457427_320x.jpg?fit=320%2C480\" loading=\"lazy\" class=\"size-full wp-image-6651\" src=\"https:\/\/i0.wp.com\/www.moda.es\/blog\/wp-content\/uploads\/2012\/04\/coachella_2012_55457427_320x.jpg?resize=320%2C480\" alt=\"\" width=\"320\" height=\"480\" srcset=\"https:\/\/i0.wp.com\/www.moda.es\/blog\/wp-content\/uploads\/2012\/04\/coachella_2012_55457427_320x.jpg?w=320 320w, https:\/\/i0.wp.com\/www.moda.es\/blog\/wp-content\/uploads\/2012\/04\/coachella_2012_55457427_320x.jpg?resize=200%2C300 200w\" sizes=\"(max-width: 320px) 100vw, 320px\" data-recalc-dims=\"1\" \/><\/a><figcaption id=\"caption-attachment-6651\" class=\"wp-caption-text\">Kate con camisa de Isabel Marant. Foto via www.glamour.es<\/figcaption><\/figure>\n<figure id=\"attachment_6652\" aria-describedby=\"caption-attachment-6652\" style=\"width: 350px\" class=\"wp-caption aligncenter\"><a href=\"https:\/\/i0.wp.com\/www.moda.es\/blog\/wp-content\/uploads\/2012\/04\/Kate-Bosworth120416101558.jpg\"><img data-attachment-id=\"6652\" data-permalink=\"http:\/\/www.moda.es\/blog\/kate-bosworth120416101558\/\" data-orig-file=\"https:\/\/i0.wp.com\/www.moda.es\/blog\/wp-content\/uploads\/2012\/04\/Kate-Bosworth120416101558-e1334604784204.jpg?fit=350%2C525\" data-orig-size=\"350,525\" data-comments-opened=\"1\" data-image-meta=\"{&quot;aperture&quot;:&quot;0&quot;,&quot;credit&quot;:&quot;&quot;,&quot;camera&quot;:&quot;&quot;,&quot;caption&quot;:&quot;&quot;,&quot;created_timestamp&quot;:&quot;0&quot;,&quot;copyright&quot;:&quot;&quot;,&quot;focal_length&quot;:&quot;0&quot;,&quot;iso&quot;:&quot;0&quot;,&quot;shutter_speed&quot;:&quot;0&quot;,&quot;title&quot;:&quot;&quot;}\" data-image-title=\"Kate-Bosworth120416101558\" data-image-description=\"\" data-image-caption=\"&lt;p&gt;Kate Bosworth en la fiesta de Mulberry durante Coachella. Foto via www.style.com&lt;\/p&gt;\n\" data-medium-file=\"https:\/\/i0.wp.com\/www.moda.es\/blog\/wp-content\/uploads\/2012\/04\/Kate-Bosworth120416101558-e1334604784204.jpg?fit=200%2C300\" data-large-file=\"https:\/\/i0.wp.com\/www.moda.es\/blog\/wp-content\/uploads\/2012\/04\/Kate-Bosworth120416101558-e1334604784204.jpg?fit=350%2C525\" loading=\"lazy\" class=\"size-full wp-image-6652\" src=\"https:\/\/i0.wp.com\/www.moda.es\/blog\/wp-content\/uploads\/2012\/04\/Kate-Bosworth120416101558-e1334604784204.jpg?resize=350%2C525\" alt=\"\" width=\"350\" height=\"525\" srcset=\"https:\/\/i0.wp.com\/www.moda.es\/blog\/wp-content\/uploads\/2012\/04\/Kate-Bosworth120416101558-e1334604784204.jpg?w=350 350w, https:\/\/i0.wp.com\/www.moda.es\/blog\/wp-content\/uploads\/2012\/04\/Kate-Bosworth120416101558-e1334604784204.jpg?resize=200%2C300 200w\" sizes=\"(max-width: 350px) 100vw, 350px\" data-recalc-dims=\"1\" \/><\/a><figcaption id=\"caption-attachment-6652\" class=\"wp-caption-text\">Kate Bosworth en la fiesta de Mulberry durante Coachella. Foto via www.style.com<\/figcaption><\/figure>\n<p>Dianne Kruger con su novio el tambi\u00e9n actor Joshua jackson que se dejaron caer por la fiesta de Lacoste y fueron vestido de manera acorde, es decir, con ropa de la firma.<\/p>\n<figure id=\"attachment_6654\" aria-describedby=\"caption-attachment-6654\" style=\"width: 320px\" class=\"wp-caption aligncenter\"><a href=\"https:\/\/i0.wp.com\/www.moda.es\/blog\/wp-content\/uploads\/2012\/04\/coachella_2012_322864903_320x.jpg\"><img data-attachment-id=\"6654\" data-permalink=\"http:\/\/www.moda.es\/blog\/coachella_2012_322864903_320x\/\" data-orig-file=\"https:\/\/i0.wp.com\/www.moda.es\/blog\/wp-content\/uploads\/2012\/04\/coachella_2012_322864903_320x.jpg?fit=320%2C480\" data-orig-size=\"320,480\" data-comments-opened=\"1\" data-image-meta=\"{&quot;aperture&quot;:&quot;0&quot;,&quot;credit&quot;:&quot;&quot;,&quot;camera&quot;:&quot;&quot;,&quot;caption&quot;:&quot;&quot;,&quot;created_timestamp&quot;:&quot;0&quot;,&quot;copyright&quot;:&quot;&quot;,&quot;focal_length&quot;:&quot;0&quot;,&quot;iso&quot;:&quot;0&quot;,&quot;shutter_speed&quot;:&quot;0&quot;,&quot;title&quot;:&quot;&quot;}\" data-image-title=\"coachella_2012_322864903_320x\" data-image-description=\"\" data-image-caption=\"&lt;p&gt;Una enamorada Diane Kruger junto a Joshua Jackson. Foto via www.glamour.es&lt;\/p&gt;\n\" data-medium-file=\"https:\/\/i0.wp.com\/www.moda.es\/blog\/wp-content\/uploads\/2012\/04\/coachella_2012_322864903_320x.jpg?fit=200%2C300\" data-large-file=\"https:\/\/i0.wp.com\/www.moda.es\/blog\/wp-content\/uploads\/2012\/04\/coachella_2012_322864903_320x.jpg?fit=320%2C480\" loading=\"lazy\" class=\"size-full wp-image-6654\" src=\"https:\/\/i0.wp.com\/www.moda.es\/blog\/wp-content\/uploads\/2012\/04\/coachella_2012_322864903_320x.jpg?resize=320%2C480\" alt=\"\" width=\"320\" height=\"480\" srcset=\"https:\/\/i0.wp.com\/www.moda.es\/blog\/wp-content\/uploads\/2012\/04\/coachella_2012_322864903_320x.jpg?w=320 320w, https:\/\/i0.wp.com\/www.moda.es\/blog\/wp-content\/uploads\/2012\/04\/coachella_2012_322864903_320x.jpg?resize=200%2C300 200w\" sizes=\"(max-width: 320px) 100vw, 320px\" data-recalc-dims=\"1\" \/><\/a><figcaption id=\"caption-attachment-6654\" class=\"wp-caption-text\">Una enamorada Diane Kruger junto a Joshua Jackson. Foto via www.glamour.es<\/figcaption><\/figure>\n<p>Las cantantes Rihanna y Katy Perry fueron como oyentes.<\/p>\n<figure id=\"attachment_6655\" aria-describedby=\"caption-attachment-6655\" style=\"width: 320px\" class=\"wp-caption aligncenter\"><a href=\"https:\/\/i0.wp.com\/www.moda.es\/blog\/wp-content\/uploads\/2012\/04\/coachella_2012_724139981_320x.jpg\"><img data-attachment-id=\"6655\" data-permalink=\"http:\/\/www.moda.es\/blog\/coachella_2012_724139981_320x\/\" data-orig-file=\"https:\/\/i0.wp.com\/www.moda.es\/blog\/wp-content\/uploads\/2012\/04\/coachella_2012_724139981_320x.jpg?fit=320%2C480\" data-orig-size=\"320,480\" data-comments-opened=\"1\" data-image-meta=\"{&quot;aperture&quot;:&quot;0&quot;,&quot;credit&quot;:&quot;&quot;,&quot;camera&quot;:&quot;&quot;,&quot;caption&quot;:&quot;&quot;,&quot;created_timestamp&quot;:&quot;0&quot;,&quot;copyright&quot;:&quot;&quot;,&quot;focal_length&quot;:&quot;0&quot;,&quot;iso&quot;:&quot;0&quot;,&quot;shutter_speed&quot;:&quot;0&quot;,&quot;title&quot;:&quot;&quot;}\" data-image-title=\"coachella_2012_724139981_320x\" data-image-description=\"\" data-image-caption=\"&lt;p&gt;Rihanna d\u00e1ndolo todo. Foto via www.glamour.es&lt;\/p&gt;\n\" data-medium-file=\"https:\/\/i0.wp.com\/www.moda.es\/blog\/wp-content\/uploads\/2012\/04\/coachella_2012_724139981_320x.jpg?fit=200%2C300\" data-large-file=\"https:\/\/i0.wp.com\/www.moda.es\/blog\/wp-content\/uploads\/2012\/04\/coachella_2012_724139981_320x.jpg?fit=320%2C480\" loading=\"lazy\" class=\"size-full wp-image-6655\" src=\"https:\/\/i0.wp.com\/www.moda.es\/blog\/wp-content\/uploads\/2012\/04\/coachella_2012_724139981_320x.jpg?resize=320%2C480\" alt=\"\" width=\"320\" height=\"480\" srcset=\"https:\/\/i0.wp.com\/www.moda.es\/blog\/wp-content\/uploads\/2012\/04\/coachella_2012_724139981_320x.jpg?w=320 320w, https:\/\/i0.wp.com\/www.moda.es\/blog\/wp-content\/uploads\/2012\/04\/coachella_2012_724139981_320x.jpg?resize=200%2C300 200w\" sizes=\"(max-width: 320px) 100vw, 320px\" data-recalc-dims=\"1\" \/><\/a><figcaption id=\"caption-attachment-6655\" class=\"wp-caption-text\">Rihanna d\u00e1ndolo todo. Foto via www.glamour.es<\/figcaption><\/figure>\n<figure id=\"attachment_6656\" aria-describedby=\"caption-attachment-6656\" style=\"width: 320px\" class=\"wp-caption aligncenter\"><a href=\"https:\/\/i0.wp.com\/www.moda.es\/blog\/wp-content\/uploads\/2012\/04\/coachella_2012_672056498_320x.jpg\"><img data-attachment-id=\"6656\" data-permalink=\"http:\/\/www.moda.es\/blog\/coachella_2012_672056498_320x\/\" data-orig-file=\"https:\/\/i0.wp.com\/www.moda.es\/blog\/wp-content\/uploads\/2012\/04\/coachella_2012_672056498_320x.jpg?fit=320%2C480\" data-orig-size=\"320,480\" data-comments-opened=\"1\" data-image-meta=\"{&quot;aperture&quot;:&quot;0&quot;,&quot;credit&quot;:&quot;&quot;,&quot;camera&quot;:&quot;&quot;,&quot;caption&quot;:&quot;&quot;,&quot;created_timestamp&quot;:&quot;0&quot;,&quot;copyright&quot;:&quot;&quot;,&quot;focal_length&quot;:&quot;0&quot;,&quot;iso&quot;:&quot;0&quot;,&quot;shutter_speed&quot;:&quot;0&quot;,&quot;title&quot;:&quot;&quot;}\" data-image-title=\"coachella_2012_672056498_320x\" data-image-description=\"\" data-image-caption=\"&lt;p&gt;Katy Perry se decant\u00f3 por las flores en un look muy personal. Foto via www.glamour.es&lt;\/p&gt;\n\" data-medium-file=\"https:\/\/i0.wp.com\/www.moda.es\/blog\/wp-content\/uploads\/2012\/04\/coachella_2012_672056498_320x.jpg?fit=200%2C300\" data-large-file=\"https:\/\/i0.wp.com\/www.moda.es\/blog\/wp-content\/uploads\/2012\/04\/coachella_2012_672056498_320x.jpg?fit=320%2C480\" loading=\"lazy\" class=\"size-full wp-image-6656\" src=\"https:\/\/i0.wp.com\/www.moda.es\/blog\/wp-content\/uploads\/2012\/04\/coachella_2012_672056498_320x.jpg?resize=320%2C480\" alt=\"\" width=\"320\" height=\"480\" srcset=\"https:\/\/i0.wp.com\/www.moda.es\/blog\/wp-content\/uploads\/2012\/04\/coachella_2012_672056498_320x.jpg?w=320 320w, https:\/\/i0.wp.com\/www.moda.es\/blog\/wp-content\/uploads\/2012\/04\/coachella_2012_672056498_320x.jpg?resize=200%2C300 200w\" sizes=\"(max-width: 320px) 100vw, 320px\" data-recalc-dims=\"1\" \/><\/a><figcaption id=\"caption-attachment-6656\" class=\"wp-caption-text\">Katy Perry se decant\u00f3 por las flores en un look muy personal. Foto via www.glamour.es<\/figcaption><\/figure>\n<p>Otros estilos en Coachella.<\/p>\n<figure id=\"attachment_6659\" aria-describedby=\"caption-attachment-6659\" style=\"width: 350px\" class=\"wp-caption aligncenter\"><a href=\"https:\/\/i0.wp.com\/www.moda.es\/blog\/wp-content\/uploads\/2012\/04\/FFN_Coachella_day2_ROCPPRFF_041512_8985568-1120416101650.jpg\"><img data-attachment-id=\"6659\" data-permalink=\"http:\/\/www.moda.es\/blog\/ffn_coachella_day2_rocpprff_041512_8985568-1120416101650\/\" data-orig-file=\"https:\/\/i0.wp.com\/www.moda.es\/blog\/wp-content\/uploads\/2012\/04\/FFN_Coachella_day2_ROCPPRFF_041512_8985568-1120416101650-e1334605692457.jpg?fit=350%2C509\" data-orig-size=\"350,509\" data-comments-opened=\"1\" data-image-meta=\"{&quot;aperture&quot;:&quot;0&quot;,&quot;credit&quot;:&quot;&quot;,&quot;camera&quot;:&quot;&quot;,&quot;caption&quot;:&quot;&quot;,&quot;created_timestamp&quot;:&quot;0&quot;,&quot;copyright&quot;:&quot;&quot;,&quot;focal_length&quot;:&quot;0&quot;,&quot;iso&quot;:&quot;0&quot;,&quot;shutter_speed&quot;:&quot;0&quot;,&quot;title&quot;:&quot;&quot;}\" data-image-title=\"FFN_Coachella_day2_ROCPPRFF_041512_8985568-1120416101650\" data-image-description=\"\" data-image-caption=\"&lt;p&gt;Mischa Barton c\u00f3moda y con bolso de flecos. Foto via www.hollywoodlife.com&lt;\/p&gt;\n\" data-medium-file=\"https:\/\/i0.wp.com\/www.moda.es\/blog\/wp-content\/uploads\/2012\/04\/FFN_Coachella_day2_ROCPPRFF_041512_8985568-1120416101650-e1334605692457.jpg?fit=206%2C300\" data-large-file=\"https:\/\/i0.wp.com\/www.moda.es\/blog\/wp-content\/uploads\/2012\/04\/FFN_Coachella_day2_ROCPPRFF_041512_8985568-1120416101650-e1334605692457.jpg?fit=350%2C509\" loading=\"lazy\" class=\"size-full wp-image-6659\" src=\"https:\/\/i0.wp.com\/www.moda.es\/blog\/wp-content\/uploads\/2012\/04\/FFN_Coachella_day2_ROCPPRFF_041512_8985568-1120416101650-e1334605692457.jpg?resize=350%2C509\" alt=\"\" width=\"350\" height=\"509\" srcset=\"https:\/\/i0.wp.com\/www.moda.es\/blog\/wp-content\/uploads\/2012\/04\/FFN_Coachella_day2_ROCPPRFF_041512_8985568-1120416101650-e1334605692457.jpg?w=350 350w, https:\/\/i0.wp.com\/www.moda.es\/blog\/wp-content\/uploads\/2012\/04\/FFN_Coachella_day2_ROCPPRFF_041512_8985568-1120416101650-e1334605692457.jpg?resize=206%2C300 206w\" sizes=\"(max-width: 350px) 100vw, 350px\" data-recalc-dims=\"1\" \/><\/a><figcaption id=\"caption-attachment-6659\" class=\"wp-caption-text\">Mischa Barton c\u00f3moda y con bolso de flecos. Foto via www.hollywoodlife.com<\/figcaption><\/figure>\n<figure id=\"attachment_6660\" aria-describedby=\"caption-attachment-6660\" style=\"width: 320px\" class=\"wp-caption aligncenter\"><a href=\"https:\/\/i0.wp.com\/www.moda.es\/blog\/wp-content\/uploads\/2012\/04\/015m.jpg\"><img data-attachment-id=\"6660\" data-permalink=\"http:\/\/www.moda.es\/blog\/015m\/\" data-orig-file=\"https:\/\/i0.wp.com\/www.moda.es\/blog\/wp-content\/uploads\/2012\/04\/015m.jpg?fit=320%2C480\" data-orig-size=\"320,480\" data-comments-opened=\"1\" data-image-meta=\"{&quot;aperture&quot;:&quot;0&quot;,&quot;credit&quot;:&quot;&quot;,&quot;camera&quot;:&quot;&quot;,&quot;caption&quot;:&quot;&quot;,&quot;created_timestamp&quot;:&quot;0&quot;,&quot;copyright&quot;:&quot;2012 Donato Sardella&quot;,&quot;focal_length&quot;:&quot;0&quot;,&quot;iso&quot;:&quot;0&quot;,&quot;shutter_speed&quot;:&quot;0&quot;,&quot;title&quot;:&quot;&quot;}\" data-image-title=\"015m\" data-image-description=\"\" data-image-caption=\"&lt;p&gt;Dree Hemingway vestida de Dolce &amp;amp; Gabbana en la fiesta de Mulberry. Foto via www.style.com&lt;\/p&gt;\n\" data-medium-file=\"https:\/\/i0.wp.com\/www.moda.es\/blog\/wp-content\/uploads\/2012\/04\/015m.jpg?fit=200%2C300\" data-large-file=\"https:\/\/i0.wp.com\/www.moda.es\/blog\/wp-content\/uploads\/2012\/04\/015m.jpg?fit=320%2C480\" loading=\"lazy\" class=\"size-full wp-image-6660\" src=\"https:\/\/i0.wp.com\/www.moda.es\/blog\/wp-content\/uploads\/2012\/04\/015m.jpg?resize=320%2C480\" alt=\"\" width=\"320\" height=\"480\" srcset=\"https:\/\/i0.wp.com\/www.moda.es\/blog\/wp-content\/uploads\/2012\/04\/015m.jpg?w=320 320w, https:\/\/i0.wp.com\/www.moda.es\/blog\/wp-content\/uploads\/2012\/04\/015m.jpg?resize=200%2C300 200w\" sizes=\"(max-width: 320px) 100vw, 320px\" data-recalc-dims=\"1\" \/><\/a><figcaption id=\"caption-attachment-6660\" class=\"wp-caption-text\">Dree Hemingway vestida de Dolce &amp; Gabbana en la fiesta de Mulberry. Foto via www.style.com<\/figcaption><\/figure>\n<figure id=\"attachment_6661\" aria-describedby=\"caption-attachment-6661\" style=\"width: 320px\" class=\"wp-caption aligncenter\"><a href=\"https:\/\/i0.wp.com\/www.moda.es\/blog\/wp-content\/uploads\/2012\/04\/coachella_2012_225591545_320x.jpg\"><img data-attachment-id=\"6661\" data-permalink=\"http:\/\/www.moda.es\/blog\/coachella_2012_225591545_320x\/\" data-orig-file=\"https:\/\/i0.wp.com\/www.moda.es\/blog\/wp-content\/uploads\/2012\/04\/coachella_2012_225591545_320x.jpg?fit=320%2C480\" data-orig-size=\"320,480\" data-comments-opened=\"1\" data-image-meta=\"{&quot;aperture&quot;:&quot;0&quot;,&quot;credit&quot;:&quot;&quot;,&quot;camera&quot;:&quot;&quot;,&quot;caption&quot;:&quot;&quot;,&quot;created_timestamp&quot;:&quot;0&quot;,&quot;copyright&quot;:&quot;&quot;,&quot;focal_length&quot;:&quot;0&quot;,&quot;iso&quot;:&quot;0&quot;,&quot;shutter_speed&quot;:&quot;0&quot;,&quot;title&quot;:&quot;&quot;}\" data-image-title=\"coachella_2012_225591545_320x\" data-image-description=\"\" data-image-caption=\"&lt;p&gt;Whitney Port con dos de los colores de la temporada: amarillo en el jersey y verde menta en la chaqueta perfecto. Foto via www.glamour.es&lt;\/p&gt;\n\" data-medium-file=\"https:\/\/i0.wp.com\/www.moda.es\/blog\/wp-content\/uploads\/2012\/04\/coachella_2012_225591545_320x.jpg?fit=200%2C300\" data-large-file=\"https:\/\/i0.wp.com\/www.moda.es\/blog\/wp-content\/uploads\/2012\/04\/coachella_2012_225591545_320x.jpg?fit=320%2C480\" loading=\"lazy\" class=\"size-full wp-image-6661\" src=\"https:\/\/i0.wp.com\/www.moda.es\/blog\/wp-content\/uploads\/2012\/04\/coachella_2012_225591545_320x.jpg?resize=320%2C480\" alt=\"\" width=\"320\" height=\"480\" srcset=\"https:\/\/i0.wp.com\/www.moda.es\/blog\/wp-content\/uploads\/2012\/04\/coachella_2012_225591545_320x.jpg?w=320 320w, https:\/\/i0.wp.com\/www.moda.es\/blog\/wp-content\/uploads\/2012\/04\/coachella_2012_225591545_320x.jpg?resize=200%2C300 200w\" sizes=\"(max-width: 320px) 100vw, 320px\" data-recalc-dims=\"1\" \/><\/a><figcaption id=\"caption-attachment-6661\" class=\"wp-caption-text\">Whitney Port con dos de los colores de la temporada: amarillo en el jersey y verde menta en la chaqueta perfecto. Foto via www.glamour.es<\/figcaption><\/figure>\n","protected":false},"excerpt":{"rendered":"<p>Antes de que se abra la veda festivalera en nuestro pa\u00eds, all\u00e9n de los mares este pasado fin de semana se ha celebrado uno de los festivales de m\u00fasica m\u00e1s sonados del globo: Coachella. Poco te podemos contar que no sepas ya. Coachella recibe su nombre del valle donde tiene [&hellip;]<\/p>\n","protected":false},"author":2,"featured_media":16748,"comment_status":"open","ping_status":"open","sticky":false,"template":"","format":"standard","meta":{"jetpack_publicize_message":"","jetpack_is_tweetstorm":false,"jetpack_publicize_feature_enabled":true},"categories":[20],"tags":[],"jetpack_publicize_connections":[],"jetpack_featured_media_url":"https:\/\/i0.wp.com\/www.moda.es\/blog\/wp-content\/uploads\/2012\/04\/Coachella-sky-e13346035864581.jpg?fit=450%2C421","jetpack_sharing_enabled":true,"jetpack_shortlink":"https:\/\/wp.me\/p4tJCC-1Jb","jetpack-related-posts":[{"id":19307,"url":"http:\/\/www.moda.es\/blog\/el-debut-de-lily-rose-depp\/","url_meta":{"origin":6645,"position":0},"title":"El debut de Lily &#8211; Rose Depp","date":"abril 24, 2015","format":false,"excerpt":"La hija de Johnny Depp y Vanessa Paradis ha hecho, con s\u00f3lo 15 a\u00f1os, su debut como modelo en la revista Oyster. Desde que se pusiera en el punto de mira el mes pasado en el desfile de Chanel en Nueva York, sab\u00edamos que no pasar\u00eda mucho tiempo antes de\u2026","rel":"","context":"En \u00abActualidad\u00bb","img":{"alt_text":"","src":"https:\/\/i0.wp.com\/www.moda.es\/blog\/wp-content\/uploads\/2015\/04\/lrd2.jpg?fit=650%2C650&resize=350%2C200","width":350,"height":200},"classes":[]},{"id":17594,"url":"http:\/\/www.moda.es\/blog\/rita-ora-posible-nueva-imagen-de-roberto-cavalli\/","url_meta":{"origin":6645,"position":1},"title":"Rita Ora, posible nueva imagen de Roberto Cavalli","date":"mayo 1, 2014","format":false,"excerpt":"Se oyen rumores y apuntan a que la cantante Rita Ora podr\u00eda ser nueva chica Cavalli. Quiz\u00e1s no es la elecci\u00f3n que cualquiera hubiera hecho despu\u00e9s de haber sido denunciado por Superga tras violar su contrato dej\u00e1ndose fotografiar con zapatillas Converse pero este detalle no ha parecido importarle al dise\u00f1ador\u2026","rel":"","context":"En \u00abActualidad\u00bb","img":{"alt_text":"","src":"https:\/\/i0.wp.com\/www.moda.es\/blog\/wp-content\/uploads\/2014\/05\/rita-ora.jpg?fit=650%2C946&resize=350%2C200","width":350,"height":200},"classes":[]},{"id":1654,"url":"http:\/\/www.moda.es\/blog\/que-empiece-la-temporada-festivalera\/","url_meta":{"origin":6645,"position":2},"title":"Que empiece la temporada festivalera","date":"abril 22, 2011","format":false,"excerpt":"Primavera, pistoletazo de salida de los festivales musicales. En Espa\u00f1a, el esperado Primavera Sound en la costa de Barcelona, o el S\u00f3nar tambi\u00e9n all\u00ed. Pero cada vez son m\u00e1s las ciudades y pueblos que se suman a la tendencia de crear un c\u00e1rtel con grupos patrios y un cabeza extranjero\u2026","rel":"","context":"En \u00abIt Girl\u00bb","img":{"alt_text":"","src":"https:\/\/i0.wp.com\/www.moda.es\/blog\/wp-content\/uploads\/2011\/04\/glastonbury-2010-kate-moss-11.jpg?fit=300%2C500&resize=350%2C200","width":350,"height":200},"classes":[]},{"id":3196,"url":"http:\/\/www.moda.es\/blog\/a-dos-colores-kate-bosworth\/","url_meta":{"origin":6645,"position":3},"title":"A dos colores, Kate Bosworth","date":"septiembre 7, 2011","format":false,"excerpt":"Es una de las chicas del momento. Actriz, belleza oficial, reivindicada ahora como icono de estilo. En el \u00faltimo a\u00f1o se ha convertido en el centro del objetivo de los fot\u00f3grafos de moda en editoriales de las mejores revistas de moda, pero tambi\u00e9n de los paparazzi que se asoman a\u2026","rel":"","context":"En \u00abIt Girl\u00bb","img":{"alt_text":"","src":"https:\/\/i0.wp.com\/www.moda.es\/blog\/wp-content\/uploads\/2011\/09\/kate-bosworth-in-jil-sander-151210-4.jpg?fit=400%2C538&resize=350%2C200","width":350,"height":200},"classes":[]},{"id":7688,"url":"http:\/\/www.moda.es\/blog\/dia-de-la-musica-2012-maneras-de-vestir-2\/","url_meta":{"origin":6645,"position":4},"title":"D\u00eda de la M\u00fasica 2012, maneras de vestir (2)","date":"junio 26, 2012","format":false,"excerpt":"Seguimos analizando el estilo (en el vestir) de los artistas que se dieron cita durante el festival del D\u00eda de la M\u00fasica 2012 celebrado en el Matadero de Madrid, y dentro de estos, los que m\u00e1s nos gustan por su m\u00fasica. Pegasvs. Esta pareja art\u00edstica compuesta por Sergio P\u00e9rez y\u2026","rel":"","context":"En \u00abM\u00fasica y Moda\u00bb","img":{"alt_text":"","src":"https:\/\/i0.wp.com\/www.moda.es\/blog\/wp-content\/uploads\/2012\/06\/pegasvs-e13407450901191.jpg?fit=500%2C288&resize=350%2C200","width":350,"height":200},"classes":[]},{"id":4831,"url":"http:\/\/www.moda.es\/blog\/se-llama-coco-summer\/","url_meta":{"origin":6645,"position":5},"title":"Se llama Coco Sumner","date":"diciembre 23, 2011","format":false,"excerpt":"\u00bfQui\u00e9n es Coco Sumner? Si te suena este nombre lo que seguro sabes es que es la hija del cantante Sting, aunque a ella le pesa eso de ser \"hija de\". Pero se lo ha currado para tener un nombre propio en la m\u00fasica. En 2010, sac\u00f3 su primer \u00e1lbum\u2026","rel":"","context":"En \u00abIt Girl\u00bb","img":{"alt_text":"","src":"https:\/\/i0.wp.com\/www.moda.es\/blog\/wp-content\/uploads\/2011\/12\/ewfr1.jpg?fit=442%2C293&resize=350%2C200","width":350,"height":200},"classes":[]}],"_links":{"self":[{"href":"http:\/\/www.moda.es\/blog\/wp-json\/wp\/v2\/posts\/6645"}],"collection":[{"href":"http:\/\/www.moda.es\/blog\/wp-json\/wp\/v2\/posts"}],"about":[{"href":"http:\/\/www.moda.es\/blog\/wp-json\/wp\/v2\/types\/post"}],"author":[{"embeddable":true,"href":"http:\/\/www.moda.es\/blog\/wp-json\/wp\/v2\/users\/2"}],"replies":[{"embeddable":true,"href":"http:\/\/www.moda.es\/blog\/wp-json\/wp\/v2\/comments?post=6645"}],"version-history":[{"count":0,"href":"http:\/\/www.moda.es\/blog\/wp-json\/wp\/v2\/posts\/6645\/revisions"}],"wp:featuredmedia":[{"embeddable":true,"href":"http:\/\/www.moda.es\/blog\/wp-json\/wp\/v2\/media\/16748"}],"wp:attachment":[{"href":"http:\/\/www.moda.es\/blog\/wp-json\/wp\/v2\/media?parent=6645"}],"wp:term":[{"taxonomy":"category","embeddable":true,"href":"http:\/\/www.moda.es\/blog\/wp-json\/wp\/v2\/categories?post=6645"},{"taxonomy":"post_tag","embeddable":true,"href":"http:\/\/www.moda.es\/blog\/wp-json\/wp\/v2\/tags?post=6645"}],"curies":[{"name":"wp","href":"https:\/\/api.w.org\/{rel}","templated":true}]}}