{"id":662,"date":"2011-01-29T21:22:10","date_gmt":"2011-01-29T20:22:10","guid":{"rendered":"http:\/\/www.moda.es\/blog\/?p=662"},"modified":"2011-01-29T21:22:10","modified_gmt":"2011-01-29T20:22:10","slug":"valentino-pureza-inocencia","status":"publish","type":"post","link":"http:\/\/www.moda.es\/blog\/valentino-pureza-inocencia\/","title":{"rendered":"Valentino: pureza + inocencia"},"content":{"rendered":"<p>Los desfiles de alta costura de los que os hablaba ayer se cerraron con el de Valentino. El d\u00fao compuesto por Pier Paolo y Maria Grazia Chiuri present\u00f3 una colecci\u00f3n n\u00edvea (en gran parte), delicada, que emana pureza e inocencia. Unos adjetivos m\u00e1s propios para definir a una ni\u00f1a que a una mujer. La fuerza de la colecci\u00f3n reside en ello.<\/p>\n<figure style=\"width: 320px\" class=\"wp-caption alignnone\"><img data-attachment-id=\"6474\" data-permalink=\"http:\/\/www.moda.es\/blog\/00010m-21\/\" data-orig-file=\"https:\/\/i0.wp.com\/www.moda.es\/blog\/wp-content\/uploads\/2011\/01\/00010m.jpg?fit=320%2C480\" data-orig-size=\"320,480\" data-comments-opened=\"1\" data-image-meta=\"{&quot;aperture&quot;:&quot;0&quot;,&quot;credit&quot;:&quot;&quot;,&quot;camera&quot;:&quot;&quot;,&quot;caption&quot;:&quot;&quot;,&quot;created_timestamp&quot;:&quot;0&quot;,&quot;copyright&quot;:&quot;&quot;,&quot;focal_length&quot;:&quot;0&quot;,&quot;iso&quot;:&quot;0&quot;,&quot;shutter_speed&quot;:&quot;0&quot;,&quot;title&quot;:&quot;&quot;}\" data-image-title=\"00010m\" data-image-description=\"\" data-image-caption=\"\" data-medium-file=\"https:\/\/i0.wp.com\/www.moda.es\/blog\/wp-content\/uploads\/2011\/01\/00010m.jpg?fit=200%2C300\" data-large-file=\"https:\/\/i0.wp.com\/www.moda.es\/blog\/wp-content\/uploads\/2011\/01\/00010m.jpg?fit=320%2C480\" loading=\"lazy\" src=\"https:\/\/i0.wp.com\/www.moda.es\/blog\/wp-content\/uploads\/2011\/01\/00010m.jpg?resize=320%2C480\" alt=\"\" title=\"00010m\" width=\"320\" height=\"480\" class=\"alignnone size-full wp-image-6474\" srcset=\"https:\/\/i0.wp.com\/www.moda.es\/blog\/wp-content\/uploads\/2011\/01\/00010m.jpg?w=320 320w, https:\/\/i0.wp.com\/www.moda.es\/blog\/wp-content\/uploads\/2011\/01\/00010m.jpg?resize=200%2C300 200w\" sizes=\"(max-width: 320px) 100vw, 320px\" data-recalc-dims=\"1\" \/><figcaption class=\"wp-caption-text\">via Style.com<\/figcaption><\/figure>\n<figure style=\"width: 322px\" class=\"wp-caption alignnone\"><img loading=\"lazy\" src=\"https:\/\/i0.wp.com\/searchingforstyle.com\/wp-content\/uploads\/2011\/01\/Love.ValentinoCouture.SS11-1.jpg?resize=322%2C457\" alt=\"\" width=\"322\" height=\"457\" data-recalc-dims=\"1\" \/><figcaption class=\"wp-caption-text\">via Searchingforstyle.com<\/figcaption><\/figure>\n<p>La pasarela se ti\u00f1\u00f3 de blanco -el color por excelencia de la pureza, al menos, en occidente-, beige y -c\u00f3mo no- el rojo Valentino, el sello indiscutible de la casa que no puede faltar. Los largos hasta el suelo se impusieron a los largos por la rodilla. El car\u00e1cter Valentino se expres\u00f3 en los peque\u00f1os volantes flu\u00edan con ligereza, los apliques de flores -otro emblema de la maison- y los lazos obviamente recuperados de los archivos de la casa italiana. Unos apliques m\u00e1s exquisitos de peque\u00f1as piedras enriquecieron unos vestidos de l\u00edneas sencillas y construcci\u00f3n pulida.<\/p>\n<figure style=\"width: 311px\" class=\"wp-caption alignnone\"><img loading=\"lazy\" src=\"http:\/\/zfashionblog.files.wordpress.com\/2011\/01\/valentino021.jpg?resize=311%2C437\" alt=\"\" width=\"311\" height=\"437\" data-recalc-dims=\"1\" \/><figcaption class=\"wp-caption-text\">Apliques con forma de flor. (via Zfashionblog.files.wordpress)<\/figcaption><\/figure>\n<p>Para abrirnos los ojos de par en par, los vestidos coronados por blondas de organza creando vertiginosos escortes o rom\u00e1nticos cuellos y remates de faldas. Unas piezas de aires sesenteros, tan Valentino que parec\u00edan salidos de la mente y manos del maestro.<\/p>\n<p>Los tejidos delicad\u00edsimos, las platas, las transparencias, los encajes y los finos apliques convirtieron a las modelos en ninfas inocentes.<\/p>\n<figure style=\"width: 320px\" class=\"wp-caption alignnone\"><img loading=\"lazy\" src=\"https:\/\/i0.wp.com\/www.style.com\/slideshows\/2011\/fashionshows\/S2011CTR\/VALENTIN\/RUNWAY\/00210m.jpg?resize=320%2C480\" alt=\"\" width=\"320\" height=\"480\" data-recalc-dims=\"1\" \/><figcaption class=\"wp-caption-text\">via Style.com<\/figcaption><\/figure>\n","protected":false},"excerpt":{"rendered":"<p>Los desfiles de alta costura de los que os hablaba ayer se cerraron con el de Valentino. El d\u00fao compuesto por Pier Paolo y Maria Grazia Chiuri present\u00f3 una colecci\u00f3n n\u00edvea (en gran parte), delicada, que emana pureza e inocencia. Unos adjetivos m\u00e1s propios para definir a una ni\u00f1a que [&hellip;]<\/p>\n","protected":false},"author":2,"featured_media":16382,"comment_status":"open","ping_status":"open","sticky":false,"template":"","format":"standard","meta":{"jetpack_publicize_message":"","jetpack_is_tweetstorm":false,"jetpack_publicize_feature_enabled":true},"categories":[23],"tags":[],"jetpack_publicize_connections":[],"jetpack_featured_media_url":"https:\/\/i0.wp.com\/www.moda.es\/blog\/wp-content\/uploads\/2011\/01\/00010m1.jpg?fit=320%2C480","jetpack_sharing_enabled":true,"jetpack_shortlink":"https:\/\/wp.me\/p4tJCC-aG","jetpack-related-posts":[{"id":3868,"url":"http:\/\/www.moda.es\/blog\/carrusel-de-inocencia-louis-vuitton\/","url_meta":{"origin":662,"position":0},"title":"Carrusel de inocencia, Louis Vuitton","date":"octubre 18, 2011","format":false,"excerpt":"Un carrusel blanco de tama\u00f1o real ocupaba el escenario del desfile de Louis Vuitton en Par\u00eds, un elemento que anticipaba, al tiempo que subrayaba, la l\u00ednea de la nueva colecci\u00f3n para la pr\u00f3xima primavera\/verano. Dulzura a raudales avalada por la pureza del blanco y toques de colores pastel. Marc Jacobs\u2026","rel":"","context":"En \u00abColecciones\u00bb","img":{"alt_text":"","src":"https:\/\/i0.wp.com\/www.moda.es\/blog\/wp-content\/uploads\/2011\/10\/00010m31.jpg?fit=320%2C480&resize=350%2C200","width":350,"height":200},"classes":[]},{"id":21568,"url":"http:\/\/www.moda.es\/blog\/motivacion-maxima-en-el-gym-con-rosie-huntington\/","url_meta":{"origin":662,"position":1},"title":"Motivaci\u00f3n m\u00e1xima en el gym con Rosie Huntington","date":"enero 5, 2017","format":false,"excerpt":"No hay nada como la perspectiva de un entrenamiento con una supermodelo para agregar un toque de motivaci\u00f3n\u00a0extra para salir\u00a0de la cama en una ma\u00f1ana fr\u00eda y oscura a principios de enero para entrenar.Watch Full Movie Online Streaming Online and Download Ofreciendo as\u00ed un poco de inspiraci\u00f3n, \u00a0Rosie Huntington-Whiteley se\u2026","rel":"","context":"En \u00abCampa\u00f1as\u00bb","img":{"alt_text":"","src":"https:\/\/i0.wp.com\/www.moda.es\/blog\/wp-content\/uploads\/2017\/01\/Captura-de-pantalla-2017-01-05-a-las-19.33.20.png?fit=484%2C481&resize=350%2C200","width":350,"height":200},"classes":[]},{"id":7354,"url":"http:\/\/www.moda.es\/blog\/en-el-jardin-del-eden\/","url_meta":{"origin":662,"position":2},"title":"En el jard\u00edn del Ed\u00e9n","date":"junio 14, 2012","format":false,"excerpt":"Su se\u00f1al de identidad es son las flores. Cada temporada crea un vergel maravilloso. Su nombre, Erdem. Esta temporada de primavera-verano la ha te\u00f1ido de azul y amarillo. Cuando le preguntaron sobre sus referencias para esta colecci\u00f3n, apunt\u00f3 -tal y como relatan en la cr\u00f3nica de Style.com- que se inspir\u00f3\u2026","rel":"","context":"En \u00abDise\u00f1adores\u00bb","img":{"alt_text":"","src":"https:\/\/i0.wp.com\/www.moda.es\/blog\/wp-content\/uploads\/2012\/06\/main-e13387437171041.jpg?fit=400%2C549&resize=350%2C200","width":350,"height":200},"classes":[]},{"id":5304,"url":"http:\/\/www.moda.es\/blog\/resaca-de-alta-costura-valentino\/","url_meta":{"origin":662,"position":3},"title":"Resaca de Alta Costura &#8211; Valentino","date":"enero 30, 2012","format":false,"excerpt":"Si algo se puede decir de la colecci\u00f3n de Valentino es que no desentona, no en cuanto a otras colecciones de la misma casa y tampoco en la semana de la alta costura de Par\u00eds donde queda m\u00e1s o menos diluida entre otras propuestas con m\u00e1s cuerpo y garra- l\u00e9ase\u2026","rel":"","context":"En \u00abPasarelas\u00bb","img":{"alt_text":"","src":"https:\/\/i0.wp.com\/www.moda.es\/blog\/wp-content\/uploads\/2012\/01\/00010m11.jpg?fit=320%2C480&resize=350%2C200","width":350,"height":200},"classes":[]},{"id":18458,"url":"http:\/\/www.moda.es\/blog\/lottie-moss-imagen-de-red-valentino\/","url_meta":{"origin":662,"position":4},"title":"Lottie Moss, imagen de Red Valentino","date":"octubre 29, 2014","format":false,"excerpt":"La hermana peque\u00f1a de la reina de la moda ya ha protagonizado oficialmente su primera campa\u00f1a. Lottie Moss muestra su lado m\u00e1s divertido y juguet\u00f3n en la \u00faltima campa\u00f1a de Red Valentino. Diez meses despu\u00e9s de que firmara su contrato con la agencia de modelos Storm, la modelo de diecis\u00e9is\u2026","rel":"","context":"En \u00abCampa\u00f1as\u00bb","img":{"alt_text":"","src":"https:\/\/i0.wp.com\/www.moda.es\/blog\/wp-content\/uploads\/2014\/10\/lmrv.jpg?fit=650%2C806&resize=350%2C200","width":350,"height":200},"classes":[]},{"id":2566,"url":"http:\/\/www.moda.es\/blog\/valli-el-nuevo-valentino\/","url_meta":{"origin":662,"position":5},"title":"Valli, el nuevo Valentino","date":"julio 7, 2011","format":false,"excerpt":"Primer examen de la alta costura para Giambattista Valli. Hace tres d\u00edas present\u00f3 su primera colecci\u00f3n\u00a0en la pasarela de la alta costura. Valli se ha mantenido fiel\u00a0 al estilo de las propuestas que suele presentar en pr\u00eat-\u00e0-porter: siluetas muy femeninas, delicadas, cargadas en vol\u00famenes y con relieves de flores o\u2026","rel":"","context":"En \u00abPasarelas\u00bb","img":{"alt_text":"","src":"https:\/\/i0.wp.com\/www.moda.es\/blog\/wp-content\/uploads\/2011\/07\/00010m3.jpg?fit=320%2C480&resize=350%2C200","width":350,"height":200},"classes":[]}],"_links":{"self":[{"href":"http:\/\/www.moda.es\/blog\/wp-json\/wp\/v2\/posts\/662"}],"collection":[{"href":"http:\/\/www.moda.es\/blog\/wp-json\/wp\/v2\/posts"}],"about":[{"href":"http:\/\/www.moda.es\/blog\/wp-json\/wp\/v2\/types\/post"}],"author":[{"embeddable":true,"href":"http:\/\/www.moda.es\/blog\/wp-json\/wp\/v2\/users\/2"}],"replies":[{"embeddable":true,"href":"http:\/\/www.moda.es\/blog\/wp-json\/wp\/v2\/comments?post=662"}],"version-history":[{"count":0,"href":"http:\/\/www.moda.es\/blog\/wp-json\/wp\/v2\/posts\/662\/revisions"}],"wp:featuredmedia":[{"embeddable":true,"href":"http:\/\/www.moda.es\/blog\/wp-json\/wp\/v2\/media\/16382"}],"wp:attachment":[{"href":"http:\/\/www.moda.es\/blog\/wp-json\/wp\/v2\/media?parent=662"}],"wp:term":[{"taxonomy":"category","embeddable":true,"href":"http:\/\/www.moda.es\/blog\/wp-json\/wp\/v2\/categories?post=662"},{"taxonomy":"post_tag","embeddable":true,"href":"http:\/\/www.moda.es\/blog\/wp-json\/wp\/v2\/tags?post=662"}],"curies":[{"name":"wp","href":"https:\/\/api.w.org\/{rel}","templated":true}]}}