{"id":6583,"date":"2012-04-12T21:43:11","date_gmt":"2012-04-12T19:43:11","guid":{"rendered":"http:\/\/www.moda.es\/blog\/?p=6583"},"modified":"2012-04-12T21:43:11","modified_gmt":"2012-04-12T19:43:11","slug":"las-multiples-caras-y-estilos-de-diane-keaton","status":"publish","type":"post","link":"http:\/\/www.moda.es\/blog\/las-multiples-caras-y-estilos-de-diane-keaton\/","title":{"rendered":"Las m\u00faltiples caras (y estilos) de Diane Keaton"},"content":{"rendered":"<p>Hoy nos ponemos un poco nost\u00e1lgicos volviendo a un tema que ten\u00edamos algo abandonado: la relaci\u00f3n cine y moda. En este ocasi\u00f3n volvemos la mirada a una actriz que nos gusta especialmente y que fuera de los sets de rodaje tiene un estilo personal e intransferible, muy dandy: <a href=\"http:\/\/www.imdb.com\/name\/nm0000473\/\">Diane Keaton<\/a>.<\/p>\n<p>Los cin\u00e9filos la recordar\u00e1n en su magn\u00edfico papel de novia del desquiciadamente gracioso Woody Allen en Annie Hall (1977). Los cin\u00e9filos y por dem\u00e1s fans de la moda, saben que los trajes de estilo masculino, corbata incluida, que la joven Keaton luc\u00eda en el film estaban dise\u00f1ados por <a href=\"http:\/\/www.ralphlauren.com\/home\/index.jsp?direct\">Ralf Lauren<\/a>. Aunque -sorpresa- gran parte del vestuario de Annie proven\u00eda del propio armario de Keaton o de su elecci\u00f3n antes que de la del director de vestuario.<\/p>\n<figure id=\"attachment_6593\" aria-describedby=\"caption-attachment-6593\" style=\"width: 500px\" class=\"wp-caption aligncenter\"><a href=\"https:\/\/i0.wp.com\/www.moda.es\/blog\/wp-content\/uploads\/2012\/04\/Annie-Hall5.jpg\"><img data-attachment-id=\"6593\" data-permalink=\"http:\/\/www.moda.es\/blog\/annie-hall5\/\" data-orig-file=\"https:\/\/i0.wp.com\/www.moda.es\/blog\/wp-content\/uploads\/2012\/04\/Annie-Hall5-e1334259697778.jpg?fit=500%2C304\" data-orig-size=\"500,304\" data-comments-opened=\"1\" data-image-meta=\"{&quot;aperture&quot;:&quot;0&quot;,&quot;credit&quot;:&quot;&quot;,&quot;camera&quot;:&quot;&quot;,&quot;caption&quot;:&quot;&quot;,&quot;created_timestamp&quot;:&quot;0&quot;,&quot;copyright&quot;:&quot;&quot;,&quot;focal_length&quot;:&quot;0&quot;,&quot;iso&quot;:&quot;0&quot;,&quot;shutter_speed&quot;:&quot;0&quot;,&quot;title&quot;:&quot;&quot;}\" data-image-title=\"Annie-Hall5\" data-image-description=\"\" data-image-caption=\"&lt;p&gt;Foto via www.fashioninfilms.com&lt;\/p&gt;\n\" data-medium-file=\"https:\/\/i0.wp.com\/www.moda.es\/blog\/wp-content\/uploads\/2012\/04\/Annie-Hall5-e1334259697778.jpg?fit=300%2C182\" data-large-file=\"https:\/\/i0.wp.com\/www.moda.es\/blog\/wp-content\/uploads\/2012\/04\/Annie-Hall5-e1334259697778.jpg?fit=500%2C304\" loading=\"lazy\" class=\"size-full wp-image-6593\" src=\"https:\/\/i0.wp.com\/www.moda.es\/blog\/wp-content\/uploads\/2012\/04\/Annie-Hall5-e1334259697778.jpg?resize=500%2C304\" alt=\"\" width=\"500\" height=\"304\" srcset=\"https:\/\/i0.wp.com\/www.moda.es\/blog\/wp-content\/uploads\/2012\/04\/Annie-Hall5-e1334259697778.jpg?w=500 500w, https:\/\/i0.wp.com\/www.moda.es\/blog\/wp-content\/uploads\/2012\/04\/Annie-Hall5-e1334259697778.jpg?resize=300%2C182 300w\" sizes=\"(max-width: 500px) 100vw, 500px\" data-recalc-dims=\"1\" \/><\/a><figcaption id=\"caption-attachment-6593\" class=\"wp-caption-text\">Foto via www.fashioninfilms.com<\/figcaption><\/figure>\n<figure id=\"attachment_6601\" aria-describedby=\"caption-attachment-6601\" style=\"width: 500px\" class=\"wp-caption aligncenter\"><a href=\"https:\/\/i0.wp.com\/www.moda.es\/blog\/wp-content\/uploads\/2012\/04\/annie-hall.jpg\"><img data-attachment-id=\"6601\" data-permalink=\"http:\/\/www.moda.es\/blog\/annie-hall\/\" data-orig-file=\"https:\/\/i0.wp.com\/www.moda.es\/blog\/wp-content\/uploads\/2012\/04\/annie-hall-e1334260661261.jpg?fit=500%2C268\" data-orig-size=\"500,268\" data-comments-opened=\"1\" data-image-meta=\"{&quot;aperture&quot;:&quot;0&quot;,&quot;credit&quot;:&quot;&quot;,&quot;camera&quot;:&quot;&quot;,&quot;caption&quot;:&quot;&quot;,&quot;created_timestamp&quot;:&quot;0&quot;,&quot;copyright&quot;:&quot;&quot;,&quot;focal_length&quot;:&quot;0&quot;,&quot;iso&quot;:&quot;0&quot;,&quot;shutter_speed&quot;:&quot;0&quot;,&quot;title&quot;:&quot;&quot;}\" data-image-title=\"annie-hall\" data-image-description=\"\" data-image-caption=\"&lt;p&gt;La famosa escena de la terraza. Foto via 39escalones.wordpress.com&lt;\/p&gt;\n\" data-medium-file=\"https:\/\/i0.wp.com\/www.moda.es\/blog\/wp-content\/uploads\/2012\/04\/annie-hall-e1334260661261.jpg?fit=300%2C160\" data-large-file=\"https:\/\/i0.wp.com\/www.moda.es\/blog\/wp-content\/uploads\/2012\/04\/annie-hall-e1334260661261.jpg?fit=500%2C268\" loading=\"lazy\" class=\"size-full wp-image-6601\" src=\"https:\/\/i0.wp.com\/www.moda.es\/blog\/wp-content\/uploads\/2012\/04\/annie-hall-e1334260661261.jpg?resize=500%2C268\" alt=\"\" width=\"500\" height=\"268\" srcset=\"https:\/\/i0.wp.com\/www.moda.es\/blog\/wp-content\/uploads\/2012\/04\/annie-hall-e1334260661261.jpg?w=500 500w, https:\/\/i0.wp.com\/www.moda.es\/blog\/wp-content\/uploads\/2012\/04\/annie-hall-e1334260661261.jpg?resize=300%2C160 300w\" sizes=\"(max-width: 500px) 100vw, 500px\" data-recalc-dims=\"1\" \/><\/a><figcaption id=\"caption-attachment-6601\" class=\"wp-caption-text\">La famosa escena de la terraza. Foto via 39escalones.wordpress.com<\/figcaption><\/figure>\n<figure id=\"attachment_6599\" aria-describedby=\"caption-attachment-6599\" style=\"width: 500px\" class=\"wp-caption aligncenter\"><a href=\"https:\/\/i0.wp.com\/www.moda.es\/blog\/wp-content\/uploads\/2012\/04\/annie-hall-original.jpg\"><img data-attachment-id=\"6599\" data-permalink=\"http:\/\/www.moda.es\/blog\/annie-hall-original\/\" data-orig-file=\"https:\/\/i0.wp.com\/www.moda.es\/blog\/wp-content\/uploads\/2012\/04\/annie-hall-original-e1334260390783.jpg?fit=500%2C280\" data-orig-size=\"500,280\" data-comments-opened=\"1\" data-image-meta=\"{&quot;aperture&quot;:&quot;0&quot;,&quot;credit&quot;:&quot;&quot;,&quot;camera&quot;:&quot;&quot;,&quot;caption&quot;:&quot;&quot;,&quot;created_timestamp&quot;:&quot;0&quot;,&quot;copyright&quot;:&quot;&quot;,&quot;focal_length&quot;:&quot;0&quot;,&quot;iso&quot;:&quot;0&quot;,&quot;shutter_speed&quot;:&quot;0&quot;,&quot;title&quot;:&quot;&quot;}\" data-image-title=\"annie-hall-original\" data-image-description=\"\" data-image-caption=\"&lt;p&gt;Foto via inspiredground.blogspot.com&lt;\/p&gt;\n\" data-medium-file=\"https:\/\/i0.wp.com\/www.moda.es\/blog\/wp-content\/uploads\/2012\/04\/annie-hall-original-e1334260390783.jpg?fit=300%2C168\" data-large-file=\"https:\/\/i0.wp.com\/www.moda.es\/blog\/wp-content\/uploads\/2012\/04\/annie-hall-original-e1334260390783.jpg?fit=500%2C280\" loading=\"lazy\" class=\"size-full wp-image-6599\" src=\"https:\/\/i0.wp.com\/www.moda.es\/blog\/wp-content\/uploads\/2012\/04\/annie-hall-original-e1334260390783.jpg?resize=500%2C280\" alt=\"\" width=\"500\" height=\"280\" srcset=\"https:\/\/i0.wp.com\/www.moda.es\/blog\/wp-content\/uploads\/2012\/04\/annie-hall-original-e1334260390783.jpg?w=500 500w, https:\/\/i0.wp.com\/www.moda.es\/blog\/wp-content\/uploads\/2012\/04\/annie-hall-original-e1334260390783.jpg?resize=300%2C168 300w\" sizes=\"(max-width: 500px) 100vw, 500px\" data-recalc-dims=\"1\" \/><\/a><figcaption id=\"caption-attachment-6599\" class=\"wp-caption-text\">Foto via inspiredground.blogspot.com<\/figcaption><\/figure>\n<p>Pero la pel\u00edcula, mejor dicho, saga, \u00a0que la hizo mundialmente conocida fue El Padrino (1972). Sufridora como la que m\u00e1s en su papel de Kay Corleone, mujer de Michael (Al Pacino), tambi\u00e9n su vestuario merece menci\u00f3n. La acci\u00f3n del film transcurre a lo largo de varias d\u00e9cadas y con el paso del tiempo el vestuario de Kay va evolucionando. Pero lo que m\u00e1s destaca de sus prendas no es tanto el dise\u00f1o, sino la elecci\u00f3n del color. Al principio, viste siempre en tonos rojo o naranja transmitiendo que el esp\u00edritu de la joven Kay no es oscuro como el de la familia Corleone. Sin embargo, cuando se une a Michael su vestuario cambia y pierde esas tonalidades alegres. Un vestuario que refleja el efecto pernicioso que en ella ejercen los Corleone y que se ve en las tres partes de la saga. Un agudo ejercicio por parte de Coppola y la dise\u00f1adora de vestuario, Anna Hill Johnstone, como relata en su <a href=\"http:\/\/blogs.suntimes.com\/foreignc\/2011\/09\/the-clothes-of-kay-corleone.html\">art\u00edculo el cr\u00edtico Pablo Villa\u00e7a<\/a> en el Chicago Sun Times.<\/p>\n<figure id=\"attachment_6597\" aria-describedby=\"caption-attachment-6597\" style=\"width: 500px\" class=\"wp-caption aligncenter\"><a href=\"https:\/\/i0.wp.com\/www.moda.es\/blog\/wp-content\/uploads\/2012\/04\/kay-adams.jpg\"><img data-attachment-id=\"6597\" data-permalink=\"http:\/\/www.moda.es\/blog\/kay-adams\/\" data-orig-file=\"https:\/\/i0.wp.com\/www.moda.es\/blog\/wp-content\/uploads\/2012\/04\/kay-adams-e1334260142499.jpg?fit=500%2C281\" data-orig-size=\"500,281\" data-comments-opened=\"1\" data-image-meta=\"{&quot;aperture&quot;:&quot;0&quot;,&quot;credit&quot;:&quot;&quot;,&quot;camera&quot;:&quot;&quot;,&quot;caption&quot;:&quot;&quot;,&quot;created_timestamp&quot;:&quot;0&quot;,&quot;copyright&quot;:&quot;&quot;,&quot;focal_length&quot;:&quot;0&quot;,&quot;iso&quot;:&quot;0&quot;,&quot;shutter_speed&quot;:&quot;0&quot;,&quot;title&quot;:&quot;&quot;}\" data-image-title=\"kay-adams\" data-image-description=\"\" data-image-caption=\"&lt;p&gt;Kay Adams (apellido de soltera antes de tomar el de Corleone). Foto via cinespotting.wordpress.com&lt;\/p&gt;\n\" data-medium-file=\"https:\/\/i0.wp.com\/www.moda.es\/blog\/wp-content\/uploads\/2012\/04\/kay-adams-e1334260142499.jpg?fit=300%2C168\" data-large-file=\"https:\/\/i0.wp.com\/www.moda.es\/blog\/wp-content\/uploads\/2012\/04\/kay-adams-e1334260142499.jpg?fit=500%2C281\" loading=\"lazy\" class=\"size-full wp-image-6597\" src=\"https:\/\/i0.wp.com\/www.moda.es\/blog\/wp-content\/uploads\/2012\/04\/kay-adams-e1334260142499.jpg?resize=500%2C281\" alt=\"\" width=\"500\" height=\"281\" srcset=\"https:\/\/i0.wp.com\/www.moda.es\/blog\/wp-content\/uploads\/2012\/04\/kay-adams-e1334260142499.jpg?w=500 500w, https:\/\/i0.wp.com\/www.moda.es\/blog\/wp-content\/uploads\/2012\/04\/kay-adams-e1334260142499.jpg?resize=300%2C168 300w\" sizes=\"(max-width: 500px) 100vw, 500px\" data-recalc-dims=\"1\" \/><\/a><figcaption id=\"caption-attachment-6597\" class=\"wp-caption-text\">Kay Adams (apellido de soltera antes de tomar el de Corleone). Foto via cinespotting.wordpress.com<\/figcaption><\/figure>\n<figure id=\"attachment_6596\" aria-describedby=\"caption-attachment-6596\" style=\"width: 500px\" class=\"wp-caption aligncenter\"><a href=\"https:\/\/i0.wp.com\/www.moda.es\/blog\/wp-content\/uploads\/2012\/04\/s_padrinoI.jpg\"><img data-attachment-id=\"6596\" data-permalink=\"http:\/\/www.moda.es\/blog\/s_padrinoi\/\" data-orig-file=\"https:\/\/i0.wp.com\/www.moda.es\/blog\/wp-content\/uploads\/2012\/04\/s_padrinoI-e1334259989679.jpg?fit=500%2C311\" data-orig-size=\"500,311\" data-comments-opened=\"1\" data-image-meta=\"{&quot;aperture&quot;:&quot;0&quot;,&quot;credit&quot;:&quot;&quot;,&quot;camera&quot;:&quot;&quot;,&quot;caption&quot;:&quot;&quot;,&quot;created_timestamp&quot;:&quot;0&quot;,&quot;copyright&quot;:&quot;&quot;,&quot;focal_length&quot;:&quot;0&quot;,&quot;iso&quot;:&quot;0&quot;,&quot;shutter_speed&quot;:&quot;0&quot;,&quot;title&quot;:&quot;&quot;}\" data-image-title=\"s_padrinoI\" data-image-description=\"\" data-image-caption=\"&lt;p&gt;Kay Corleone de rojo, joven y a\u00fan feliz. Foto via www.35milimetros.org&lt;\/p&gt;\n\" data-medium-file=\"https:\/\/i0.wp.com\/www.moda.es\/blog\/wp-content\/uploads\/2012\/04\/s_padrinoI-e1334259989679.jpg?fit=300%2C186\" data-large-file=\"https:\/\/i0.wp.com\/www.moda.es\/blog\/wp-content\/uploads\/2012\/04\/s_padrinoI-e1334259989679.jpg?fit=500%2C311\" loading=\"lazy\" class=\"size-full wp-image-6596\" src=\"https:\/\/i0.wp.com\/www.moda.es\/blog\/wp-content\/uploads\/2012\/04\/s_padrinoI-e1334259989679.jpg?resize=500%2C311\" alt=\"\" width=\"500\" height=\"311\" srcset=\"https:\/\/i0.wp.com\/www.moda.es\/blog\/wp-content\/uploads\/2012\/04\/s_padrinoI-e1334259989679.jpg?w=500 500w, https:\/\/i0.wp.com\/www.moda.es\/blog\/wp-content\/uploads\/2012\/04\/s_padrinoI-e1334259989679.jpg?resize=300%2C186 300w\" sizes=\"(max-width: 500px) 100vw, 500px\" data-recalc-dims=\"1\" \/><\/a><figcaption id=\"caption-attachment-6596\" class=\"wp-caption-text\">Kay Adams\/ Corleone de rojo, joven y a\u00fan feliz. Foto via www.35milimetros.org<\/figcaption><\/figure>\n<figure id=\"attachment_6600\" aria-describedby=\"caption-attachment-6600\" style=\"width: 425px\" class=\"wp-caption aligncenter\"><a href=\"https:\/\/i0.wp.com\/www.moda.es\/blog\/wp-content\/uploads\/2012\/04\/godfather06.jpg\"><img data-attachment-id=\"6600\" data-permalink=\"http:\/\/www.moda.es\/blog\/godfather06\/\" data-orig-file=\"https:\/\/i0.wp.com\/www.moda.es\/blog\/wp-content\/uploads\/2012\/04\/godfather06.jpg?fit=425%2C244\" data-orig-size=\"425,244\" data-comments-opened=\"1\" data-image-meta=\"{&quot;aperture&quot;:&quot;0&quot;,&quot;credit&quot;:&quot;pablovillaca&quot;,&quot;camera&quot;:&quot;&quot;,&quot;caption&quot;:&quot;&quot;,&quot;created_timestamp&quot;:&quot;1316309872&quot;,&quot;copyright&quot;:&quot;&quot;,&quot;focal_length&quot;:&quot;0&quot;,&quot;iso&quot;:&quot;0&quot;,&quot;shutter_speed&quot;:&quot;0&quot;,&quot;title&quot;:&quot;&quot;}\" data-image-title=\"godfather06\" data-image-description=\"\" data-image-caption=\"&lt;p&gt;Kay Corleone, de colores sobrios. Foto via blogs.suntimes.com&lt;\/p&gt;\n\" data-medium-file=\"https:\/\/i0.wp.com\/www.moda.es\/blog\/wp-content\/uploads\/2012\/04\/godfather06.jpg?fit=300%2C172\" data-large-file=\"https:\/\/i0.wp.com\/www.moda.es\/blog\/wp-content\/uploads\/2012\/04\/godfather06.jpg?fit=425%2C244\" loading=\"lazy\" class=\"size-full wp-image-6600\" src=\"https:\/\/i0.wp.com\/www.moda.es\/blog\/wp-content\/uploads\/2012\/04\/godfather06.jpg?resize=425%2C244\" alt=\"\" width=\"425\" height=\"244\" srcset=\"https:\/\/i0.wp.com\/www.moda.es\/blog\/wp-content\/uploads\/2012\/04\/godfather06.jpg?w=425 425w, https:\/\/i0.wp.com\/www.moda.es\/blog\/wp-content\/uploads\/2012\/04\/godfather06.jpg?resize=300%2C172 300w\" sizes=\"(max-width: 425px) 100vw, 425px\" data-recalc-dims=\"1\" \/><\/a><figcaption id=\"caption-attachment-6600\" class=\"wp-caption-text\">Kay Corleone, de colores sobrios. Foto via blogs.suntimes.com<\/figcaption><\/figure>\n<figure id=\"attachment_6602\" aria-describedby=\"caption-attachment-6602\" style=\"width: 425px\" class=\"wp-caption aligncenter\"><a href=\"https:\/\/i0.wp.com\/www.moda.es\/blog\/wp-content\/uploads\/2012\/04\/tumblr_ltl3cadr5e1qz7ngbo1_500.jpg\"><img data-attachment-id=\"6602\" data-permalink=\"http:\/\/www.moda.es\/blog\/tumblr_ltl3cadr5e1qz7ngbo1_500\/\" data-orig-file=\"https:\/\/i0.wp.com\/www.moda.es\/blog\/wp-content\/uploads\/2012\/04\/tumblr_ltl3cadr5e1qz7ngbo1_500.jpg?fit=425%2C245\" data-orig-size=\"425,245\" data-comments-opened=\"1\" data-image-meta=\"{&quot;aperture&quot;:&quot;0&quot;,&quot;credit&quot;:&quot;pablovillaca&quot;,&quot;camera&quot;:&quot;&quot;,&quot;caption&quot;:&quot;&quot;,&quot;created_timestamp&quot;:&quot;1316309963&quot;,&quot;copyright&quot;:&quot;&quot;,&quot;focal_length&quot;:&quot;0&quot;,&quot;iso&quot;:&quot;0&quot;,&quot;shutter_speed&quot;:&quot;0&quot;,&quot;title&quot;:&quot;&quot;}\" data-image-title=\"tumblr_ltl3cadr5e1qz7ngbo1_500\" data-image-description=\"\" data-image-caption=\"&lt;p&gt;Kay ya forma parte de la familia Corleone. Su vestuario se ha transformado. Foto via secondopiano.tumblr.com&lt;\/p&gt;\n\" data-medium-file=\"https:\/\/i0.wp.com\/www.moda.es\/blog\/wp-content\/uploads\/2012\/04\/tumblr_ltl3cadr5e1qz7ngbo1_500.jpg?fit=300%2C172\" data-large-file=\"https:\/\/i0.wp.com\/www.moda.es\/blog\/wp-content\/uploads\/2012\/04\/tumblr_ltl3cadr5e1qz7ngbo1_500.jpg?fit=425%2C245\" loading=\"lazy\" class=\"size-full wp-image-6602\" src=\"https:\/\/i0.wp.com\/www.moda.es\/blog\/wp-content\/uploads\/2012\/04\/tumblr_ltl3cadr5e1qz7ngbo1_500.jpg?resize=425%2C245\" alt=\"\" width=\"425\" height=\"245\" srcset=\"https:\/\/i0.wp.com\/www.moda.es\/blog\/wp-content\/uploads\/2012\/04\/tumblr_ltl3cadr5e1qz7ngbo1_500.jpg?w=425 425w, https:\/\/i0.wp.com\/www.moda.es\/blog\/wp-content\/uploads\/2012\/04\/tumblr_ltl3cadr5e1qz7ngbo1_500.jpg?resize=300%2C172 300w\" sizes=\"(max-width: 425px) 100vw, 425px\" data-recalc-dims=\"1\" \/><\/a><figcaption id=\"caption-attachment-6602\" class=\"wp-caption-text\">Kay ya forma parte de la familia Corleone. Su vestuario se ha transformado. Foto via secondopiano.tumblr.com<\/figcaption><\/figure>\n<p>&nbsp;<\/p>\n","protected":false},"excerpt":{"rendered":"<p>Hoy nos ponemos un poco nost\u00e1lgicos volviendo a un tema que ten\u00edamos algo abandonado: la relaci\u00f3n cine y moda. En este ocasi\u00f3n volvemos la mirada a una actriz que nos gusta especialmente y que fuera de los sets de rodaje tiene un estilo personal e intransferible, muy dandy: Diane Keaton. [&hellip;]<\/p>\n","protected":false},"author":2,"featured_media":16741,"comment_status":"open","ping_status":"open","sticky":false,"template":"","format":"standard","meta":{"jetpack_publicize_message":"","jetpack_is_tweetstorm":false,"jetpack_publicize_feature_enabled":true},"categories":[9],"tags":[],"jetpack_publicize_connections":[],"jetpack_featured_media_url":"https:\/\/i0.wp.com\/www.moda.es\/blog\/wp-content\/uploads\/2012\/04\/Annie-Hall5-e13342596977781.jpg?fit=500%2C304","jetpack_sharing_enabled":true,"jetpack_shortlink":"https:\/\/wp.me\/p4tJCC-1Ib","jetpack-related-posts":[{"id":984,"url":"http:\/\/www.moda.es\/blog\/vestir-el-celuloide\/","url_meta":{"origin":6583,"position":0},"title":"Vestir el celuloide","date":"febrero 27, 2011","format":false,"excerpt":"Acabo de ver Cisne Negro (Darren Aronofsky, 2010), una de las favoritas en los Oscar de este a\u00f1o cuyos galardones se otorgan esta madrugada en Los \u00c1ngeles. Adem\u00e1s de la pel\u00edcula, Natalie Portman est\u00e1 nominada a mejor actriz -su esfuerzo f\u00edsico y psicol\u00f3gico deber\u00eda ser premiado-\u00a0y, aunque el vestuario, no\u2026","rel":"","context":"En \u00abCine y Moda\u00bb","img":{"alt_text":"","src":"https:\/\/i0.wp.com\/www.moda.es\/blog\/wp-content\/uploads\/2011\/02\/black-swan-poster1.jpg?fit=500%2C734&resize=350%2C200","width":350,"height":200},"classes":[]},{"id":5589,"url":"http:\/\/www.moda.es\/blog\/el-topo-y-la-moda-masculina-de-principios-de-los-70\/","url_meta":{"origin":6583,"position":1},"title":"El Topo y la moda masculina de principios de los 70","date":"febrero 18, 2012","format":false,"excerpt":"La pel\u00edcula El Topo (Tomas Alfredson, 2011), basada en la novela hom\u00f3nima de John le Carr\u00e9, es un thriller sobre esp\u00edas brit\u00e1nicos y un infiltrado en su organizaci\u00f3n. Un pel\u00edcula compleja y absorbente cuya acci\u00f3n se sit\u00faa a principios de la d\u00e9cada de los 70. Por ello, la ambientaci\u00f3n y\u2026","rel":"","context":"En \u00abCine y Moda\u00bb","img":{"alt_text":"","src":"https:\/\/i0.wp.com\/www.moda.es\/blog\/wp-content\/uploads\/2012\/02\/tinker-tailor09-e1329598256743.jpg?resize=350%2C200","width":350,"height":200},"classes":[]},{"id":8746,"url":"http:\/\/www.moda.es\/blog\/yvonne-blake-un-vestuario-de-cine-de-superman-a-goya\/","url_meta":{"origin":6583,"position":2},"title":"Yvonne Blake, un vestuario de cine de Superman a Goya","date":"septiembre 14, 2012","format":false,"excerpt":"Ganadora de un Oscar y cuatro premios Goya, la labor como figurinista, o si se prefiere creadora de vestuario para el cine, de Yvonne Blake (Manchester, 1940) estaba ya reconocido. Sin embargo, la semana pasada recib\u00eda el no menos merecido reconocimiento de Premio Nacional de Cinematograf\u00eda, un galard\u00f3n existente desde\u2026","rel":"","context":"En \u00abCine y Moda\u00bb","img":{"alt_text":"","src":"https:\/\/i0.wp.com\/www.moda.es\/blog\/wp-content\/uploads\/2012\/09\/superman-o-filme-superman-19781-e13476516552991.jpg?fit=500%2C206&resize=350%2C200","width":350,"height":200},"classes":[]},{"id":4954,"url":"http:\/\/www.moda.es\/blog\/sofia-coppola-marni-h-m\/","url_meta":{"origin":6583,"position":3},"title":"Sofia Coppola + Marni + H &#038; M","date":"enero 7, 2012","format":false,"excerpt":"Sofia es una chica del cine y de la moda. Ganadora de un \u00d3scar, hija del director Francis Ford Coppola, no s\u00f3lo ha seguido sus pasos sino que en su juventud hizo sus pinitos como actriz. Los cin\u00e9filos recordar\u00e1n su -para muchos lamentable- papel en El Padrino III Parte, y\u2026","rel":"","context":"En \u00abCine y Moda\u00bb","img":{"alt_text":"","src":"https:\/\/i0.wp.com\/www.moda.es\/blog\/wp-content\/uploads\/2012\/01\/Sofia-Coppola-pub-Marni-pour-HM1.jpg?fit=600%2C405&resize=350%2C200","width":350,"height":200},"classes":[]},{"id":18300,"url":"http:\/\/www.moda.es\/blog\/que-plan-tienes-para-manana\/","url_meta":{"origin":6583,"position":4},"title":"\u00bfQu\u00e9 plan tienes para ma\u00f1ana?","date":"septiembre 18, 2014","format":false,"excerpt":"Si vives en Madrid y eres un fashionista profesional, seguramente esta noche has salido a disfrutar de la Vogue Fashion Night Out, as\u00ed que para llevar un poco mejor la resaca de ma\u00f1ana, qu\u00e9 mejor que optar por un plan tranquilo como ir al cine. Y en el cine tienes\u2026","rel":"","context":"En \u00abActualidad\u00bb","img":{"alt_text":"","src":"https:\/\/i0.wp.com\/www.moda.es\/blog\/wp-content\/uploads\/2014\/09\/ysl.jpg?fit=650%2C909&resize=350%2C200","width":350,"height":200},"classes":[]},{"id":17818,"url":"http:\/\/www.moda.es\/blog\/el-increible-guardarropa-de-grace-kelly\/","url_meta":{"origin":6583,"position":5},"title":"El incre\u00edble guardarropa de Grace Kelly&#8230;","date":"junio 7, 2014","format":false,"excerpt":"...en la pel\u00edcula protagonizada por Nicole Kidman ha sido obra del dise\u00f1ador Gigi Lepage. De acuerdo, no podemos decir que el largometraje est\u00e9 siendo un gran \u00e9xito de taquilla, y aunque est\u00e9 pasando por los cines con m\u00e1s que gloria a pesar de lo pomposo de su presentaci\u00f3n en Cannes,\u2026","rel":"","context":"En \u00abActualidad\u00bb","img":{"alt_text":"","src":"https:\/\/i0.wp.com\/www.moda.es\/blog\/wp-content\/uploads\/2014\/06\/Grace-6.jpg?fit=650%2C975&resize=350%2C200","width":350,"height":200},"classes":[]}],"_links":{"self":[{"href":"http:\/\/www.moda.es\/blog\/wp-json\/wp\/v2\/posts\/6583"}],"collection":[{"href":"http:\/\/www.moda.es\/blog\/wp-json\/wp\/v2\/posts"}],"about":[{"href":"http:\/\/www.moda.es\/blog\/wp-json\/wp\/v2\/types\/post"}],"author":[{"embeddable":true,"href":"http:\/\/www.moda.es\/blog\/wp-json\/wp\/v2\/users\/2"}],"replies":[{"embeddable":true,"href":"http:\/\/www.moda.es\/blog\/wp-json\/wp\/v2\/comments?post=6583"}],"version-history":[{"count":0,"href":"http:\/\/www.moda.es\/blog\/wp-json\/wp\/v2\/posts\/6583\/revisions"}],"wp:featuredmedia":[{"embeddable":true,"href":"http:\/\/www.moda.es\/blog\/wp-json\/wp\/v2\/media\/16741"}],"wp:attachment":[{"href":"http:\/\/www.moda.es\/blog\/wp-json\/wp\/v2\/media?parent=6583"}],"wp:term":[{"taxonomy":"category","embeddable":true,"href":"http:\/\/www.moda.es\/blog\/wp-json\/wp\/v2\/categories?post=6583"},{"taxonomy":"post_tag","embeddable":true,"href":"http:\/\/www.moda.es\/blog\/wp-json\/wp\/v2\/tags?post=6583"}],"curies":[{"name":"wp","href":"https:\/\/api.w.org\/{rel}","templated":true}]}}