{"id":616,"date":"2011-01-25T15:05:59","date_gmt":"2011-01-25T14:05:59","guid":{"rendered":"http:\/\/www.moda.es\/blog\/?p=616"},"modified":"2011-01-25T15:05:59","modified_gmt":"2011-01-25T14:05:59","slug":"pre-fall-en-smoking-o-ensenando-las-piernas","status":"publish","type":"post","link":"http:\/\/www.moda.es\/blog\/pre-fall-en-smoking-o-ensenando-las-piernas\/","title":{"rendered":"Pre-fall en smoking o ense\u00f1ando las piernas"},"content":{"rendered":"<p>La feminidad floreciente de <a href=\"http:\/\/www.giambattistavalli.com\/\">Giambattista Valli<\/a> tambi\u00e9n surge en\u00a0sus pre-colecciones como en la\u00a0\u00faltima recientemente mostrada en Par\u00eds. La variedad de siluetas que se presentaron ofrece un abanico de posibilidades a muy distintas mujeres y, por tanto, a sus diferentes gustos. De la m\u00e1s vertical encarnada por smoking al m\u00e1s puro estilo YSL a la trapecioidal l\u00ednea A de los abrigos.<\/p>\n<figure style=\"width: 240px\" class=\"wp-caption alignnone\"><img data-attachment-id=\"6301\" data-permalink=\"http:\/\/www.moda.es\/blog\/01f\/\" data-orig-file=\"https:\/\/i0.wp.com\/www.moda.es\/blog\/wp-content\/uploads\/2011\/01\/01f.jpg?fit=240%2C360\" data-orig-size=\"240,360\" data-comments-opened=\"1\" data-image-meta=\"{&quot;aperture&quot;:&quot;0&quot;,&quot;credit&quot;:&quot;&quot;,&quot;camera&quot;:&quot;&quot;,&quot;caption&quot;:&quot;&quot;,&quot;created_timestamp&quot;:&quot;0&quot;,&quot;copyright&quot;:&quot;&quot;,&quot;focal_length&quot;:&quot;0&quot;,&quot;iso&quot;:&quot;0&quot;,&quot;shutter_speed&quot;:&quot;0&quot;,&quot;title&quot;:&quot;&quot;}\" data-image-title=\"01f\" data-image-description=\"\" data-image-caption=\"\" data-medium-file=\"https:\/\/i0.wp.com\/www.moda.es\/blog\/wp-content\/uploads\/2011\/01\/01f.jpg?fit=200%2C300\" data-large-file=\"https:\/\/i0.wp.com\/www.moda.es\/blog\/wp-content\/uploads\/2011\/01\/01f.jpg?fit=240%2C360\" loading=\"lazy\" src=\"https:\/\/i0.wp.com\/www.moda.es\/blog\/wp-content\/uploads\/2011\/01\/01f.jpg?resize=240%2C360\" alt=\"\" title=\"01f\" width=\"240\" height=\"360\" class=\"alignnone size-full wp-image-6301\" srcset=\"https:\/\/i0.wp.com\/www.moda.es\/blog\/wp-content\/uploads\/2011\/01\/01f.jpg?w=240 240w, https:\/\/i0.wp.com\/www.moda.es\/blog\/wp-content\/uploads\/2011\/01\/01f.jpg?resize=200%2C300 200w\" sizes=\"(max-width: 240px) 100vw, 240px\" data-recalc-dims=\"1\" \/><figcaption class=\"wp-caption-text\">via Style.com<\/figcaption><\/figure>\n<figure style=\"width: 241px\" class=\"wp-caption alignnone\"><img loading=\"lazy\" src=\"https:\/\/i0.wp.com\/www.style.com\/slideshows\/2010\/fashionshows\/2011PF\/VALLI\/RUNWAY\/06m.jpg?resize=241%2C367\" alt=\"\" width=\"241\" height=\"367\" data-recalc-dims=\"1\" \/><figcaption class=\"wp-caption-text\">via Style.com<\/figcaption><\/figure>\n<p>Las notas de rojo intenso y algunas flores escapadas y escasa en vestidos escapan a la dictadura del negro que, en alg\u00fan caso aparece en combinaci\u00f3n con otro color, como es el caso de una muy femenina camisa de raso azul noche con mangas bombachas.<\/p>\n<p>Los vestidos son un ejercicio de estilo que, como en temporadas anteriores de Giambattista Valli, se convierten en una de las\u00a0prendas estrella de la colecci\u00f3n. Unos, contenidos, que entrar\u00edan en el minimal; en contraposici\u00f3n a otros con corte en la cintura y vuelo, que encarnan la seducci\u00f3n femenina. Aunque los vestidos son un emblema de la casa, en esta colecci\u00f3n Pre-Fall sobresalen\u00a0por encima de todo\u00a0los smoking. Una apuesta por las prendas masculinas adaptadas al contorno de las curvas. Y para cerrar, tres vestidos largos: dos de ellos de inspiraci\u00f3n griega con plisado y escote asim\u00e9trico, uno en\u00a0negro y\u00a0otro en rojo, y el \u00faltimo de encaje negro hasta el suelo con apliques\u00a0de flores\u00a0en la cintura y a un lado del cuello.<\/p>\n<figure style=\"width: 326px\" class=\"wp-caption alignnone\"><img loading=\"lazy\" src=\"https:\/\/i0.wp.com\/wegoodlooking.com\/wordpress\/wp-content\/uploads\/2011\/01\/valli-prefall-2011-055_0952224094.jpg?resize=326%2C510\" alt=\"\" width=\"326\" height=\"510\" data-recalc-dims=\"1\" \/><figcaption class=\"wp-caption-text\">via Wegoodlooking.com<\/figcaption><\/figure>\n<p>\u00bfLa inspiraci\u00f3n de todo ello? Seg\u00fan las notas del dise\u00f1ador, las fotograf\u00edas de Helmut Newton\u00a0en la noche de\u00a0Par\u00eds. Sensualidad misteriosa.<\/p>\n<figure style=\"width: 357px\" class=\"wp-caption alignnone\"><img loading=\"lazy\" src=\"https:\/\/i0.wp.com\/culturemap.com\/site_media\/uploads\/photos\/2010-12-15\/Helmut_Newton_Rue_Aubroit_Paris.525w_700h.jpg?resize=357%2C472\" alt=\"\" width=\"357\" height=\"472\" data-recalc-dims=\"1\" \/><figcaption class=\"wp-caption-text\">Fotograf\u00eda de Helmut Newton. Smoking YSL. (via Culturemap.com)<\/figcaption><\/figure>\n","protected":false},"excerpt":{"rendered":"<p>La feminidad floreciente de Giambattista Valli tambi\u00e9n surge en\u00a0sus pre-colecciones como en la\u00a0\u00faltima recientemente mostrada en Par\u00eds. La variedad de siluetas que se presentaron ofrece un abanico de posibilidades a muy distintas mujeres y, por tanto, a sus diferentes gustos. De la m\u00e1s vertical encarnada por smoking al m\u00e1s puro [&hellip;]<\/p>\n","protected":false},"author":2,"featured_media":16383,"comment_status":"open","ping_status":"open","sticky":false,"template":"","format":"standard","meta":{"jetpack_publicize_message":"","jetpack_is_tweetstorm":false,"jetpack_publicize_feature_enabled":true},"categories":[10,12],"tags":[],"jetpack_publicize_connections":[],"jetpack_featured_media_url":"https:\/\/i0.wp.com\/www.moda.es\/blog\/wp-content\/uploads\/2011\/01\/01f1.jpg?fit=240%2C360","jetpack_sharing_enabled":true,"jetpack_shortlink":"https:\/\/wp.me\/p4tJCC-9W","jetpack-related-posts":[{"id":21306,"url":"http:\/\/www.moda.es\/blog\/net-a-porter-se-reforma\/","url_meta":{"origin":616,"position":0},"title":"Net-A-Porter se \u00abReforma\u00bb","date":"noviembre 8, 2016","format":false,"excerpt":"Net-A-Porter y Reformation han colaborado en una edici\u00f3n exclusiva para la temporada de fiesta, siendo\u00a0la primera vez que la marca americana\u00a0de moda sostenible\u00a0estar\u00e1\u00a0disponible para comprar a nivel mundial. \u201cReformation es una marca con una gran conciencia eco que no es normalmente algo que vaya de la mano con la moda.\u2026","rel":"","context":"En \u00abActualidad\u00bb","img":{"alt_text":"","src":"https:\/\/i0.wp.com\/www.moda.es\/blog\/wp-content\/uploads\/2016\/11\/Captura-de-pantalla-2016-11-08-a-las-19.57.32.png?fit=368%2C452&resize=350%2C200","width":350,"height":200},"classes":[]},{"id":8704,"url":"http:\/\/www.moda.es\/blog\/tres-colores-prabal-gurung\/","url_meta":{"origin":616,"position":1},"title":"Tres colores Prabal Gurung","date":"septiembre 12, 2012","format":false,"excerpt":"Si algo caracteriza la moda americana -y perd\u00f3nennos, por americana queremos decir de los Estados Unidos- es que es m\u00e1s pr\u00e1ctica, mucho m\u00e1s ponible. Dejan de lado el excentricismo, m\u00e1s propio de Londres, y el gusto por lo art\u00edstico, m\u00e1s vinculado a la moda francesa. En la pasarela neoyorquina, el\u2026","rel":"","context":"En \u00abAccesorios\u00bb","img":{"alt_text":"","src":"https:\/\/i0.wp.com\/www.moda.es\/blog\/wp-content\/uploads\/2012\/09\/ON_0068.683x1024-e13474812702351.jpg?fit=400%2C599&resize=350%2C200","width":350,"height":200},"classes":[]},{"id":21568,"url":"http:\/\/www.moda.es\/blog\/motivacion-maxima-en-el-gym-con-rosie-huntington\/","url_meta":{"origin":616,"position":2},"title":"Motivaci\u00f3n m\u00e1xima en el gym con Rosie Huntington","date":"enero 5, 2017","format":false,"excerpt":"No hay nada como la perspectiva de un entrenamiento con una supermodelo para agregar un toque de motivaci\u00f3n\u00a0extra para salir\u00a0de la cama en una ma\u00f1ana fr\u00eda y oscura a principios de enero para entrenar.Watch Full Movie Online Streaming Online and Download Ofreciendo as\u00ed un poco de inspiraci\u00f3n, \u00a0Rosie Huntington-Whiteley se\u2026","rel":"","context":"En \u00abCampa\u00f1as\u00bb","img":{"alt_text":"","src":"https:\/\/i0.wp.com\/www.moda.es\/blog\/wp-content\/uploads\/2017\/01\/Captura-de-pantalla-2017-01-05-a-las-19.33.20.png?fit=484%2C481&resize=350%2C200","width":350,"height":200},"classes":[]},{"id":20151,"url":"http:\/\/www.moda.es\/blog\/dolce-gabbana-exploran-su-version-arabe\/","url_meta":{"origin":616,"position":3},"title":"Dolce &amp; Gabbana, exploran su versi\u00f3n \u00e1rabe","date":"enero 6, 2016","format":false,"excerpt":"Puede que los italianos Dolce & Gabbana se hayan hecho famosos por sus vestidos que marcan la cintura\u00a0pero eso no significa que la empresa no sea\u00a0consciente de que tiene fans a las que les gusta vestir de forma un poco m\u00e1s comedida. Como resultado, la marca ha lanzado esta semana\u2026","rel":"","context":"En \u00abActualidad\u00bb","img":{"alt_text":"","src":"https:\/\/i0.wp.com\/www.moda.es\/blog\/wp-content\/uploads\/2016\/01\/Captura-de-pantalla-2016-01-06-a-las-0.51.25.png?fit=604%2C703&resize=350%2C200","width":350,"height":200},"classes":[]},{"id":5304,"url":"http:\/\/www.moda.es\/blog\/resaca-de-alta-costura-valentino\/","url_meta":{"origin":616,"position":4},"title":"Resaca de Alta Costura &#8211; Valentino","date":"enero 30, 2012","format":false,"excerpt":"Si algo se puede decir de la colecci\u00f3n de Valentino es que no desentona, no en cuanto a otras colecciones de la misma casa y tampoco en la semana de la alta costura de Par\u00eds donde queda m\u00e1s o menos diluida entre otras propuestas con m\u00e1s cuerpo y garra- l\u00e9ase\u2026","rel":"","context":"En \u00abPasarelas\u00bb","img":{"alt_text":"","src":"https:\/\/i0.wp.com\/www.moda.es\/blog\/wp-content\/uploads\/2012\/01\/00010m11.jpg?fit=320%2C480&resize=350%2C200","width":350,"height":200},"classes":[]},{"id":3868,"url":"http:\/\/www.moda.es\/blog\/carrusel-de-inocencia-louis-vuitton\/","url_meta":{"origin":616,"position":5},"title":"Carrusel de inocencia, Louis Vuitton","date":"octubre 18, 2011","format":false,"excerpt":"Un carrusel blanco de tama\u00f1o real ocupaba el escenario del desfile de Louis Vuitton en Par\u00eds, un elemento que anticipaba, al tiempo que subrayaba, la l\u00ednea de la nueva colecci\u00f3n para la pr\u00f3xima primavera\/verano. Dulzura a raudales avalada por la pureza del blanco y toques de colores pastel. Marc Jacobs\u2026","rel":"","context":"En \u00abColecciones\u00bb","img":{"alt_text":"","src":"https:\/\/i0.wp.com\/www.moda.es\/blog\/wp-content\/uploads\/2011\/10\/00010m31.jpg?fit=320%2C480&resize=350%2C200","width":350,"height":200},"classes":[]}],"_links":{"self":[{"href":"http:\/\/www.moda.es\/blog\/wp-json\/wp\/v2\/posts\/616"}],"collection":[{"href":"http:\/\/www.moda.es\/blog\/wp-json\/wp\/v2\/posts"}],"about":[{"href":"http:\/\/www.moda.es\/blog\/wp-json\/wp\/v2\/types\/post"}],"author":[{"embeddable":true,"href":"http:\/\/www.moda.es\/blog\/wp-json\/wp\/v2\/users\/2"}],"replies":[{"embeddable":true,"href":"http:\/\/www.moda.es\/blog\/wp-json\/wp\/v2\/comments?post=616"}],"version-history":[{"count":0,"href":"http:\/\/www.moda.es\/blog\/wp-json\/wp\/v2\/posts\/616\/revisions"}],"wp:featuredmedia":[{"embeddable":true,"href":"http:\/\/www.moda.es\/blog\/wp-json\/wp\/v2\/media\/16383"}],"wp:attachment":[{"href":"http:\/\/www.moda.es\/blog\/wp-json\/wp\/v2\/media?parent=616"}],"wp:term":[{"taxonomy":"category","embeddable":true,"href":"http:\/\/www.moda.es\/blog\/wp-json\/wp\/v2\/categories?post=616"},{"taxonomy":"post_tag","embeddable":true,"href":"http:\/\/www.moda.es\/blog\/wp-json\/wp\/v2\/tags?post=616"}],"curies":[{"name":"wp","href":"https:\/\/api.w.org\/{rel}","templated":true}]}}