{"id":5639,"date":"2012-02-24T00:42:04","date_gmt":"2012-02-23T22:42:04","guid":{"rendered":"http:\/\/www.moda.es\/blog\/?p=5639"},"modified":"2012-02-24T00:42:04","modified_gmt":"2012-02-23T22:42:04","slug":"barbas-de-moda-2-christian-goran-y-benjamin-dunkhan","status":"publish","type":"post","link":"http:\/\/www.moda.es\/blog\/barbas-de-moda-2-christian-goran-y-benjamin-dunkhan\/","title":{"rendered":"Barbas de moda (2). Christian G\u00f6ran y Benjamin Dunkhan"},"content":{"rendered":"<figure id=\"attachment_5645\" aria-describedby=\"caption-attachment-5645\" style=\"width: 500px\" class=\"wp-caption aligncenter\"><a href=\"https:\/\/i0.wp.com\/www.moda.es\/blog\/wp-content\/uploads\/2012\/02\/ss-denim-w11-12-02217.jpg\"><img data-attachment-id=\"5645\" data-permalink=\"http:\/\/www.moda.es\/blog\/ss-denim-w11-12-02217\/\" data-orig-file=\"https:\/\/i0.wp.com\/www.moda.es\/blog\/wp-content\/uploads\/2012\/02\/ss-denim-w11-12-02217.jpg?fit=500%2C667\" data-orig-size=\"500,667\" data-comments-opened=\"1\" data-image-meta=\"{&quot;aperture&quot;:&quot;0&quot;,&quot;credit&quot;:&quot;&quot;,&quot;camera&quot;:&quot;&quot;,&quot;caption&quot;:&quot;&quot;,&quot;created_timestamp&quot;:&quot;0&quot;,&quot;copyright&quot;:&quot;&quot;,&quot;focal_length&quot;:&quot;0&quot;,&quot;iso&quot;:&quot;0&quot;,&quot;shutter_speed&quot;:&quot;0&quot;,&quot;title&quot;:&quot;&quot;}\" data-image-title=\"ss-denim-w11-12-02217\" data-image-description=\"\" data-image-caption=\"&lt;p&gt;El modelo sueco Christian G\u00f6ran. Foto via vivamodels.wordpress.com&lt;\/p&gt;\n\" data-medium-file=\"https:\/\/i0.wp.com\/www.moda.es\/blog\/wp-content\/uploads\/2012\/02\/ss-denim-w11-12-02217.jpg?fit=224%2C300\" data-large-file=\"https:\/\/i0.wp.com\/www.moda.es\/blog\/wp-content\/uploads\/2012\/02\/ss-denim-w11-12-02217.jpg?fit=500%2C667\" loading=\"lazy\" class=\"size-full wp-image-5645\" src=\"https:\/\/i0.wp.com\/www.moda.es\/blog\/wp-content\/uploads\/2012\/02\/ss-denim-w11-12-02217.jpg?resize=500%2C667\" alt=\"\" width=\"500\" height=\"667\" srcset=\"https:\/\/i0.wp.com\/www.moda.es\/blog\/wp-content\/uploads\/2012\/02\/ss-denim-w11-12-02217.jpg?w=500 500w, https:\/\/i0.wp.com\/www.moda.es\/blog\/wp-content\/uploads\/2012\/02\/ss-denim-w11-12-02217.jpg?resize=224%2C300 224w\" sizes=\"(max-width: 500px) 100vw, 500px\" data-recalc-dims=\"1\" \/><\/a><figcaption id=\"caption-attachment-5645\" class=\"wp-caption-text\">El modelo sueco Christian G\u00f6ran. Foto via vivamodels.wordpress.com<\/figcaption><\/figure>\n<p>Ayer habl\u00e1bamos de uno de esos guapos vestidos con barba. Otro de ellos es el modelo sueco Christian G\u00f6ran cuyo nombre puede que no suene a muchos, pero su cara seguro. Era (o es) el barbudo del anuncio de Trivago, por el que suspira m\u00e1s de una. G\u00f6ran adem\u00e1s es un fot\u00f3grafo en ciernes y no lo hace nada mal. Todo su trabajo lo recoge en la web <a href=\"http:\/\/cgoran.com\/\">cgoran.com<\/a>.<\/p>\n<figure id=\"attachment_5646\" aria-describedby=\"caption-attachment-5646\" style=\"width: 500px\" class=\"wp-caption aligncenter\"><a href=\"https:\/\/i0.wp.com\/www.moda.es\/blog\/wp-content\/uploads\/2012\/02\/tumblr_lojpx5kcJ51qghsre.jpg\"><img data-attachment-id=\"5646\" data-permalink=\"http:\/\/www.moda.es\/blog\/tumblr_lojpx5kcj51qghsre\/\" data-orig-file=\"https:\/\/i0.wp.com\/www.moda.es\/blog\/wp-content\/uploads\/2012\/02\/tumblr_lojpx5kcJ51qghsre.jpg?fit=500%2C423\" data-orig-size=\"500,423\" data-comments-opened=\"1\" data-image-meta=\"{&quot;aperture&quot;:&quot;0&quot;,&quot;credit&quot;:&quot;&quot;,&quot;camera&quot;:&quot;&quot;,&quot;caption&quot;:&quot;&quot;,&quot;created_timestamp&quot;:&quot;0&quot;,&quot;copyright&quot;:&quot;&quot;,&quot;focal_length&quot;:&quot;0&quot;,&quot;iso&quot;:&quot;0&quot;,&quot;shutter_speed&quot;:&quot;0&quot;,&quot;title&quot;:&quot;&quot;}\" data-image-title=\"tumblr_lojpx5kcJ51qghsre\" data-image-description=\"\" data-image-caption=\"&lt;p&gt;En el famoso anuncio. Foto via todosvestimos.blogspot.com&lt;\/p&gt;\n\" data-medium-file=\"https:\/\/i0.wp.com\/www.moda.es\/blog\/wp-content\/uploads\/2012\/02\/tumblr_lojpx5kcJ51qghsre.jpg?fit=300%2C253\" data-large-file=\"https:\/\/i0.wp.com\/www.moda.es\/blog\/wp-content\/uploads\/2012\/02\/tumblr_lojpx5kcJ51qghsre.jpg?fit=500%2C423\" loading=\"lazy\" class=\"size-full wp-image-5646\" src=\"https:\/\/i0.wp.com\/www.moda.es\/blog\/wp-content\/uploads\/2012\/02\/tumblr_lojpx5kcJ51qghsre.jpg?resize=500%2C423\" alt=\"\" width=\"500\" height=\"423\" srcset=\"https:\/\/i0.wp.com\/www.moda.es\/blog\/wp-content\/uploads\/2012\/02\/tumblr_lojpx5kcJ51qghsre.jpg?w=500 500w, https:\/\/i0.wp.com\/www.moda.es\/blog\/wp-content\/uploads\/2012\/02\/tumblr_lojpx5kcJ51qghsre.jpg?resize=300%2C253 300w\" sizes=\"(max-width: 500px) 100vw, 500px\" data-recalc-dims=\"1\" \/><\/a><figcaption id=\"caption-attachment-5646\" class=\"wp-caption-text\">En el famoso anuncio. Foto via todosvestimos.blogspot.com<\/figcaption><\/figure>\n<figure id=\"attachment_5644\" aria-describedby=\"caption-attachment-5644\" style=\"width: 500px\" class=\"wp-caption aligncenter\"><a href=\"https:\/\/i0.wp.com\/www.moda.es\/blog\/wp-content\/uploads\/2012\/02\/mig.jpg\"><img data-attachment-id=\"5644\" data-permalink=\"http:\/\/www.moda.es\/blog\/mig\/\" data-orig-file=\"https:\/\/i0.wp.com\/www.moda.es\/blog\/wp-content\/uploads\/2012\/02\/mig-e1330036332166.jpg?fit=500%2C327\" data-orig-size=\"500,327\" data-comments-opened=\"1\" data-image-meta=\"{&quot;aperture&quot;:&quot;0&quot;,&quot;credit&quot;:&quot;&quot;,&quot;camera&quot;:&quot;&quot;,&quot;caption&quot;:&quot;&quot;,&quot;created_timestamp&quot;:&quot;0&quot;,&quot;copyright&quot;:&quot;&quot;,&quot;focal_length&quot;:&quot;0&quot;,&quot;iso&quot;:&quot;0&quot;,&quot;shutter_speed&quot;:&quot;0&quot;,&quot;title&quot;:&quot;&quot;}\" data-image-title=\"mig\" data-image-description=\"\" data-image-caption=\"&lt;p&gt;Autoretrato de Christian Gor\u00e4n. Foto via cgoran.com&lt;\/p&gt;\n\" data-medium-file=\"https:\/\/i0.wp.com\/www.moda.es\/blog\/wp-content\/uploads\/2012\/02\/mig-e1330036332166.jpg?fit=300%2C196\" data-large-file=\"https:\/\/i0.wp.com\/www.moda.es\/blog\/wp-content\/uploads\/2012\/02\/mig-e1330036332166.jpg?fit=500%2C327\" loading=\"lazy\" class=\"size-full wp-image-5644\" src=\"https:\/\/i0.wp.com\/www.moda.es\/blog\/wp-content\/uploads\/2012\/02\/mig-e1330036332166.jpg?resize=500%2C327\" alt=\"\" width=\"500\" height=\"327\" srcset=\"https:\/\/i0.wp.com\/www.moda.es\/blog\/wp-content\/uploads\/2012\/02\/mig-e1330036332166.jpg?w=500 500w, https:\/\/i0.wp.com\/www.moda.es\/blog\/wp-content\/uploads\/2012\/02\/mig-e1330036332166.jpg?resize=300%2C196 300w\" sizes=\"(max-width: 500px) 100vw, 500px\" data-recalc-dims=\"1\" \/><\/a><figcaption id=\"caption-attachment-5644\" class=\"wp-caption-text\">Autoretrato de Christian Gor\u00e4n. Foto via cgoran.com<\/figcaption><\/figure>\n<p>Otro que est\u00e1 pegando fuerte es el franc\u00e9s Benjamin Dunkhan. Adem\u00e1s de modelo, artista experimental, Dunkhan fue descubierto por Jean Paul Gaultier y es el preferido de los dise\u00f1adores m\u00e1s inconformistas. Tambi\u00e9n ha trabajado con John Galliano y Yohji Yamamoto.\u00a0Aqu\u00ed, en Espa\u00f1a, ha desfilado para la firma Rabaneda -del dise\u00f1ador sobrino del famoso Paco Rabanne-\u00a0en la presentaci\u00f3n de la colecci\u00f3n primavera-verano 2012.<\/p>\n<figure id=\"attachment_5647\" aria-describedby=\"caption-attachment-5647\" style=\"width: 366px\" class=\"wp-caption aligncenter\"><a href=\"https:\/\/i0.wp.com\/www.moda.es\/blog\/wp-content\/uploads\/2012\/02\/62129-800w.jpg\"><img data-attachment-id=\"5647\" data-permalink=\"http:\/\/www.moda.es\/blog\/62129-800w\/\" data-orig-file=\"https:\/\/i0.wp.com\/www.moda.es\/blog\/wp-content\/uploads\/2012\/02\/62129-800w-e1330036661420.jpg?fit=366%2C500\" data-orig-size=\"366,500\" data-comments-opened=\"1\" data-image-meta=\"{&quot;aperture&quot;:&quot;0&quot;,&quot;credit&quot;:&quot;&quot;,&quot;camera&quot;:&quot;&quot;,&quot;caption&quot;:&quot;&quot;,&quot;created_timestamp&quot;:&quot;0&quot;,&quot;copyright&quot;:&quot;&quot;,&quot;focal_length&quot;:&quot;0&quot;,&quot;iso&quot;:&quot;0&quot;,&quot;shutter_speed&quot;:&quot;0&quot;,&quot;title&quot;:&quot;&quot;}\" data-image-title=\"62129-800w\" data-image-description=\"\" data-image-caption=\"&lt;p&gt;El franc\u00e9s Benjamin Dukhan. Foto via models.com&lt;\/p&gt;\n\" data-medium-file=\"https:\/\/i0.wp.com\/www.moda.es\/blog\/wp-content\/uploads\/2012\/02\/62129-800w-e1330036661420.jpg?fit=219%2C300\" data-large-file=\"https:\/\/i0.wp.com\/www.moda.es\/blog\/wp-content\/uploads\/2012\/02\/62129-800w-e1330036661420.jpg?fit=366%2C500\" loading=\"lazy\" class=\"size-full wp-image-5647\" src=\"https:\/\/i0.wp.com\/www.moda.es\/blog\/wp-content\/uploads\/2012\/02\/62129-800w-e1330036661420.jpg?resize=366%2C500\" alt=\"\" width=\"366\" height=\"500\" srcset=\"https:\/\/i0.wp.com\/www.moda.es\/blog\/wp-content\/uploads\/2012\/02\/62129-800w-e1330036661420.jpg?w=366 366w, https:\/\/i0.wp.com\/www.moda.es\/blog\/wp-content\/uploads\/2012\/02\/62129-800w-e1330036661420.jpg?resize=219%2C300 219w\" sizes=\"(max-width: 366px) 100vw, 366px\" data-recalc-dims=\"1\" \/><\/a><figcaption id=\"caption-attachment-5647\" class=\"wp-caption-text\">El franc\u00e9s Benjamin Dukhan. Foto via models.com<\/figcaption><\/figure>\n<figure id=\"attachment_5651\" aria-describedby=\"caption-attachment-5651\" style=\"width: 500px\" class=\"wp-caption aligncenter\"><a href=\"https:\/\/i0.wp.com\/www.moda.es\/blog\/wp-content\/uploads\/2012\/02\/10-javier-moran-benjamin-dukhan1.jpg\"><img data-attachment-id=\"5651\" data-permalink=\"http:\/\/www.moda.es\/blog\/10-javier-moran-benjamin-dukhan1\/\" data-orig-file=\"https:\/\/i0.wp.com\/www.moda.es\/blog\/wp-content\/uploads\/2012\/02\/10-javier-moran-benjamin-dukhan1-e1330037312793.jpg?fit=500%2C433\" data-orig-size=\"500,433\" data-comments-opened=\"1\" data-image-meta=\"{&quot;aperture&quot;:&quot;0&quot;,&quot;credit&quot;:&quot;&quot;,&quot;camera&quot;:&quot;&quot;,&quot;caption&quot;:&quot;&quot;,&quot;created_timestamp&quot;:&quot;0&quot;,&quot;copyright&quot;:&quot;&quot;,&quot;focal_length&quot;:&quot;0&quot;,&quot;iso&quot;:&quot;0&quot;,&quot;shutter_speed&quot;:&quot;0&quot;,&quot;title&quot;:&quot;&quot;}\" data-image-title=\"10-javier-moran-benjamin-dukhan1\" data-image-description=\"\" data-image-caption=\"&lt;p&gt;Benjamin Dukhan en una foto para Neo2. Foto via benjamin-dukhan.blogspot.com&lt;\/p&gt;\n\" data-medium-file=\"https:\/\/i0.wp.com\/www.moda.es\/blog\/wp-content\/uploads\/2012\/02\/10-javier-moran-benjamin-dukhan1-e1330037312793.jpg?fit=300%2C259\" data-large-file=\"https:\/\/i0.wp.com\/www.moda.es\/blog\/wp-content\/uploads\/2012\/02\/10-javier-moran-benjamin-dukhan1-e1330037312793.jpg?fit=500%2C433\" loading=\"lazy\" class=\"size-full wp-image-5651\" src=\"https:\/\/i0.wp.com\/www.moda.es\/blog\/wp-content\/uploads\/2012\/02\/10-javier-moran-benjamin-dukhan1-e1330037312793.jpg?resize=500%2C433\" alt=\"\" width=\"500\" height=\"433\" srcset=\"https:\/\/i0.wp.com\/www.moda.es\/blog\/wp-content\/uploads\/2012\/02\/10-javier-moran-benjamin-dukhan1-e1330037312793.jpg?w=500 500w, https:\/\/i0.wp.com\/www.moda.es\/blog\/wp-content\/uploads\/2012\/02\/10-javier-moran-benjamin-dukhan1-e1330037312793.jpg?resize=300%2C259 300w\" sizes=\"(max-width: 500px) 100vw, 500px\" data-recalc-dims=\"1\" \/><\/a><figcaption id=\"caption-attachment-5651\" class=\"wp-caption-text\">Benjamin Dukhan en una foto para Neo2. Foto via benjamin-dukhan.blogspot.com<\/figcaption><\/figure>\n<p>De rasgos dif\u00edciles, como su pronunciada nariz y rasgos angulosos, Benjamin Dunkhan no es el chico guapo al uso. \u00c9l es consciente de ello: \u00abme considero un modelo con una personalidad y un car\u00e1cter muy definidos\u00bb, aseguraba a una conocida revista espa\u00f1ola. En la misma entrevista confesaba que se dej\u00f3 crecer tanto la barba tras un proyecto art\u00edstico de baile sobre Caravaggio. Pero \u00e9sta le ha dado pasaporte para las pasarelas y seguir\u00e1 siendo su se\u00f1a de identidad.<\/p>\n<figure id=\"attachment_5648\" aria-describedby=\"caption-attachment-5648\" style=\"width: 400px\" class=\"wp-caption aligncenter\"><a href=\"https:\/\/i0.wp.com\/www.moda.es\/blog\/wp-content\/uploads\/2012\/02\/Benjamin-Dukhan1.jpg\"><img data-attachment-id=\"5648\" data-permalink=\"http:\/\/www.moda.es\/blog\/benjamin-dukhan1\/\" data-orig-file=\"https:\/\/i0.wp.com\/www.moda.es\/blog\/wp-content\/uploads\/2012\/02\/Benjamin-Dukhan1-e1330036891293.jpg?fit=400%2C500\" data-orig-size=\"400,500\" data-comments-opened=\"1\" data-image-meta=\"{&quot;aperture&quot;:&quot;0&quot;,&quot;credit&quot;:&quot;&quot;,&quot;camera&quot;:&quot;&quot;,&quot;caption&quot;:&quot;&quot;,&quot;created_timestamp&quot;:&quot;0&quot;,&quot;copyright&quot;:&quot;&quot;,&quot;focal_length&quot;:&quot;0&quot;,&quot;iso&quot;:&quot;0&quot;,&quot;shutter_speed&quot;:&quot;0&quot;,&quot;title&quot;:&quot;&quot;}\" data-image-title=\"Benjamin-Dukhan1\" data-image-description=\"\" data-image-caption=\"&lt;p&gt;Foto via 5thmodels.com&lt;\/p&gt;\n\" data-medium-file=\"https:\/\/i0.wp.com\/www.moda.es\/blog\/wp-content\/uploads\/2012\/02\/Benjamin-Dukhan1-e1330036891293.jpg?fit=240%2C300\" data-large-file=\"https:\/\/i0.wp.com\/www.moda.es\/blog\/wp-content\/uploads\/2012\/02\/Benjamin-Dukhan1-e1330036891293.jpg?fit=400%2C500\" loading=\"lazy\" class=\"size-full wp-image-5648\" src=\"https:\/\/i0.wp.com\/www.moda.es\/blog\/wp-content\/uploads\/2012\/02\/Benjamin-Dukhan1-e1330036891293.jpg?resize=400%2C500\" alt=\"\" width=\"400\" height=\"500\" srcset=\"https:\/\/i0.wp.com\/www.moda.es\/blog\/wp-content\/uploads\/2012\/02\/Benjamin-Dukhan1-e1330036891293.jpg?w=400 400w, https:\/\/i0.wp.com\/www.moda.es\/blog\/wp-content\/uploads\/2012\/02\/Benjamin-Dukhan1-e1330036891293.jpg?resize=240%2C300 240w\" sizes=\"(max-width: 400px) 100vw, 400px\" data-recalc-dims=\"1\" \/><\/a><figcaption id=\"caption-attachment-5648\" class=\"wp-caption-text\">Foto via 5thmodels.com<\/figcaption><\/figure>\n<p>Larga vida a las barbas.<\/p>\n<p>&nbsp;<\/p>\n","protected":false},"excerpt":{"rendered":"<p>Ayer habl\u00e1bamos de uno de esos guapos vestidos con barba. Otro de ellos es el modelo sueco Christian G\u00f6ran cuyo nombre puede que no suene a muchos, pero su cara seguro. Era (o es) el barbudo del anuncio de Trivago, por el que suspira m\u00e1s de una. G\u00f6ran adem\u00e1s es [&hellip;]<\/p>\n","protected":false},"author":2,"featured_media":16711,"comment_status":"open","ping_status":"open","sticky":false,"template":"","format":"standard","meta":{"jetpack_publicize_message":"","jetpack_is_tweetstorm":false,"jetpack_publicize_feature_enabled":true},"categories":[19,27],"tags":[],"jetpack_publicize_connections":[],"jetpack_featured_media_url":"https:\/\/i0.wp.com\/www.moda.es\/blog\/wp-content\/uploads\/2012\/02\/ss-denim-w11-12-022171.jpg?fit=500%2C667","jetpack_sharing_enabled":true,"jetpack_shortlink":"https:\/\/wp.me\/p4tJCC-1sX","jetpack-related-posts":[{"id":8691,"url":"http:\/\/www.moda.es\/blog\/la-firma-invisible-para-hm\/","url_meta":{"origin":5639,"position":0},"title":"La firma invisible para H&#038;M","date":"septiembre 12, 2012","format":false,"excerpt":"La fecha es cada vez m\u00e1s cercana: a mediados de noviembre se lanza la colecci\u00f3n c\u00e1psula de Maison Martin Margiela para el gigante sueco de la moda. A veces, la moda consigue reconciliar las mayores paradojas ya que dentro de la moda la firma Margiela naci\u00f3 como un desf\u00edo a\u2026","rel":"","context":"En \u00abFirmas\u00bb","img":{"alt_text":"","src":"https:\/\/i0.wp.com\/www.moda.es\/blog\/wp-content\/uploads\/2012\/09\/562163_10150980582539797_727640838_n-e13474064677031.jpg?fit=500%2C265&resize=350%2C200","width":350,"height":200},"classes":[]},{"id":21568,"url":"http:\/\/www.moda.es\/blog\/motivacion-maxima-en-el-gym-con-rosie-huntington\/","url_meta":{"origin":5639,"position":1},"title":"Motivaci\u00f3n m\u00e1xima en el gym con Rosie Huntington","date":"enero 5, 2017","format":false,"excerpt":"No hay nada como la perspectiva de un entrenamiento con una supermodelo para agregar un toque de motivaci\u00f3n\u00a0extra para salir\u00a0de la cama en una ma\u00f1ana fr\u00eda y oscura a principios de enero para entrenar.Watch Full Movie Online Streaming Online and Download Ofreciendo as\u00ed un poco de inspiraci\u00f3n, \u00a0Rosie Huntington-Whiteley se\u2026","rel":"","context":"En \u00abCampa\u00f1as\u00bb","img":{"alt_text":"","src":"https:\/\/i0.wp.com\/www.moda.es\/blog\/wp-content\/uploads\/2017\/01\/Captura-de-pantalla-2017-01-05-a-las-19.33.20.png?fit=484%2C481&resize=350%2C200","width":350,"height":200},"classes":[]},{"id":21306,"url":"http:\/\/www.moda.es\/blog\/net-a-porter-se-reforma\/","url_meta":{"origin":5639,"position":2},"title":"Net-A-Porter se \u00abReforma\u00bb","date":"noviembre 8, 2016","format":false,"excerpt":"Net-A-Porter y Reformation han colaborado en una edici\u00f3n exclusiva para la temporada de fiesta, siendo\u00a0la primera vez que la marca americana\u00a0de moda sostenible\u00a0estar\u00e1\u00a0disponible para comprar a nivel mundial. \u201cReformation es una marca con una gran conciencia eco que no es normalmente algo que vaya de la mano con la moda.\u2026","rel":"","context":"En \u00abActualidad\u00bb","img":{"alt_text":"","src":"https:\/\/i0.wp.com\/www.moda.es\/blog\/wp-content\/uploads\/2016\/11\/Captura-de-pantalla-2016-11-08-a-las-19.57.32.png?fit=368%2C452&resize=350%2C200","width":350,"height":200},"classes":[]},{"id":4811,"url":"http:\/\/www.moda.es\/blog\/calcetines-para-gente-feliz\/","url_meta":{"origin":5639,"position":3},"title":"Calcetines para gente feliz","date":"diciembre 23, 2011","format":false,"excerpt":"\u00bfPor qu\u00e9 llevar unos calcetines aburridos y sosos si puedes ponerte los m\u00e1s divertidos? Si lo haces, ser\u00e1 porque a\u00fan no conoces Happy Socks. Son los calcetines m\u00e1s coloristas, originales y alegres, qui\u00e9n lo dir\u00eda trat\u00e1ndose de una firma de origen sueco. All\u00e1 por el a\u00f1o 2008 en una primavera\u2026","rel":"","context":"En \u00abFirmas\u00bb","img":{"alt_text":"","src":"https:\/\/i0.wp.com\/www.moda.es\/blog\/wp-content\/uploads\/2011\/12\/big-hsch-4-030_5102-e13246015929081.jpg?fit=356%2C500&resize=350%2C200","width":350,"height":200},"classes":[]},{"id":22505,"url":"http:\/\/www.moda.es\/blog\/karlie-kloss-vuelve-a-la-pasarela-de-victorias-secret-tras-dos-anos\/","url_meta":{"origin":5639,"position":4},"title":"Karlie Kloss vuelve a la pasarela de Victoria&#8217;s Secret tras dos a\u00f1os","date":"septiembre 4, 2017","format":false,"excerpt":"Karlie Kloss est\u00e1 rompiendo su descanso de modelado para regresar al famoso desfile de Victoria's Secret de este a\u00f1o. La modelo anunci\u00f3 la noticia en Instagram ayer con una bonita imagen del backstage del desfile de moda de 2014. \"Nos vemos en Shanghai @VictoriasSecret \ud83d\ude07\ud83d\udc97\", escribi\u00f3 en el pie de\u2026","rel":"","context":"En \u00abDestacados\u00bb","img":{"alt_text":"","src":"https:\/\/i0.wp.com\/www.moda.es\/blog\/wp-content\/uploads\/2017\/09\/Captura-de-pantalla-2017-09-04-a-las-23.02.50.png?fit=675%2C343&resize=350%2C200","width":350,"height":200},"classes":[]},{"id":8522,"url":"http:\/\/www.moda.es\/blog\/tu-bolso-tus-iniciales\/","url_meta":{"origin":5639,"position":5},"title":"Tu bolso, tus iniciales","date":"agosto 29, 2012","format":false,"excerpt":"Ya no se llaman Kelly, Birkin o Jackie. Los bolsos ahora no llevan el nombre (o apellido) de la m\u00e1s famosa, sino que cualquier mujer afamada -o no, pero que se lo pueda permitir- puede ponerle sus iniciales. Esta ha sido la idea de Fendi, una de las casas de\u2026","rel":"","context":"En \u00abAccesorios\u00bb","img":{"alt_text":"","src":"https:\/\/i0.wp.com\/www.moda.es\/blog\/wp-content\/uploads\/2012\/08\/sarah+jessica+parker+fendi+2jours-e13462698128441.jpg?fit=400%2C600&resize=350%2C200","width":350,"height":200},"classes":[]}],"_links":{"self":[{"href":"http:\/\/www.moda.es\/blog\/wp-json\/wp\/v2\/posts\/5639"}],"collection":[{"href":"http:\/\/www.moda.es\/blog\/wp-json\/wp\/v2\/posts"}],"about":[{"href":"http:\/\/www.moda.es\/blog\/wp-json\/wp\/v2\/types\/post"}],"author":[{"embeddable":true,"href":"http:\/\/www.moda.es\/blog\/wp-json\/wp\/v2\/users\/2"}],"replies":[{"embeddable":true,"href":"http:\/\/www.moda.es\/blog\/wp-json\/wp\/v2\/comments?post=5639"}],"version-history":[{"count":0,"href":"http:\/\/www.moda.es\/blog\/wp-json\/wp\/v2\/posts\/5639\/revisions"}],"wp:featuredmedia":[{"embeddable":true,"href":"http:\/\/www.moda.es\/blog\/wp-json\/wp\/v2\/media\/16711"}],"wp:attachment":[{"href":"http:\/\/www.moda.es\/blog\/wp-json\/wp\/v2\/media?parent=5639"}],"wp:term":[{"taxonomy":"category","embeddable":true,"href":"http:\/\/www.moda.es\/blog\/wp-json\/wp\/v2\/categories?post=5639"},{"taxonomy":"post_tag","embeddable":true,"href":"http:\/\/www.moda.es\/blog\/wp-json\/wp\/v2\/tags?post=5639"}],"curies":[{"name":"wp","href":"https:\/\/api.w.org\/{rel}","templated":true}]}}