{"id":5624,"date":"2012-02-23T01:47:46","date_gmt":"2012-02-22T23:47:46","guid":{"rendered":"http:\/\/www.moda.es\/blog\/?p=5624"},"modified":"2012-02-23T01:47:46","modified_gmt":"2012-02-22T23:47:46","slug":"barba-de-moda-1-patrick-petitjean","status":"publish","type":"post","link":"http:\/\/www.moda.es\/blog\/barba-de-moda-1-patrick-petitjean\/","title":{"rendered":"Barba de moda (1). Patrick Petitjean"},"content":{"rendered":"<p>Barba muy poblada, como de n\u00e1ufrago o ermita\u00f1o, y pelo largo. Dos rasgos muy en boga entre el g\u00e9nero masculino en nuestros d\u00edas. Pero como toda tendencia, siempre hay un precursor. Antes de que las calles se poblaran de barbas, hab\u00eda un modelo llamado\u00a0Patrick Petitjean, de facciones bonitas, pelo casta\u00f1o, 1&#8217;83 m de altura\u00a0y ojos azules, que protagoniz\u00f3 una campa\u00f1a de publicidad para H&amp;M (la del oto\u00f1o-invierno 2009). Se pod\u00eda ver por las calles y los subterr\u00e1neos de Madrid, y en las marquesinas de otras ciudades de la pen\u00ednsula.<\/p>\n<figure id=\"attachment_5635\" aria-describedby=\"caption-attachment-5635\" style=\"width: 475px\" class=\"wp-caption aligncenter\"><a href=\"https:\/\/i0.wp.com\/www.moda.es\/blog\/wp-content\/uploads\/2012\/02\/26172-800w.jpg\"><img data-attachment-id=\"5635\" data-permalink=\"http:\/\/www.moda.es\/blog\/26172-800w\/\" data-orig-file=\"https:\/\/i0.wp.com\/www.moda.es\/blog\/wp-content\/uploads\/2012\/02\/26172-800w-e1329954251544.jpg?fit=475%2C671\" data-orig-size=\"475,671\" data-comments-opened=\"1\" data-image-meta=\"{&quot;aperture&quot;:&quot;0&quot;,&quot;credit&quot;:&quot;&quot;,&quot;camera&quot;:&quot;&quot;,&quot;caption&quot;:&quot;&quot;,&quot;created_timestamp&quot;:&quot;0&quot;,&quot;copyright&quot;:&quot;&quot;,&quot;focal_length&quot;:&quot;0&quot;,&quot;iso&quot;:&quot;0&quot;,&quot;shutter_speed&quot;:&quot;0&quot;,&quot;title&quot;:&quot;&quot;}\" data-image-title=\"26172-800w\" data-image-description=\"\" data-image-caption=\"&lt;p&gt;Patrick Petitjean protagonista masculino de una antigua campa\u00f1a de Joop!. Foto via models.com&lt;\/p&gt;\n\" data-medium-file=\"https:\/\/i0.wp.com\/www.moda.es\/blog\/wp-content\/uploads\/2012\/02\/26172-800w-e1329954251544.jpg?fit=212%2C300\" data-large-file=\"https:\/\/i0.wp.com\/www.moda.es\/blog\/wp-content\/uploads\/2012\/02\/26172-800w-e1329954251544.jpg?fit=475%2C671\" loading=\"lazy\" class=\"size-full wp-image-5635\" src=\"https:\/\/i0.wp.com\/www.moda.es\/blog\/wp-content\/uploads\/2012\/02\/26172-800w-e1329954251544.jpg?resize=475%2C671\" alt=\"\" width=\"475\" height=\"671\" srcset=\"https:\/\/i0.wp.com\/www.moda.es\/blog\/wp-content\/uploads\/2012\/02\/26172-800w-e1329954251544.jpg?w=475 475w, https:\/\/i0.wp.com\/www.moda.es\/blog\/wp-content\/uploads\/2012\/02\/26172-800w-e1329954251544.jpg?resize=212%2C300 212w\" sizes=\"(max-width: 475px) 100vw, 475px\" data-recalc-dims=\"1\" \/><\/a><figcaption id=\"caption-attachment-5635\" class=\"wp-caption-text\">Patrick Petitjean protagonista masculino de una antigua campa\u00f1a de Joop!. Foto via models.com<\/figcaption><\/figure>\n<p>Nacido en Francia en 1984, la carrera de Petitjean como modelodespeg\u00f3 en 2006 y tan s\u00f3lo un a\u00f1o despu\u00e9s se convert\u00eda en imagen de Gianfranco Ferr\u00e9. Posteriormente, fich\u00f3 por Prada para ser su imagen durante la temporada de oto\u00f1o-invierno 2008\/2009 pero, como requisito, tuvo que afeitarse la barba y cortarse el pelo. Una vez recuperado su personal\u00a0<em>look<\/em>, se convirti\u00f3 en el rostro de Herm\u00e8s para el siguiente oto\u00f1o-invierno y de la campa\u00f1a de Kenzo del verano de 2010. Su rostro ha aparecido en revistas como GQ, L&#8217;Officiel Hommes, Wound Magazine o Vogue Hommes International (aqu\u00ed, fotografiado por Mario Sorrenti).\u00a0En Espa\u00f1a, por ejemplo, ha sido el protagonista del editorial de moda del n\u00famero de enero de 2011 de la revista Esquire.<\/p>\n<figure id=\"attachment_5634\" aria-describedby=\"caption-attachment-5634\" style=\"width: 500px\" class=\"wp-caption aligncenter\"><a href=\"https:\/\/i0.wp.com\/www.moda.es\/blog\/wp-content\/uploads\/2012\/02\/prada_fw08_AU2-s.jpg\"><img data-attachment-id=\"5634\" data-permalink=\"http:\/\/www.moda.es\/blog\/prada_fw08_au2-s\/\" data-orig-file=\"https:\/\/i0.wp.com\/www.moda.es\/blog\/wp-content\/uploads\/2012\/02\/prada_fw08_AU2-s-e1329954063322.jpg?fit=500%2C299\" data-orig-size=\"500,299\" data-comments-opened=\"1\" data-image-meta=\"{&quot;aperture&quot;:&quot;0&quot;,&quot;credit&quot;:&quot;&quot;,&quot;camera&quot;:&quot;&quot;,&quot;caption&quot;:&quot;&quot;,&quot;created_timestamp&quot;:&quot;0&quot;,&quot;copyright&quot;:&quot;&quot;,&quot;focal_length&quot;:&quot;0&quot;,&quot;iso&quot;:&quot;0&quot;,&quot;shutter_speed&quot;:&quot;0&quot;,&quot;title&quot;:&quot;&quot;}\" data-image-title=\"prada_fw08_AU2-s\" data-image-description=\"\" data-image-caption=\"&lt;p&gt;Petitjean en la campa\u00f1a de Prada O\/ I 2008. Foto via 100malemodels.blogspot.com&lt;\/p&gt;\n\" data-medium-file=\"https:\/\/i0.wp.com\/www.moda.es\/blog\/wp-content\/uploads\/2012\/02\/prada_fw08_AU2-s-e1329954063322.jpg?fit=300%2C179\" data-large-file=\"https:\/\/i0.wp.com\/www.moda.es\/blog\/wp-content\/uploads\/2012\/02\/prada_fw08_AU2-s-e1329954063322.jpg?fit=500%2C299\" loading=\"lazy\" class=\"size-full wp-image-5634\" src=\"https:\/\/i0.wp.com\/www.moda.es\/blog\/wp-content\/uploads\/2012\/02\/prada_fw08_AU2-s-e1329954063322.jpg?resize=500%2C299\" alt=\"\" width=\"500\" height=\"299\" srcset=\"https:\/\/i0.wp.com\/www.moda.es\/blog\/wp-content\/uploads\/2012\/02\/prada_fw08_AU2-s-e1329954063322.jpg?w=500 500w, https:\/\/i0.wp.com\/www.moda.es\/blog\/wp-content\/uploads\/2012\/02\/prada_fw08_AU2-s-e1329954063322.jpg?resize=300%2C179 300w\" sizes=\"(max-width: 500px) 100vw, 500px\" data-recalc-dims=\"1\" \/><\/a><figcaption id=\"caption-attachment-5634\" class=\"wp-caption-text\">Petitjean en la campa\u00f1a de Prada O\/ I 2008. Foto via 100malemodels.blogspot.com<\/figcaption><\/figure>\n<figure id=\"attachment_5631\" aria-describedby=\"caption-attachment-5631\" style=\"width: 465px\" class=\"wp-caption aligncenter\"><a href=\"https:\/\/i0.wp.com\/www.moda.es\/blog\/wp-content\/uploads\/2012\/02\/10278-800w.jpg\"><img data-attachment-id=\"5631\" data-permalink=\"http:\/\/www.moda.es\/blog\/10278-800w\/\" data-orig-file=\"https:\/\/i0.wp.com\/www.moda.es\/blog\/wp-content\/uploads\/2012\/02\/10278-800w.jpg?fit=465%2C306\" data-orig-size=\"465,306\" data-comments-opened=\"1\" data-image-meta=\"{&quot;aperture&quot;:&quot;0&quot;,&quot;credit&quot;:&quot;&quot;,&quot;camera&quot;:&quot;&quot;,&quot;caption&quot;:&quot;&quot;,&quot;created_timestamp&quot;:&quot;0&quot;,&quot;copyright&quot;:&quot;&quot;,&quot;focal_length&quot;:&quot;0&quot;,&quot;iso&quot;:&quot;0&quot;,&quot;shutter_speed&quot;:&quot;0&quot;,&quot;title&quot;:&quot;&quot;}\" data-image-title=\"10278-800w\" data-image-description=\"\" data-image-caption=\"&lt;p&gt;Herm\u00e8s O\/ I 2009. Foto via models.com&lt;\/p&gt;\n\" data-medium-file=\"https:\/\/i0.wp.com\/www.moda.es\/blog\/wp-content\/uploads\/2012\/02\/10278-800w.jpg?fit=300%2C197\" data-large-file=\"https:\/\/i0.wp.com\/www.moda.es\/blog\/wp-content\/uploads\/2012\/02\/10278-800w.jpg?fit=465%2C306\" loading=\"lazy\" class=\"size-full wp-image-5631\" src=\"https:\/\/i0.wp.com\/www.moda.es\/blog\/wp-content\/uploads\/2012\/02\/10278-800w.jpg?resize=465%2C306\" alt=\"\" width=\"465\" height=\"306\" srcset=\"https:\/\/i0.wp.com\/www.moda.es\/blog\/wp-content\/uploads\/2012\/02\/10278-800w.jpg?w=465 465w, https:\/\/i0.wp.com\/www.moda.es\/blog\/wp-content\/uploads\/2012\/02\/10278-800w.jpg?resize=300%2C197 300w\" sizes=\"(max-width: 465px) 100vw, 465px\" data-recalc-dims=\"1\" \/><\/a><figcaption id=\"caption-attachment-5631\" class=\"wp-caption-text\">Herm\u00e8s O\/ I 2009. Foto via models.com<\/figcaption><\/figure>\n<figure id=\"attachment_5632\" aria-describedby=\"caption-attachment-5632\" style=\"width: 475px\" class=\"wp-caption aligncenter\"><a href=\"https:\/\/i0.wp.com\/www.moda.es\/blog\/wp-content\/uploads\/2012\/02\/59773-800w-e1329953345356.jpg\"><img data-attachment-id=\"5632\" data-permalink=\"http:\/\/www.moda.es\/blog\/59773-800w\/\" data-orig-file=\"https:\/\/i0.wp.com\/www.moda.es\/blog\/wp-content\/uploads\/2012\/02\/59773-800w-e1329953475246.jpg?fit=475%2C658\" data-orig-size=\"475,658\" data-comments-opened=\"1\" data-image-meta=\"{&quot;aperture&quot;:&quot;0&quot;,&quot;credit&quot;:&quot;&quot;,&quot;camera&quot;:&quot;&quot;,&quot;caption&quot;:&quot;&quot;,&quot;created_timestamp&quot;:&quot;0&quot;,&quot;copyright&quot;:&quot;&quot;,&quot;focal_length&quot;:&quot;0&quot;,&quot;iso&quot;:&quot;0&quot;,&quot;shutter_speed&quot;:&quot;0&quot;,&quot;title&quot;:&quot;&quot;}\" data-image-title=\"59773-800w\" data-image-description=\"\" data-image-caption=\"&lt;p&gt;Portada de L&#8217;Officiel Hommes en el O\/ I 2011. Foto via models.com&lt;\/p&gt;\n\" data-medium-file=\"https:\/\/i0.wp.com\/www.moda.es\/blog\/wp-content\/uploads\/2012\/02\/59773-800w-e1329953475246.jpg?fit=216%2C300\" data-large-file=\"https:\/\/i0.wp.com\/www.moda.es\/blog\/wp-content\/uploads\/2012\/02\/59773-800w-e1329953475246.jpg?fit=475%2C658\" loading=\"lazy\" class=\"size-full wp-image-5632\" src=\"https:\/\/i0.wp.com\/www.moda.es\/blog\/wp-content\/uploads\/2012\/02\/59773-800w-e1329953475246.jpg?resize=475%2C658\" alt=\"\" width=\"475\" height=\"658\" srcset=\"https:\/\/i0.wp.com\/www.moda.es\/blog\/wp-content\/uploads\/2012\/02\/59773-800w-e1329953475246.jpg?w=475 475w, https:\/\/i0.wp.com\/www.moda.es\/blog\/wp-content\/uploads\/2012\/02\/59773-800w-e1329953475246.jpg?resize=216%2C300 216w\" sizes=\"(max-width: 475px) 100vw, 475px\" data-recalc-dims=\"1\" \/><\/a><figcaption id=\"caption-attachment-5632\" class=\"wp-caption-text\">Portada de L&#039;Officiel Hommes en el O\/ I 2011. Foto via models.com<\/figcaption><\/figure>\n<p>Patrick Petitjean es un rostro muy masculino al que se a\u00f1ade car\u00e1cter y un aspecto inconfundible. Ha abierto una brecha a un nuevo tipo de modelo (adi\u00f3s m\u00fasculos de gimnasio ba\u00f1ados en aceite) y tambi\u00e9n a un nuevo concepto de masculinidad, una m\u00e1s ancestral.<\/p>\n<figure id=\"attachment_5633\" aria-describedby=\"caption-attachment-5633\" style=\"width: 500px\" class=\"wp-caption aligncenter\"><a href=\"https:\/\/i0.wp.com\/www.moda.es\/blog\/wp-content\/uploads\/2012\/02\/2418-800w.jpg\"><img data-attachment-id=\"5633\" data-permalink=\"http:\/\/www.moda.es\/blog\/2418-800w\/\" data-orig-file=\"https:\/\/i0.wp.com\/www.moda.es\/blog\/wp-content\/uploads\/2012\/02\/2418-800w-e1329953571587.jpg?fit=500%2C728\" data-orig-size=\"500,728\" data-comments-opened=\"1\" data-image-meta=\"{&quot;aperture&quot;:&quot;0&quot;,&quot;credit&quot;:&quot;&quot;,&quot;camera&quot;:&quot;&quot;,&quot;caption&quot;:&quot;&quot;,&quot;created_timestamp&quot;:&quot;0&quot;,&quot;copyright&quot;:&quot;&quot;,&quot;focal_length&quot;:&quot;0&quot;,&quot;iso&quot;:&quot;0&quot;,&quot;shutter_speed&quot;:&quot;0&quot;,&quot;title&quot;:&quot;&quot;}\" data-image-title=\"2418-800w\" data-image-description=\"\" data-image-caption=\"&lt;p&gt;En un editorial de moda para 10 Men Magazine vestido de Tom Ford. Foto via models.com&lt;\/p&gt;\n\" data-medium-file=\"https:\/\/i0.wp.com\/www.moda.es\/blog\/wp-content\/uploads\/2012\/02\/2418-800w-e1329953571587.jpg?fit=206%2C300\" data-large-file=\"https:\/\/i0.wp.com\/www.moda.es\/blog\/wp-content\/uploads\/2012\/02\/2418-800w-e1329953571587.jpg?fit=500%2C728\" loading=\"lazy\" class=\"size-full wp-image-5633\" src=\"https:\/\/i0.wp.com\/www.moda.es\/blog\/wp-content\/uploads\/2012\/02\/2418-800w-e1329953571587.jpg?resize=500%2C728\" alt=\"\" width=\"500\" height=\"728\" srcset=\"https:\/\/i0.wp.com\/www.moda.es\/blog\/wp-content\/uploads\/2012\/02\/2418-800w-e1329953571587.jpg?w=500 500w, https:\/\/i0.wp.com\/www.moda.es\/blog\/wp-content\/uploads\/2012\/02\/2418-800w-e1329953571587.jpg?resize=206%2C300 206w\" sizes=\"(max-width: 500px) 100vw, 500px\" data-recalc-dims=\"1\" \/><\/a><figcaption id=\"caption-attachment-5633\" class=\"wp-caption-text\">En un editorial de moda para 10 Men Magazine vestido de Tom Ford. Foto via models.com<\/figcaption><\/figure>\n<p>&nbsp;<\/p>\n","protected":false},"excerpt":{"rendered":"<p>Barba muy poblada, como de n\u00e1ufrago o ermita\u00f1o, y pelo largo. Dos rasgos muy en boga entre el g\u00e9nero masculino en nuestros d\u00edas. Pero como toda tendencia, siempre hay un precursor. Antes de que las calles se poblaran de barbas, hab\u00eda un modelo llamado\u00a0Patrick Petitjean, de facciones bonitas, pelo casta\u00f1o, [&hellip;]<\/p>\n","protected":false},"author":2,"featured_media":16708,"comment_status":"open","ping_status":"open","sticky":false,"template":"","format":"standard","meta":{"jetpack_publicize_message":"","jetpack_is_tweetstorm":false,"jetpack_publicize_feature_enabled":true},"categories":[19,27],"tags":[],"jetpack_publicize_connections":[],"jetpack_featured_media_url":"https:\/\/i0.wp.com\/www.moda.es\/blog\/wp-content\/uploads\/2012\/02\/26172-800w-e13299542515441.jpg?fit=475%2C671","jetpack_sharing_enabled":true,"jetpack_shortlink":"https:\/\/wp.me\/p4tJCC-1sI","jetpack-related-posts":[{"id":22529,"url":"http:\/\/www.moda.es\/blog\/naomi-campbell-nueva-imagen-de-hm\/","url_meta":{"origin":5624,"position":0},"title":"Naomi Campbell, nueva imagen de H&amp;M","date":"septiembre 15, 2017","format":false,"excerpt":"La supermodelo brit\u00e1nica protagoniza el v\u00eddeo de la campa\u00f1a de oto\u00f1o 2017 de \u00a0H&M, filmada en el coraz\u00f3n de la ecl\u00e9ctica vida nocturna de Tokio. En la campa\u00f1a, Naomi transforma las calles de la ciudad en su pasarela particular, luciendo un elegante y sexy traje negro, tanto, que su atrevida\u2026","rel":"","context":"En \u00abCampa\u00f1as\u00bb","img":{"alt_text":"","src":"https:\/\/i0.wp.com\/www.moda.es\/blog\/wp-content\/uploads\/2017\/09\/naomihm.jpg?fit=768%2C512&resize=350%2C200","width":350,"height":200},"classes":[]},{"id":2267,"url":"http:\/\/www.moda.es\/blog\/quien-es-patrick-ervell\/","url_meta":{"origin":5624,"position":1},"title":"\u00bfQui\u00e9n es Patrick Ervell?","date":"junio 12, 2011","format":false,"excerpt":"Afincada en Nueva York, esta firma tiene el alma escandinava y es que lleg\u00f3 desde Suecia haciendo escala en California. La huella de su paso por esta regi\u00f3n de los Estados Unidos es m\u00e1s que patente: en su \u00faltima colecci\u00f3n, la de Primavera\/ Verano 2011 present\u00f3 unas prendas cuya paleta\u2026","rel":"","context":"En \u00abDise\u00f1adores\u00bb","img":{"alt_text":"","src":"https:\/\/i0.wp.com\/www.moda.es\/blog\/wp-content\/uploads\/2011\/06\/00050m1.jpg?fit=320%2C480&resize=350%2C200","width":350,"height":200},"classes":[]},{"id":596,"url":"http:\/\/www.moda.es\/blog\/gafas-para-cambiar-de-estilo\/","url_meta":{"origin":5624,"position":2},"title":"Gafas para cambiar de estilo","date":"enero 23, 2011","format":false,"excerpt":"Se me ocurre este t\u00edtulo tras ver el v\u00eddeo protagonizado por Devendra Banhart con su actual pareja, Rebecca Schwartz, para Oliver Peoples. Ambos protagonizan la campa\u00f1a de la nueva colecci\u00f3n 2011 de la marca de gafas de Los \u00c1ngeles. Y aqu\u00ed Devendra parece realmente otra persona: ha cambiado su forma\u2026","rel":"","context":"En \u00abAccesorios\u00bb","img":{"alt_text":"","src":"https:\/\/i0.wp.com\/www.moda.es\/blog\/wp-content\/uploads\/2011\/01\/Devendra-Banhart-for-Oliver-Peoples-by-Lisa-Eisner.jpg?resize=350%2C200","width":350,"height":200},"classes":[]},{"id":7205,"url":"http:\/\/www.moda.es\/blog\/los-hombres-de-negro\/","url_meta":{"origin":5624,"position":3},"title":"Los hombres de negro","date":"mayo 25, 2012","format":false,"excerpt":"A Cannes tambi\u00e9n acuden hombres, que siempre nos centramos en ellas y les dejamos de lado a ellos. Y la verdad hay que alabar el estilo y buen gusto que muestran muchos de los actores asistentes al festival. Para empezar, el actor Joshua Jackson, novio de Diane Kruger, que sabe\u2026","rel":"","context":"En \u00abAlfombra Roja\u00bb","img":{"alt_text":"","src":"https:\/\/i0.wp.com\/www.moda.es\/blog\/wp-content\/uploads\/2012\/05\/cuando_cannes_cierra_los_cines_las_celebrities_se_visten_de_gala_7129_428x1.jpg?fit=428%2C642&resize=350%2C200","width":350,"height":200},"classes":[]},{"id":21044,"url":"http:\/\/www.moda.es\/blog\/lea-seydoux-imagen-del-perfume-de-louis-vuitton\/","url_meta":{"origin":5624,"position":4},"title":"L\u00e9a Seydoux imagen del perfume de Louis Vuitton","date":"septiembre 5, 2016","format":false,"excerpt":"A principios de este verano, Louis Vuitton anunci\u00f3 que estaba poniendo de nuevo en funcionamiento el negocio de los perfumes casi un siglo despu\u00e9s de que saliera su \u00faltima fragancia. Al fin, este mes de septiembre,\u00a0la marca al fin lanza su nueva serie de fragancias acompa\u00f1adas de una campa\u00f1a publicitaria\u2026","rel":"","context":"En \u00abActualidad\u00bb","img":{"alt_text":"","src":"https:\/\/i0.wp.com\/www.moda.es\/blog\/wp-content\/uploads\/2016\/09\/Captura-de-pantalla-2016-09-05-a-las-19.49.52.png?fit=510%2C263&resize=350%2C200","width":350,"height":200},"classes":[]},{"id":3960,"url":"http:\/\/www.moda.es\/blog\/elena-anaya-la-extranjera-en-band-of-outsiders\/","url_meta":{"origin":5624,"position":5},"title":"Elena Anaya, la extranjera en Band of Outsiders","date":"octubre 25, 2011","format":false,"excerpt":"La bella actriz espa\u00f1ola parece consagrarse en los Estados Unidos. Hace unos a\u00f1os protagoniz\u00f3 una cinta fant\u00e1stica y de acci\u00f3n, Van Helsing (2004), y un par de a\u00f1os despu\u00e9s, se codeaba con Meg Ryan y Adam Brody en Entre Mujeres. Ahora, teniendo en cartel La piel que habito \u2013pel\u00edcula firmada\u2026","rel":"","context":"En \u00abFirmas\u00bb","img":{"alt_text":"","src":"https:\/\/i0.wp.com\/www.moda.es\/blog\/wp-content\/uploads\/2011\/10\/05_02-e1319535315665.jpg?resize=350%2C200","width":350,"height":200},"classes":[]}],"_links":{"self":[{"href":"http:\/\/www.moda.es\/blog\/wp-json\/wp\/v2\/posts\/5624"}],"collection":[{"href":"http:\/\/www.moda.es\/blog\/wp-json\/wp\/v2\/posts"}],"about":[{"href":"http:\/\/www.moda.es\/blog\/wp-json\/wp\/v2\/types\/post"}],"author":[{"embeddable":true,"href":"http:\/\/www.moda.es\/blog\/wp-json\/wp\/v2\/users\/2"}],"replies":[{"embeddable":true,"href":"http:\/\/www.moda.es\/blog\/wp-json\/wp\/v2\/comments?post=5624"}],"version-history":[{"count":0,"href":"http:\/\/www.moda.es\/blog\/wp-json\/wp\/v2\/posts\/5624\/revisions"}],"wp:featuredmedia":[{"embeddable":true,"href":"http:\/\/www.moda.es\/blog\/wp-json\/wp\/v2\/media\/16708"}],"wp:attachment":[{"href":"http:\/\/www.moda.es\/blog\/wp-json\/wp\/v2\/media?parent=5624"}],"wp:term":[{"taxonomy":"category","embeddable":true,"href":"http:\/\/www.moda.es\/blog\/wp-json\/wp\/v2\/categories?post=5624"},{"taxonomy":"post_tag","embeddable":true,"href":"http:\/\/www.moda.es\/blog\/wp-json\/wp\/v2\/tags?post=5624"}],"curies":[{"name":"wp","href":"https:\/\/api.w.org\/{rel}","templated":true}]}}