{"id":5614,"date":"2012-02-22T02:43:01","date_gmt":"2012-02-22T00:43:01","guid":{"rendered":"http:\/\/www.moda.es\/blog\/?p=5614"},"modified":"2012-02-22T02:43:01","modified_gmt":"2012-02-22T00:43:01","slug":"moda-musica-a-partes-iguales","status":"publish","type":"post","link":"http:\/\/www.moda.es\/blog\/moda-musica-a-partes-iguales\/","title":{"rendered":"Moda\/ M\u00fasica a partes iguales"},"content":{"rendered":"<p><a href=\"https:\/\/i0.wp.com\/www.moda.es\/blog\/wp-content\/uploads\/2012\/02\/kitsune_stamps.png\"><img data-attachment-id=\"5617\" data-permalink=\"http:\/\/www.moda.es\/blog\/kitsune_stamps\/\" data-orig-file=\"https:\/\/i0.wp.com\/www.moda.es\/blog\/wp-content\/uploads\/2012\/02\/kitsune_stamps.png?fit=243%2C242\" data-orig-size=\"243,242\" data-comments-opened=\"1\" data-image-meta=\"{&quot;aperture&quot;:&quot;0&quot;,&quot;credit&quot;:&quot;&quot;,&quot;camera&quot;:&quot;&quot;,&quot;caption&quot;:&quot;&quot;,&quot;created_timestamp&quot;:&quot;0&quot;,&quot;copyright&quot;:&quot;&quot;,&quot;focal_length&quot;:&quot;0&quot;,&quot;iso&quot;:&quot;0&quot;,&quot;shutter_speed&quot;:&quot;0&quot;,&quot;title&quot;:&quot;&quot;}\" data-image-title=\"kitsune_stamps\" data-image-description=\"\" data-image-caption=\"\" data-medium-file=\"https:\/\/i0.wp.com\/www.moda.es\/blog\/wp-content\/uploads\/2012\/02\/kitsune_stamps.png?fit=243%2C242\" data-large-file=\"https:\/\/i0.wp.com\/www.moda.es\/blog\/wp-content\/uploads\/2012\/02\/kitsune_stamps.png?fit=243%2C242\" loading=\"lazy\" class=\"aligncenter size-full wp-image-5617\" src=\"https:\/\/i0.wp.com\/www.moda.es\/blog\/wp-content\/uploads\/2012\/02\/kitsune_stamps.png?resize=243%2C242\" alt=\"\" width=\"243\" height=\"242\" srcset=\"https:\/\/i0.wp.com\/www.moda.es\/blog\/wp-content\/uploads\/2012\/02\/kitsune_stamps.png?w=243 243w, https:\/\/i0.wp.com\/www.moda.es\/blog\/wp-content\/uploads\/2012\/02\/kitsune_stamps.png?resize=150%2C150 150w\" sizes=\"(max-width: 243px) 100vw, 243px\" data-recalc-dims=\"1\" \/><\/a><\/p>\n<p>La moda y la m\u00fasica son dos ramas que est\u00e1n muy unidas. Es indudable la influencia que cantantes y grupos de m\u00fasica han tenido y tienen en la moda, como habl\u00e1bamos hace poco del calado de David Bowie. Una marca se plante\u00f3 la posibilidad de unir ambos y as\u00ed surgi\u00f3 <a href=\"http:\/\/kitsune.fr\/\">Kitsun\u00e9<\/a>, a la vez un sello discogr\u00e1fico de m\u00fasica electr\u00f3nica y una firma de ropa.<\/p>\n<p>En 2002,\u00a0Gildas Loa\u00ebc y Masaya Kuroki unieron fuerzas con \u00c5b\u00e4ke, una compa\u00f1\u00eda dedicada al dise\u00f1o y establecida en Londres. Loa\u00ebc y Kuroki, ambos <em>fans<\/em> de la m\u00fasica y la moda, se inspiraron en un viaje a Jap\u00f3n para crear la marca. En tierras niponas se dieron cuenta de que era posible fundir ambas pasiones pues all\u00ed la gente no tem\u00eda mezclar moda y m\u00fasica. S\u00f3lo faltaba el nombre. Y surgi\u00f3 &#8216;kitsune&#8217; que significa zorro en japon\u00e9s y lo tomaron porque se dice que los zorros pueden cambiar su apariencia y su rostro, como puede sucederle a <a href=\"http:\/\/kitsune.fr\/\">Kitsun\u00e9<\/a> con las distintas direcciones que tome la marca.<\/p>\n<figure id=\"attachment_5618\" aria-describedby=\"caption-attachment-5618\" style=\"width: 227px\" class=\"wp-caption aligncenter\"><a href=\"https:\/\/i0.wp.com\/www.moda.es\/blog\/wp-content\/uploads\/2012\/02\/02.jpg\"><img data-attachment-id=\"5618\" data-permalink=\"http:\/\/www.moda.es\/blog\/02-2\/\" data-orig-file=\"https:\/\/i0.wp.com\/www.moda.es\/blog\/wp-content\/uploads\/2012\/02\/02.jpg?fit=227%2C340\" data-orig-size=\"227,340\" data-comments-opened=\"1\" data-image-meta=\"{&quot;aperture&quot;:&quot;9&quot;,&quot;credit&quot;:&quot;&quot;,&quot;camera&quot;:&quot;Canon EOS 5D Mark II&quot;,&quot;caption&quot;:&quot;&quot;,&quot;created_timestamp&quot;:&quot;1257087664&quot;,&quot;copyright&quot;:&quot;&quot;,&quot;focal_length&quot;:&quot;85&quot;,&quot;iso&quot;:&quot;100&quot;,&quot;shutter_speed&quot;:&quot;0.008&quot;,&quot;title&quot;:&quot;&quot;}\" data-image-title=\"02\" data-image-description=\"\" data-image-caption=\"&lt;p&gt;Colecci\u00f3n P\/ V 2012. Foto via kitsune.fr&lt;\/p&gt;\n\" data-medium-file=\"https:\/\/i0.wp.com\/www.moda.es\/blog\/wp-content\/uploads\/2012\/02\/02.jpg?fit=200%2C300\" data-large-file=\"https:\/\/i0.wp.com\/www.moda.es\/blog\/wp-content\/uploads\/2012\/02\/02.jpg?fit=227%2C340\" loading=\"lazy\" class=\"size-full wp-image-5618\" src=\"https:\/\/i0.wp.com\/www.moda.es\/blog\/wp-content\/uploads\/2012\/02\/02.jpg?resize=227%2C340\" alt=\"\" width=\"227\" height=\"340\" srcset=\"https:\/\/i0.wp.com\/www.moda.es\/blog\/wp-content\/uploads\/2012\/02\/02.jpg?w=227 227w, https:\/\/i0.wp.com\/www.moda.es\/blog\/wp-content\/uploads\/2012\/02\/02.jpg?resize=200%2C300 200w\" sizes=\"(max-width: 227px) 100vw, 227px\" data-recalc-dims=\"1\" \/><\/a><figcaption id=\"caption-attachment-5618\" class=\"wp-caption-text\">Colecci\u00f3n P\/ V 2012. Foto via kitsune.fr<\/figcaption><\/figure>\n<figure id=\"attachment_5619\" aria-describedby=\"caption-attachment-5619\" style=\"width: 227px\" class=\"wp-caption aligncenter\"><a href=\"https:\/\/i0.wp.com\/www.moda.es\/blog\/wp-content\/uploads\/2012\/02\/33.jpg\"><img data-attachment-id=\"5619\" data-permalink=\"http:\/\/www.moda.es\/blog\/33\/\" data-orig-file=\"https:\/\/i0.wp.com\/www.moda.es\/blog\/wp-content\/uploads\/2012\/02\/33.jpg?fit=227%2C340\" data-orig-size=\"227,340\" data-comments-opened=\"1\" data-image-meta=\"{&quot;aperture&quot;:&quot;9&quot;,&quot;credit&quot;:&quot;&quot;,&quot;camera&quot;:&quot;Canon EOS 5D Mark II&quot;,&quot;caption&quot;:&quot;&quot;,&quot;created_timestamp&quot;:&quot;1257102186&quot;,&quot;copyright&quot;:&quot;&quot;,&quot;focal_length&quot;:&quot;85&quot;,&quot;iso&quot;:&quot;100&quot;,&quot;shutter_speed&quot;:&quot;0.008&quot;,&quot;title&quot;:&quot;&quot;}\" data-image-title=\"33\" data-image-description=\"\" data-image-caption=\"&lt;p&gt;Colecci\u00f3n P\/ V 2012. Foto via kitsune.fr&lt;\/p&gt;\n\" data-medium-file=\"https:\/\/i0.wp.com\/www.moda.es\/blog\/wp-content\/uploads\/2012\/02\/33.jpg?fit=200%2C300\" data-large-file=\"https:\/\/i0.wp.com\/www.moda.es\/blog\/wp-content\/uploads\/2012\/02\/33.jpg?fit=227%2C340\" loading=\"lazy\" class=\"size-full wp-image-5619\" src=\"https:\/\/i0.wp.com\/www.moda.es\/blog\/wp-content\/uploads\/2012\/02\/33.jpg?resize=227%2C340\" alt=\"\" width=\"227\" height=\"340\" srcset=\"https:\/\/i0.wp.com\/www.moda.es\/blog\/wp-content\/uploads\/2012\/02\/33.jpg?w=227 227w, https:\/\/i0.wp.com\/www.moda.es\/blog\/wp-content\/uploads\/2012\/02\/33.jpg?resize=200%2C300 200w\" sizes=\"(max-width: 227px) 100vw, 227px\" data-recalc-dims=\"1\" \/><\/a><figcaption id=\"caption-attachment-5619\" class=\"wp-caption-text\">Colecci\u00f3n P\/ V 2012. Foto via kitsune.fr<\/figcaption><\/figure>\n<p>Los antecedentes de Loa\u00ebc con la m\u00fasica no eran despreciables: hab\u00eda trabajado con Daft Punk para otro sello discogr\u00e1fico. Hoy cuentan con una lista de m\u00e1s unos cien artistas que han editado entre los que se encuentran: Block Party, Cut Copy, Klaxons, La Roux, Phoenix o The Whitest Boy Alive.<\/p>\n<figure id=\"attachment_5620\" aria-describedby=\"caption-attachment-5620\" style=\"width: 280px\" class=\"wp-caption aligncenter\"><a href=\"https:\/\/i0.wp.com\/www.moda.es\/blog\/wp-content\/uploads\/2012\/02\/preview.jpg\"><img data-attachment-id=\"5620\" data-permalink=\"http:\/\/www.moda.es\/blog\/preview\/\" data-orig-file=\"https:\/\/i0.wp.com\/www.moda.es\/blog\/wp-content\/uploads\/2012\/02\/preview.jpg?fit=280%2C280\" data-orig-size=\"280,280\" data-comments-opened=\"1\" data-image-meta=\"{&quot;aperture&quot;:&quot;0&quot;,&quot;credit&quot;:&quot;&quot;,&quot;camera&quot;:&quot;&quot;,&quot;caption&quot;:&quot;&quot;,&quot;created_timestamp&quot;:&quot;0&quot;,&quot;copyright&quot;:&quot;&quot;,&quot;focal_length&quot;:&quot;0&quot;,&quot;iso&quot;:&quot;0&quot;,&quot;shutter_speed&quot;:&quot;0&quot;,&quot;title&quot;:&quot;&quot;}\" data-image-title=\"preview\" data-image-description=\"\" data-image-caption=\"&lt;p&gt;Portada de uno de los discos editados por el sello Kitsun\u00e9.&lt;\/p&gt;\n\" data-medium-file=\"https:\/\/i0.wp.com\/www.moda.es\/blog\/wp-content\/uploads\/2012\/02\/preview.jpg?fit=280%2C280\" data-large-file=\"https:\/\/i0.wp.com\/www.moda.es\/blog\/wp-content\/uploads\/2012\/02\/preview.jpg?fit=280%2C280\" loading=\"lazy\" class=\"size-full wp-image-5620\" src=\"https:\/\/i0.wp.com\/www.moda.es\/blog\/wp-content\/uploads\/2012\/02\/preview.jpg?resize=280%2C280\" alt=\"\" width=\"280\" height=\"280\" srcset=\"https:\/\/i0.wp.com\/www.moda.es\/blog\/wp-content\/uploads\/2012\/02\/preview.jpg?w=280 280w, https:\/\/i0.wp.com\/www.moda.es\/blog\/wp-content\/uploads\/2012\/02\/preview.jpg?resize=150%2C150 150w\" sizes=\"(max-width: 280px) 100vw, 280px\" data-recalc-dims=\"1\" \/><\/a><figcaption id=\"caption-attachment-5620\" class=\"wp-caption-text\">Portada de uno de los discos editados por el sello Kitsun\u00e9.<\/figcaption><\/figure>\n","protected":false},"excerpt":{"rendered":"<p>La moda y la m\u00fasica son dos ramas que est\u00e1n muy unidas. Es indudable la influencia que cantantes y grupos de m\u00fasica han tenido y tienen en la moda, como habl\u00e1bamos hace poco del calado de David Bowie. Una marca se plante\u00f3 la posibilidad de unir ambos y as\u00ed surgi\u00f3 [&hellip;]<\/p>\n","protected":false},"author":2,"featured_media":16707,"comment_status":"open","ping_status":"open","sticky":false,"template":"","format":"standard","meta":{"jetpack_publicize_message":"","jetpack_is_tweetstorm":false,"jetpack_publicize_feature_enabled":true},"categories":[14],"tags":[],"jetpack_publicize_connections":[],"jetpack_featured_media_url":"https:\/\/i0.wp.com\/www.moda.es\/blog\/wp-content\/uploads\/2012\/02\/kitsune_stamps1.png?fit=243%2C242","jetpack_sharing_enabled":true,"jetpack_shortlink":"https:\/\/wp.me\/p4tJCC-1sy","jetpack-related-posts":[{"id":19536,"url":"http:\/\/www.moda.es\/blog\/rihanna-nueva-empresaria-de-la-moda\/","url_meta":{"origin":5614,"position":0},"title":"Rihanna, nueva empresaria de la moda","date":"junio 26, 2015","format":false,"excerpt":"Porque no hay nada mejor que tener \u00e9xito para hacer que siga creciendo, se acaba de anunciar el prop\u00f3sito de Rihanna de unir a su carrera musical el t\u00edtulo de empresaria. La cantante est\u00e1 a punto de lanzar una l\u00ednea de accesorios, como primer paso\u00a0 de sus planes para hacer\u2026","rel":"","context":"En \u00abActualidad\u00bb","img":{"alt_text":"","src":"https:\/\/i0.wp.com\/www.moda.es\/blog\/wp-content\/uploads\/2015\/06\/rihanna.jpg?fit=650%2C975&resize=350%2C200","width":350,"height":200},"classes":[]},{"id":7688,"url":"http:\/\/www.moda.es\/blog\/dia-de-la-musica-2012-maneras-de-vestir-2\/","url_meta":{"origin":5614,"position":1},"title":"D\u00eda de la M\u00fasica 2012, maneras de vestir (2)","date":"junio 26, 2012","format":false,"excerpt":"Seguimos analizando el estilo (en el vestir) de los artistas que se dieron cita durante el festival del D\u00eda de la M\u00fasica 2012 celebrado en el Matadero de Madrid, y dentro de estos, los que m\u00e1s nos gustan por su m\u00fasica. Pegasvs. Esta pareja art\u00edstica compuesta por Sergio P\u00e9rez y\u2026","rel":"","context":"En \u00abM\u00fasica y Moda\u00bb","img":{"alt_text":"","src":"https:\/\/i0.wp.com\/www.moda.es\/blog\/wp-content\/uploads\/2012\/06\/pegasvs-e13407450901191.jpg?fit=500%2C288&resize=350%2C200","width":350,"height":200},"classes":[]},{"id":2358,"url":"http:\/\/www.moda.es\/blog\/carne-de-festival\/","url_meta":{"origin":5614,"position":2},"title":"Carne de festival","date":"junio 19, 2011","format":false,"excerpt":"Siguen los festivales a pleno rendimiento: esta semana una nueva edici\u00f3n del experimental S\u00f3nar en Barcelona y el D\u00eda de la M\u00fasica compartimentado en d0s jornadas en Madrid. En ambos emplazamientos se han dado cita m\u00fasicos cuyo atuendo podr\u00eda entretenernos en un interesante an\u00e1lisis pero, de entre todos, nos qued\u00e1remos\u2026","rel":"","context":"En \u00abM\u00fasica y Moda\u00bb","img":{"alt_text":"","src":"https:\/\/i0.wp.com\/blogs.revistagq.com\/milmaneras\/wp-content\/uploads\/2008\/09\/janelle_monae.jpg?resize=350%2C200","width":350,"height":200},"classes":[]},{"id":15087,"url":"http:\/\/www.moda.es\/blog\/resumen-de-la-semana-7-de-diciembre\/","url_meta":{"origin":5614,"position":3},"title":"Resumen de la semana. 7 de diciembre.","date":"diciembre 7, 2013","format":false,"excerpt":"\u00bfQu\u00e9 tal llevas este peqeu\u00f1o puente? Espero que el fr\u00edo no haya estropeado tus planes. Aunque para entrar en calor, \u00bfqu\u00e9 mejor que bailar sin parar al ritmo de tu m\u00fasica preferida? Esc\u00fachala con esta nueva colaboraci\u00f3n entre la m\u00fasica y la moda. Alexander Wang se ha asociado con el\u2026","rel":"","context":"En \u00abArte y Moda\u00bb","img":{"alt_text":"","src":"https:\/\/i0.wp.com\/www.moda.es\/blog\/wp-content\/uploads\/2013\/12\/Sienna-Miller-1.jpg?resize=350%2C200","width":350,"height":200},"classes":[]},{"id":15981,"url":"http:\/\/www.moda.es\/blog\/cual-es-el-siguiente-paso-tras-vender-miles-de-discos\/","url_meta":{"origin":5614,"position":4},"title":"\u00bfCu\u00e1l es el siguiente paso tras vender miles de discos?","date":"febrero 20, 2014","format":false,"excerpt":"Pues lanzar una firma de moda, o al menos es lo que quiere hacer Rihanna, y aunque la estrella apenas ha revelado nada de lo que su nueva l\u00ednea podr\u00eda implicar, ella piensa que la moda ha jugado un papel importante en el \u00e9xito de su carrera. Y as\u00ed lo\u2026","rel":"","context":"En \u00abActualidad\u00bb","img":{"alt_text":"","src":"https:\/\/i0.wp.com\/www.moda.es\/blog\/wp-content\/uploads\/2014\/02\/Rihanna1.jpg?fit=500%2C750&resize=350%2C200","width":350,"height":200},"classes":[]},{"id":21418,"url":"http:\/\/www.moda.es\/blog\/descubre-la-coleccion-de-margot-bowman-para-river-island\/","url_meta":{"origin":5614,"position":5},"title":"Descubre la colecci\u00f3n de Margot Bowman para River Island","date":"diciembre 10, 2016","format":false,"excerpt":"La marca River Island tiene nueva colaboraci\u00f3n. En esta ocasi\u00f3n\u00a0ha reclutado el\u00a0talento de la artista Margot Bowman con quien celebra\u00a0su \u00faltima colaboraci\u00f3n en el Design Forum. La ilustradora, que ya ha trabajado con muchas casas de moda de gama alta, con sus pinceladas en\u00e9rgicas y su visi\u00f3n innovadora a trav\u00e9s\u2026","rel":"","context":"En \u00abActualidad\u00bb","img":{"alt_text":"","src":"https:\/\/i0.wp.com\/www.moda.es\/blog\/wp-content\/uploads\/2016\/12\/Captura-de-pantalla-2016-12-10-a-las-16.37.57.png?fit=410%2C574&resize=350%2C200","width":350,"height":200},"classes":[]}],"_links":{"self":[{"href":"http:\/\/www.moda.es\/blog\/wp-json\/wp\/v2\/posts\/5614"}],"collection":[{"href":"http:\/\/www.moda.es\/blog\/wp-json\/wp\/v2\/posts"}],"about":[{"href":"http:\/\/www.moda.es\/blog\/wp-json\/wp\/v2\/types\/post"}],"author":[{"embeddable":true,"href":"http:\/\/www.moda.es\/blog\/wp-json\/wp\/v2\/users\/2"}],"replies":[{"embeddable":true,"href":"http:\/\/www.moda.es\/blog\/wp-json\/wp\/v2\/comments?post=5614"}],"version-history":[{"count":0,"href":"http:\/\/www.moda.es\/blog\/wp-json\/wp\/v2\/posts\/5614\/revisions"}],"wp:featuredmedia":[{"embeddable":true,"href":"http:\/\/www.moda.es\/blog\/wp-json\/wp\/v2\/media\/16707"}],"wp:attachment":[{"href":"http:\/\/www.moda.es\/blog\/wp-json\/wp\/v2\/media?parent=5614"}],"wp:term":[{"taxonomy":"category","embeddable":true,"href":"http:\/\/www.moda.es\/blog\/wp-json\/wp\/v2\/categories?post=5614"},{"taxonomy":"post_tag","embeddable":true,"href":"http:\/\/www.moda.es\/blog\/wp-json\/wp\/v2\/tags?post=5614"}],"curies":[{"name":"wp","href":"https:\/\/api.w.org\/{rel}","templated":true}]}}