{"id":5599,"date":"2012-02-21T03:11:16","date_gmt":"2012-02-21T01:11:16","guid":{"rendered":"http:\/\/www.moda.es\/blog\/?p=5599"},"modified":"2012-02-21T03:11:16","modified_gmt":"2012-02-21T01:11:16","slug":"las-mas-elegantes-de-los-goya","status":"publish","type":"post","link":"http:\/\/www.moda.es\/blog\/las-mas-elegantes-de-los-goya\/","title":{"rendered":"Las m\u00e1s elegantes de los Goya"},"content":{"rendered":"<p>Ayer se entregaron los premios Goya al cine espa\u00f1ol en su 26 edici\u00f3n. All\u00ed se dieron cita actrices, actores, directores, productores, guionistas y todos aquellos que trabajan dentro de esta industria. Pero los que m\u00e1s atraen la atenci\u00f3n de objetivos y focos son los actores y su entrada a la gala por la alfombra roja, donde pueden lucir bien los vestidos y trajes de noche. Para nosotros el top cinco de las m\u00e1s elegantes de esta edici\u00f3n ha sido:<\/p>\n<p>1. Elena Anaya que, como suele ocurrir, fue una de las m\u00e1s elegantes. Llevaba un vestido de corte cl\u00e1sico y hombro asim\u00e9trico en color blanco firmado por Lanvin. Como llamativo detalle, gargantilla-broche con forma de p\u00e1jaro.<\/p>\n<figure id=\"attachment_5605\" aria-describedby=\"caption-attachment-5605\" style=\"width: 309px\" class=\"wp-caption aligncenter\"><a href=\"https:\/\/i0.wp.com\/www.moda.es\/blog\/wp-content\/uploads\/2012\/02\/premios_goya_2012_303706925_562x908.jpg\"><img data-attachment-id=\"5605\" data-permalink=\"http:\/\/www.moda.es\/blog\/premios_goya_2012_303706925_562x908\/\" data-orig-file=\"https:\/\/i0.wp.com\/www.moda.es\/blog\/wp-content\/uploads\/2012\/02\/premios_goya_2012_303706925_562x908-e1329785330622.jpg?fit=309%2C500\" data-orig-size=\"309,500\" data-comments-opened=\"1\" data-image-meta=\"{&quot;aperture&quot;:&quot;0&quot;,&quot;credit&quot;:&quot;&quot;,&quot;camera&quot;:&quot;&quot;,&quot;caption&quot;:&quot;&quot;,&quot;created_timestamp&quot;:&quot;0&quot;,&quot;copyright&quot;:&quot;&quot;,&quot;focal_length&quot;:&quot;0&quot;,&quot;iso&quot;:&quot;0&quot;,&quot;shutter_speed&quot;:&quot;0&quot;,&quot;title&quot;:&quot;&quot;}\" data-image-title=\"premios_goya_2012_303706925_562x908\" data-image-description=\"\" data-image-caption=\"&lt;p&gt;Foto via  Tama\u00f1o completo 562 \u00d7 908 (1.6x m\u00e1s grande), 138KB M\u00e1s tama\u00f1os Buscar por imagen Im\u00e1genes similares Tipo:\tJPG Las im\u00e1genes pueden estar protegidas por derechos de autor.  Foto via  Tama\u00f1o completo 562 \u00d7 908 (1.6x m\u00e1s grande), 138KB M\u00e1s tama\u00f1os Buscar por imagen Im\u00e1genes similares Tipo:\tJPG Las im\u00e1genes pueden estar protegidas por derechos de autor.  Foto via www.vogue.es&lt;\/p&gt;\n\" data-medium-file=\"https:\/\/i0.wp.com\/www.moda.es\/blog\/wp-content\/uploads\/2012\/02\/premios_goya_2012_303706925_562x908-e1329785330622.jpg?fit=185%2C300\" data-large-file=\"https:\/\/i0.wp.com\/www.moda.es\/blog\/wp-content\/uploads\/2012\/02\/premios_goya_2012_303706925_562x908-e1329785330622.jpg?fit=309%2C500\" loading=\"lazy\" class=\"size-full wp-image-5605\" src=\"https:\/\/i0.wp.com\/www.moda.es\/blog\/wp-content\/uploads\/2012\/02\/premios_goya_2012_303706925_562x908-e1329785330622.jpg?resize=309%2C500\" alt=\"\" width=\"309\" height=\"500\" srcset=\"https:\/\/i0.wp.com\/www.moda.es\/blog\/wp-content\/uploads\/2012\/02\/premios_goya_2012_303706925_562x908-e1329785330622.jpg?w=309 309w, https:\/\/i0.wp.com\/www.moda.es\/blog\/wp-content\/uploads\/2012\/02\/premios_goya_2012_303706925_562x908-e1329785330622.jpg?resize=185%2C300 185w\" sizes=\"(max-width: 309px) 100vw, 309px\" data-recalc-dims=\"1\" \/><\/a><figcaption id=\"caption-attachment-5605\" class=\"wp-caption-text\">Foto via www.vogue.es<\/figcaption><\/figure>\n<p>2. Leonor Watling opt\u00f3 por el rojo en un elegante vestido de manga larga de Miriam Oc\u00e1riz, muy del estilo del Hollywood cl\u00e1sico.<\/p>\n<figure id=\"attachment_5606\" aria-describedby=\"caption-attachment-5606\" style=\"width: 333px\" class=\"wp-caption aligncenter\"><a href=\"https:\/\/i0.wp.com\/www.moda.es\/blog\/wp-content\/uploads\/2012\/02\/leonor-watling.jpg\"><img data-attachment-id=\"5606\" data-permalink=\"http:\/\/www.moda.es\/blog\/leonor-watling\/\" data-orig-file=\"https:\/\/i0.wp.com\/www.moda.es\/blog\/wp-content\/uploads\/2012\/02\/leonor-watling-e1329785564551.jpg?fit=333%2C500\" data-orig-size=\"333,500\" data-comments-opened=\"1\" data-image-meta=\"{&quot;aperture&quot;:&quot;0&quot;,&quot;credit&quot;:&quot;&quot;,&quot;camera&quot;:&quot;&quot;,&quot;caption&quot;:&quot;&quot;,&quot;created_timestamp&quot;:&quot;0&quot;,&quot;copyright&quot;:&quot;&quot;,&quot;focal_length&quot;:&quot;0&quot;,&quot;iso&quot;:&quot;0&quot;,&quot;shutter_speed&quot;:&quot;0&quot;,&quot;title&quot;:&quot;&quot;}\" data-image-title=\"leonor-watling\" data-image-description=\"\" data-image-caption=\"&lt;p&gt;Foto via stylelovely.com&lt;\/p&gt;\n\" data-medium-file=\"https:\/\/i0.wp.com\/www.moda.es\/blog\/wp-content\/uploads\/2012\/02\/leonor-watling-e1329785564551.jpg?fit=199%2C300\" data-large-file=\"https:\/\/i0.wp.com\/www.moda.es\/blog\/wp-content\/uploads\/2012\/02\/leonor-watling-e1329785564551.jpg?fit=333%2C500\" loading=\"lazy\" class=\"size-full wp-image-5606\" src=\"https:\/\/i0.wp.com\/www.moda.es\/blog\/wp-content\/uploads\/2012\/02\/leonor-watling-e1329785564551.jpg?resize=333%2C500\" alt=\"\" width=\"333\" height=\"500\" srcset=\"https:\/\/i0.wp.com\/www.moda.es\/blog\/wp-content\/uploads\/2012\/02\/leonor-watling-e1329785564551.jpg?w=333 333w, https:\/\/i0.wp.com\/www.moda.es\/blog\/wp-content\/uploads\/2012\/02\/leonor-watling-e1329785564551.jpg?resize=199%2C300 199w\" sizes=\"(max-width: 333px) 100vw, 333px\" data-recalc-dims=\"1\" \/><\/a><figcaption id=\"caption-attachment-5606\" class=\"wp-caption-text\">Foto via stylelovely.com<\/figcaption><\/figure>\n<p>3. Blanca Su\u00e1rez como una sirena reci\u00e9n salida del agua con un vestido nude y dorado de Blumarine.<\/p>\n<figure id=\"attachment_5607\" aria-describedby=\"caption-attachment-5607\" style=\"width: 369px\" class=\"wp-caption aligncenter\"><a href=\"https:\/\/i0.wp.com\/www.moda.es\/blog\/wp-content\/uploads\/2012\/02\/blanca-suarez_ampliacion.jpg\"><img data-attachment-id=\"5607\" data-permalink=\"http:\/\/www.moda.es\/blog\/blanca-suarez_ampliacion\/\" data-orig-file=\"https:\/\/i0.wp.com\/www.moda.es\/blog\/wp-content\/uploads\/2012\/02\/blanca-suarez_ampliacion-e1329786039620.jpg?fit=369%2C500\" data-orig-size=\"369,500\" data-comments-opened=\"1\" data-image-meta=\"{&quot;aperture&quot;:&quot;0&quot;,&quot;credit&quot;:&quot;&quot;,&quot;camera&quot;:&quot;&quot;,&quot;caption&quot;:&quot;&quot;,&quot;created_timestamp&quot;:&quot;0&quot;,&quot;copyright&quot;:&quot;&quot;,&quot;focal_length&quot;:&quot;0&quot;,&quot;iso&quot;:&quot;0&quot;,&quot;shutter_speed&quot;:&quot;0&quot;,&quot;title&quot;:&quot;&quot;}\" data-image-title=\"blanca-suarez_ampliacion\" data-image-description=\"\" data-image-caption=\"&lt;p&gt;Foto via www.vogue.es&lt;\/p&gt;\n\" data-medium-file=\"https:\/\/i0.wp.com\/www.moda.es\/blog\/wp-content\/uploads\/2012\/02\/blanca-suarez_ampliacion-e1329786039620.jpg?fit=221%2C300\" data-large-file=\"https:\/\/i0.wp.com\/www.moda.es\/blog\/wp-content\/uploads\/2012\/02\/blanca-suarez_ampliacion-e1329786039620.jpg?fit=369%2C500\" loading=\"lazy\" class=\"size-full wp-image-5607\" src=\"https:\/\/i0.wp.com\/www.moda.es\/blog\/wp-content\/uploads\/2012\/02\/blanca-suarez_ampliacion-e1329786039620.jpg?resize=369%2C500\" alt=\"\" width=\"369\" height=\"500\" srcset=\"https:\/\/i0.wp.com\/www.moda.es\/blog\/wp-content\/uploads\/2012\/02\/blanca-suarez_ampliacion-e1329786039620.jpg?w=369 369w, https:\/\/i0.wp.com\/www.moda.es\/blog\/wp-content\/uploads\/2012\/02\/blanca-suarez_ampliacion-e1329786039620.jpg?resize=221%2C300 221w\" sizes=\"(max-width: 369px) 100vw, 369px\" data-recalc-dims=\"1\" \/><\/a><figcaption id=\"caption-attachment-5607\" class=\"wp-caption-text\">Foto via www.elle.es<\/figcaption><\/figure>\n<p>4. Ver\u00f3nica Echegui con un vestido palabra de honor blanco de Gucci con cintur\u00f3n dorado y negro que combinaba con el <em>clutch<\/em> negro con detalles oro.<\/p>\n<figure id=\"attachment_5608\" aria-describedby=\"caption-attachment-5608\" style=\"width: 332px\" class=\"wp-caption aligncenter\"><a href=\"https:\/\/i0.wp.com\/www.moda.es\/blog\/wp-content\/uploads\/2012\/02\/veronica-echegui.jpg\"><img data-attachment-id=\"5608\" data-permalink=\"http:\/\/www.moda.es\/blog\/veronica-echegui\/\" data-orig-file=\"https:\/\/i0.wp.com\/www.moda.es\/blog\/wp-content\/uploads\/2012\/02\/veronica-echegui-e1329786190190.jpg?fit=332%2C500\" data-orig-size=\"332,500\" data-comments-opened=\"1\" data-image-meta=\"{&quot;aperture&quot;:&quot;0&quot;,&quot;credit&quot;:&quot;&quot;,&quot;camera&quot;:&quot;&quot;,&quot;caption&quot;:&quot;&quot;,&quot;created_timestamp&quot;:&quot;0&quot;,&quot;copyright&quot;:&quot;&quot;,&quot;focal_length&quot;:&quot;0&quot;,&quot;iso&quot;:&quot;0&quot;,&quot;shutter_speed&quot;:&quot;0&quot;,&quot;title&quot;:&quot;&quot;}\" data-image-title=\"veronica echegui\" data-image-description=\"\" data-image-caption=\"&lt;p&gt;Foto via poprosa.com&lt;\/p&gt;\n\" data-medium-file=\"https:\/\/i0.wp.com\/www.moda.es\/blog\/wp-content\/uploads\/2012\/02\/veronica-echegui-e1329786190190.jpg?fit=199%2C300\" data-large-file=\"https:\/\/i0.wp.com\/www.moda.es\/blog\/wp-content\/uploads\/2012\/02\/veronica-echegui-e1329786190190.jpg?fit=332%2C500\" loading=\"lazy\" class=\"size-full wp-image-5608\" src=\"https:\/\/i0.wp.com\/www.moda.es\/blog\/wp-content\/uploads\/2012\/02\/veronica-echegui-e1329786190190.jpg?resize=332%2C500\" alt=\"\" width=\"332\" height=\"500\" srcset=\"https:\/\/i0.wp.com\/www.moda.es\/blog\/wp-content\/uploads\/2012\/02\/veronica-echegui-e1329786190190.jpg?w=332 332w, https:\/\/i0.wp.com\/www.moda.es\/blog\/wp-content\/uploads\/2012\/02\/veronica-echegui-e1329786190190.jpg?resize=199%2C300 199w\" sizes=\"(max-width: 332px) 100vw, 332px\" data-recalc-dims=\"1\" \/><\/a><figcaption id=\"caption-attachment-5608\" class=\"wp-caption-text\">Foto via poprosa.com<\/figcaption><\/figure>\n<p>5. Claro Lago de negro con un dise\u00f1o de falda sirena con cola y escote asim\u00e9trico firmado por\u00a0Zuhair Murad. Estaba muy favorecida pero quiz\u00e1 le hubiera sentado mejor un <em>look<\/em> m\u00e1s juvenil.<\/p>\n<figure id=\"attachment_5609\" aria-describedby=\"caption-attachment-5609\" style=\"width: 347px\" class=\"wp-caption aligncenter\"><a href=\"https:\/\/i0.wp.com\/www.moda.es\/blog\/wp-content\/uploads\/2012\/02\/clara-lago.jpg\"><img data-attachment-id=\"5609\" data-permalink=\"http:\/\/www.moda.es\/blog\/clara-lago\/\" data-orig-file=\"https:\/\/i0.wp.com\/www.moda.es\/blog\/wp-content\/uploads\/2012\/02\/clara-lago-e1329786578715.jpg?fit=347%2C500\" data-orig-size=\"347,500\" data-comments-opened=\"1\" data-image-meta=\"{&quot;aperture&quot;:&quot;0&quot;,&quot;credit&quot;:&quot;&quot;,&quot;camera&quot;:&quot;&quot;,&quot;caption&quot;:&quot;&quot;,&quot;created_timestamp&quot;:&quot;0&quot;,&quot;copyright&quot;:&quot;&quot;,&quot;focal_length&quot;:&quot;0&quot;,&quot;iso&quot;:&quot;0&quot;,&quot;shutter_speed&quot;:&quot;0&quot;,&quot;title&quot;:&quot;&quot;}\" data-image-title=\"clara lago\" data-image-description=\"\" data-image-caption=\"&lt;p&gt;Foto via poprosa.com&lt;\/p&gt;\n\" data-medium-file=\"https:\/\/i0.wp.com\/www.moda.es\/blog\/wp-content\/uploads\/2012\/02\/clara-lago-e1329786578715.jpg?fit=208%2C300\" data-large-file=\"https:\/\/i0.wp.com\/www.moda.es\/blog\/wp-content\/uploads\/2012\/02\/clara-lago-e1329786578715.jpg?fit=347%2C500\" loading=\"lazy\" class=\"size-full wp-image-5609\" src=\"https:\/\/i0.wp.com\/www.moda.es\/blog\/wp-content\/uploads\/2012\/02\/clara-lago-e1329786578715.jpg?resize=347%2C500\" alt=\"\" width=\"347\" height=\"500\" srcset=\"https:\/\/i0.wp.com\/www.moda.es\/blog\/wp-content\/uploads\/2012\/02\/clara-lago-e1329786578715.jpg?w=347 347w, https:\/\/i0.wp.com\/www.moda.es\/blog\/wp-content\/uploads\/2012\/02\/clara-lago-e1329786578715.jpg?resize=208%2C300 208w\" sizes=\"(max-width: 347px) 100vw, 347px\" data-recalc-dims=\"1\" \/><\/a><figcaption id=\"caption-attachment-5609\" class=\"wp-caption-text\">Foto via poprosa.com<\/figcaption><\/figure>\n","protected":false},"excerpt":{"rendered":"<p>Ayer se entregaron los premios Goya al cine espa\u00f1ol en su 26 edici\u00f3n. All\u00ed se dieron cita actrices, actores, directores, productores, guionistas y todos aquellos que trabajan dentro de esta industria. Pero los que m\u00e1s atraen la atenci\u00f3n de objetivos y focos son los actores y su entrada a la [&hellip;]<\/p>\n","protected":false},"author":2,"featured_media":16704,"comment_status":"open","ping_status":"open","sticky":false,"template":"","format":"standard","meta":{"jetpack_publicize_message":"","jetpack_is_tweetstorm":false,"jetpack_publicize_feature_enabled":true},"categories":[4],"tags":[],"jetpack_publicize_connections":[],"jetpack_featured_media_url":"https:\/\/i0.wp.com\/www.moda.es\/blog\/wp-content\/uploads\/2012\/02\/premios_goya_2012_303706925_562x908-e13297853306221.jpg?fit=309%2C500","jetpack_sharing_enabled":true,"jetpack_shortlink":"https:\/\/wp.me\/p4tJCC-1sj","jetpack-related-posts":[{"id":547,"url":"http:\/\/www.moda.es\/blog\/las-protagonistas-de-la-alfombra-roja-1\/","url_meta":{"origin":5599,"position":0},"title":"Las protagonistas de la alfombra roja (1)","date":"enero 17, 2011","format":false,"excerpt":"Anoche se entregaron los Globos de Oro, los m\u00e1s esperados premios de cine de los Estados Unidos junto con los Oscar. Y para entrar, la alfombra roja donde las estrellas cinematogr\u00e1ficas, sobre todo, las femeninas brillan con fuerza. Este a\u00f1o las m\u00e1s famosas j\u00f3venes y veteranas han atra\u00eddo las miradas\u2026","rel":"","context":"En \u00abAlfombra Roja\u00bb","img":{"alt_text":"","src":"","width":0,"height":0},"classes":[]},{"id":825,"url":"http:\/\/www.moda.es\/blog\/el-cine-espanol-se-pone-de-largo\/","url_meta":{"origin":5599,"position":1},"title":"El cine espa\u00f1ol se pone de largo","date":"febrero 14, 2011","format":false,"excerpt":"\u00a0 Anoche muchos espa\u00f1oles estaban pegados a la pantalla del televisor, aunque fuera tan s\u00f3lo un rato, para ver la gala de los premios Goya en su 25 aniversario. Como en todo sarao de este tipo, los minutos previos a la entrega de los galardones, el momento en que las\u2026","rel":"","context":"En \u00abAlfombra Roja\u00bb","img":{"alt_text":"","src":"https:\/\/i0.wp.com\/www.chimenton.com\/wp-content\/uploads\/2011\/02\/goya66.jpg?resize=350%2C200","width":350,"height":200},"classes":[]},{"id":14196,"url":"http:\/\/www.moda.es\/blog\/la-alfombra-roja-de-los-premios-emmy\/","url_meta":{"origin":5599,"position":2},"title":"La alfombra roja de los Premios Emmy","date":"septiembre 23, 2013","format":false,"excerpt":"Hac\u00eda mucho tiempo que no coment\u00e1bamos una alfombra roja \u00a1y ya se echaba de menos! Anoche se celebr\u00f3 la ceremonia de los Premios Emmy y si bien todas iban m\u00e1s o menos correctas, s\u00ed es cierto que no hubo grandes sorpresas y muchas coincidieron en la tendencia. \u00bfQuieres saber lo\u2026","rel":"","context":"En \u00abAlfombra Roja\u00bb","img":{"alt_text":"","src":"https:\/\/i0.wp.com\/www.moda.es\/blog\/wp-content\/uploads\/2013\/09\/Kiernan-Shipka1.jpg?fit=500%2C750&resize=350%2C200","width":350,"height":200},"classes":[]},{"id":3139,"url":"http:\/\/www.moda.es\/blog\/el-desfile-de-la-mostra\/","url_meta":{"origin":5599,"position":3},"title":"El desfile de La Mostra","date":"septiembre 2, 2011","format":false,"excerpt":"Se acabaron las vacaciones, y casi con ellas y con la \"vuelta al cole\" (al trabajo), el verano. La gente de a pie va volviendo a sus quehaceres y los famosos, actores y actrices, tambi\u00e9n vuelven a sus obligaciones, aunque sean menos mon\u00f3tonas, a veces, m\u00e1s divertidas. Primera obligaci\u00f3n del\u2026","rel":"","context":"En \u00abAlfombra Roja\u00bb","img":{"alt_text":"","src":"https:\/\/i0.wp.com\/www.moda.es\/blog\/wp-content\/uploads\/2011\/09\/alfombra_roja_venecia_2011__400965699_562x9081.jpg?fit=562%2C908&resize=350%2C200","width":350,"height":200},"classes":[]},{"id":5717,"url":"http:\/\/www.moda.es\/blog\/and-the-oscar-goes-to-2012-parte-ii\/","url_meta":{"origin":5599,"position":4},"title":"And the Oscar goes to&#8230; 2012 (parte II)","date":"febrero 29, 2012","format":false,"excerpt":"En el post de ayer sobre la alfombra roja de esta \u00faltima edici\u00f3n de los Oscar 2012, nos dejamos en el tintero algunos looks que tambi\u00e9n merecen ser comentados, bien porque los meter\u00edamos entre los m\u00e1s elegantes, bien porque hay quien no pierde su personalidad en una gala de este\u2026","rel":"","context":"En \u00abAlfombra Roja\u00bb","img":{"alt_text":"","src":"https:\/\/i0.wp.com\/www.moda.es\/blog\/wp-content\/uploads\/2012\/02\/394x7001-e13304742329541.jpg?fit=281%2C500&resize=350%2C200","width":350,"height":200},"classes":[]},{"id":554,"url":"http:\/\/www.moda.es\/blog\/las-protagonistas-de-la-alfombra-roja-2\/","url_meta":{"origin":5599,"position":5},"title":"Las protagonistas de la alfombra roja (2)","date":"enero 18, 2011","format":false,"excerpt":"La continuaci\u00f3n... Ayer cerraba\u00a0con la intenci\u00f3n de hablar hoy sobre, entre otras, Natalie Portman y Tilda Swinton. Ambas sobresalieron por sus originales outfits, Portman, de una manera m\u00e1s cl\u00e1sica, y Swinton, por su estilo \u00fanico con un aire masculino en esta ocasi\u00f3n. La actriz Natalie Portman alz\u00f3 el Globo de\u2026","rel":"","context":"En \u00abAlfombra Roja\u00bb","img":{"alt_text":"","src":"https:\/\/i0.wp.com\/www.moda.es\/blog\/wp-content\/uploads\/2011\/01\/Natalie2.jpg?fit=321%2C442&resize=350%2C200","width":350,"height":200},"classes":[]}],"_links":{"self":[{"href":"http:\/\/www.moda.es\/blog\/wp-json\/wp\/v2\/posts\/5599"}],"collection":[{"href":"http:\/\/www.moda.es\/blog\/wp-json\/wp\/v2\/posts"}],"about":[{"href":"http:\/\/www.moda.es\/blog\/wp-json\/wp\/v2\/types\/post"}],"author":[{"embeddable":true,"href":"http:\/\/www.moda.es\/blog\/wp-json\/wp\/v2\/users\/2"}],"replies":[{"embeddable":true,"href":"http:\/\/www.moda.es\/blog\/wp-json\/wp\/v2\/comments?post=5599"}],"version-history":[{"count":0,"href":"http:\/\/www.moda.es\/blog\/wp-json\/wp\/v2\/posts\/5599\/revisions"}],"wp:featuredmedia":[{"embeddable":true,"href":"http:\/\/www.moda.es\/blog\/wp-json\/wp\/v2\/media\/16704"}],"wp:attachment":[{"href":"http:\/\/www.moda.es\/blog\/wp-json\/wp\/v2\/media?parent=5599"}],"wp:term":[{"taxonomy":"category","embeddable":true,"href":"http:\/\/www.moda.es\/blog\/wp-json\/wp\/v2\/categories?post=5599"},{"taxonomy":"post_tag","embeddable":true,"href":"http:\/\/www.moda.es\/blog\/wp-json\/wp\/v2\/tags?post=5599"}],"curies":[{"name":"wp","href":"https:\/\/api.w.org\/{rel}","templated":true}]}}