{"id":5589,"date":"2012-02-18T22:53:08","date_gmt":"2012-02-18T20:53:08","guid":{"rendered":"http:\/\/www.moda.es\/blog\/?p=5589"},"modified":"2012-02-18T22:53:08","modified_gmt":"2012-02-18T20:53:08","slug":"el-topo-y-la-moda-masculina-de-principios-de-los-70","status":"publish","type":"post","link":"http:\/\/www.moda.es\/blog\/el-topo-y-la-moda-masculina-de-principios-de-los-70\/","title":{"rendered":"El Topo y la moda masculina de principios de los 70"},"content":{"rendered":"<figure id=\"attachment_5595\" aria-describedby=\"caption-attachment-5595\" style=\"width: 337px\" class=\"wp-caption aligncenter\"><a href=\"https:\/\/i0.wp.com\/www.moda.es\/blog\/wp-content\/uploads\/2012\/02\/el_topo_11543.jpg\"><img data-attachment-id=\"5595\" data-permalink=\"http:\/\/www.moda.es\/blog\/el_topo_11543\/\" data-orig-file=\"https:\/\/i0.wp.com\/www.moda.es\/blog\/wp-content\/uploads\/2012\/02\/el_topo_11543-e1329598364665.jpg?fit=337%2C500\" data-orig-size=\"337,500\" data-comments-opened=\"1\" data-image-meta=\"{&quot;aperture&quot;:&quot;0&quot;,&quot;credit&quot;:&quot;&quot;,&quot;camera&quot;:&quot;&quot;,&quot;caption&quot;:&quot;&quot;,&quot;created_timestamp&quot;:&quot;0&quot;,&quot;copyright&quot;:&quot;&quot;,&quot;focal_length&quot;:&quot;0&quot;,&quot;iso&quot;:&quot;0&quot;,&quot;shutter_speed&quot;:&quot;0&quot;,&quot;title&quot;:&quot;&quot;}\" data-image-title=\"el_topo_11543\" data-image-description=\"\" data-image-caption=\"&lt;p&gt;El cartel de la pel\u00edcula. Foto via elseptimoarte.net&lt;\/p&gt;\n\" data-medium-file=\"https:\/\/i0.wp.com\/www.moda.es\/blog\/wp-content\/uploads\/2012\/02\/el_topo_11543-e1329598364665.jpg?fit=202%2C300\" data-large-file=\"https:\/\/i0.wp.com\/www.moda.es\/blog\/wp-content\/uploads\/2012\/02\/el_topo_11543-e1329598364665.jpg?fit=337%2C500\" loading=\"lazy\" class=\"size-full wp-image-5595\" src=\"https:\/\/i0.wp.com\/www.moda.es\/blog\/wp-content\/uploads\/2012\/02\/el_topo_11543-e1329598364665.jpg?resize=337%2C500\" alt=\"\" width=\"337\" height=\"500\" srcset=\"https:\/\/i0.wp.com\/www.moda.es\/blog\/wp-content\/uploads\/2012\/02\/el_topo_11543-e1329598364665.jpg?w=337 337w, https:\/\/i0.wp.com\/www.moda.es\/blog\/wp-content\/uploads\/2012\/02\/el_topo_11543-e1329598364665.jpg?resize=202%2C300 202w\" sizes=\"(max-width: 337px) 100vw, 337px\" data-recalc-dims=\"1\" \/><\/a><figcaption id=\"caption-attachment-5595\" class=\"wp-caption-text\">El cartel de la pel\u00edcula. Foto via elseptimoarte.net<\/figcaption><\/figure>\n<p>La pel\u00edcula El Topo (Tomas Alfredson, 2011), basada en la novela hom\u00f3nima de John le Carr\u00e9, es un thriller sobre esp\u00edas brit\u00e1nicos y un infiltrado en su organizaci\u00f3n. Un pel\u00edcula compleja y absorbente cuya acci\u00f3n se sit\u00faa a principios de la d\u00e9cada de los 70. Por ello, la ambientaci\u00f3n y el vestuario son dos aspectos esenciales a la hora de hacernos creer lo que estamos viendo.<\/p>\n<p>La tarea de crear el vestuario de la pel\u00edcula cay\u00f3 en manos de Jacqueline Durran, que ha creado un estilo impecable y muy ingl\u00e9s. La propia dise\u00f1adora comentaba en una entrevista a la revista GQ (edici\u00f3n americana) que \u00abel mayor problema era que todo el plantel de actores estaba formado por hombre de mediana edad. Tambi\u00e9n el conseguir crear a los distintos personajes teniendo en cuenta los c\u00f3digos del vestuario masculino en ese estrato social en aquella \u00e9poca. Los detalles de la ropa era bastante intricados\u00bb. Por lo que se ve fue todo un reto.<\/p>\n<figure id=\"attachment_5594\" aria-describedby=\"caption-attachment-5594\" style=\"width: 500px\" class=\"wp-caption aligncenter\"><a href=\"https:\/\/i0.wp.com\/www.moda.es\/blog\/wp-content\/uploads\/2012\/02\/tinker-tailor09.jpg\"><img data-attachment-id=\"5594\" data-permalink=\"http:\/\/www.moda.es\/blog\/tinker-tailor09\/\" data-orig-file=\"https:\/\/i0.wp.com\/www.moda.es\/blog\/wp-content\/uploads\/2012\/02\/tinker-tailor09-e1329598256743.jpg?fit=500%2C345\" data-orig-size=\"500,345\" data-comments-opened=\"1\" data-image-meta=\"{&quot;aperture&quot;:&quot;0&quot;,&quot;credit&quot;:&quot;&quot;,&quot;camera&quot;:&quot;&quot;,&quot;caption&quot;:&quot;&quot;,&quot;created_timestamp&quot;:&quot;0&quot;,&quot;copyright&quot;:&quot;&quot;,&quot;focal_length&quot;:&quot;0&quot;,&quot;iso&quot;:&quot;0&quot;,&quot;shutter_speed&quot;:&quot;0&quot;,&quot;title&quot;:&quot;&quot;}\" data-image-title=\"tinker-tailor09\" data-image-description=\"\" data-image-caption=\"&lt;p&gt;Gary Oldman y Benedict Cumberbatch en El Topo. Foto via www.gq.com &lt;\/p&gt;\n\" data-medium-file=\"https:\/\/i0.wp.com\/www.moda.es\/blog\/wp-content\/uploads\/2012\/02\/tinker-tailor09-e1329598256743.jpg?fit=300%2C207\" data-large-file=\"https:\/\/i0.wp.com\/www.moda.es\/blog\/wp-content\/uploads\/2012\/02\/tinker-tailor09-e1329598256743.jpg?fit=500%2C345\" loading=\"lazy\" class=\"size-full wp-image-5594\" src=\"https:\/\/i0.wp.com\/www.moda.es\/blog\/wp-content\/uploads\/2012\/02\/tinker-tailor09-e1329598256743.jpg?resize=500%2C345\" alt=\"\" width=\"500\" height=\"345\" srcset=\"https:\/\/i0.wp.com\/www.moda.es\/blog\/wp-content\/uploads\/2012\/02\/tinker-tailor09-e1329598256743.jpg?w=500 500w, https:\/\/i0.wp.com\/www.moda.es\/blog\/wp-content\/uploads\/2012\/02\/tinker-tailor09-e1329598256743.jpg?resize=300%2C207 300w\" sizes=\"(max-width: 500px) 100vw, 500px\" data-recalc-dims=\"1\" \/><\/a><figcaption id=\"caption-attachment-5594\" class=\"wp-caption-text\">Gary Oldman y Benedict Cumberbatch en El Topo. Foto via www.gq.com<\/figcaption><\/figure>\n<p>Seg\u00fan Durran, esa \u00e9poca, para el tipo de gente que interpretan los actores, era muy conservadora en cuanto al vestuario. La clave estaba en los detalles, adem\u00e1s de en la confecci\u00f3n, es decir, la sastrer\u00eda. Los hombres de mediana edad entonces, y los esp\u00edas, no iban muy a la moda, sino que buscaban sus trajes en la milla de la sastrer\u00eda londinense:\u00a0Savile Row, Bond Street, Mayfair,\u00a0Jermyn Street. La dise\u00f1adora de vestuario ha intentado inspirarse en la ropa que se encontraba a principios de los 70 en esas tiendas, e incluso a veces daba con piezas que proven\u00edan de all\u00ed.<\/p>\n<p>Un trabajo excelente el de Jacqueline Durran perfilando la clase del <em>gentleman<\/em> brit\u00e1nico de entonces.<\/p>\n","protected":false},"excerpt":{"rendered":"<p>La pel\u00edcula El Topo (Tomas Alfredson, 2011), basada en la novela hom\u00f3nima de John le Carr\u00e9, es un thriller sobre esp\u00edas brit\u00e1nicos y un infiltrado en su organizaci\u00f3n. Un pel\u00edcula compleja y absorbente cuya acci\u00f3n se sit\u00faa a principios de la d\u00e9cada de los 70. Por ello, la ambientaci\u00f3n y [&hellip;]<\/p>\n","protected":false},"author":2,"featured_media":16705,"comment_status":"open","ping_status":"open","sticky":false,"template":"","format":"standard","meta":{"jetpack_publicize_message":"","jetpack_is_tweetstorm":false,"jetpack_publicize_feature_enabled":true},"categories":[9,19],"tags":[],"jetpack_publicize_connections":[],"jetpack_featured_media_url":"https:\/\/i0.wp.com\/www.moda.es\/blog\/wp-content\/uploads\/2012\/02\/el_topo_11543-e13295983646651.jpg?fit=337%2C500","jetpack_sharing_enabled":true,"jetpack_shortlink":"https:\/\/wp.me\/p4tJCC-1s9","jetpack-related-posts":[{"id":3629,"url":"http:\/\/www.moda.es\/blog\/vestir-una-pelicula-el-arbol-de-la-vida\/","url_meta":{"origin":5589,"position":0},"title":"Vestir una pel\u00edcula. El \u00e1rbol de la vida","date":"octubre 3, 2011","format":false,"excerpt":"Terrence Malick es uno de esos pocos directores por el que siento devoci\u00f3n. Se me descubri\u00f3 un buen d\u00eda en clase cuando vimos Bad Lands, y descubr\u00ed una narraci\u00f3n medida, una historia de personas que se buscan y una fotograf\u00eda que se queda a fuego en las retinas. En su\u2026","rel":"","context":"En \u00abCine y Moda\u00bb","img":{"alt_text":"","src":"https:\/\/i0.wp.com\/www.moda.es\/blog\/wp-content\/uploads\/2011\/10\/badlands-mood.jpg?fit=600%2C400&resize=350%2C200","width":350,"height":200},"classes":[]},{"id":814,"url":"http:\/\/www.moda.es\/blog\/exposiciones-de-pelicula\/","url_meta":{"origin":5589,"position":1},"title":"Exposiciones de pel\u00edcula","date":"febrero 13, 2011","format":false,"excerpt":"Esta noche -no se le escapa a nadie- est\u00e1 siendo la gala de los Goya, los premios m\u00e1s importantes del cine espa\u00f1ol. Adem\u00e1s de los premios que m\u00e1s expectaci\u00f3n causan, como son los de mejor actriz, actor, director y pel\u00edcula, hay otros muchos que quedan olvidados pero que van a\u2026","rel":"","context":"En \u00abExposiciones\u00bb","img":{"alt_text":"","src":"https:\/\/i0.wp.com\/www.moda.es\/blog\/wp-content\/uploads\/2011\/02\/lope-01212.jpg?fit=500%2C333&resize=350%2C200","width":350,"height":200},"classes":[]},{"id":984,"url":"http:\/\/www.moda.es\/blog\/vestir-el-celuloide\/","url_meta":{"origin":5589,"position":2},"title":"Vestir el celuloide","date":"febrero 27, 2011","format":false,"excerpt":"Acabo de ver Cisne Negro (Darren Aronofsky, 2010), una de las favoritas en los Oscar de este a\u00f1o cuyos galardones se otorgan esta madrugada en Los \u00c1ngeles. Adem\u00e1s de la pel\u00edcula, Natalie Portman est\u00e1 nominada a mejor actriz -su esfuerzo f\u00edsico y psicol\u00f3gico deber\u00eda ser premiado-\u00a0y, aunque el vestuario, no\u2026","rel":"","context":"En \u00abCine y Moda\u00bb","img":{"alt_text":"","src":"https:\/\/i0.wp.com\/www.moda.es\/blog\/wp-content\/uploads\/2011\/02\/black-swan-poster1.jpg?fit=500%2C734&resize=350%2C200","width":350,"height":200},"classes":[]},{"id":8746,"url":"http:\/\/www.moda.es\/blog\/yvonne-blake-un-vestuario-de-cine-de-superman-a-goya\/","url_meta":{"origin":5589,"position":3},"title":"Yvonne Blake, un vestuario de cine de Superman a Goya","date":"septiembre 14, 2012","format":false,"excerpt":"Ganadora de un Oscar y cuatro premios Goya, la labor como figurinista, o si se prefiere creadora de vestuario para el cine, de Yvonne Blake (Manchester, 1940) estaba ya reconocido. Sin embargo, la semana pasada recib\u00eda el no menos merecido reconocimiento de Premio Nacional de Cinematograf\u00eda, un galard\u00f3n existente desde\u2026","rel":"","context":"En \u00abCine y Moda\u00bb","img":{"alt_text":"","src":"https:\/\/i0.wp.com\/www.moda.es\/blog\/wp-content\/uploads\/2012\/09\/superman-o-filme-superman-19781-e13476516552991.jpg?fit=500%2C206&resize=350%2C200","width":350,"height":200},"classes":[]},{"id":1938,"url":"http:\/\/www.moda.es\/blog\/vestidos-de-pelicula-2\/","url_meta":{"origin":5589,"position":4},"title":"Vestidos de pel\u00edcula (2)","date":"mayo 15, 2011","format":false,"excerpt":"Sigo en modo 'remember'. De entre esas pel\u00edculas de las que hablaba ayer que me marcaron de peque\u00f1a, est\u00e1, por supuesto, 'Grease'. La historia de amor entre Danny Zuko, el chico\u00a0duro del intituto,\u00a0y Sandy Olsen, la\u00a0alumna nueva, buena y mojigata, nos gustaba a todas las ni\u00f1as sin excepci\u00f3n. Nos aprendimos\u2026","rel":"","context":"En \u00abCine y Moda\u00bb","img":{"alt_text":"","src":"https:\/\/i0.wp.com\/www.moda.es\/blog\/wp-content\/uploads\/2011\/05\/1978_grease_042-1024x779.jpg?resize=350%2C200","width":350,"height":200},"classes":[]},{"id":11218,"url":"http:\/\/www.moda.es\/blog\/los-celebres-chapines-de-rubies-version-siglo-xxi\/","url_meta":{"origin":5589,"position":5},"title":"Los c\u00e9lebres chapines de rub\u00edes, versi\u00f3n siglo XXI","date":"febrero 28, 2013","format":false,"excerpt":"Si en 2012 asistimos a dos remakes del cl\u00e1sico cuento de Blancanieves, parece ser que 2013 nos traer\u00e1 una nueva reedici\u00f3n de una gran pel\u00edcula. \u00bfRecuerdas al hombre de hojalata, a la bruja del norte y a Dorothy? Pues pronto volver\u00e1n a las pantallas y en 3D en Oz The\u2026","rel":"","context":"En \u00abCine y Moda\u00bb","img":{"alt_text":"","src":"https:\/\/i0.wp.com\/www.moda.es\/blog\/wp-content\/uploads\/2013\/02\/Evanora1.jpg?fit=424%2C600&resize=350%2C200","width":350,"height":200},"classes":[]}],"_links":{"self":[{"href":"http:\/\/www.moda.es\/blog\/wp-json\/wp\/v2\/posts\/5589"}],"collection":[{"href":"http:\/\/www.moda.es\/blog\/wp-json\/wp\/v2\/posts"}],"about":[{"href":"http:\/\/www.moda.es\/blog\/wp-json\/wp\/v2\/types\/post"}],"author":[{"embeddable":true,"href":"http:\/\/www.moda.es\/blog\/wp-json\/wp\/v2\/users\/2"}],"replies":[{"embeddable":true,"href":"http:\/\/www.moda.es\/blog\/wp-json\/wp\/v2\/comments?post=5589"}],"version-history":[{"count":0,"href":"http:\/\/www.moda.es\/blog\/wp-json\/wp\/v2\/posts\/5589\/revisions"}],"wp:featuredmedia":[{"embeddable":true,"href":"http:\/\/www.moda.es\/blog\/wp-json\/wp\/v2\/media\/16705"}],"wp:attachment":[{"href":"http:\/\/www.moda.es\/blog\/wp-json\/wp\/v2\/media?parent=5589"}],"wp:term":[{"taxonomy":"category","embeddable":true,"href":"http:\/\/www.moda.es\/blog\/wp-json\/wp\/v2\/categories?post=5589"},{"taxonomy":"post_tag","embeddable":true,"href":"http:\/\/www.moda.es\/blog\/wp-json\/wp\/v2\/tags?post=5589"}],"curies":[{"name":"wp","href":"https:\/\/api.w.org\/{rel}","templated":true}]}}