{"id":5582,"date":"2012-02-17T22:50:54","date_gmt":"2012-02-17T20:50:54","guid":{"rendered":"http:\/\/www.moda.es\/blog\/?p=5582"},"modified":"2012-02-17T22:50:54","modified_gmt":"2012-02-17T20:50:54","slug":"la-boda-que-paso-desapercibida","status":"publish","type":"post","link":"http:\/\/www.moda.es\/blog\/la-boda-que-paso-desapercibida\/","title":{"rendered":"La boda que pas\u00f3 desapercibida"},"content":{"rendered":"<p>En un post del mes pasado os habl\u00e1bamos del \u00faltimo trabajo de Sofia Coppola vinculado con la moda, el <em>spot<\/em> para la nueva <em>joint venture<\/em> entre el gigante sueco H&amp;M y una firma de lujo como es Marni. Aqu\u00ed somos admiradores del trabajo de la cineasta y tambi\u00e9n hay que decirlo, de su estilo, que\u00a0\u00e9sta es una web de moda, y nos ha sorprendido enterarnos ahora de que la directora se cas\u00f3 el verano pasado con su pareja y padre de sus hijas, el cantante del grupo franc\u00e9s Phoenix, Thomas Mars.<\/p>\n<figure id=\"attachment_5585\" aria-describedby=\"caption-attachment-5585\" style=\"width: 500px\" class=\"wp-caption aligncenter\"><a href=\"https:\/\/i0.wp.com\/www.moda.es\/blog\/wp-content\/uploads\/2012\/02\/Sofia-Coppola-Italian-Wedding-Pictures.jpg\"><img data-attachment-id=\"5585\" data-permalink=\"http:\/\/www.moda.es\/blog\/sofia-coppola-italian-wedding-pictures\/\" data-orig-file=\"https:\/\/i0.wp.com\/www.moda.es\/blog\/wp-content\/uploads\/2012\/02\/Sofia-Coppola-Italian-Wedding-Pictures-e1329511803637.jpg?fit=500%2C359\" data-orig-size=\"500,359\" data-comments-opened=\"1\" data-image-meta=\"{&quot;aperture&quot;:&quot;0&quot;,&quot;credit&quot;:&quot;&quot;,&quot;camera&quot;:&quot;&quot;,&quot;caption&quot;:&quot;&quot;,&quot;created_timestamp&quot;:&quot;0&quot;,&quot;copyright&quot;:&quot;&quot;,&quot;focal_length&quot;:&quot;0&quot;,&quot;iso&quot;:&quot;0&quot;,&quot;shutter_speed&quot;:&quot;0&quot;,&quot;title&quot;:&quot;&quot;}\" data-image-title=\"Sofia-Coppola-Italian-Wedding-Pictures\" data-image-description=\"\" data-image-caption=\"&lt;p&gt;Foto de la boda via www.popsugar.com&lt;\/p&gt;\n\" data-medium-file=\"https:\/\/i0.wp.com\/www.moda.es\/blog\/wp-content\/uploads\/2012\/02\/Sofia-Coppola-Italian-Wedding-Pictures-e1329511803637.jpg?fit=300%2C215\" data-large-file=\"https:\/\/i0.wp.com\/www.moda.es\/blog\/wp-content\/uploads\/2012\/02\/Sofia-Coppola-Italian-Wedding-Pictures-e1329511803637.jpg?fit=500%2C359\" loading=\"lazy\" class=\"size-full wp-image-5585\" src=\"https:\/\/i0.wp.com\/www.moda.es\/blog\/wp-content\/uploads\/2012\/02\/Sofia-Coppola-Italian-Wedding-Pictures-e1329511803637.jpg?resize=500%2C359\" alt=\"\" width=\"500\" height=\"359\" srcset=\"https:\/\/i0.wp.com\/www.moda.es\/blog\/wp-content\/uploads\/2012\/02\/Sofia-Coppola-Italian-Wedding-Pictures-e1329511803637.jpg?w=500 500w, https:\/\/i0.wp.com\/www.moda.es\/blog\/wp-content\/uploads\/2012\/02\/Sofia-Coppola-Italian-Wedding-Pictures-e1329511803637.jpg?resize=300%2C215 300w\" sizes=\"(max-width: 500px) 100vw, 500px\" data-recalc-dims=\"1\" \/><\/a><figcaption id=\"caption-attachment-5585\" class=\"wp-caption-text\">Foto de la boda via www.popsugar.com<\/figcaption><\/figure>\n<p>La boda se celebr\u00f3 en Italia, donde tiene sus or\u00edgenes la familia de la novia. Sofia, aficionada a la moda y un icono de estilo, llevaba un vestido de\u00a0Azzedine Ala\u00efa en color lavanda cuya falda ten\u00eda una inspiraci\u00f3n en los 50. El novio llevaba un traje azul marino al igual que la corbata. Toda la boda tuvo un regusto italiano con el sello Coppola: el lugar elegido fue el\u00a0Palazzo Margherita, una villa de la familia de la novia, y para brindar se utilizaron caldos procedentes de los vi\u00f1edos de Francis Ford Coppola.<\/p>\n<p>Sofia est\u00e1 vinculada a la moda no s\u00f3lo por su trabajo, su amistad con el dise\u00f1ador Marc Jacobs es ya larga. Adem\u00e1s, siempre que se la ve en un estreno o acto p\u00fablico la directora luce ropa de grandes <em>maison<\/em>. Un estilo cl\u00e1sico, sencillo con un toque actual.<\/p>\n","protected":false},"excerpt":{"rendered":"<p>En un post del mes pasado os habl\u00e1bamos del \u00faltimo trabajo de Sofia Coppola vinculado con la moda, el spot para la nueva joint venture entre el gigante sueco H&amp;M y una firma de lujo como es Marni. Aqu\u00ed somos admiradores del trabajo de la cineasta y tambi\u00e9n hay que [&hellip;]<\/p>\n","protected":false},"author":2,"featured_media":16706,"comment_status":"open","ping_status":"open","sticky":false,"template":"","format":"standard","meta":{"jetpack_publicize_message":"","jetpack_is_tweetstorm":false,"jetpack_publicize_feature_enabled":true},"categories":[22],"tags":[],"jetpack_publicize_connections":[],"jetpack_featured_media_url":"https:\/\/i0.wp.com\/www.moda.es\/blog\/wp-content\/uploads\/2012\/02\/Sofia-Coppola-Italian-Wedding-Pictures-e13295118036371.jpg?fit=500%2C359","jetpack_sharing_enabled":true,"jetpack_shortlink":"https:\/\/wp.me\/p4tJCC-1s2","jetpack-related-posts":[{"id":7779,"url":"http:\/\/www.moda.es\/blog\/no-diga-cine-diga-coppola\/","url_meta":{"origin":5582,"position":0},"title":"No diga cine, diga Coppola","date":"julio 2, 2012","format":false,"excerpt":"Con permiso de 'Muchachada Nui' (\u00bfo era la \u00e9poca de 'La Hora Chanante'?) y don Francis Ford Coppola. Que nos disculpe el segundo, que aunque es uno de los mejores directores del cine americano de finales del siglo XX, su hija le roba en este post todo protagonismo y es\u2026","rel":"","context":"En \u00abIt Girl\u00bb","img":{"alt_text":"","src":"https:\/\/i0.wp.com\/www.moda.es\/blog\/wp-content\/uploads\/2012\/07\/sofia-coppola-paris-vogue1.jpg?fit=400%2C334&resize=350%2C200","width":350,"height":200},"classes":[]},{"id":6983,"url":"http:\/\/www.moda.es\/blog\/decisiones-para-el-si-quiero-ii\/","url_meta":{"origin":5582,"position":1},"title":"Decisiones para el &#8216;s\u00ed, quiero&#8217;. II","date":"mayo 10, 2012","format":false,"excerpt":"Otra decisi\u00f3n importante, muy importante, en una boda son las flores. Primero, el ramo de la novia, luego, la decoraci\u00f3n floral del que sea el lugar elegido para la ceremonia, civil o religiosa, y del espacio donde se celebre el convite. Hay que decidir un estilo homog\u00e9neo y acorde al\u2026","rel":"","context":"En \u00abNovias\u00bb","img":{"alt_text":"","src":"https:\/\/i0.wp.com\/www.moda.es\/blog\/wp-content\/uploads\/2012\/05\/theworkshopflores_61-e13366836023361.jpg?fit=500%2C337&resize=350%2C200","width":350,"height":200},"classes":[]},{"id":7864,"url":"http:\/\/www.moda.es\/blog\/tatiana-santo-domingo-sera-monegasca\/","url_meta":{"origin":5582,"position":2},"title":"Tatiana Santo Domingo ser\u00e1 monegasca","date":"julio 6, 2012","format":false,"excerpt":"Hace una a\u00f1o se casaba su t\u00edo (nos referimos al de Andrea Casiraghi) y con el tiempo justo de por medio, ahora su madre, Carolina, ha anunciado uno de los enlaces m\u00e1s esperados, el de Andrea con Tatiana Santo Domingo, su novia desde hace siete a\u00f1os. Tan magno anuncio nos\u2026","rel":"","context":"En \u00abIt Girl\u00bb","img":{"alt_text":"","src":"https:\/\/i0.wp.com\/www.moda.es\/blog\/wp-content\/uploads\/2012\/07\/04-FV-AndreaCasaraghiTatianaSantoDomingo_10195650857.jpg_carousel_parties-e1341657619377.jpg?resize=350%2C200","width":350,"height":200},"classes":[]},{"id":2259,"url":"http:\/\/www.moda.es\/blog\/la-boda-preparala-tu-mismao\/","url_meta":{"origin":5582,"position":3},"title":"La boda, prep\u00e1rala t\u00fa misma\/o","date":"junio 11, 2011","format":false,"excerpt":"En plena \u00e9poca de bodas y la locura de los \u00faltimos preparativos, llega una idea que a quienes est\u00e9n organizando tal evento les va a ayudar mucho, sobre todo, en cuanto al ahorro. Se trata de las bodas Do It Yourself de The Workshop Flores, una ocurrencia de su inconbustible\u2026","rel":"","context":"En \u00abNovias\u00bb","img":{"alt_text":"","src":"https:\/\/i0.wp.com\/www.moda.es\/blog\/wp-content\/uploads\/2011\/06\/MG_4166-baja1.jpg?fit=296%2C448&resize=350%2C200","width":350,"height":200},"classes":[]},{"id":6775,"url":"http:\/\/www.moda.es\/blog\/zapatos-para-una-boda-de-cuento\/","url_meta":{"origin":5582,"position":4},"title":"Zapatos para una boda de cuento","date":"abril 25, 2012","format":false,"excerpt":"Se acerca el tiempo de las bodas. Dependiendo de cuando sea la fecha elegida, es posible que, si eres la novia, ya tengas casi \u00a0todo escogido. Pero, por si acaso no tienes zapatos o qui\u00e9n sabe, quiz\u00e1 tu boda sea para el a\u00f1o que viene, y a\u00fan estamos a tiempo,\u2026","rel":"","context":"En \u00abNovias\u00bb","img":{"alt_text":"","src":"https:\/\/i0.wp.com\/www.moda.es\/blog\/wp-content\/uploads\/2012\/04\/2_m251.jpg?fit=387%2C580&resize=350%2C200","width":350,"height":200},"classes":[]},{"id":1730,"url":"http:\/\/www.moda.es\/blog\/el-vestido-del-dia\/","url_meta":{"origin":5582,"position":5},"title":"El vestido del d\u00eda","date":"abril 29, 2011","format":false,"excerpt":"Hoy, quien m\u00e1s quien menos, ha visto alguna imagen del enlace de Guillermo de Inglaterra y Kate Middleton -ahora ya convertida en Catalina, como recomiendan llamar en espa\u00f1ol a la futura reina-. Ha sido la noticia del d\u00eda, dicen que es la boda del siglo. Entre todo tipo de curiosidad\u2026","rel":"","context":"En \u00abNovias\u00bb","img":{"alt_text":"","src":"https:\/\/i0.wp.com\/www.moda.es\/blog\/wp-content\/uploads\/2011\/04\/article-1381851-0BD3C5E500000578-147_634x733.jpg?resize=350%2C200","width":350,"height":200},"classes":[]}],"_links":{"self":[{"href":"http:\/\/www.moda.es\/blog\/wp-json\/wp\/v2\/posts\/5582"}],"collection":[{"href":"http:\/\/www.moda.es\/blog\/wp-json\/wp\/v2\/posts"}],"about":[{"href":"http:\/\/www.moda.es\/blog\/wp-json\/wp\/v2\/types\/post"}],"author":[{"embeddable":true,"href":"http:\/\/www.moda.es\/blog\/wp-json\/wp\/v2\/users\/2"}],"replies":[{"embeddable":true,"href":"http:\/\/www.moda.es\/blog\/wp-json\/wp\/v2\/comments?post=5582"}],"version-history":[{"count":0,"href":"http:\/\/www.moda.es\/blog\/wp-json\/wp\/v2\/posts\/5582\/revisions"}],"wp:featuredmedia":[{"embeddable":true,"href":"http:\/\/www.moda.es\/blog\/wp-json\/wp\/v2\/media\/16706"}],"wp:attachment":[{"href":"http:\/\/www.moda.es\/blog\/wp-json\/wp\/v2\/media?parent=5582"}],"wp:term":[{"taxonomy":"category","embeddable":true,"href":"http:\/\/www.moda.es\/blog\/wp-json\/wp\/v2\/categories?post=5582"},{"taxonomy":"post_tag","embeddable":true,"href":"http:\/\/www.moda.es\/blog\/wp-json\/wp\/v2\/tags?post=5582"}],"curies":[{"name":"wp","href":"https:\/\/api.w.org\/{rel}","templated":true}]}}