{"id":5556,"date":"2012-02-17T02:10:44","date_gmt":"2012-02-17T00:10:44","guid":{"rendered":"http:\/\/www.moda.es\/blog\/?p=5556"},"modified":"2012-02-17T02:10:44","modified_gmt":"2012-02-17T00:10:44","slug":"regreso-a-las-raices-marc-by-marc-jacobs","status":"publish","type":"post","link":"http:\/\/www.moda.es\/blog\/regreso-a-las-raices-marc-by-marc-jacobs\/","title":{"rendered":"Regreso a las ra\u00edces. Marc by Marc Jacobs."},"content":{"rendered":"<figure id=\"attachment_5563\" aria-describedby=\"caption-attachment-5563\" style=\"width: 320px\" class=\"wp-caption aligncenter\"><a href=\"https:\/\/i0.wp.com\/www.moda.es\/blog\/wp-content\/uploads\/2012\/02\/00010m.jpg\"><img data-attachment-id=\"5563\" data-permalink=\"http:\/\/www.moda.es\/blog\/00010m-17\/\" data-orig-file=\"https:\/\/i0.wp.com\/www.moda.es\/blog\/wp-content\/uploads\/2012\/02\/00010m.jpg?fit=320%2C480\" data-orig-size=\"320,480\" data-comments-opened=\"1\" data-image-meta=\"{&quot;aperture&quot;:&quot;0&quot;,&quot;credit&quot;:&quot;&quot;,&quot;camera&quot;:&quot;&quot;,&quot;caption&quot;:&quot;&quot;,&quot;created_timestamp&quot;:&quot;0&quot;,&quot;copyright&quot;:&quot;&quot;,&quot;focal_length&quot;:&quot;0&quot;,&quot;iso&quot;:&quot;0&quot;,&quot;shutter_speed&quot;:&quot;0&quot;,&quot;title&quot;:&quot;&quot;}\" data-image-title=\"00010m\" data-image-description=\"\" data-image-caption=\"&lt;p&gt;Fotos via www.style.com &lt;\/p&gt;\n\" data-medium-file=\"https:\/\/i0.wp.com\/www.moda.es\/blog\/wp-content\/uploads\/2012\/02\/00010m.jpg?fit=200%2C300\" data-large-file=\"https:\/\/i0.wp.com\/www.moda.es\/blog\/wp-content\/uploads\/2012\/02\/00010m.jpg?fit=320%2C480\" loading=\"lazy\" class=\"size-full wp-image-5563\" src=\"https:\/\/i0.wp.com\/www.moda.es\/blog\/wp-content\/uploads\/2012\/02\/00010m.jpg?resize=320%2C480\" alt=\"\" width=\"320\" height=\"480\" srcset=\"https:\/\/i0.wp.com\/www.moda.es\/blog\/wp-content\/uploads\/2012\/02\/00010m.jpg?w=320 320w, https:\/\/i0.wp.com\/www.moda.es\/blog\/wp-content\/uploads\/2012\/02\/00010m.jpg?resize=200%2C300 200w\" sizes=\"(max-width: 320px) 100vw, 320px\" data-recalc-dims=\"1\" \/><\/a><figcaption id=\"caption-attachment-5563\" class=\"wp-caption-text\">Fotos via www.style.com<\/figcaption><\/figure>\n<p>Las semanas de la moda se suceden una tras otra, sin descanso. Nos es imposible abarcarlo todo, por eso, aqu\u00ed, de vez en cuando, os hablamos de las colecciones que m\u00e1s nos han gustado o aquellas de los dise\u00f1adores que veneramos. Entre ellos, Marc Jacobs, cuya \u00faltima colecci\u00f3n para Marc by Marc Jacobs nos ha dejado prendados. El motivo: Marc regresa a sus ra\u00edces, adem\u00e1s en un momento id\u00f3neo, porque estas dos \u00faltimas temporadas se ha ido sintiendo la vuelta de algunos iconos de la est\u00e9tica de los 90.<\/p>\n<p><a href=\"https:\/\/i0.wp.com\/www.moda.es\/blog\/wp-content\/uploads\/2012\/02\/00070m.jpg\"><img data-attachment-id=\"5564\" data-permalink=\"http:\/\/www.moda.es\/blog\/00070m-4\/\" data-orig-file=\"https:\/\/i0.wp.com\/www.moda.es\/blog\/wp-content\/uploads\/2012\/02\/00070m.jpg?fit=320%2C480\" data-orig-size=\"320,480\" data-comments-opened=\"1\" data-image-meta=\"{&quot;aperture&quot;:&quot;0&quot;,&quot;credit&quot;:&quot;&quot;,&quot;camera&quot;:&quot;&quot;,&quot;caption&quot;:&quot;&quot;,&quot;created_timestamp&quot;:&quot;0&quot;,&quot;copyright&quot;:&quot;&quot;,&quot;focal_length&quot;:&quot;0&quot;,&quot;iso&quot;:&quot;0&quot;,&quot;shutter_speed&quot;:&quot;0&quot;,&quot;title&quot;:&quot;&quot;}\" data-image-title=\"00070m\" data-image-description=\"\" data-image-caption=\"\" data-medium-file=\"https:\/\/i0.wp.com\/www.moda.es\/blog\/wp-content\/uploads\/2012\/02\/00070m.jpg?fit=200%2C300\" data-large-file=\"https:\/\/i0.wp.com\/www.moda.es\/blog\/wp-content\/uploads\/2012\/02\/00070m.jpg?fit=320%2C480\" loading=\"lazy\" class=\"aligncenter size-full wp-image-5564\" src=\"https:\/\/i0.wp.com\/www.moda.es\/blog\/wp-content\/uploads\/2012\/02\/00070m.jpg?resize=320%2C480\" alt=\"\" width=\"320\" height=\"480\" srcset=\"https:\/\/i0.wp.com\/www.moda.es\/blog\/wp-content\/uploads\/2012\/02\/00070m.jpg?w=320 320w, https:\/\/i0.wp.com\/www.moda.es\/blog\/wp-content\/uploads\/2012\/02\/00070m.jpg?resize=200%2C300 200w\" sizes=\"(max-width: 320px) 100vw, 320px\" data-recalc-dims=\"1\" \/><\/a><\/p>\n<p><a href=\"https:\/\/i0.wp.com\/www.moda.es\/blog\/wp-content\/uploads\/2012\/02\/00150m.jpg\"><img data-attachment-id=\"5565\" data-permalink=\"http:\/\/www.moda.es\/blog\/00150m-5\/\" data-orig-file=\"https:\/\/i0.wp.com\/www.moda.es\/blog\/wp-content\/uploads\/2012\/02\/00150m.jpg?fit=320%2C480\" data-orig-size=\"320,480\" data-comments-opened=\"1\" data-image-meta=\"{&quot;aperture&quot;:&quot;0&quot;,&quot;credit&quot;:&quot;&quot;,&quot;camera&quot;:&quot;&quot;,&quot;caption&quot;:&quot;&quot;,&quot;created_timestamp&quot;:&quot;0&quot;,&quot;copyright&quot;:&quot;&quot;,&quot;focal_length&quot;:&quot;0&quot;,&quot;iso&quot;:&quot;0&quot;,&quot;shutter_speed&quot;:&quot;0&quot;,&quot;title&quot;:&quot;&quot;}\" data-image-title=\"00150m\" data-image-description=\"\" data-image-caption=\"\" data-medium-file=\"https:\/\/i0.wp.com\/www.moda.es\/blog\/wp-content\/uploads\/2012\/02\/00150m.jpg?fit=200%2C300\" data-large-file=\"https:\/\/i0.wp.com\/www.moda.es\/blog\/wp-content\/uploads\/2012\/02\/00150m.jpg?fit=320%2C480\" loading=\"lazy\" class=\"aligncenter size-full wp-image-5565\" src=\"https:\/\/i0.wp.com\/www.moda.es\/blog\/wp-content\/uploads\/2012\/02\/00150m.jpg?resize=320%2C480\" alt=\"\" width=\"320\" height=\"480\" srcset=\"https:\/\/i0.wp.com\/www.moda.es\/blog\/wp-content\/uploads\/2012\/02\/00150m.jpg?w=320 320w, https:\/\/i0.wp.com\/www.moda.es\/blog\/wp-content\/uploads\/2012\/02\/00150m.jpg?resize=200%2C300 200w\" sizes=\"(max-width: 320px) 100vw, 320px\" data-recalc-dims=\"1\" \/><\/a><\/p>\n<p>La colecci\u00f3n para el oto\u00f1o-invierno de 2012 posee una atm\u00f3sfera oscura, con unos looks que se van repitiendo como uniformes pero con variables en dosis. Aunque la est\u00e9tica general era m\u00e1s bien sobria y marcial -las botas planas de aspecto militar, los abrigos o las gorras de aspecto ruso ayudaban a ello-, los tejidos hablan de lujo: terciopelo perforado, lam\u00e9, mohair, lurex. Brillos en medios de la oscuridad.<\/p>\n<p><a href=\"https:\/\/i0.wp.com\/www.moda.es\/blog\/wp-content\/uploads\/2012\/02\/00170m.jpg\"><img data-attachment-id=\"5566\" data-permalink=\"http:\/\/www.moda.es\/blog\/00170m-7\/\" data-orig-file=\"https:\/\/i0.wp.com\/www.moda.es\/blog\/wp-content\/uploads\/2012\/02\/00170m.jpg?fit=320%2C480\" data-orig-size=\"320,480\" data-comments-opened=\"1\" data-image-meta=\"{&quot;aperture&quot;:&quot;0&quot;,&quot;credit&quot;:&quot;&quot;,&quot;camera&quot;:&quot;&quot;,&quot;caption&quot;:&quot;&quot;,&quot;created_timestamp&quot;:&quot;0&quot;,&quot;copyright&quot;:&quot;&quot;,&quot;focal_length&quot;:&quot;0&quot;,&quot;iso&quot;:&quot;0&quot;,&quot;shutter_speed&quot;:&quot;0&quot;,&quot;title&quot;:&quot;&quot;}\" data-image-title=\"00170m\" data-image-description=\"\" data-image-caption=\"\" data-medium-file=\"https:\/\/i0.wp.com\/www.moda.es\/blog\/wp-content\/uploads\/2012\/02\/00170m.jpg?fit=200%2C300\" data-large-file=\"https:\/\/i0.wp.com\/www.moda.es\/blog\/wp-content\/uploads\/2012\/02\/00170m.jpg?fit=320%2C480\" loading=\"lazy\" class=\"aligncenter size-full wp-image-5566\" src=\"https:\/\/i0.wp.com\/www.moda.es\/blog\/wp-content\/uploads\/2012\/02\/00170m.jpg?resize=320%2C480\" alt=\"\" width=\"320\" height=\"480\" srcset=\"https:\/\/i0.wp.com\/www.moda.es\/blog\/wp-content\/uploads\/2012\/02\/00170m.jpg?w=320 320w, https:\/\/i0.wp.com\/www.moda.es\/blog\/wp-content\/uploads\/2012\/02\/00170m.jpg?resize=200%2C300 200w\" sizes=\"(max-width: 320px) 100vw, 320px\" data-recalc-dims=\"1\" \/><\/a><\/p>\n<p><a href=\"https:\/\/i0.wp.com\/www.moda.es\/blog\/wp-content\/uploads\/2012\/02\/00320m.jpg\"><img data-attachment-id=\"5567\" data-permalink=\"http:\/\/www.moda.es\/blog\/00320m-3\/\" data-orig-file=\"https:\/\/i0.wp.com\/www.moda.es\/blog\/wp-content\/uploads\/2012\/02\/00320m.jpg?fit=320%2C480\" data-orig-size=\"320,480\" data-comments-opened=\"1\" data-image-meta=\"{&quot;aperture&quot;:&quot;0&quot;,&quot;credit&quot;:&quot;&quot;,&quot;camera&quot;:&quot;&quot;,&quot;caption&quot;:&quot;&quot;,&quot;created_timestamp&quot;:&quot;0&quot;,&quot;copyright&quot;:&quot;&quot;,&quot;focal_length&quot;:&quot;0&quot;,&quot;iso&quot;:&quot;0&quot;,&quot;shutter_speed&quot;:&quot;0&quot;,&quot;title&quot;:&quot;&quot;}\" data-image-title=\"00320m\" data-image-description=\"\" data-image-caption=\"\" data-medium-file=\"https:\/\/i0.wp.com\/www.moda.es\/blog\/wp-content\/uploads\/2012\/02\/00320m.jpg?fit=200%2C300\" data-large-file=\"https:\/\/i0.wp.com\/www.moda.es\/blog\/wp-content\/uploads\/2012\/02\/00320m.jpg?fit=320%2C480\" loading=\"lazy\" class=\"aligncenter size-full wp-image-5567\" src=\"https:\/\/i0.wp.com\/www.moda.es\/blog\/wp-content\/uploads\/2012\/02\/00320m.jpg?resize=320%2C480\" alt=\"\" width=\"320\" height=\"480\" srcset=\"https:\/\/i0.wp.com\/www.moda.es\/blog\/wp-content\/uploads\/2012\/02\/00320m.jpg?w=320 320w, https:\/\/i0.wp.com\/www.moda.es\/blog\/wp-content\/uploads\/2012\/02\/00320m.jpg?resize=200%2C300 200w\" sizes=\"(max-width: 320px) 100vw, 320px\" data-recalc-dims=\"1\" \/><\/a><\/p>\n<p>En la l\u00ednea masculina de la colecci\u00f3n, el aire marcial es evidente: abrigos militares y pantalones de oficial. En la femenina, los estampados de flores, rayas o sutiles cuadros, se superponen a piezas de mayor rigor. Las combinaciones, una pieza ya olvidada del armario femenino (\u00bfvolver\u00e1n?) asoman por debajo de los vestidos y contrastan con esas botas de suela gruesa de obviedad militar.<\/p>\n<p><a href=\"https:\/\/i0.wp.com\/www.moda.es\/blog\/wp-content\/uploads\/2012\/02\/00030m.jpg\"><img data-attachment-id=\"5568\" data-permalink=\"http:\/\/www.moda.es\/blog\/00030m-4\/\" data-orig-file=\"https:\/\/i0.wp.com\/www.moda.es\/blog\/wp-content\/uploads\/2012\/02\/00030m.jpg?fit=320%2C480\" data-orig-size=\"320,480\" data-comments-opened=\"1\" data-image-meta=\"{&quot;aperture&quot;:&quot;0&quot;,&quot;credit&quot;:&quot;&quot;,&quot;camera&quot;:&quot;&quot;,&quot;caption&quot;:&quot;&quot;,&quot;created_timestamp&quot;:&quot;0&quot;,&quot;copyright&quot;:&quot;&quot;,&quot;focal_length&quot;:&quot;0&quot;,&quot;iso&quot;:&quot;0&quot;,&quot;shutter_speed&quot;:&quot;0&quot;,&quot;title&quot;:&quot;&quot;}\" data-image-title=\"00030m\" data-image-description=\"\" data-image-caption=\"\" data-medium-file=\"https:\/\/i0.wp.com\/www.moda.es\/blog\/wp-content\/uploads\/2012\/02\/00030m.jpg?fit=200%2C300\" data-large-file=\"https:\/\/i0.wp.com\/www.moda.es\/blog\/wp-content\/uploads\/2012\/02\/00030m.jpg?fit=320%2C480\" loading=\"lazy\" class=\"aligncenter size-full wp-image-5568\" src=\"https:\/\/i0.wp.com\/www.moda.es\/blog\/wp-content\/uploads\/2012\/02\/00030m.jpg?resize=320%2C480\" alt=\"\" width=\"320\" height=\"480\" srcset=\"https:\/\/i0.wp.com\/www.moda.es\/blog\/wp-content\/uploads\/2012\/02\/00030m.jpg?w=320 320w, https:\/\/i0.wp.com\/www.moda.es\/blog\/wp-content\/uploads\/2012\/02\/00030m.jpg?resize=200%2C300 200w\" sizes=\"(max-width: 320px) 100vw, 320px\" data-recalc-dims=\"1\" \/><\/a><\/p>\n<p><a href=\"https:\/\/i0.wp.com\/www.moda.es\/blog\/wp-content\/uploads\/2012\/02\/00080m.jpg\"><img data-attachment-id=\"5569\" data-permalink=\"http:\/\/www.moda.es\/blog\/00080m-11\/\" data-orig-file=\"https:\/\/i0.wp.com\/www.moda.es\/blog\/wp-content\/uploads\/2012\/02\/00080m.jpg?fit=320%2C480\" data-orig-size=\"320,480\" data-comments-opened=\"1\" data-image-meta=\"{&quot;aperture&quot;:&quot;0&quot;,&quot;credit&quot;:&quot;&quot;,&quot;camera&quot;:&quot;&quot;,&quot;caption&quot;:&quot;&quot;,&quot;created_timestamp&quot;:&quot;0&quot;,&quot;copyright&quot;:&quot;&quot;,&quot;focal_length&quot;:&quot;0&quot;,&quot;iso&quot;:&quot;0&quot;,&quot;shutter_speed&quot;:&quot;0&quot;,&quot;title&quot;:&quot;&quot;}\" data-image-title=\"00080m\" data-image-description=\"\" data-image-caption=\"\" data-medium-file=\"https:\/\/i0.wp.com\/www.moda.es\/blog\/wp-content\/uploads\/2012\/02\/00080m.jpg?fit=200%2C300\" data-large-file=\"https:\/\/i0.wp.com\/www.moda.es\/blog\/wp-content\/uploads\/2012\/02\/00080m.jpg?fit=320%2C480\" loading=\"lazy\" class=\"aligncenter size-full wp-image-5569\" src=\"https:\/\/i0.wp.com\/www.moda.es\/blog\/wp-content\/uploads\/2012\/02\/00080m.jpg?resize=320%2C480\" alt=\"\" width=\"320\" height=\"480\" srcset=\"https:\/\/i0.wp.com\/www.moda.es\/blog\/wp-content\/uploads\/2012\/02\/00080m.jpg?w=320 320w, https:\/\/i0.wp.com\/www.moda.es\/blog\/wp-content\/uploads\/2012\/02\/00080m.jpg?resize=200%2C300 200w\" sizes=\"(max-width: 320px) 100vw, 320px\" data-recalc-dims=\"1\" \/><\/a><\/p>\n<p><a href=\"https:\/\/i0.wp.com\/www.moda.es\/blog\/wp-content\/uploads\/2012\/02\/00150m1.jpg\"><img data-attachment-id=\"5570\" data-permalink=\"http:\/\/www.moda.es\/blog\/00150m-6\/\" data-orig-file=\"https:\/\/i0.wp.com\/www.moda.es\/blog\/wp-content\/uploads\/2012\/02\/00150m1.jpg?fit=320%2C480\" data-orig-size=\"320,480\" data-comments-opened=\"1\" data-image-meta=\"{&quot;aperture&quot;:&quot;0&quot;,&quot;credit&quot;:&quot;&quot;,&quot;camera&quot;:&quot;&quot;,&quot;caption&quot;:&quot;&quot;,&quot;created_timestamp&quot;:&quot;0&quot;,&quot;copyright&quot;:&quot;&quot;,&quot;focal_length&quot;:&quot;0&quot;,&quot;iso&quot;:&quot;0&quot;,&quot;shutter_speed&quot;:&quot;0&quot;,&quot;title&quot;:&quot;&quot;}\" data-image-title=\"00150m\" data-image-description=\"\" data-image-caption=\"\" data-medium-file=\"https:\/\/i0.wp.com\/www.moda.es\/blog\/wp-content\/uploads\/2012\/02\/00150m1.jpg?fit=200%2C300\" data-large-file=\"https:\/\/i0.wp.com\/www.moda.es\/blog\/wp-content\/uploads\/2012\/02\/00150m1.jpg?fit=320%2C480\" loading=\"lazy\" class=\"aligncenter size-full wp-image-5570\" src=\"https:\/\/i0.wp.com\/www.moda.es\/blog\/wp-content\/uploads\/2012\/02\/00150m1.jpg?resize=320%2C480\" alt=\"\" width=\"320\" height=\"480\" srcset=\"https:\/\/i0.wp.com\/www.moda.es\/blog\/wp-content\/uploads\/2012\/02\/00150m1.jpg?w=320 320w, https:\/\/i0.wp.com\/www.moda.es\/blog\/wp-content\/uploads\/2012\/02\/00150m1.jpg?resize=200%2C300 200w\" sizes=\"(max-width: 320px) 100vw, 320px\" data-recalc-dims=\"1\" \/><\/a><\/p>\n<p>El pr\u00f3ximo invierno de Marc by Marc Jacobs viene sobrio y marcial. Pero envuelto en papel de regalo, uno de los 90.<\/p>\n","protected":false},"excerpt":{"rendered":"<p>Las semanas de la moda se suceden una tras otra, sin descanso. Nos es imposible abarcarlo todo, por eso, aqu\u00ed, de vez en cuando, os hablamos de las colecciones que m\u00e1s nos han gustado o aquellas de los dise\u00f1adores que veneramos. Entre ellos, Marc Jacobs, cuya \u00faltima colecci\u00f3n para Marc [&hellip;]<\/p>\n","protected":false},"author":2,"featured_media":16710,"comment_status":"open","ping_status":"open","sticky":false,"template":"","format":"standard","meta":{"jetpack_publicize_message":"","jetpack_is_tweetstorm":false,"jetpack_publicize_feature_enabled":true},"categories":[23],"tags":[],"jetpack_publicize_connections":[],"jetpack_featured_media_url":"https:\/\/i0.wp.com\/www.moda.es\/blog\/wp-content\/uploads\/2012\/02\/00010m2.jpg?fit=320%2C480","jetpack_sharing_enabled":true,"jetpack_shortlink":"https:\/\/wp.me\/p4tJCC-1rC","jetpack-related-posts":[{"id":19222,"url":"http:\/\/www.moda.es\/blog\/como-sobrevivir-a-marc-jacobs\/","url_meta":{"origin":5556,"position":0},"title":"C\u00f3mo sobrevivir a Marc Jacobs","date":"abril 6, 2015","format":false,"excerpt":"Hace algunos d\u00edas Marc Jacobs anunciaba el cierre de su segunda l\u00ednea, Marc by Marc Jacobs, y el fashion business se hizo la pregunta obligada: \u00bfqu\u00e9 pasar\u00eda ahora con Katie Hillier y Luella Bartley, la talentosa pareja de dise\u00f1adoras detr\u00e1s de la marca? Afortunadamente hay vida m\u00e1s all\u00e1 de Marc\u2026","rel":"","context":"En \u00abActualidad\u00bb","img":{"alt_text":"","src":"https:\/\/i0.wp.com\/www.moda.es\/blog\/wp-content\/uploads\/2015\/04\/mmjcb.jpg?fit=650%2C488&resize=350%2C200","width":350,"height":200},"classes":[]},{"id":19296,"url":"http:\/\/www.moda.es\/blog\/hacer-deporte-con-estilo\/","url_meta":{"origin":5556,"position":1},"title":"Hacer deporte con estilo&#8230;","date":"abril 23, 2015","format":false,"excerpt":"...es posible gracias a Adidas X Topshop. Topshop y Adidas Originals se han unido para crear una exclusiva colecci\u00f3n c\u00e1psula de siete piezas. La colaboraci\u00f3n une al gigante de la moda low cost con una marca l\u00edder e ic\u00f3nica de la ropa deportiva, con su popular chaqueta como prenda estre\u00f1\u00f1a\u2026","rel":"","context":"En \u00abDestacados\u00bb","img":{"alt_text":"","src":"https:\/\/i0.wp.com\/www.moda.es\/blog\/wp-content\/uploads\/2015\/04\/adidas2.jpg?fit=650%2C975&resize=350%2C200","width":350,"height":200},"classes":[]},{"id":15501,"url":"http:\/\/www.moda.es\/blog\/miley-marc-la-primavera-y-una-polemica\/","url_meta":{"origin":5556,"position":2},"title":"Miley, Marc, la primavera y una pol\u00e9mica","date":"enero 9, 2014","format":false,"excerpt":"Miley Cyrus es la nueva cara de Marc Jacobs. Una playa de Los \u00c1ngeles, uno de los mejores dise\u00f1adores y el objetivo del gran David Sims se han encontrado para poner a la cantante como imagen de la marca. \"A todos nos encanta ella y todo lo que representa, su\u2026","rel":"","context":"En \u00abDestacados\u00bb","img":{"alt_text":"","src":"https:\/\/i0.wp.com\/www.moda.es\/blog\/wp-content\/uploads\/2014\/01\/MARC-JACOBS-MILEY-CYRUS11.jpg?fit=500%2C333&resize=350%2C200","width":350,"height":200},"classes":[]},{"id":13030,"url":"http:\/\/www.moda.es\/blog\/ponme-mona-marc\/","url_meta":{"origin":5556,"position":3},"title":"Ponme \u00abmona\u00bb Marc!","date":"junio 14, 2013","format":false,"excerpt":"Hace un a\u00f1o se anunci\u00f3 y casi me mareo, esta semana al fin han dejado a los suertudos de WWD echar un vistazo. La cuenta atr\u00e1s ya ha empezado y yo ya no puedo esperar. El lanzamiento de la colecci\u00f3n de maquillaje de Marc Jacobs en colaboraci\u00f3n con Sephora ya\u2026","rel":"","context":"En \u00abActualidad\u00bb","img":{"alt_text":"","src":"https:\/\/i0.wp.com\/www.moda.es\/blog\/wp-content\/uploads\/2013\/06\/Marc-Jacobs-Beauty-11.jpg?fit=400%2C266&resize=350%2C200","width":350,"height":200},"classes":[]},{"id":17372,"url":"http:\/\/www.moda.es\/blog\/eligeme-marc\/","url_meta":{"origin":5556,"position":4},"title":"El\u00edgeme, Marc","date":"abril 4, 2014","format":false,"excerpt":"El \u00fanico genio vivo despu\u00e9s de John Galliano, Marc Jacobs, se asoci\u00f3 con la consultora y dise\u00f1adora de accesorios Katie Hillier y a la periodista y dise\u00f1adora Luella Bartley para su segunda l\u00ednea Marc by Marc Jacobs y ahora ambas est\u00e1n rastreando las redes sociales sin descanso para encontrar a\u2026","rel":"","context":"En \u00abActualidad\u00bb","img":{"alt_text":"","src":"https:\/\/i0.wp.com\/www.moda.es\/blog\/wp-content\/uploads\/2014\/04\/marc-jacobs.jpg?fit=650%2C975&resize=350%2C200","width":350,"height":200},"classes":[]},{"id":22382,"url":"http:\/\/www.moda.es\/blog\/marc-jacobs-podria-dejar-marc-jacobs\/","url_meta":{"origin":5556,"position":5},"title":"Marc Jacobs podr\u00eda dejar&#8230; Marc Jacobs","date":"julio 28, 2017","format":false,"excerpt":"Parece que las cosas no est\u00e1n muy bien en Marc Jacobs en este momento. La marca propiedad de LVMH est\u00e1 en medio de una revisi\u00f3n masiva del negocio. \"Hoy en d\u00eda, los analistas estiman que la reestructuraci\u00f3n del negocio podr\u00eda significar que actualmente vale la mitad de lo que val\u00eda\u2026","rel":"","context":"En \u00abActualidad\u00bb","img":{"alt_text":"","src":"https:\/\/i0.wp.com\/www.moda.es\/blog\/wp-content\/uploads\/2017\/07\/Captura-de-pantalla-2017-07-25-a-las-23.01.18-1.png?fit=353%2C537&resize=350%2C200","width":350,"height":200},"classes":[]}],"_links":{"self":[{"href":"http:\/\/www.moda.es\/blog\/wp-json\/wp\/v2\/posts\/5556"}],"collection":[{"href":"http:\/\/www.moda.es\/blog\/wp-json\/wp\/v2\/posts"}],"about":[{"href":"http:\/\/www.moda.es\/blog\/wp-json\/wp\/v2\/types\/post"}],"author":[{"embeddable":true,"href":"http:\/\/www.moda.es\/blog\/wp-json\/wp\/v2\/users\/2"}],"replies":[{"embeddable":true,"href":"http:\/\/www.moda.es\/blog\/wp-json\/wp\/v2\/comments?post=5556"}],"version-history":[{"count":0,"href":"http:\/\/www.moda.es\/blog\/wp-json\/wp\/v2\/posts\/5556\/revisions"}],"wp:featuredmedia":[{"embeddable":true,"href":"http:\/\/www.moda.es\/blog\/wp-json\/wp\/v2\/media\/16710"}],"wp:attachment":[{"href":"http:\/\/www.moda.es\/blog\/wp-json\/wp\/v2\/media?parent=5556"}],"wp:term":[{"taxonomy":"category","embeddable":true,"href":"http:\/\/www.moda.es\/blog\/wp-json\/wp\/v2\/categories?post=5556"},{"taxonomy":"post_tag","embeddable":true,"href":"http:\/\/www.moda.es\/blog\/wp-json\/wp\/v2\/tags?post=5556"}],"curies":[{"name":"wp","href":"https:\/\/api.w.org\/{rel}","templated":true}]}}