{"id":5353,"date":"2012-02-03T01:50:01","date_gmt":"2012-02-02T23:50:01","guid":{"rendered":"http:\/\/www.moda.es\/blog\/?p=5353"},"modified":"2012-02-03T01:50:01","modified_gmt":"2012-02-02T23:50:01","slug":"mbfwm-favorito-del-dia-2","status":"publish","type":"post","link":"http:\/\/www.moda.es\/blog\/mbfwm-favorito-del-dia-2\/","title":{"rendered":"MBFWM, favorito del d\u00eda 2"},"content":{"rendered":"<figure id=\"attachment_5357\" aria-describedby=\"caption-attachment-5357\" style=\"width: 333px\" class=\"wp-caption aligncenter\"><a href=\"https:\/\/i0.wp.com\/www.moda.es\/blog\/wp-content\/uploads\/2012\/02\/desfile_ailanto_cibeles_mercedes_benz_fashion_week_madrid_124799736_635x.jpg\"><img data-attachment-id=\"5357\" data-permalink=\"http:\/\/www.moda.es\/blog\/desfile_ailanto_cibeles_mercedes_benz_fashion_week_madrid_124799736_635x\/\" data-orig-file=\"https:\/\/i0.wp.com\/www.moda.es\/blog\/wp-content\/uploads\/2012\/02\/desfile_ailanto_cibeles_mercedes_benz_fashion_week_madrid_124799736_635x-e1328225632108.jpg?fit=333%2C500\" data-orig-size=\"333,500\" data-comments-opened=\"1\" data-image-meta=\"{&quot;aperture&quot;:&quot;0&quot;,&quot;credit&quot;:&quot;&quot;,&quot;camera&quot;:&quot;&quot;,&quot;caption&quot;:&quot;&quot;,&quot;created_timestamp&quot;:&quot;0&quot;,&quot;copyright&quot;:&quot;&quot;,&quot;focal_length&quot;:&quot;0&quot;,&quot;iso&quot;:&quot;0&quot;,&quot;shutter_speed&quot;:&quot;0&quot;,&quot;title&quot;:&quot;&quot;}\" data-image-title=\"desfile_ailanto_cibeles_mercedes_benz_fashion_week_madrid_124799736_635x\" data-image-description=\"\" data-image-caption=\"&lt;p&gt;Ailanto. Foto via smoda.elpais.com&lt;\/p&gt;\n\" data-medium-file=\"https:\/\/i0.wp.com\/www.moda.es\/blog\/wp-content\/uploads\/2012\/02\/desfile_ailanto_cibeles_mercedes_benz_fashion_week_madrid_124799736_635x-e1328225632108.jpg?fit=199%2C300\" data-large-file=\"https:\/\/i0.wp.com\/www.moda.es\/blog\/wp-content\/uploads\/2012\/02\/desfile_ailanto_cibeles_mercedes_benz_fashion_week_madrid_124799736_635x-e1328225632108.jpg?fit=333%2C500\" loading=\"lazy\" class=\"size-full wp-image-5357\" src=\"https:\/\/i0.wp.com\/www.moda.es\/blog\/wp-content\/uploads\/2012\/02\/desfile_ailanto_cibeles_mercedes_benz_fashion_week_madrid_124799736_635x-e1328225632108.jpg?resize=333%2C500\" alt=\"\" width=\"333\" height=\"500\" srcset=\"https:\/\/i0.wp.com\/www.moda.es\/blog\/wp-content\/uploads\/2012\/02\/desfile_ailanto_cibeles_mercedes_benz_fashion_week_madrid_124799736_635x-e1328225632108.jpg?w=333 333w, https:\/\/i0.wp.com\/www.moda.es\/blog\/wp-content\/uploads\/2012\/02\/desfile_ailanto_cibeles_mercedes_benz_fashion_week_madrid_124799736_635x-e1328225632108.jpg?resize=199%2C300 199w\" sizes=\"(max-width: 333px) 100vw, 333px\" data-recalc-dims=\"1\" \/><\/a><figcaption id=\"caption-attachment-5357\" class=\"wp-caption-text\">Ailanto. Foto via smoda.elpais.com<\/figcaption><\/figure>\n<p>Ailanto es una de nuestras firmas preferidas. Nos conquist\u00f3 por sus estampados en una buena conjunci\u00f3n con tejidos delicados. En la nueva jornada de la Mercedes-Benz Fashion Week Madrid con las propuestas para el oto\u00f1o-invierno 2012\/2013, esta firma ha sido la primera en desfilar. Los gemelos Mu\u00f1oz han demostrado su buen hacer con los estampados. Esta vez han revisitado la est\u00e9tica de la <em>Chinoiserie<\/em>, la de la estampaci\u00f3n propia de los biombos o tapices de inpiraci\u00f3n orientalista. En sus dibujos se ve\u00edan nen\u00fafares, tilos y otros elementos naturales.<\/p>\n<figure id=\"attachment_5359\" aria-describedby=\"caption-attachment-5359\" style=\"width: 333px\" class=\"wp-caption aligncenter\"><a href=\"https:\/\/i0.wp.com\/www.moda.es\/blog\/wp-content\/uploads\/2012\/02\/desfile_ailanto_cibeles_mercedes_benz_fashion_week_madrid_65483109_635x.jpg\"><img data-attachment-id=\"5359\" data-permalink=\"http:\/\/www.moda.es\/blog\/desfile_ailanto_cibeles_mercedes_benz_fashion_week_madrid_65483109_635x\/\" data-orig-file=\"https:\/\/i0.wp.com\/www.moda.es\/blog\/wp-content\/uploads\/2012\/02\/desfile_ailanto_cibeles_mercedes_benz_fashion_week_madrid_65483109_635x-e1328225989580.jpg?fit=333%2C500\" data-orig-size=\"333,500\" data-comments-opened=\"1\" data-image-meta=\"{&quot;aperture&quot;:&quot;0&quot;,&quot;credit&quot;:&quot;&quot;,&quot;camera&quot;:&quot;&quot;,&quot;caption&quot;:&quot;&quot;,&quot;created_timestamp&quot;:&quot;0&quot;,&quot;copyright&quot;:&quot;&quot;,&quot;focal_length&quot;:&quot;0&quot;,&quot;iso&quot;:&quot;0&quot;,&quot;shutter_speed&quot;:&quot;0&quot;,&quot;title&quot;:&quot;&quot;}\" data-image-title=\"desfile_ailanto_cibeles_mercedes_benz_fashion_week_madrid_65483109_635x\" data-image-description=\"\" data-image-caption=\"&lt;p&gt;Foto via smoda.elpais.com &lt;\/p&gt;\n\" data-medium-file=\"https:\/\/i0.wp.com\/www.moda.es\/blog\/wp-content\/uploads\/2012\/02\/desfile_ailanto_cibeles_mercedes_benz_fashion_week_madrid_65483109_635x-e1328225989580.jpg?fit=199%2C300\" data-large-file=\"https:\/\/i0.wp.com\/www.moda.es\/blog\/wp-content\/uploads\/2012\/02\/desfile_ailanto_cibeles_mercedes_benz_fashion_week_madrid_65483109_635x-e1328225989580.jpg?fit=333%2C500\" loading=\"lazy\" class=\"size-full wp-image-5359\" src=\"https:\/\/i0.wp.com\/www.moda.es\/blog\/wp-content\/uploads\/2012\/02\/desfile_ailanto_cibeles_mercedes_benz_fashion_week_madrid_65483109_635x-e1328225989580.jpg?resize=333%2C500\" alt=\"\" width=\"333\" height=\"500\" srcset=\"https:\/\/i0.wp.com\/www.moda.es\/blog\/wp-content\/uploads\/2012\/02\/desfile_ailanto_cibeles_mercedes_benz_fashion_week_madrid_65483109_635x-e1328225989580.jpg?w=333 333w, https:\/\/i0.wp.com\/www.moda.es\/blog\/wp-content\/uploads\/2012\/02\/desfile_ailanto_cibeles_mercedes_benz_fashion_week_madrid_65483109_635x-e1328225989580.jpg?resize=199%2C300 199w\" sizes=\"(max-width: 333px) 100vw, 333px\" data-recalc-dims=\"1\" \/><\/a><figcaption id=\"caption-attachment-5359\" class=\"wp-caption-text\">Foto via smoda.elpais.com<\/figcaption><\/figure>\n<p>Su paleta, en lugar de la presumible explosi\u00f3n de color oriental, se movi\u00f3 entre tonos invernales como el negro, el gris (perla) o teja y otros m\u00e1s suaves, como el beige y malva. Ha destacado el trabajo de los tejidos que tienen un acabado brillante, como si fuera de lacado o barnizado, que puede recordar al de algunos aparadores chinos.<\/p>\n<figure id=\"attachment_5362\" aria-describedby=\"caption-attachment-5362\" style=\"width: 320px\" class=\"wp-caption aligncenter\"><a href=\"https:\/\/i0.wp.com\/www.moda.es\/blog\/wp-content\/uploads\/2012\/02\/ailanto___pasarela__35642597_320x480.jpg\"><img data-attachment-id=\"5362\" data-permalink=\"http:\/\/www.moda.es\/blog\/ailanto___pasarela__35642597_320x480\/\" data-orig-file=\"https:\/\/i0.wp.com\/www.moda.es\/blog\/wp-content\/uploads\/2012\/02\/ailanto___pasarela__35642597_320x480.jpg?fit=320%2C480\" data-orig-size=\"320,480\" data-comments-opened=\"1\" data-image-meta=\"{&quot;aperture&quot;:&quot;0&quot;,&quot;credit&quot;:&quot;&quot;,&quot;camera&quot;:&quot;&quot;,&quot;caption&quot;:&quot;&quot;,&quot;created_timestamp&quot;:&quot;0&quot;,&quot;copyright&quot;:&quot;&quot;,&quot;focal_length&quot;:&quot;0&quot;,&quot;iso&quot;:&quot;0&quot;,&quot;shutter_speed&quot;:&quot;0&quot;,&quot;title&quot;:&quot;&quot;}\" data-image-title=\"ailanto___pasarela__35642597_320x480\" data-image-description=\"\" data-image-caption=\"&lt;p&gt;Foto via www.vogue.es&lt;\/p&gt;\n\" data-medium-file=\"https:\/\/i0.wp.com\/www.moda.es\/blog\/wp-content\/uploads\/2012\/02\/ailanto___pasarela__35642597_320x480.jpg?fit=200%2C300\" data-large-file=\"https:\/\/i0.wp.com\/www.moda.es\/blog\/wp-content\/uploads\/2012\/02\/ailanto___pasarela__35642597_320x480.jpg?fit=320%2C480\" loading=\"lazy\" class=\"size-full wp-image-5362\" src=\"https:\/\/i0.wp.com\/www.moda.es\/blog\/wp-content\/uploads\/2012\/02\/ailanto___pasarela__35642597_320x480.jpg?resize=320%2C480\" alt=\"\" width=\"320\" height=\"480\" srcset=\"https:\/\/i0.wp.com\/www.moda.es\/blog\/wp-content\/uploads\/2012\/02\/ailanto___pasarela__35642597_320x480.jpg?w=320 320w, https:\/\/i0.wp.com\/www.moda.es\/blog\/wp-content\/uploads\/2012\/02\/ailanto___pasarela__35642597_320x480.jpg?resize=200%2C300 200w\" sizes=\"(max-width: 320px) 100vw, 320px\" data-recalc-dims=\"1\" \/><\/a><figcaption id=\"caption-attachment-5362\" class=\"wp-caption-text\">Foto via www.vogue.es<\/figcaption><\/figure>\n<figure id=\"attachment_5363\" aria-describedby=\"caption-attachment-5363\" style=\"width: 320px\" class=\"wp-caption aligncenter\"><a href=\"https:\/\/i0.wp.com\/www.moda.es\/blog\/wp-content\/uploads\/2012\/02\/ailanto___pasarela__187971185_320x480.jpg\"><img data-attachment-id=\"5363\" data-permalink=\"http:\/\/www.moda.es\/blog\/ailanto___pasarela__187971185_320x480\/\" data-orig-file=\"https:\/\/i0.wp.com\/www.moda.es\/blog\/wp-content\/uploads\/2012\/02\/ailanto___pasarela__187971185_320x480.jpg?fit=320%2C480\" data-orig-size=\"320,480\" data-comments-opened=\"1\" data-image-meta=\"{&quot;aperture&quot;:&quot;0&quot;,&quot;credit&quot;:&quot;&quot;,&quot;camera&quot;:&quot;&quot;,&quot;caption&quot;:&quot;&quot;,&quot;created_timestamp&quot;:&quot;0&quot;,&quot;copyright&quot;:&quot;&quot;,&quot;focal_length&quot;:&quot;0&quot;,&quot;iso&quot;:&quot;0&quot;,&quot;shutter_speed&quot;:&quot;0&quot;,&quot;title&quot;:&quot;&quot;}\" data-image-title=\"ailanto___pasarela__187971185_320x480\" data-image-description=\"\" data-image-caption=\"&lt;p&gt;Foto via www.vogue.es&lt;\/p&gt;\n\" data-medium-file=\"https:\/\/i0.wp.com\/www.moda.es\/blog\/wp-content\/uploads\/2012\/02\/ailanto___pasarela__187971185_320x480.jpg?fit=200%2C300\" data-large-file=\"https:\/\/i0.wp.com\/www.moda.es\/blog\/wp-content\/uploads\/2012\/02\/ailanto___pasarela__187971185_320x480.jpg?fit=320%2C480\" loading=\"lazy\" class=\"size-full wp-image-5363\" src=\"https:\/\/i0.wp.com\/www.moda.es\/blog\/wp-content\/uploads\/2012\/02\/ailanto___pasarela__187971185_320x480.jpg?resize=320%2C480\" alt=\"\" width=\"320\" height=\"480\" srcset=\"https:\/\/i0.wp.com\/www.moda.es\/blog\/wp-content\/uploads\/2012\/02\/ailanto___pasarela__187971185_320x480.jpg?w=320 320w, https:\/\/i0.wp.com\/www.moda.es\/blog\/wp-content\/uploads\/2012\/02\/ailanto___pasarela__187971185_320x480.jpg?resize=200%2C300 200w\" sizes=\"(max-width: 320px) 100vw, 320px\" data-recalc-dims=\"1\" \/><\/a><figcaption id=\"caption-attachment-5363\" class=\"wp-caption-text\">Foto via www.vogue.es<\/figcaption><\/figure>\n<p>La referencia oriental -incluso los pendientes- recordaba a la colecci\u00f3n de Louis Vuitton del verano de 2011 y en ciertos vestidos, en sus cortes, a los de Miu Miu de inspiraci\u00f3n a\u00f1os 40 de la actual colecci\u00f3n de invierno (ver la primera foto). A pesar de parecer tener estos cercanos referentes, la colecci\u00f3n que ha presentado Ailanto funciona muy bien, manteniendo su tradicional juego en la mezcla de texturas, y resultando una colecci\u00f3n coherente, muy est\u00e9tica al timepo que ponible.<\/p>\n<figure id=\"attachment_5364\" aria-describedby=\"caption-attachment-5364\" style=\"width: 320px\" class=\"wp-caption aligncenter\"><a href=\"https:\/\/i0.wp.com\/www.moda.es\/blog\/wp-content\/uploads\/2012\/02\/ailanto___pasarela__606584107_320x480.jpg\"><img data-attachment-id=\"5364\" data-permalink=\"http:\/\/www.moda.es\/blog\/ailanto___pasarela__606584107_320x480\/\" data-orig-file=\"https:\/\/i0.wp.com\/www.moda.es\/blog\/wp-content\/uploads\/2012\/02\/ailanto___pasarela__606584107_320x480.jpg?fit=320%2C480\" data-orig-size=\"320,480\" data-comments-opened=\"1\" data-image-meta=\"{&quot;aperture&quot;:&quot;0&quot;,&quot;credit&quot;:&quot;&quot;,&quot;camera&quot;:&quot;&quot;,&quot;caption&quot;:&quot;&quot;,&quot;created_timestamp&quot;:&quot;0&quot;,&quot;copyright&quot;:&quot;&quot;,&quot;focal_length&quot;:&quot;0&quot;,&quot;iso&quot;:&quot;0&quot;,&quot;shutter_speed&quot;:&quot;0&quot;,&quot;title&quot;:&quot;&quot;}\" data-image-title=\"ailanto___pasarela__606584107_320x480\" data-image-description=\"\" data-image-caption=\"&lt;p&gt;Foto via www.vogue.es&lt;\/p&gt;\n\" data-medium-file=\"https:\/\/i0.wp.com\/www.moda.es\/blog\/wp-content\/uploads\/2012\/02\/ailanto___pasarela__606584107_320x480.jpg?fit=200%2C300\" data-large-file=\"https:\/\/i0.wp.com\/www.moda.es\/blog\/wp-content\/uploads\/2012\/02\/ailanto___pasarela__606584107_320x480.jpg?fit=320%2C480\" loading=\"lazy\" class=\"size-full wp-image-5364\" src=\"https:\/\/i0.wp.com\/www.moda.es\/blog\/wp-content\/uploads\/2012\/02\/ailanto___pasarela__606584107_320x480.jpg?resize=320%2C480\" alt=\"\" width=\"320\" height=\"480\" srcset=\"https:\/\/i0.wp.com\/www.moda.es\/blog\/wp-content\/uploads\/2012\/02\/ailanto___pasarela__606584107_320x480.jpg?w=320 320w, https:\/\/i0.wp.com\/www.moda.es\/blog\/wp-content\/uploads\/2012\/02\/ailanto___pasarela__606584107_320x480.jpg?resize=200%2C300 200w\" sizes=\"(max-width: 320px) 100vw, 320px\" data-recalc-dims=\"1\" \/><\/a><figcaption id=\"caption-attachment-5364\" class=\"wp-caption-text\">Foto via www.vogue.es<\/figcaption><\/figure>\n<figure id=\"attachment_5365\" aria-describedby=\"caption-attachment-5365\" style=\"width: 320px\" class=\"wp-caption aligncenter\"><a href=\"https:\/\/i0.wp.com\/www.moda.es\/blog\/wp-content\/uploads\/2012\/02\/ailanto___pasarela__635827204_320x480.jpg\"><img data-attachment-id=\"5365\" data-permalink=\"http:\/\/www.moda.es\/blog\/ailanto___pasarela__635827204_320x480\/\" data-orig-file=\"https:\/\/i0.wp.com\/www.moda.es\/blog\/wp-content\/uploads\/2012\/02\/ailanto___pasarela__635827204_320x480.jpg?fit=320%2C480\" data-orig-size=\"320,480\" data-comments-opened=\"1\" data-image-meta=\"{&quot;aperture&quot;:&quot;0&quot;,&quot;credit&quot;:&quot;&quot;,&quot;camera&quot;:&quot;&quot;,&quot;caption&quot;:&quot;&quot;,&quot;created_timestamp&quot;:&quot;0&quot;,&quot;copyright&quot;:&quot;&quot;,&quot;focal_length&quot;:&quot;0&quot;,&quot;iso&quot;:&quot;0&quot;,&quot;shutter_speed&quot;:&quot;0&quot;,&quot;title&quot;:&quot;&quot;}\" data-image-title=\"ailanto___pasarela__635827204_320x480\" data-image-description=\"\" data-image-caption=\"&lt;p&gt;Foto via www.vogue.es&lt;\/p&gt;\n\" data-medium-file=\"https:\/\/i0.wp.com\/www.moda.es\/blog\/wp-content\/uploads\/2012\/02\/ailanto___pasarela__635827204_320x480.jpg?fit=200%2C300\" data-large-file=\"https:\/\/i0.wp.com\/www.moda.es\/blog\/wp-content\/uploads\/2012\/02\/ailanto___pasarela__635827204_320x480.jpg?fit=320%2C480\" loading=\"lazy\" class=\"size-full wp-image-5365\" src=\"https:\/\/i0.wp.com\/www.moda.es\/blog\/wp-content\/uploads\/2012\/02\/ailanto___pasarela__635827204_320x480.jpg?resize=320%2C480\" alt=\"\" width=\"320\" height=\"480\" srcset=\"https:\/\/i0.wp.com\/www.moda.es\/blog\/wp-content\/uploads\/2012\/02\/ailanto___pasarela__635827204_320x480.jpg?w=320 320w, https:\/\/i0.wp.com\/www.moda.es\/blog\/wp-content\/uploads\/2012\/02\/ailanto___pasarela__635827204_320x480.jpg?resize=200%2C300 200w\" sizes=\"(max-width: 320px) 100vw, 320px\" data-recalc-dims=\"1\" \/><\/a><figcaption id=\"caption-attachment-5365\" class=\"wp-caption-text\">Foto via www.vogue.es<\/figcaption><\/figure>\n<figure id=\"attachment_5366\" aria-describedby=\"caption-attachment-5366\" style=\"width: 333px\" class=\"wp-caption aligncenter\"><a href=\"https:\/\/i0.wp.com\/www.moda.es\/blog\/wp-content\/uploads\/2012\/02\/desfile_ailanto_cibeles_mercedes_benz_fashion_week_madrid_31316317_635x.jpg\"><img data-attachment-id=\"5366\" data-permalink=\"http:\/\/www.moda.es\/blog\/desfile_ailanto_cibeles_mercedes_benz_fashion_week_madrid_31316317_635x\/\" data-orig-file=\"https:\/\/i0.wp.com\/www.moda.es\/blog\/wp-content\/uploads\/2012\/02\/desfile_ailanto_cibeles_mercedes_benz_fashion_week_madrid_31316317_635x-e1328227817374.jpg?fit=333%2C500\" data-orig-size=\"333,500\" data-comments-opened=\"1\" data-image-meta=\"{&quot;aperture&quot;:&quot;0&quot;,&quot;credit&quot;:&quot;&quot;,&quot;camera&quot;:&quot;&quot;,&quot;caption&quot;:&quot;&quot;,&quot;created_timestamp&quot;:&quot;0&quot;,&quot;copyright&quot;:&quot;&quot;,&quot;focal_length&quot;:&quot;0&quot;,&quot;iso&quot;:&quot;0&quot;,&quot;shutter_speed&quot;:&quot;0&quot;,&quot;title&quot;:&quot;&quot;}\" data-image-title=\"desfile_ailanto_cibeles_mercedes_benz_fashion_week_madrid_31316317_635x\" data-image-description=\"\" data-image-caption=\"&lt;p&gt;Foto via smoda.elpais.com &lt;\/p&gt;\n\" data-medium-file=\"https:\/\/i0.wp.com\/www.moda.es\/blog\/wp-content\/uploads\/2012\/02\/desfile_ailanto_cibeles_mercedes_benz_fashion_week_madrid_31316317_635x-e1328227817374.jpg?fit=199%2C300\" data-large-file=\"https:\/\/i0.wp.com\/www.moda.es\/blog\/wp-content\/uploads\/2012\/02\/desfile_ailanto_cibeles_mercedes_benz_fashion_week_madrid_31316317_635x-e1328227817374.jpg?fit=333%2C500\" loading=\"lazy\" class=\"size-full wp-image-5366\" src=\"https:\/\/i0.wp.com\/www.moda.es\/blog\/wp-content\/uploads\/2012\/02\/desfile_ailanto_cibeles_mercedes_benz_fashion_week_madrid_31316317_635x-e1328227817374.jpg?resize=333%2C500\" alt=\"\" width=\"333\" height=\"500\" srcset=\"https:\/\/i0.wp.com\/www.moda.es\/blog\/wp-content\/uploads\/2012\/02\/desfile_ailanto_cibeles_mercedes_benz_fashion_week_madrid_31316317_635x-e1328227817374.jpg?w=333 333w, https:\/\/i0.wp.com\/www.moda.es\/blog\/wp-content\/uploads\/2012\/02\/desfile_ailanto_cibeles_mercedes_benz_fashion_week_madrid_31316317_635x-e1328227817374.jpg?resize=199%2C300 199w\" sizes=\"(max-width: 333px) 100vw, 333px\" data-recalc-dims=\"1\" \/><\/a><figcaption id=\"caption-attachment-5366\" class=\"wp-caption-text\">Foto via smoda.elpais.com<\/figcaption><\/figure>\n<figure id=\"attachment_5368\" aria-describedby=\"caption-attachment-5368\" style=\"width: 320px\" class=\"wp-caption aligncenter\"><a href=\"https:\/\/i0.wp.com\/www.moda.es\/blog\/wp-content\/uploads\/2012\/02\/ailanto___pasarela__635129227_320x480.jpg\"><img data-attachment-id=\"5368\" data-permalink=\"http:\/\/www.moda.es\/blog\/ailanto___pasarela__635129227_320x480\/\" data-orig-file=\"https:\/\/i0.wp.com\/www.moda.es\/blog\/wp-content\/uploads\/2012\/02\/ailanto___pasarela__635129227_320x480.jpg?fit=320%2C480\" data-orig-size=\"320,480\" data-comments-opened=\"1\" data-image-meta=\"{&quot;aperture&quot;:&quot;0&quot;,&quot;credit&quot;:&quot;&quot;,&quot;camera&quot;:&quot;&quot;,&quot;caption&quot;:&quot;&quot;,&quot;created_timestamp&quot;:&quot;0&quot;,&quot;copyright&quot;:&quot;&quot;,&quot;focal_length&quot;:&quot;0&quot;,&quot;iso&quot;:&quot;0&quot;,&quot;shutter_speed&quot;:&quot;0&quot;,&quot;title&quot;:&quot;&quot;}\" data-image-title=\"ailanto___pasarela__635129227_320x480\" data-image-description=\"\" data-image-caption=\"&lt;p&gt;Foto via www.vogue.es&lt;\/p&gt;\n\" data-medium-file=\"https:\/\/i0.wp.com\/www.moda.es\/blog\/wp-content\/uploads\/2012\/02\/ailanto___pasarela__635129227_320x480.jpg?fit=200%2C300\" data-large-file=\"https:\/\/i0.wp.com\/www.moda.es\/blog\/wp-content\/uploads\/2012\/02\/ailanto___pasarela__635129227_320x480.jpg?fit=320%2C480\" loading=\"lazy\" class=\"size-full wp-image-5368\" src=\"https:\/\/i0.wp.com\/www.moda.es\/blog\/wp-content\/uploads\/2012\/02\/ailanto___pasarela__635129227_320x480.jpg?resize=320%2C480\" alt=\"\" width=\"320\" height=\"480\" srcset=\"https:\/\/i0.wp.com\/www.moda.es\/blog\/wp-content\/uploads\/2012\/02\/ailanto___pasarela__635129227_320x480.jpg?w=320 320w, https:\/\/i0.wp.com\/www.moda.es\/blog\/wp-content\/uploads\/2012\/02\/ailanto___pasarela__635129227_320x480.jpg?resize=200%2C300 200w\" sizes=\"(max-width: 320px) 100vw, 320px\" data-recalc-dims=\"1\" \/><\/a><figcaption id=\"caption-attachment-5368\" class=\"wp-caption-text\">Foto via www.vogue.es<\/figcaption><\/figure>\n<p>&nbsp;<\/p>\n<figure id=\"attachment_5367\" aria-describedby=\"caption-attachment-5367\" style=\"width: 320px\" class=\"wp-caption aligncenter\"><a href=\"https:\/\/i0.wp.com\/www.moda.es\/blog\/wp-content\/uploads\/2012\/02\/ailanto___pasarela__408783704_320x480.jpg\"><img data-attachment-id=\"5367\" data-permalink=\"http:\/\/www.moda.es\/blog\/ailanto___pasarela__408783704_320x480\/\" data-orig-file=\"https:\/\/i0.wp.com\/www.moda.es\/blog\/wp-content\/uploads\/2012\/02\/ailanto___pasarela__408783704_320x480.jpg?fit=320%2C480\" data-orig-size=\"320,480\" data-comments-opened=\"1\" data-image-meta=\"{&quot;aperture&quot;:&quot;0&quot;,&quot;credit&quot;:&quot;&quot;,&quot;camera&quot;:&quot;&quot;,&quot;caption&quot;:&quot;&quot;,&quot;created_timestamp&quot;:&quot;0&quot;,&quot;copyright&quot;:&quot;&quot;,&quot;focal_length&quot;:&quot;0&quot;,&quot;iso&quot;:&quot;0&quot;,&quot;shutter_speed&quot;:&quot;0&quot;,&quot;title&quot;:&quot;&quot;}\" data-image-title=\"ailanto___pasarela__408783704_320x480\" data-image-description=\"\" data-image-caption=\"&lt;p&gt;Foto via www.vogue.es&lt;\/p&gt;\n\" data-medium-file=\"https:\/\/i0.wp.com\/www.moda.es\/blog\/wp-content\/uploads\/2012\/02\/ailanto___pasarela__408783704_320x480.jpg?fit=200%2C300\" data-large-file=\"https:\/\/i0.wp.com\/www.moda.es\/blog\/wp-content\/uploads\/2012\/02\/ailanto___pasarela__408783704_320x480.jpg?fit=320%2C480\" loading=\"lazy\" class=\"size-full wp-image-5367\" src=\"https:\/\/i0.wp.com\/www.moda.es\/blog\/wp-content\/uploads\/2012\/02\/ailanto___pasarela__408783704_320x480.jpg?resize=320%2C480\" alt=\"\" width=\"320\" height=\"480\" srcset=\"https:\/\/i0.wp.com\/www.moda.es\/blog\/wp-content\/uploads\/2012\/02\/ailanto___pasarela__408783704_320x480.jpg?w=320 320w, https:\/\/i0.wp.com\/www.moda.es\/blog\/wp-content\/uploads\/2012\/02\/ailanto___pasarela__408783704_320x480.jpg?resize=200%2C300 200w\" sizes=\"(max-width: 320px) 100vw, 320px\" data-recalc-dims=\"1\" \/><\/a><figcaption id=\"caption-attachment-5367\" class=\"wp-caption-text\">Foto via www.vogue.es<\/figcaption><\/figure>\n<p>&nbsp;<\/p>\n","protected":false},"excerpt":{"rendered":"<p>Ailanto es una de nuestras firmas preferidas. Nos conquist\u00f3 por sus estampados en una buena conjunci\u00f3n con tejidos delicados. En la nueva jornada de la Mercedes-Benz Fashion Week Madrid con las propuestas para el oto\u00f1o-invierno 2012\/2013, esta firma ha sido la primera en desfilar. Los gemelos Mu\u00f1oz han demostrado su [&hellip;]<\/p>\n","protected":false},"author":2,"featured_media":16695,"comment_status":"open","ping_status":"open","sticky":false,"template":"","format":"standard","meta":{"jetpack_publicize_message":"","jetpack_is_tweetstorm":false,"jetpack_publicize_feature_enabled":true},"categories":[23],"tags":[],"jetpack_publicize_connections":[],"jetpack_featured_media_url":"https:\/\/i0.wp.com\/www.moda.es\/blog\/wp-content\/uploads\/2012\/02\/desfile_ailanto_cibeles_mercedes_benz_fashion_week_madrid_124799736_635x-e13282256321081.jpg?fit=333%2C500","jetpack_sharing_enabled":true,"jetpack_shortlink":"https:\/\/wp.me\/p4tJCC-1ol","jetpack-related-posts":[{"id":3396,"url":"http:\/\/www.moda.es\/blog\/delicadeza-ailanto\/","url_meta":{"origin":5353,"position":0},"title":"Delicadeza Ailanto","date":"septiembre 23, 2011","format":false,"excerpt":"La pasarela Cibeles est\u00e1 ya m\u00e1s que clausurada pero a\u00fan as\u00ed quer\u00eda hablar de los dise\u00f1adores que desfilan en esta plataforma y que me gustan desde sus inicios: Ailanto. En su d\u00e9cimo aniversario sobre las pasarelas presentaron una colecci\u00f3n de gran riqueza est\u00e9tica. Amarillos, rosas, plata, verdes agua, azules... mezclados\u2026","rel":"","context":"En \u00abDise\u00f1adores\u00bb","img":{"alt_text":"","src":"https:\/\/i0.wp.com\/www.moda.es\/blog\/wp-content\/uploads\/2011\/09\/471.jpg?fit=370%2C555&resize=350%2C200","width":350,"height":200},"classes":[]},{"id":2591,"url":"http:\/\/www.moda.es\/blog\/ailanto-en-nueva-york\/","url_meta":{"origin":5353,"position":1},"title":"Ailanto en Nueva York","date":"julio 8, 2011","format":false,"excerpt":"Hoy he tenido una jornada de trabajo inusual. Por suerte, he trabajado, caf\u00e9 en mano, con el mar enfrente. Y cuando estoy en la playa, como tengo m\u00e1s tiempo, disfruto una de mis rutinas que es comprar una revista de moda para leer con tranquilidad tumbada al sol. As\u00ed, esta\u2026","rel":"","context":"En \u00abDise\u00f1adores\u00bb","img":{"alt_text":"","src":"","width":0,"height":0},"classes":[]},{"id":924,"url":"http:\/\/www.moda.es\/blog\/revision-cibelina-2-lo-mejor-segun-este-blog\/","url_meta":{"origin":5353,"position":2},"title":"Revisi\u00f3n cibelina (2): lo mejor seg\u00fan este blog","date":"febrero 23, 2011","format":false,"excerpt":"Seis d\u00edas. Otra semana de moda, esta vez, espa\u00f1ola con todo un despliegue de dise\u00f1adores y colecciones dif\u00edciles de abarcar. Mientras tanto se inauguraba la pasarela de Londres que est\u00e1 en plena ebullici\u00f3n. As\u00ed que con tal n\u00famero de firmas\u00a0ense\u00f1ando novedades, mejor hacer una selecci\u00f3n de las mejores propuestas cibelinas.\u2026","rel":"","context":"En \u00abDise\u00f1adores\u00bb","img":{"alt_text":"","src":"https:\/\/i0.wp.com\/www.moda.es\/blog\/wp-content\/uploads\/2011\/02\/tumblr_lgzca3uBCi1qht6jlo1_5001.jpg?fit=500%2C335&resize=350%2C200","width":350,"height":200},"classes":[]},{"id":5657,"url":"http:\/\/www.moda.es\/blog\/llego-suturno\/","url_meta":{"origin":5353,"position":3},"title":"Lleg\u00f3 SuTurno","date":"febrero 24, 2012","format":false,"excerpt":"Los estampados de SuTurno gozan de una buena legi\u00f3n de fans. Y es que lo que gusta es el toque artesanal y el gusto por los materiales simples de car\u00e1cter atemporal de este estudio madrile\u00f1o formado por Julia Vergara y Javier Guti\u00e9rrez Bayo. El\u00a0t\u00e1ndem creativo explora diferentes campos: dise\u00f1o de\u2026","rel":"","context":"En \u00abFirmas\u00bb","img":{"alt_text":"","src":"https:\/\/i0.wp.com\/www.moda.es\/blog\/wp-content\/uploads\/2012\/02\/id02_SuTurno4-e13300444163161.jpg?fit=359%2C500&resize=350%2C200","width":350,"height":200},"classes":[]},{"id":1013,"url":"http:\/\/www.moda.es\/blog\/estampados-tamano-extra\/","url_meta":{"origin":5353,"position":4},"title":"Estampados tama\u00f1o extra","date":"marzo 2, 2011","format":false,"excerpt":"Hoy toca hablar de una de las tendencias de la Primavera\/ Verano. Aunque han vuelto a descender las temperaturas y soplar los vientos g\u00e9lidos, es hora de ir sumergi\u00e9ndonos en lo que llevaremos la pr\u00f3xima temporada -que ya est\u00e1 en las tiendas- permiti\u00e9ndonos so\u00f1ar con un tiempo mejor. Una de\u2026","rel":"","context":"En \u00abTendencias\u00bb","img":{"alt_text":"","src":"https:\/\/i0.wp.com\/www.stylediggers.com\/wp-content\/uploads\/2011\/01\/Stella-McCartney-Spring-2011-Campaign-3.jpg?resize=350%2C200","width":350,"height":200},"classes":[]},{"id":11682,"url":"http:\/\/www.moda.es\/blog\/liberty-en-clave-denim\/","url_meta":{"origin":5353,"position":5},"title":"Liberty en clave denim","date":"marzo 28, 2013","format":false,"excerpt":"No s\u00f3lo jeans y no s\u00f3lo estampados florales. La ic\u00f3nica marca inglesa Liberty London ha compartido sus emblem\u00e1ticos estampados de diminutas flores con el genio del denim californiano Adriano Goldschmied en una colaboraci\u00f3n exclusiva para la temporada Primavera - Verano 2013. Si est\u00e1s cansada de tachuelas, retales, pintadas, deste\u00f1idos y\u2026","rel":"","context":"En \u00abColecciones\u00bb","img":{"alt_text":"","src":"https:\/\/i0.wp.com\/www.moda.es\/blog\/wp-content\/uploads\/2013\/03\/Lberty-AG-131.jpg?fit=400%2C600&resize=350%2C200","width":350,"height":200},"classes":[]}],"_links":{"self":[{"href":"http:\/\/www.moda.es\/blog\/wp-json\/wp\/v2\/posts\/5353"}],"collection":[{"href":"http:\/\/www.moda.es\/blog\/wp-json\/wp\/v2\/posts"}],"about":[{"href":"http:\/\/www.moda.es\/blog\/wp-json\/wp\/v2\/types\/post"}],"author":[{"embeddable":true,"href":"http:\/\/www.moda.es\/blog\/wp-json\/wp\/v2\/users\/2"}],"replies":[{"embeddable":true,"href":"http:\/\/www.moda.es\/blog\/wp-json\/wp\/v2\/comments?post=5353"}],"version-history":[{"count":0,"href":"http:\/\/www.moda.es\/blog\/wp-json\/wp\/v2\/posts\/5353\/revisions"}],"wp:featuredmedia":[{"embeddable":true,"href":"http:\/\/www.moda.es\/blog\/wp-json\/wp\/v2\/media\/16695"}],"wp:attachment":[{"href":"http:\/\/www.moda.es\/blog\/wp-json\/wp\/v2\/media?parent=5353"}],"wp:term":[{"taxonomy":"category","embeddable":true,"href":"http:\/\/www.moda.es\/blog\/wp-json\/wp\/v2\/categories?post=5353"},{"taxonomy":"post_tag","embeddable":true,"href":"http:\/\/www.moda.es\/blog\/wp-json\/wp\/v2\/tags?post=5353"}],"curies":[{"name":"wp","href":"https:\/\/api.w.org\/{rel}","templated":true}]}}