{"id":5304,"date":"2012-01-30T23:29:26","date_gmt":"2012-01-30T21:29:26","guid":{"rendered":"http:\/\/www.moda.es\/blog\/?p=5304"},"modified":"2012-01-30T23:29:26","modified_gmt":"2012-01-30T21:29:26","slug":"resaca-de-alta-costura-valentino","status":"publish","type":"post","link":"http:\/\/www.moda.es\/blog\/resaca-de-alta-costura-valentino\/","title":{"rendered":"Resaca de Alta Costura &#8211; Valentino"},"content":{"rendered":"<figure id=\"attachment_5314\" aria-describedby=\"caption-attachment-5314\" style=\"width: 320px\" class=\"wp-caption aligncenter\"><a href=\"https:\/\/i0.wp.com\/www.moda.es\/blog\/wp-content\/uploads\/2012\/01\/00010m1.jpg\"><img data-attachment-id=\"5314\" data-permalink=\"http:\/\/www.moda.es\/blog\/00010m-16\/\" data-orig-file=\"https:\/\/i0.wp.com\/www.moda.es\/blog\/wp-content\/uploads\/2012\/01\/00010m1.jpg?fit=320%2C480\" data-orig-size=\"320,480\" data-comments-opened=\"1\" data-image-meta=\"{&quot;aperture&quot;:&quot;0&quot;,&quot;credit&quot;:&quot;&quot;,&quot;camera&quot;:&quot;&quot;,&quot;caption&quot;:&quot;&quot;,&quot;created_timestamp&quot;:&quot;0&quot;,&quot;copyright&quot;:&quot;&quot;,&quot;focal_length&quot;:&quot;0&quot;,&quot;iso&quot;:&quot;0&quot;,&quot;shutter_speed&quot;:&quot;0&quot;,&quot;title&quot;:&quot;&quot;}\" data-image-title=\"00010m\" data-image-description=\"\" data-image-caption=\"&lt;p&gt;Fotos via www.style.com&lt;\/p&gt;\n\" data-medium-file=\"https:\/\/i0.wp.com\/www.moda.es\/blog\/wp-content\/uploads\/2012\/01\/00010m1.jpg?fit=200%2C300\" data-large-file=\"https:\/\/i0.wp.com\/www.moda.es\/blog\/wp-content\/uploads\/2012\/01\/00010m1.jpg?fit=320%2C480\" loading=\"lazy\" class=\"size-full wp-image-5314\" src=\"https:\/\/i0.wp.com\/www.moda.es\/blog\/wp-content\/uploads\/2012\/01\/00010m1.jpg?resize=320%2C480\" alt=\"\" width=\"320\" height=\"480\" srcset=\"https:\/\/i0.wp.com\/www.moda.es\/blog\/wp-content\/uploads\/2012\/01\/00010m1.jpg?w=320 320w, https:\/\/i0.wp.com\/www.moda.es\/blog\/wp-content\/uploads\/2012\/01\/00010m1.jpg?resize=200%2C300 200w\" sizes=\"(max-width: 320px) 100vw, 320px\" data-recalc-dims=\"1\" \/><\/a><figcaption id=\"caption-attachment-5314\" class=\"wp-caption-text\">Fotos via www.style.com<\/figcaption><\/figure>\n<p>Si algo se puede decir de la colecci\u00f3n de Valentino es que no desentona, no en cuanto a otras colecciones de la misma casa y tampoco en la semana de la alta costura de Par\u00eds donde queda m\u00e1s o menos diluida entre otras propuestas con m\u00e1s cuerpo y garra- l\u00e9ase Riccardo Tici para Givenchy-. Pero es una colecci\u00f3n verdaderamente exquisita.<\/p>\n<p><a href=\"https:\/\/i0.wp.com\/www.moda.es\/blog\/wp-content\/uploads\/2012\/01\/00050m.jpg\"><img data-attachment-id=\"5315\" data-permalink=\"http:\/\/www.moda.es\/blog\/00050m-13\/\" data-orig-file=\"https:\/\/i0.wp.com\/www.moda.es\/blog\/wp-content\/uploads\/2012\/01\/00050m.jpg?fit=320%2C480\" data-orig-size=\"320,480\" data-comments-opened=\"1\" data-image-meta=\"{&quot;aperture&quot;:&quot;0&quot;,&quot;credit&quot;:&quot;&quot;,&quot;camera&quot;:&quot;&quot;,&quot;caption&quot;:&quot;&quot;,&quot;created_timestamp&quot;:&quot;0&quot;,&quot;copyright&quot;:&quot;&quot;,&quot;focal_length&quot;:&quot;0&quot;,&quot;iso&quot;:&quot;0&quot;,&quot;shutter_speed&quot;:&quot;0&quot;,&quot;title&quot;:&quot;&quot;}\" data-image-title=\"00050m\" data-image-description=\"\" data-image-caption=\"\" data-medium-file=\"https:\/\/i0.wp.com\/www.moda.es\/blog\/wp-content\/uploads\/2012\/01\/00050m.jpg?fit=200%2C300\" data-large-file=\"https:\/\/i0.wp.com\/www.moda.es\/blog\/wp-content\/uploads\/2012\/01\/00050m.jpg?fit=320%2C480\" loading=\"lazy\" class=\"aligncenter size-full wp-image-5315\" src=\"https:\/\/i0.wp.com\/www.moda.es\/blog\/wp-content\/uploads\/2012\/01\/00050m.jpg?resize=320%2C480\" alt=\"\" width=\"320\" height=\"480\" srcset=\"https:\/\/i0.wp.com\/www.moda.es\/blog\/wp-content\/uploads\/2012\/01\/00050m.jpg?w=320 320w, https:\/\/i0.wp.com\/www.moda.es\/blog\/wp-content\/uploads\/2012\/01\/00050m.jpg?resize=200%2C300 200w\" sizes=\"(max-width: 320px) 100vw, 320px\" data-recalc-dims=\"1\" \/><\/a><\/p>\n<p><a href=\"https:\/\/i0.wp.com\/www.moda.es\/blog\/wp-content\/uploads\/2012\/01\/00080m.jpg\"><img data-attachment-id=\"5316\" data-permalink=\"http:\/\/www.moda.es\/blog\/00080m-10\/\" data-orig-file=\"https:\/\/i0.wp.com\/www.moda.es\/blog\/wp-content\/uploads\/2012\/01\/00080m.jpg?fit=320%2C480\" data-orig-size=\"320,480\" data-comments-opened=\"1\" data-image-meta=\"{&quot;aperture&quot;:&quot;0&quot;,&quot;credit&quot;:&quot;&quot;,&quot;camera&quot;:&quot;&quot;,&quot;caption&quot;:&quot;&quot;,&quot;created_timestamp&quot;:&quot;0&quot;,&quot;copyright&quot;:&quot;&quot;,&quot;focal_length&quot;:&quot;0&quot;,&quot;iso&quot;:&quot;0&quot;,&quot;shutter_speed&quot;:&quot;0&quot;,&quot;title&quot;:&quot;&quot;}\" data-image-title=\"00080m\" data-image-description=\"\" data-image-caption=\"\" data-medium-file=\"https:\/\/i0.wp.com\/www.moda.es\/blog\/wp-content\/uploads\/2012\/01\/00080m.jpg?fit=200%2C300\" data-large-file=\"https:\/\/i0.wp.com\/www.moda.es\/blog\/wp-content\/uploads\/2012\/01\/00080m.jpg?fit=320%2C480\" loading=\"lazy\" class=\"aligncenter size-full wp-image-5316\" src=\"https:\/\/i0.wp.com\/www.moda.es\/blog\/wp-content\/uploads\/2012\/01\/00080m.jpg?resize=320%2C480\" alt=\"\" width=\"320\" height=\"480\" srcset=\"https:\/\/i0.wp.com\/www.moda.es\/blog\/wp-content\/uploads\/2012\/01\/00080m.jpg?w=320 320w, https:\/\/i0.wp.com\/www.moda.es\/blog\/wp-content\/uploads\/2012\/01\/00080m.jpg?resize=200%2C300 200w\" sizes=\"(max-width: 320px) 100vw, 320px\" data-recalc-dims=\"1\" \/><\/a><\/p>\n<p>Una reflexi\u00f3n del d\u00fao hecha a Tim Blanks -como \u00e9l relata en su cr\u00f3nica de Style.com- poco antes del desfile se refer\u00eda a una perspectiva metaf\u00edsica de la moda: \u00absi no reflexionas sobre la moda, s\u00f3lo haces ropa\u00bb, declar\u00f3 Piccioli, \u00abla moda necesita cultura o se convierte en algo vac\u00edo\u00bb. Con la idea de envolver sus dise\u00f1os con algo m\u00e1s, posaron la mirada en el siglo XVIII franc\u00e9s, la famosa Era de la Ilustraci\u00f3n, con el transfondo de los ideales del Estado Natural de Rousseau. Aunque lo que en realidad trasluce es una joven Mar\u00eda Antonieta embelesada en juegos en los jardines del Petit Trianon.<\/p>\n<p><a href=\"https:\/\/i0.wp.com\/www.moda.es\/blog\/wp-content\/uploads\/2012\/01\/00100m.jpg\"><img data-attachment-id=\"5317\" data-permalink=\"http:\/\/www.moda.es\/blog\/00100m-6\/\" data-orig-file=\"https:\/\/i0.wp.com\/www.moda.es\/blog\/wp-content\/uploads\/2012\/01\/00100m.jpg?fit=320%2C480\" data-orig-size=\"320,480\" data-comments-opened=\"1\" data-image-meta=\"{&quot;aperture&quot;:&quot;0&quot;,&quot;credit&quot;:&quot;&quot;,&quot;camera&quot;:&quot;&quot;,&quot;caption&quot;:&quot;&quot;,&quot;created_timestamp&quot;:&quot;0&quot;,&quot;copyright&quot;:&quot;&quot;,&quot;focal_length&quot;:&quot;0&quot;,&quot;iso&quot;:&quot;0&quot;,&quot;shutter_speed&quot;:&quot;0&quot;,&quot;title&quot;:&quot;&quot;}\" data-image-title=\"00100m\" data-image-description=\"\" data-image-caption=\"\" data-medium-file=\"https:\/\/i0.wp.com\/www.moda.es\/blog\/wp-content\/uploads\/2012\/01\/00100m.jpg?fit=200%2C300\" data-large-file=\"https:\/\/i0.wp.com\/www.moda.es\/blog\/wp-content\/uploads\/2012\/01\/00100m.jpg?fit=320%2C480\" loading=\"lazy\" class=\"aligncenter size-full wp-image-5317\" src=\"https:\/\/i0.wp.com\/www.moda.es\/blog\/wp-content\/uploads\/2012\/01\/00100m.jpg?resize=320%2C480\" alt=\"\" width=\"320\" height=\"480\" srcset=\"https:\/\/i0.wp.com\/www.moda.es\/blog\/wp-content\/uploads\/2012\/01\/00100m.jpg?w=320 320w, https:\/\/i0.wp.com\/www.moda.es\/blog\/wp-content\/uploads\/2012\/01\/00100m.jpg?resize=200%2C300 200w\" sizes=\"(max-width: 320px) 100vw, 320px\" data-recalc-dims=\"1\" \/><\/a><\/p>\n<p><a href=\"https:\/\/i0.wp.com\/www.moda.es\/blog\/wp-content\/uploads\/2012\/01\/00150m.jpg\"><img data-attachment-id=\"5318\" data-permalink=\"http:\/\/www.moda.es\/blog\/00150m-4\/\" data-orig-file=\"https:\/\/i0.wp.com\/www.moda.es\/blog\/wp-content\/uploads\/2012\/01\/00150m.jpg?fit=320%2C480\" data-orig-size=\"320,480\" data-comments-opened=\"1\" data-image-meta=\"{&quot;aperture&quot;:&quot;0&quot;,&quot;credit&quot;:&quot;&quot;,&quot;camera&quot;:&quot;&quot;,&quot;caption&quot;:&quot;&quot;,&quot;created_timestamp&quot;:&quot;0&quot;,&quot;copyright&quot;:&quot;&quot;,&quot;focal_length&quot;:&quot;0&quot;,&quot;iso&quot;:&quot;0&quot;,&quot;shutter_speed&quot;:&quot;0&quot;,&quot;title&quot;:&quot;&quot;}\" data-image-title=\"00150m\" data-image-description=\"\" data-image-caption=\"\" data-medium-file=\"https:\/\/i0.wp.com\/www.moda.es\/blog\/wp-content\/uploads\/2012\/01\/00150m.jpg?fit=200%2C300\" data-large-file=\"https:\/\/i0.wp.com\/www.moda.es\/blog\/wp-content\/uploads\/2012\/01\/00150m.jpg?fit=320%2C480\" loading=\"lazy\" class=\"aligncenter size-full wp-image-5318\" src=\"https:\/\/i0.wp.com\/www.moda.es\/blog\/wp-content\/uploads\/2012\/01\/00150m.jpg?resize=320%2C480\" alt=\"\" width=\"320\" height=\"480\" srcset=\"https:\/\/i0.wp.com\/www.moda.es\/blog\/wp-content\/uploads\/2012\/01\/00150m.jpg?w=320 320w, https:\/\/i0.wp.com\/www.moda.es\/blog\/wp-content\/uploads\/2012\/01\/00150m.jpg?resize=200%2C300 200w\" sizes=\"(max-width: 320px) 100vw, 320px\" data-recalc-dims=\"1\" \/><\/a><\/p>\n<p><a href=\"https:\/\/i0.wp.com\/www.moda.es\/blog\/wp-content\/uploads\/2012\/01\/00280m.jpg\"><img data-attachment-id=\"5319\" data-permalink=\"http:\/\/www.moda.es\/blog\/00280m-5\/\" data-orig-file=\"https:\/\/i0.wp.com\/www.moda.es\/blog\/wp-content\/uploads\/2012\/01\/00280m.jpg?fit=320%2C480\" data-orig-size=\"320,480\" data-comments-opened=\"1\" data-image-meta=\"{&quot;aperture&quot;:&quot;0&quot;,&quot;credit&quot;:&quot;&quot;,&quot;camera&quot;:&quot;&quot;,&quot;caption&quot;:&quot;&quot;,&quot;created_timestamp&quot;:&quot;0&quot;,&quot;copyright&quot;:&quot;&quot;,&quot;focal_length&quot;:&quot;0&quot;,&quot;iso&quot;:&quot;0&quot;,&quot;shutter_speed&quot;:&quot;0&quot;,&quot;title&quot;:&quot;&quot;}\" data-image-title=\"00280m\" data-image-description=\"\" data-image-caption=\"\" data-medium-file=\"https:\/\/i0.wp.com\/www.moda.es\/blog\/wp-content\/uploads\/2012\/01\/00280m.jpg?fit=200%2C300\" data-large-file=\"https:\/\/i0.wp.com\/www.moda.es\/blog\/wp-content\/uploads\/2012\/01\/00280m.jpg?fit=320%2C480\" loading=\"lazy\" class=\"aligncenter size-full wp-image-5319\" src=\"https:\/\/i0.wp.com\/www.moda.es\/blog\/wp-content\/uploads\/2012\/01\/00280m.jpg?resize=320%2C480\" alt=\"\" width=\"320\" height=\"480\" srcset=\"https:\/\/i0.wp.com\/www.moda.es\/blog\/wp-content\/uploads\/2012\/01\/00280m.jpg?w=320 320w, https:\/\/i0.wp.com\/www.moda.es\/blog\/wp-content\/uploads\/2012\/01\/00280m.jpg?resize=200%2C300 200w\" sizes=\"(max-width: 320px) 100vw, 320px\" data-recalc-dims=\"1\" \/><\/a><\/p>\n<p>Los tejidos, riqu\u00edsimos: organza, encaje, tafet\u00e1n y filigranas. Un ejercicio de artesan\u00eda como la de siempre, que las cr\u00f3nicas destacan porque, de cerca, no se ve\u00eda ni una puntada. Mangas vaporosas, blondas y volantes, diminutas flores que lo cubr\u00edan todo.\u00a0Resulta una colecci\u00f3n buc\u00f3lica, delicada, et\u00e9rea.<\/p>\n<p><a href=\"https:\/\/i0.wp.com\/www.moda.es\/blog\/wp-content\/uploads\/2012\/01\/00290m.jpg\"><img data-attachment-id=\"5320\" data-permalink=\"http:\/\/www.moda.es\/blog\/00290m-6\/\" data-orig-file=\"https:\/\/i0.wp.com\/www.moda.es\/blog\/wp-content\/uploads\/2012\/01\/00290m.jpg?fit=320%2C480\" data-orig-size=\"320,480\" data-comments-opened=\"1\" data-image-meta=\"{&quot;aperture&quot;:&quot;0&quot;,&quot;credit&quot;:&quot;&quot;,&quot;camera&quot;:&quot;&quot;,&quot;caption&quot;:&quot;&quot;,&quot;created_timestamp&quot;:&quot;0&quot;,&quot;copyright&quot;:&quot;&quot;,&quot;focal_length&quot;:&quot;0&quot;,&quot;iso&quot;:&quot;0&quot;,&quot;shutter_speed&quot;:&quot;0&quot;,&quot;title&quot;:&quot;&quot;}\" data-image-title=\"00290m\" data-image-description=\"\" data-image-caption=\"\" data-medium-file=\"https:\/\/i0.wp.com\/www.moda.es\/blog\/wp-content\/uploads\/2012\/01\/00290m.jpg?fit=200%2C300\" data-large-file=\"https:\/\/i0.wp.com\/www.moda.es\/blog\/wp-content\/uploads\/2012\/01\/00290m.jpg?fit=320%2C480\" loading=\"lazy\" class=\"aligncenter size-full wp-image-5320\" src=\"https:\/\/i0.wp.com\/www.moda.es\/blog\/wp-content\/uploads\/2012\/01\/00290m.jpg?resize=320%2C480\" alt=\"\" width=\"320\" height=\"480\" srcset=\"https:\/\/i0.wp.com\/www.moda.es\/blog\/wp-content\/uploads\/2012\/01\/00290m.jpg?w=320 320w, https:\/\/i0.wp.com\/www.moda.es\/blog\/wp-content\/uploads\/2012\/01\/00290m.jpg?resize=200%2C300 200w\" sizes=\"(max-width: 320px) 100vw, 320px\" data-recalc-dims=\"1\" \/><\/a><\/p>\n<p><a href=\"https:\/\/i0.wp.com\/www.moda.es\/blog\/wp-content\/uploads\/2012\/01\/00330m.jpg\"><img data-attachment-id=\"5321\" data-permalink=\"http:\/\/www.moda.es\/blog\/00330m-5\/\" data-orig-file=\"https:\/\/i0.wp.com\/www.moda.es\/blog\/wp-content\/uploads\/2012\/01\/00330m.jpg?fit=320%2C480\" data-orig-size=\"320,480\" data-comments-opened=\"1\" data-image-meta=\"{&quot;aperture&quot;:&quot;0&quot;,&quot;credit&quot;:&quot;&quot;,&quot;camera&quot;:&quot;&quot;,&quot;caption&quot;:&quot;&quot;,&quot;created_timestamp&quot;:&quot;0&quot;,&quot;copyright&quot;:&quot;&quot;,&quot;focal_length&quot;:&quot;0&quot;,&quot;iso&quot;:&quot;0&quot;,&quot;shutter_speed&quot;:&quot;0&quot;,&quot;title&quot;:&quot;&quot;}\" data-image-title=\"00330m\" data-image-description=\"\" data-image-caption=\"\" data-medium-file=\"https:\/\/i0.wp.com\/www.moda.es\/blog\/wp-content\/uploads\/2012\/01\/00330m.jpg?fit=200%2C300\" data-large-file=\"https:\/\/i0.wp.com\/www.moda.es\/blog\/wp-content\/uploads\/2012\/01\/00330m.jpg?fit=320%2C480\" loading=\"lazy\" class=\"aligncenter size-full wp-image-5321\" src=\"https:\/\/i0.wp.com\/www.moda.es\/blog\/wp-content\/uploads\/2012\/01\/00330m.jpg?resize=320%2C480\" alt=\"\" width=\"320\" height=\"480\" srcset=\"https:\/\/i0.wp.com\/www.moda.es\/blog\/wp-content\/uploads\/2012\/01\/00330m.jpg?w=320 320w, https:\/\/i0.wp.com\/www.moda.es\/blog\/wp-content\/uploads\/2012\/01\/00330m.jpg?resize=200%2C300 200w\" sizes=\"(max-width: 320px) 100vw, 320px\" data-recalc-dims=\"1\" \/><\/a><\/p>\n<p><a href=\"https:\/\/i0.wp.com\/www.moda.es\/blog\/wp-content\/uploads\/2012\/01\/00410m2.jpg\"><img data-attachment-id=\"5322\" data-permalink=\"http:\/\/www.moda.es\/blog\/00410m-7\/\" data-orig-file=\"https:\/\/i0.wp.com\/www.moda.es\/blog\/wp-content\/uploads\/2012\/01\/00410m2.jpg?fit=320%2C480\" data-orig-size=\"320,480\" data-comments-opened=\"1\" data-image-meta=\"{&quot;aperture&quot;:&quot;0&quot;,&quot;credit&quot;:&quot;&quot;,&quot;camera&quot;:&quot;&quot;,&quot;caption&quot;:&quot;&quot;,&quot;created_timestamp&quot;:&quot;0&quot;,&quot;copyright&quot;:&quot;&quot;,&quot;focal_length&quot;:&quot;0&quot;,&quot;iso&quot;:&quot;0&quot;,&quot;shutter_speed&quot;:&quot;0&quot;,&quot;title&quot;:&quot;&quot;}\" data-image-title=\"00410m\" data-image-description=\"\" data-image-caption=\"\" data-medium-file=\"https:\/\/i0.wp.com\/www.moda.es\/blog\/wp-content\/uploads\/2012\/01\/00410m2.jpg?fit=200%2C300\" data-large-file=\"https:\/\/i0.wp.com\/www.moda.es\/blog\/wp-content\/uploads\/2012\/01\/00410m2.jpg?fit=320%2C480\" loading=\"lazy\" class=\"aligncenter size-full wp-image-5322\" src=\"https:\/\/i0.wp.com\/www.moda.es\/blog\/wp-content\/uploads\/2012\/01\/00410m2.jpg?resize=320%2C480\" alt=\"\" width=\"320\" height=\"480\" srcset=\"https:\/\/i0.wp.com\/www.moda.es\/blog\/wp-content\/uploads\/2012\/01\/00410m2.jpg?w=320 320w, https:\/\/i0.wp.com\/www.moda.es\/blog\/wp-content\/uploads\/2012\/01\/00410m2.jpg?resize=200%2C300 200w\" sizes=\"(max-width: 320px) 100vw, 320px\" data-recalc-dims=\"1\" \/><\/a><\/p>\n<p><a href=\"https:\/\/i0.wp.com\/www.moda.es\/blog\/wp-content\/uploads\/2012\/01\/00420m1.jpg\"><img data-attachment-id=\"5309\" data-permalink=\"http:\/\/www.moda.es\/blog\/00420m-5\/\" data-orig-file=\"https:\/\/i0.wp.com\/www.moda.es\/blog\/wp-content\/uploads\/2012\/01\/00420m1.jpg?fit=320%2C480\" data-orig-size=\"320,480\" data-comments-opened=\"1\" data-image-meta=\"{&quot;aperture&quot;:&quot;0&quot;,&quot;credit&quot;:&quot;&quot;,&quot;camera&quot;:&quot;&quot;,&quot;caption&quot;:&quot;&quot;,&quot;created_timestamp&quot;:&quot;0&quot;,&quot;copyright&quot;:&quot;&quot;,&quot;focal_length&quot;:&quot;0&quot;,&quot;iso&quot;:&quot;0&quot;,&quot;shutter_speed&quot;:&quot;0&quot;,&quot;title&quot;:&quot;&quot;}\" data-image-title=\"00420m\" data-image-description=\"\" data-image-caption=\"\" data-medium-file=\"https:\/\/i0.wp.com\/www.moda.es\/blog\/wp-content\/uploads\/2012\/01\/00420m1.jpg?fit=200%2C300\" data-large-file=\"https:\/\/i0.wp.com\/www.moda.es\/blog\/wp-content\/uploads\/2012\/01\/00420m1.jpg?fit=320%2C480\" loading=\"lazy\" class=\"aligncenter size-full wp-image-5309\" src=\"https:\/\/i0.wp.com\/www.moda.es\/blog\/wp-content\/uploads\/2012\/01\/00420m1.jpg?resize=320%2C480\" alt=\"\" width=\"320\" height=\"480\" srcset=\"https:\/\/i0.wp.com\/www.moda.es\/blog\/wp-content\/uploads\/2012\/01\/00420m1.jpg?w=320 320w, https:\/\/i0.wp.com\/www.moda.es\/blog\/wp-content\/uploads\/2012\/01\/00420m1.jpg?resize=200%2C300 200w\" sizes=\"(max-width: 320px) 100vw, 320px\" data-recalc-dims=\"1\" \/><\/a><\/p>\n<p>&nbsp;<\/p>\n","protected":false},"excerpt":{"rendered":"<p>Si algo se puede decir de la colecci\u00f3n de Valentino es que no desentona, no en cuanto a otras colecciones de la misma casa y tampoco en la semana de la alta costura de Par\u00eds donde queda m\u00e1s o menos diluida entre otras propuestas con m\u00e1s cuerpo y garra- l\u00e9ase [&hellip;]<\/p>\n","protected":false},"author":2,"featured_media":16691,"comment_status":"open","ping_status":"open","sticky":false,"template":"","format":"standard","meta":{"jetpack_publicize_message":"","jetpack_is_tweetstorm":false,"jetpack_publicize_feature_enabled":true},"categories":[23],"tags":[],"jetpack_publicize_connections":[],"jetpack_featured_media_url":"https:\/\/i0.wp.com\/www.moda.es\/blog\/wp-content\/uploads\/2012\/01\/00010m11.jpg?fit=320%2C480","jetpack_sharing_enabled":true,"jetpack_shortlink":"https:\/\/wp.me\/p4tJCC-1ny","jetpack-related-posts":[{"id":2566,"url":"http:\/\/www.moda.es\/blog\/valli-el-nuevo-valentino\/","url_meta":{"origin":5304,"position":0},"title":"Valli, el nuevo Valentino","date":"julio 7, 2011","format":false,"excerpt":"Primer examen de la alta costura para Giambattista Valli. Hace tres d\u00edas present\u00f3 su primera colecci\u00f3n\u00a0en la pasarela de la alta costura. Valli se ha mantenido fiel\u00a0 al estilo de las propuestas que suele presentar en pr\u00eat-\u00e0-porter: siluetas muy femeninas, delicadas, cargadas en vol\u00famenes y con relieves de flores o\u2026","rel":"","context":"En \u00abPasarelas\u00bb","img":{"alt_text":"","src":"https:\/\/i0.wp.com\/www.moda.es\/blog\/wp-content\/uploads\/2011\/07\/00010m3.jpg?fit=320%2C480&resize=350%2C200","width":350,"height":200},"classes":[]},{"id":10335,"url":"http:\/\/www.moda.es\/blog\/paris-alta-costura-ii\/","url_meta":{"origin":5304,"position":1},"title":"Par\u00eds Alta Costura II","date":"enero 24, 2013","format":false,"excerpt":"Termina la Alta Costura con las \u00faltimas propuestas. \u00a0 En general las firmas nos han dejado satisfechos, m\u00e1s quiz\u00e1s que en otras ocasiones, y se van dej\u00e1ndonos ganas de m\u00e1s. M\u00e1s fantas\u00eda, m\u00e1s tejidos incre\u00edbles, m\u00e1s opulencia, m\u00e1s\u00a0 savor fair y conocimiento de la costura y la construcci\u00f3n de un\u2026","rel":"","context":"En \u00abPasarelas\u00bb","img":{"alt_text":"","src":"https:\/\/i0.wp.com\/www.moda.es\/blog\/wp-content\/uploads\/2013\/01\/Alexis-Mabille-21.jpg?fit=500%2C236&resize=350%2C200","width":350,"height":200},"classes":[]},{"id":2602,"url":"http:\/\/www.moda.es\/blog\/la-alta-costura-del-siglo-xxi\/","url_meta":{"origin":5304,"position":2},"title":"La alta costura del siglo XXI","date":"julio 10, 2011","format":false,"excerpt":"Hoy regreso a uno de mis favoritos: Riccardo Tisci para Givenchy.\u00a0El pasado martes present\u00f3 su nueva colecci\u00f3n en los desfiles de la alta costura de Par\u00eds.\u00a0\"Pureza, ligereza, fragilidad\", as\u00ed resumi\u00f3 el dise\u00f1ador su enfoque, como recoge la web Style.com. La colecci\u00f3n de Tisci de alta costura para el oto\u00f1o-invierno 2011\/\u2026","rel":"","context":"En \u00abPasarelas\u00bb","img":{"alt_text":"","src":"https:\/\/i0.wp.com\/www.moda.es\/blog\/wp-content\/uploads\/2011\/07\/022m1.jpg?fit=320%2C480&resize=350%2C200","width":350,"height":200},"classes":[]},{"id":662,"url":"http:\/\/www.moda.es\/blog\/valentino-pureza-inocencia\/","url_meta":{"origin":5304,"position":3},"title":"Valentino: pureza + inocencia","date":"enero 29, 2011","format":false,"excerpt":"Los desfiles de alta costura de los que os hablaba ayer se cerraron con el de Valentino. El d\u00fao compuesto por Pier Paolo y Maria Grazia Chiuri present\u00f3 una colecci\u00f3n n\u00edvea (en gran parte), delicada, que emana pureza e inocencia. Unos adjetivos m\u00e1s propios para definir a una ni\u00f1a que\u2026","rel":"","context":"En \u00abPasarelas\u00bb","img":{"alt_text":"","src":"https:\/\/i0.wp.com\/www.moda.es\/blog\/wp-content\/uploads\/2011\/01\/00010m1.jpg?fit=320%2C480&resize=350%2C200","width":350,"height":200},"classes":[]},{"id":20715,"url":"http:\/\/www.moda.es\/blog\/alberta-ferreti-se-une-al-circuito-de-la-alta-costura\/","url_meta":{"origin":5304,"position":4},"title":"Alberta Ferreti se une al circuito de la Alta Costura","date":"mayo 30, 2016","format":false,"excerpt":"Alberta Ferreti pondr\u00e1 en escena el\u00a0primer desfile de la historia de\u00a0su l\u00ednea de edici\u00f3n limitada en la Semana de la Alta Costura de Par\u00eds este mes de julio. La l\u00ednea, que se introdujo en 2011,\u00a0ya se ha mostrado en presentaciones pero nunca antes hab\u00eda desfilado. Compuesta\u00a0por vestidos y trajes de\u2026","rel":"","context":"En \u00abActualidad\u00bb","img":{"alt_text":"","src":"https:\/\/i0.wp.com\/www.moda.es\/blog\/wp-content\/uploads\/2016\/05\/Captura-de-pantalla-2016-05-30-a-las-23.52.14.png?fit=289%2C432&resize=350%2C200","width":350,"height":200},"classes":[]},{"id":990,"url":"http:\/\/www.moda.es\/blog\/and-the-oscar-goes-to\/","url_meta":{"origin":5304,"position":5},"title":"And the Oscar goes to&#8230;","date":"febrero 28, 2011","format":false,"excerpt":"La noche de los \u00d3scar ha sido otra vez una noche de estrellas y glamour. Las actrices vestidas por los mejores dise\u00f1adores, algunas llevando vestidos de alta costura, han desfilado por la alfombra roja. Os presento el top ten de las mejores galas de este a\u00f1o. 1. Cate Blanchett impresionante\u2026","rel":"","context":"En \u00abAlfombra Roja\u00bb","img":{"alt_text":"","src":"https:\/\/i0.wp.com\/www.moda.es\/blog\/wp-content\/uploads\/2011\/02\/Cate-Blanchett-at-the-Osc-0111.jpg?fit=640%2C480&resize=350%2C200","width":350,"height":200},"classes":[]}],"_links":{"self":[{"href":"http:\/\/www.moda.es\/blog\/wp-json\/wp\/v2\/posts\/5304"}],"collection":[{"href":"http:\/\/www.moda.es\/blog\/wp-json\/wp\/v2\/posts"}],"about":[{"href":"http:\/\/www.moda.es\/blog\/wp-json\/wp\/v2\/types\/post"}],"author":[{"embeddable":true,"href":"http:\/\/www.moda.es\/blog\/wp-json\/wp\/v2\/users\/2"}],"replies":[{"embeddable":true,"href":"http:\/\/www.moda.es\/blog\/wp-json\/wp\/v2\/comments?post=5304"}],"version-history":[{"count":0,"href":"http:\/\/www.moda.es\/blog\/wp-json\/wp\/v2\/posts\/5304\/revisions"}],"wp:featuredmedia":[{"embeddable":true,"href":"http:\/\/www.moda.es\/blog\/wp-json\/wp\/v2\/media\/16691"}],"wp:attachment":[{"href":"http:\/\/www.moda.es\/blog\/wp-json\/wp\/v2\/media?parent=5304"}],"wp:term":[{"taxonomy":"category","embeddable":true,"href":"http:\/\/www.moda.es\/blog\/wp-json\/wp\/v2\/categories?post=5304"},{"taxonomy":"post_tag","embeddable":true,"href":"http:\/\/www.moda.es\/blog\/wp-json\/wp\/v2\/tags?post=5304"}],"curies":[{"name":"wp","href":"https:\/\/api.w.org\/{rel}","templated":true}]}}