{"id":5285,"date":"2012-01-29T22:20:21","date_gmt":"2012-01-29T20:20:21","guid":{"rendered":"http:\/\/www.moda.es\/blog\/?p=5285"},"modified":"2012-01-29T22:20:21","modified_gmt":"2012-01-29T20:20:21","slug":"resaca-de-alta-costura-chanel","status":"publish","type":"post","link":"http:\/\/www.moda.es\/blog\/resaca-de-alta-costura-chanel\/","title":{"rendered":"Resaca de Alta Costura &#8211; Chanel"},"content":{"rendered":"<figure id=\"attachment_5293\" aria-describedby=\"caption-attachment-5293\" style=\"width: 320px\" class=\"wp-caption aligncenter\"><a href=\"https:\/\/i0.wp.com\/www.moda.es\/blog\/wp-content\/uploads\/2012\/01\/00010m.jpg\"><img data-attachment-id=\"5293\" data-permalink=\"http:\/\/www.moda.es\/blog\/00010m-15\/\" data-orig-file=\"https:\/\/i0.wp.com\/www.moda.es\/blog\/wp-content\/uploads\/2012\/01\/00010m.jpg?fit=320%2C480\" data-orig-size=\"320,480\" data-comments-opened=\"1\" data-image-meta=\"{&quot;aperture&quot;:&quot;0&quot;,&quot;credit&quot;:&quot;&quot;,&quot;camera&quot;:&quot;&quot;,&quot;caption&quot;:&quot;&quot;,&quot;created_timestamp&quot;:&quot;0&quot;,&quot;copyright&quot;:&quot;&quot;,&quot;focal_length&quot;:&quot;0&quot;,&quot;iso&quot;:&quot;0&quot;,&quot;shutter_speed&quot;:&quot;0&quot;,&quot;title&quot;:&quot;&quot;}\" data-image-title=\"00010m\" data-image-description=\"\" data-image-caption=\"&lt;p&gt;Fotos via www.style.com&lt;\/p&gt;\n\" data-medium-file=\"https:\/\/i0.wp.com\/www.moda.es\/blog\/wp-content\/uploads\/2012\/01\/00010m.jpg?fit=200%2C300\" data-large-file=\"https:\/\/i0.wp.com\/www.moda.es\/blog\/wp-content\/uploads\/2012\/01\/00010m.jpg?fit=320%2C480\" loading=\"lazy\" class=\"size-full wp-image-5293\" src=\"https:\/\/i0.wp.com\/www.moda.es\/blog\/wp-content\/uploads\/2012\/01\/00010m.jpg?resize=320%2C480\" alt=\"\" width=\"320\" height=\"480\" srcset=\"https:\/\/i0.wp.com\/www.moda.es\/blog\/wp-content\/uploads\/2012\/01\/00010m.jpg?w=320 320w, https:\/\/i0.wp.com\/www.moda.es\/blog\/wp-content\/uploads\/2012\/01\/00010m.jpg?resize=200%2C300 200w\" sizes=\"(max-width: 320px) 100vw, 320px\" data-recalc-dims=\"1\" \/><\/a><figcaption id=\"caption-attachment-5293\" class=\"wp-caption-text\">Fotos via www.style.com<\/figcaption><\/figure>\n<p>Par\u00eds y la alta costura. Una semana, esta, que es una vor\u00e1gine de desfiles, una variedad de propuesta de lujo pero tambi\u00e9n de locura est\u00e9tica. El desfile de Chanel es siempre uno de los favoritos, fiel a una sobriedad y elegancia bien cuidadas.<\/p>\n<p><a href=\"https:\/\/i0.wp.com\/www.moda.es\/blog\/wp-content\/uploads\/2012\/01\/00040m.jpg\"><img data-attachment-id=\"5294\" data-permalink=\"http:\/\/www.moda.es\/blog\/00040m-5\/\" data-orig-file=\"https:\/\/i0.wp.com\/www.moda.es\/blog\/wp-content\/uploads\/2012\/01\/00040m.jpg?fit=320%2C480\" data-orig-size=\"320,480\" data-comments-opened=\"1\" data-image-meta=\"{&quot;aperture&quot;:&quot;0&quot;,&quot;credit&quot;:&quot;&quot;,&quot;camera&quot;:&quot;&quot;,&quot;caption&quot;:&quot;&quot;,&quot;created_timestamp&quot;:&quot;0&quot;,&quot;copyright&quot;:&quot;&quot;,&quot;focal_length&quot;:&quot;0&quot;,&quot;iso&quot;:&quot;0&quot;,&quot;shutter_speed&quot;:&quot;0&quot;,&quot;title&quot;:&quot;&quot;}\" data-image-title=\"00040m\" data-image-description=\"\" data-image-caption=\"\" data-medium-file=\"https:\/\/i0.wp.com\/www.moda.es\/blog\/wp-content\/uploads\/2012\/01\/00040m.jpg?fit=200%2C300\" data-large-file=\"https:\/\/i0.wp.com\/www.moda.es\/blog\/wp-content\/uploads\/2012\/01\/00040m.jpg?fit=320%2C480\" loading=\"lazy\" class=\"aligncenter size-full wp-image-5294\" src=\"https:\/\/i0.wp.com\/www.moda.es\/blog\/wp-content\/uploads\/2012\/01\/00040m.jpg?resize=320%2C480\" alt=\"\" width=\"320\" height=\"480\" srcset=\"https:\/\/i0.wp.com\/www.moda.es\/blog\/wp-content\/uploads\/2012\/01\/00040m.jpg?w=320 320w, https:\/\/i0.wp.com\/www.moda.es\/blog\/wp-content\/uploads\/2012\/01\/00040m.jpg?resize=200%2C300 200w\" sizes=\"(max-width: 320px) 100vw, 320px\" data-recalc-dims=\"1\" \/><\/a><\/p>\n<p><a href=\"https:\/\/i0.wp.com\/www.moda.es\/blog\/wp-content\/uploads\/2012\/01\/00120m.jpg\"><img data-attachment-id=\"5295\" data-permalink=\"http:\/\/www.moda.es\/blog\/00120m-7\/\" data-orig-file=\"https:\/\/i0.wp.com\/www.moda.es\/blog\/wp-content\/uploads\/2012\/01\/00120m.jpg?fit=320%2C480\" data-orig-size=\"320,480\" data-comments-opened=\"1\" data-image-meta=\"{&quot;aperture&quot;:&quot;0&quot;,&quot;credit&quot;:&quot;&quot;,&quot;camera&quot;:&quot;&quot;,&quot;caption&quot;:&quot;&quot;,&quot;created_timestamp&quot;:&quot;0&quot;,&quot;copyright&quot;:&quot;&quot;,&quot;focal_length&quot;:&quot;0&quot;,&quot;iso&quot;:&quot;0&quot;,&quot;shutter_speed&quot;:&quot;0&quot;,&quot;title&quot;:&quot;&quot;}\" data-image-title=\"00120m\" data-image-description=\"\" data-image-caption=\"\" data-medium-file=\"https:\/\/i0.wp.com\/www.moda.es\/blog\/wp-content\/uploads\/2012\/01\/00120m.jpg?fit=200%2C300\" data-large-file=\"https:\/\/i0.wp.com\/www.moda.es\/blog\/wp-content\/uploads\/2012\/01\/00120m.jpg?fit=320%2C480\" loading=\"lazy\" class=\"aligncenter size-full wp-image-5295\" src=\"https:\/\/i0.wp.com\/www.moda.es\/blog\/wp-content\/uploads\/2012\/01\/00120m.jpg?resize=320%2C480\" alt=\"\" width=\"320\" height=\"480\" srcset=\"https:\/\/i0.wp.com\/www.moda.es\/blog\/wp-content\/uploads\/2012\/01\/00120m.jpg?w=320 320w, https:\/\/i0.wp.com\/www.moda.es\/blog\/wp-content\/uploads\/2012\/01\/00120m.jpg?resize=200%2C300 200w\" sizes=\"(max-width: 320px) 100vw, 320px\" data-recalc-dims=\"1\" \/><\/a><\/p>\n<p>La \u00faltima colecci\u00f3n que ha presentado podr\u00eda titularse &#8216;Azul&#8217;, as\u00ed de sencillo, por lo mismo que la etapa azul de Picasso se llama as\u00ed, porque ese color es el dominante. Lagerfeld asegur\u00f3 -como relata en su cr\u00f3nica para El Pa\u00eds Eugenia de la Torriente- que se hab\u00edan utilizado 150 tonalidades de azul en esta colecci\u00f3n compuesta 60 <em>looks<\/em>. El azul era aqu\u00ed una met\u00e1fora del \u00abaire de los tiempos\u00bb y el aire del cielo se suele ver azul. Tambi\u00e9n por este motivo el Grand Palais de Par\u00eds se convirti\u00f3 en un avi\u00f3n y los asistentes al desfile en viajeros que surcaban un cielo lleno de promesas de un futuro azul.<\/p>\n<p><a href=\"https:\/\/i0.wp.com\/www.moda.es\/blog\/wp-content\/uploads\/2012\/01\/00320m.jpg\"><img data-attachment-id=\"5296\" data-permalink=\"http:\/\/www.moda.es\/blog\/00320m-2\/\" data-orig-file=\"https:\/\/i0.wp.com\/www.moda.es\/blog\/wp-content\/uploads\/2012\/01\/00320m.jpg?fit=320%2C480\" data-orig-size=\"320,480\" data-comments-opened=\"1\" data-image-meta=\"{&quot;aperture&quot;:&quot;0&quot;,&quot;credit&quot;:&quot;&quot;,&quot;camera&quot;:&quot;&quot;,&quot;caption&quot;:&quot;&quot;,&quot;created_timestamp&quot;:&quot;0&quot;,&quot;copyright&quot;:&quot;&quot;,&quot;focal_length&quot;:&quot;0&quot;,&quot;iso&quot;:&quot;0&quot;,&quot;shutter_speed&quot;:&quot;0&quot;,&quot;title&quot;:&quot;&quot;}\" data-image-title=\"00320m\" data-image-description=\"\" data-image-caption=\"\" data-medium-file=\"https:\/\/i0.wp.com\/www.moda.es\/blog\/wp-content\/uploads\/2012\/01\/00320m.jpg?fit=200%2C300\" data-large-file=\"https:\/\/i0.wp.com\/www.moda.es\/blog\/wp-content\/uploads\/2012\/01\/00320m.jpg?fit=320%2C480\" loading=\"lazy\" class=\"aligncenter size-full wp-image-5296\" src=\"https:\/\/i0.wp.com\/www.moda.es\/blog\/wp-content\/uploads\/2012\/01\/00320m.jpg?resize=320%2C480\" alt=\"\" width=\"320\" height=\"480\" srcset=\"https:\/\/i0.wp.com\/www.moda.es\/blog\/wp-content\/uploads\/2012\/01\/00320m.jpg?w=320 320w, https:\/\/i0.wp.com\/www.moda.es\/blog\/wp-content\/uploads\/2012\/01\/00320m.jpg?resize=200%2C300 200w\" sizes=\"(max-width: 320px) 100vw, 320px\" data-recalc-dims=\"1\" \/><\/a><\/p>\n<p><a href=\"https:\/\/i0.wp.com\/www.moda.es\/blog\/wp-content\/uploads\/2012\/01\/00390m1.jpg\"><img data-attachment-id=\"5297\" data-permalink=\"http:\/\/www.moda.es\/blog\/00390m-5\/\" data-orig-file=\"https:\/\/i0.wp.com\/www.moda.es\/blog\/wp-content\/uploads\/2012\/01\/00390m1.jpg?fit=320%2C480\" data-orig-size=\"320,480\" data-comments-opened=\"1\" data-image-meta=\"{&quot;aperture&quot;:&quot;0&quot;,&quot;credit&quot;:&quot;&quot;,&quot;camera&quot;:&quot;&quot;,&quot;caption&quot;:&quot;&quot;,&quot;created_timestamp&quot;:&quot;0&quot;,&quot;copyright&quot;:&quot;&quot;,&quot;focal_length&quot;:&quot;0&quot;,&quot;iso&quot;:&quot;0&quot;,&quot;shutter_speed&quot;:&quot;0&quot;,&quot;title&quot;:&quot;&quot;}\" data-image-title=\"00390m\" data-image-description=\"\" data-image-caption=\"\" data-medium-file=\"https:\/\/i0.wp.com\/www.moda.es\/blog\/wp-content\/uploads\/2012\/01\/00390m1.jpg?fit=200%2C300\" data-large-file=\"https:\/\/i0.wp.com\/www.moda.es\/blog\/wp-content\/uploads\/2012\/01\/00390m1.jpg?fit=320%2C480\" loading=\"lazy\" class=\"aligncenter size-full wp-image-5297\" src=\"https:\/\/i0.wp.com\/www.moda.es\/blog\/wp-content\/uploads\/2012\/01\/00390m1.jpg?resize=320%2C480\" alt=\"\" width=\"320\" height=\"480\" srcset=\"https:\/\/i0.wp.com\/www.moda.es\/blog\/wp-content\/uploads\/2012\/01\/00390m1.jpg?w=320 320w, https:\/\/i0.wp.com\/www.moda.es\/blog\/wp-content\/uploads\/2012\/01\/00390m1.jpg?resize=200%2C300 200w\" sizes=\"(max-width: 320px) 100vw, 320px\" data-recalc-dims=\"1\" \/><\/a><\/p>\n<p>Lo curioso, por supuesto, aparte de las variedades de color, es el tratamiento de los tejidos: ninguno se ha usado en estado puro, ni siquiera el tweed ic\u00f3nico de la <em>maison<\/em>. En cuanto a la silueta, Lagerfeld ha vuelto a los cortes a la cadera, \u00bflos a\u00f1os 20? No, junto con los bolsillos situados por debajo de la cintura, quer\u00eda transmitir la imagen desenfadada de quien lleva las manos metidas en los pantalones vaqueros. A\u00fan as\u00ed, los cortes eran cl\u00e1sicos y recordaban, en ciertas piezas, a los vol\u00famenes de Balenciaga y al Chanel de siempre y al de Lagerfeld.<\/p>\n<p><a href=\"https:\/\/i0.wp.com\/www.moda.es\/blog\/wp-content\/uploads\/2012\/01\/00520m.jpg\"><img data-attachment-id=\"5298\" data-permalink=\"http:\/\/www.moda.es\/blog\/00520m-2\/\" data-orig-file=\"https:\/\/i0.wp.com\/www.moda.es\/blog\/wp-content\/uploads\/2012\/01\/00520m.jpg?fit=320%2C480\" data-orig-size=\"320,480\" data-comments-opened=\"1\" data-image-meta=\"{&quot;aperture&quot;:&quot;0&quot;,&quot;credit&quot;:&quot;&quot;,&quot;camera&quot;:&quot;&quot;,&quot;caption&quot;:&quot;&quot;,&quot;created_timestamp&quot;:&quot;0&quot;,&quot;copyright&quot;:&quot;&quot;,&quot;focal_length&quot;:&quot;0&quot;,&quot;iso&quot;:&quot;0&quot;,&quot;shutter_speed&quot;:&quot;0&quot;,&quot;title&quot;:&quot;&quot;}\" data-image-title=\"00520m\" data-image-description=\"\" data-image-caption=\"\" data-medium-file=\"https:\/\/i0.wp.com\/www.moda.es\/blog\/wp-content\/uploads\/2012\/01\/00520m.jpg?fit=200%2C300\" data-large-file=\"https:\/\/i0.wp.com\/www.moda.es\/blog\/wp-content\/uploads\/2012\/01\/00520m.jpg?fit=320%2C480\" loading=\"lazy\" class=\"aligncenter size-full wp-image-5298\" src=\"https:\/\/i0.wp.com\/www.moda.es\/blog\/wp-content\/uploads\/2012\/01\/00520m.jpg?resize=320%2C480\" alt=\"\" width=\"320\" height=\"480\" srcset=\"https:\/\/i0.wp.com\/www.moda.es\/blog\/wp-content\/uploads\/2012\/01\/00520m.jpg?w=320 320w, https:\/\/i0.wp.com\/www.moda.es\/blog\/wp-content\/uploads\/2012\/01\/00520m.jpg?resize=200%2C300 200w\" sizes=\"(max-width: 320px) 100vw, 320px\" data-recalc-dims=\"1\" \/><\/a><\/p>\n<p><a href=\"https:\/\/i0.wp.com\/www.moda.es\/blog\/wp-content\/uploads\/2012\/01\/00590m.jpg\"><img data-attachment-id=\"5299\" data-permalink=\"http:\/\/www.moda.es\/blog\/00590m-3\/\" data-orig-file=\"https:\/\/i0.wp.com\/www.moda.es\/blog\/wp-content\/uploads\/2012\/01\/00590m.jpg?fit=320%2C480\" data-orig-size=\"320,480\" data-comments-opened=\"1\" data-image-meta=\"{&quot;aperture&quot;:&quot;0&quot;,&quot;credit&quot;:&quot;&quot;,&quot;camera&quot;:&quot;&quot;,&quot;caption&quot;:&quot;&quot;,&quot;created_timestamp&quot;:&quot;0&quot;,&quot;copyright&quot;:&quot;&quot;,&quot;focal_length&quot;:&quot;0&quot;,&quot;iso&quot;:&quot;0&quot;,&quot;shutter_speed&quot;:&quot;0&quot;,&quot;title&quot;:&quot;&quot;}\" data-image-title=\"00590m\" data-image-description=\"\" data-image-caption=\"\" data-medium-file=\"https:\/\/i0.wp.com\/www.moda.es\/blog\/wp-content\/uploads\/2012\/01\/00590m.jpg?fit=200%2C300\" data-large-file=\"https:\/\/i0.wp.com\/www.moda.es\/blog\/wp-content\/uploads\/2012\/01\/00590m.jpg?fit=320%2C480\" loading=\"lazy\" class=\"aligncenter size-full wp-image-5299\" src=\"https:\/\/i0.wp.com\/www.moda.es\/blog\/wp-content\/uploads\/2012\/01\/00590m.jpg?resize=320%2C480\" alt=\"\" width=\"320\" height=\"480\" srcset=\"https:\/\/i0.wp.com\/www.moda.es\/blog\/wp-content\/uploads\/2012\/01\/00590m.jpg?w=320 320w, https:\/\/i0.wp.com\/www.moda.es\/blog\/wp-content\/uploads\/2012\/01\/00590m.jpg?resize=200%2C300 200w\" sizes=\"(max-width: 320px) 100vw, 320px\" data-recalc-dims=\"1\" \/><\/a><\/p>\n<p><a href=\"https:\/\/i0.wp.com\/www.moda.es\/blog\/wp-content\/uploads\/2012\/01\/00610m.jpg\"><img data-attachment-id=\"5300\" data-permalink=\"http:\/\/www.moda.es\/blog\/00610m\/\" data-orig-file=\"https:\/\/i0.wp.com\/www.moda.es\/blog\/wp-content\/uploads\/2012\/01\/00610m.jpg?fit=320%2C480\" data-orig-size=\"320,480\" data-comments-opened=\"1\" data-image-meta=\"{&quot;aperture&quot;:&quot;0&quot;,&quot;credit&quot;:&quot;&quot;,&quot;camera&quot;:&quot;&quot;,&quot;caption&quot;:&quot;&quot;,&quot;created_timestamp&quot;:&quot;0&quot;,&quot;copyright&quot;:&quot;&quot;,&quot;focal_length&quot;:&quot;0&quot;,&quot;iso&quot;:&quot;0&quot;,&quot;shutter_speed&quot;:&quot;0&quot;,&quot;title&quot;:&quot;&quot;}\" data-image-title=\"00610m\" data-image-description=\"\" data-image-caption=\"\" data-medium-file=\"https:\/\/i0.wp.com\/www.moda.es\/blog\/wp-content\/uploads\/2012\/01\/00610m.jpg?fit=200%2C300\" data-large-file=\"https:\/\/i0.wp.com\/www.moda.es\/blog\/wp-content\/uploads\/2012\/01\/00610m.jpg?fit=320%2C480\" loading=\"lazy\" class=\"aligncenter size-full wp-image-5300\" src=\"https:\/\/i0.wp.com\/www.moda.es\/blog\/wp-content\/uploads\/2012\/01\/00610m.jpg?resize=320%2C480\" alt=\"\" width=\"320\" height=\"480\" srcset=\"https:\/\/i0.wp.com\/www.moda.es\/blog\/wp-content\/uploads\/2012\/01\/00610m.jpg?w=320 320w, https:\/\/i0.wp.com\/www.moda.es\/blog\/wp-content\/uploads\/2012\/01\/00610m.jpg?resize=200%2C300 200w\" sizes=\"(max-width: 320px) 100vw, 320px\" data-recalc-dims=\"1\" \/><\/a><\/p>\n<p>&nbsp;<\/p>\n","protected":false},"excerpt":{"rendered":"<p>Par\u00eds y la alta costura. Una semana, esta, que es una vor\u00e1gine de desfiles, una variedad de propuesta de lujo pero tambi\u00e9n de locura est\u00e9tica. El desfile de Chanel es siempre uno de los favoritos, fiel a una sobriedad y elegancia bien cuidadas. La \u00faltima colecci\u00f3n que ha presentado podr\u00eda [&hellip;]<\/p>\n","protected":false},"author":2,"featured_media":16689,"comment_status":"open","ping_status":"open","sticky":false,"template":"","format":"standard","meta":{"jetpack_publicize_message":"","jetpack_is_tweetstorm":false,"jetpack_publicize_feature_enabled":true},"categories":[23],"tags":[],"jetpack_publicize_connections":[],"jetpack_featured_media_url":"https:\/\/i0.wp.com\/www.moda.es\/blog\/wp-content\/uploads\/2012\/01\/00010m2.jpg?fit=320%2C480","jetpack_sharing_enabled":true,"jetpack_shortlink":"https:\/\/wp.me\/p4tJCC-1nf","jetpack-related-posts":[{"id":10312,"url":"http:\/\/www.moda.es\/blog\/paris-alta-costura\/","url_meta":{"origin":5285,"position":0},"title":"Par\u00eds Alta Costura","date":"enero 22, 2013","format":false,"excerpt":"La Semana de Alta Costura es la mejor de todas. Si a los desfiles ya se les presupone un espect\u00e1culo, la costura es la sublimacion de ese espect\u00e1culo. La genialidad en grado m\u00e1ximo, el sue\u00f1o de la moda, la fantas\u00eda, lo mejor de lo mejor en cuanto a firmas, dise\u00f1adores,\u2026","rel":"","context":"En \u00abPasarelas\u00bb","img":{"alt_text":"","src":"https:\/\/i0.wp.com\/www.moda.es\/blog\/wp-content\/uploads\/2013\/01\/Versace-11.jpg?fit=500%2C236&resize=350%2C200","width":350,"height":200},"classes":[]},{"id":15688,"url":"http:\/\/www.moda.es\/blog\/lo-mejor-de-la-alta-costura-de-paris\/","url_meta":{"origin":5285,"position":1},"title":"Lo mejor de la Alta Costura de Par\u00eds","date":"enero 25, 2014","format":false,"excerpt":"Unas semanas antes de descubrir las nuevas tendencias del oto\u00f1o 2014 en los desfiles de Londres, Nueva York, Mil\u00e1n y Par\u00eds, el sue\u00f1o de la moda se hace realidad en la presentaci\u00f3n de las colecciones de Alta Costura. Te presentamos aqu\u00ed lo mejor que pudimos ver sobre las pasarelas. Chanel\u2026","rel":"","context":"En \u00abDestacados\u00bb","img":{"alt_text":"","src":"https:\/\/i0.wp.com\/www.moda.es\/blog\/wp-content\/uploads\/2014\/01\/Chanel1.jpg?resize=350%2C200","width":350,"height":200},"classes":[]},{"id":13235,"url":"http:\/\/www.moda.es\/blog\/lo-mejor-de-la-semana-de-la-alta-costura-ii\/","url_meta":{"origin":5285,"position":2},"title":"Lo mejor de la Semana de la Alta Costura (II)","date":"julio 6, 2013","format":false,"excerpt":"Ayer te mostr\u00e9 algunas pinceladas de lo que se ha visto en la Semana de la Costura para la temporada Oto\u00f1o - Invierno 2013 pero seguro que te has quedado con ganas de saber m\u00e1s, \u00bfverdad? El detalle m\u00e1s llamativo de la colecci\u00f3n de alta costura de Giorgio Armani fueron\u2026","rel":"","context":"En \u00abColecciones\u00bb","img":{"alt_text":"","src":"https:\/\/i0.wp.com\/www.moda.es\/blog\/wp-content\/uploads\/2013\/07\/Armani-Prive.jpg?fit=400%2C267&resize=350%2C200","width":350,"height":200},"classes":[]},{"id":2545,"url":"http:\/\/www.moda.es\/blog\/chanel-brilla-en-la-oscuridad\/","url_meta":{"origin":5285,"position":3},"title":"Chanel brilla en la oscuridad","date":"julio 6, 2011","format":false,"excerpt":"Inaugurados los desfiles de alta costura de Par\u00eds, anoche\u00a0se\u00a0presentaba la colecci\u00f3n de Chanel bajo un cielo estrellado, el real y el del decorado.\u00a0El marco perfecto para una colecci\u00f3n donde la oscuridad reinaba\u00a0junto\u00a0a los brillos plata de las lentejuela. Opuesta a la anterior colecci\u00f3n de alta costura de la casa, que\u2026","rel":"","context":"En \u00abPasarelas\u00bb","img":{"alt_text":"","src":"https:\/\/i0.wp.com\/www.moda.es\/blog\/wp-content\/uploads\/2011\/07\/00190m1.jpg?fit=320%2C480&resize=350%2C200","width":350,"height":200},"classes":[]},{"id":2536,"url":"http:\/\/www.moda.es\/blog\/carlota-de-tal-palo-tal-astilla\/","url_meta":{"origin":5285,"position":4},"title":"Carlota, de tal palo tal astilla","date":"julio 5, 2011","format":false,"excerpt":"Este fin de semana pasado se celebraba en M\u00f3naco el mayor acontecimiento del a\u00f1o: el enlace entre Alberto, el heredero al trono, y Charlene Wittstock. Durante las celebraciones del viernes y del s\u00e1bado, Carlota Casiraghi destac\u00f3 entre los presentes por su estilo. Con una madre como Carolina, Carlota no pod\u00eda\u2026","rel":"","context":"En \u00abAlfombra Roja\u00bb","img":{"alt_text":"","src":"https:\/\/i0.wp.com\/www.moda.es\/blog\/wp-content\/uploads\/2011\/07\/AlbertCharleneMonacoCivilWeddingCharlotte.jpg?fit=610%2C490&resize=350%2C200","width":350,"height":200},"classes":[]},{"id":11294,"url":"http:\/\/www.moda.es\/blog\/tilda-swinton-nueva-musa-de-chanel\/","url_meta":{"origin":5285,"position":5},"title":"Tilda Swinton, nueva musa de Chanel","date":"marzo 6, 2013","format":false,"excerpt":"A principios de diciembre lo descubrimos. M\u00e1gico, a medio camino entre la Alta Costura y el Pr\u00eat a Porter y con Escocia como tel\u00f3n de fondo y fuente de inspiraci\u00f3n. La colecci\u00f3n M\u00e9tiers d\u2019Art 2012\/2013 Par\u00eds-Edimburgo vio la luz en las ruinas del Linlithgow Palace, y hoy se prepara la\u2026","rel":"","context":"En \u00abCampa\u00f1as\u00bb","img":{"alt_text":"","src":"https:\/\/i0.wp.com\/www.moda.es\/blog\/wp-content\/uploads\/2013\/03\/Chanel-Tilda-Swinton1.jpg?fit=409%2C595&resize=350%2C200","width":350,"height":200},"classes":[]}],"_links":{"self":[{"href":"http:\/\/www.moda.es\/blog\/wp-json\/wp\/v2\/posts\/5285"}],"collection":[{"href":"http:\/\/www.moda.es\/blog\/wp-json\/wp\/v2\/posts"}],"about":[{"href":"http:\/\/www.moda.es\/blog\/wp-json\/wp\/v2\/types\/post"}],"author":[{"embeddable":true,"href":"http:\/\/www.moda.es\/blog\/wp-json\/wp\/v2\/users\/2"}],"replies":[{"embeddable":true,"href":"http:\/\/www.moda.es\/blog\/wp-json\/wp\/v2\/comments?post=5285"}],"version-history":[{"count":0,"href":"http:\/\/www.moda.es\/blog\/wp-json\/wp\/v2\/posts\/5285\/revisions"}],"wp:featuredmedia":[{"embeddable":true,"href":"http:\/\/www.moda.es\/blog\/wp-json\/wp\/v2\/media\/16689"}],"wp:attachment":[{"href":"http:\/\/www.moda.es\/blog\/wp-json\/wp\/v2\/media?parent=5285"}],"wp:term":[{"taxonomy":"category","embeddable":true,"href":"http:\/\/www.moda.es\/blog\/wp-json\/wp\/v2\/categories?post=5285"},{"taxonomy":"post_tag","embeddable":true,"href":"http:\/\/www.moda.es\/blog\/wp-json\/wp\/v2\/tags?post=5285"}],"curies":[{"name":"wp","href":"https:\/\/api.w.org\/{rel}","templated":true}]}}