{"id":5251,"date":"2012-01-27T01:56:24","date_gmt":"2012-01-26T23:56:24","guid":{"rendered":"http:\/\/www.moda.es\/blog\/?p=5251"},"modified":"2012-01-27T01:56:24","modified_gmt":"2012-01-26T23:56:24","slug":"la-belleza-de-la-imperfeccion","status":"publish","type":"post","link":"http:\/\/www.moda.es\/blog\/la-belleza-de-la-imperfeccion\/","title":{"rendered":"La belleza de la imperfecci\u00f3n"},"content":{"rendered":"<figure id=\"attachment_5258\" aria-describedby=\"caption-attachment-5258\" style=\"width: 353px\" class=\"wp-caption aligncenter\"><a href=\"https:\/\/i0.wp.com\/www.moda.es\/blog\/wp-content\/uploads\/2012\/01\/v48beforeandafter16natu.jpg\"><img data-attachment-id=\"5258\" data-permalink=\"http:\/\/www.moda.es\/blog\/v48beforeandafter16natu\/\" data-orig-file=\"https:\/\/i0.wp.com\/www.moda.es\/blog\/wp-content\/uploads\/2012\/01\/v48beforeandafter16natu-e1327624684177.jpg?fit=353%2C500\" data-orig-size=\"353,500\" data-comments-opened=\"1\" data-image-meta=\"{&quot;aperture&quot;:&quot;0&quot;,&quot;credit&quot;:&quot;&quot;,&quot;camera&quot;:&quot;&quot;,&quot;caption&quot;:&quot;&quot;,&quot;created_timestamp&quot;:&quot;0&quot;,&quot;copyright&quot;:&quot;&quot;,&quot;focal_length&quot;:&quot;0&quot;,&quot;iso&quot;:&quot;0&quot;,&quot;shutter_speed&quot;:&quot;0&quot;,&quot;title&quot;:&quot;&quot;}\" data-image-title=\"v48beforeandafter16natu\" data-image-description=\"\" data-image-caption=\"&lt;p&gt;Foto via childhoodflames.blogspot.com&lt;\/p&gt;\n\" data-medium-file=\"https:\/\/i0.wp.com\/www.moda.es\/blog\/wp-content\/uploads\/2012\/01\/v48beforeandafter16natu-e1327624684177.jpg?fit=211%2C300\" data-large-file=\"https:\/\/i0.wp.com\/www.moda.es\/blog\/wp-content\/uploads\/2012\/01\/v48beforeandafter16natu-e1327624684177.jpg?fit=353%2C500\" loading=\"lazy\" class=\"size-full wp-image-5258\" src=\"https:\/\/i0.wp.com\/www.moda.es\/blog\/wp-content\/uploads\/2012\/01\/v48beforeandafter16natu-e1327624684177.jpg?resize=353%2C500\" alt=\"\" width=\"353\" height=\"500\" srcset=\"https:\/\/i0.wp.com\/www.moda.es\/blog\/wp-content\/uploads\/2012\/01\/v48beforeandafter16natu-e1327624684177.jpg?w=353 353w, https:\/\/i0.wp.com\/www.moda.es\/blog\/wp-content\/uploads\/2012\/01\/v48beforeandafter16natu-e1327624684177.jpg?resize=211%2C300 211w\" sizes=\"(max-width: 353px) 100vw, 353px\" data-recalc-dims=\"1\" \/><\/a><figcaption id=\"caption-attachment-5258\" class=\"wp-caption-text\">Foto via childhoodflames.blogspot.com<\/figcaption><\/figure>\n<p>Hace un par de d\u00edas habl\u00e1bamos de la genuina y rara belleza de la jovenc\u00edsima Lindsey Wixson cuyos sobredimensionados rasgos llaman la atenci\u00f3n tanto como el hueco entre sus dos dientes. Pero ella no es la \u00fanica en el firmamento de las pasarelas que sobresale, entre otras cosas, por un encantador defecto en la dentadura. Lara Stone ha reinado llevando como bandera una sonrisa graciosamente imperfecta, adem\u00e1s de una exuberancia seductora. Otra joven que despunta ahora como imagen del nuevo perfume de Diesel &#8216;Loverdose&#8217; es Ashley Smith, quien pasea orgullosa \u00a0en los desfiles de Vivienne Westwood o Chanel luciendo las distancia de sus dos \u00abpaletos\u00bb. Tambi\u00e9n Giorgina Jagger -s\u00ed, su apellido indica que es hija del l\u00edder de los Stones-, que siguiendo los pasos de su madre Jerry Hall quiere hacer de la moda su oficio.<\/p>\n<figure id=\"attachment_5261\" aria-describedby=\"caption-attachment-5261\" style=\"width: 332px\" class=\"wp-caption aligncenter\"><a href=\"https:\/\/i0.wp.com\/www.moda.es\/blog\/wp-content\/uploads\/2012\/01\/piscitelli_ashley_smith25-367x550.jpg\"><img data-attachment-id=\"5261\" data-permalink=\"http:\/\/www.moda.es\/blog\/piscitelli_ashley_smith25-367x550\/\" data-orig-file=\"https:\/\/i0.wp.com\/www.moda.es\/blog\/wp-content\/uploads\/2012\/01\/piscitelli_ashley_smith25-367x550-e1327625035923.jpg?fit=332%2C500\" data-orig-size=\"332,500\" data-comments-opened=\"1\" data-image-meta=\"{&quot;aperture&quot;:&quot;0&quot;,&quot;credit&quot;:&quot;&quot;,&quot;camera&quot;:&quot;&quot;,&quot;caption&quot;:&quot;&quot;,&quot;created_timestamp&quot;:&quot;0&quot;,&quot;copyright&quot;:&quot;&quot;,&quot;focal_length&quot;:&quot;0&quot;,&quot;iso&quot;:&quot;0&quot;,&quot;shutter_speed&quot;:&quot;0&quot;,&quot;title&quot;:&quot;&quot;}\" data-image-title=\"piscitelli_ashley_smith25-367&#215;550\" data-image-description=\"\" data-image-caption=\"&lt;p&gt;Ashley Smith. Foto via mikepiscitelli.com&lt;\/p&gt;\n\" data-medium-file=\"https:\/\/i0.wp.com\/www.moda.es\/blog\/wp-content\/uploads\/2012\/01\/piscitelli_ashley_smith25-367x550-e1327625035923.jpg?fit=199%2C300\" data-large-file=\"https:\/\/i0.wp.com\/www.moda.es\/blog\/wp-content\/uploads\/2012\/01\/piscitelli_ashley_smith25-367x550-e1327625035923.jpg?fit=332%2C500\" loading=\"lazy\" class=\"size-full wp-image-5261\" src=\"https:\/\/i0.wp.com\/www.moda.es\/blog\/wp-content\/uploads\/2012\/01\/piscitelli_ashley_smith25-367x550-e1327625035923.jpg?resize=332%2C500\" alt=\"\" width=\"332\" height=\"500\" srcset=\"https:\/\/i0.wp.com\/www.moda.es\/blog\/wp-content\/uploads\/2012\/01\/piscitelli_ashley_smith25-367x550-e1327625035923.jpg?w=332 332w, https:\/\/i0.wp.com\/www.moda.es\/blog\/wp-content\/uploads\/2012\/01\/piscitelli_ashley_smith25-367x550-e1327625035923.jpg?resize=199%2C300 199w\" sizes=\"(max-width: 332px) 100vw, 332px\" data-recalc-dims=\"1\" \/><\/a><figcaption id=\"caption-attachment-5261\" class=\"wp-caption-text\">Ashley Smith. Foto via mikepiscitelli.com<\/figcaption><\/figure>\n<p>Antes que ellas, otras dejaron ver que no ten\u00edan ning\u00fan complejo por su dentadura: la sutil separaci\u00f3n en el caso de la\u00a0bella Brigitte Bardot, o m\u00e1s acusada en Lauren Hutton, quien se hiciera famosa por haber sido la primera modelo en firmar un contrato con una marca de cosm\u00e9ticos. De otra generaci\u00f3n\u00a0la modelo, actriz y cantante Vanessa Paradis.<\/p>\n<figure id=\"attachment_5262\" aria-describedby=\"caption-attachment-5262\" style=\"width: 500px\" class=\"wp-caption aligncenter\"><a href=\"https:\/\/i0.wp.com\/www.moda.es\/blog\/wp-content\/uploads\/2012\/01\/brigitte-bardot-00-630-75.jpg\"><img data-attachment-id=\"5262\" data-permalink=\"http:\/\/www.moda.es\/blog\/brigitte-bardot-00-630-75\/\" data-orig-file=\"https:\/\/i0.wp.com\/www.moda.es\/blog\/wp-content\/uploads\/2012\/01\/brigitte-bardot-00-630-75-e1327626005792.jpg?fit=500%2C486\" data-orig-size=\"500,486\" data-comments-opened=\"1\" data-image-meta=\"{&quot;aperture&quot;:&quot;0&quot;,&quot;credit&quot;:&quot;&quot;,&quot;camera&quot;:&quot;&quot;,&quot;caption&quot;:&quot;&quot;,&quot;created_timestamp&quot;:&quot;0&quot;,&quot;copyright&quot;:&quot;&quot;,&quot;focal_length&quot;:&quot;0&quot;,&quot;iso&quot;:&quot;0&quot;,&quot;shutter_speed&quot;:&quot;0&quot;,&quot;title&quot;:&quot;&quot;}\" data-image-title=\"brigitte-bardot-00-630-75\" data-image-description=\"\" data-image-caption=\"&lt;p&gt;Brigitte Bardot. Foto via parlourandloot.blogspot.com&lt;\/p&gt;\n\" data-medium-file=\"https:\/\/i0.wp.com\/www.moda.es\/blog\/wp-content\/uploads\/2012\/01\/brigitte-bardot-00-630-75-e1327626005792.jpg?fit=300%2C291\" data-large-file=\"https:\/\/i0.wp.com\/www.moda.es\/blog\/wp-content\/uploads\/2012\/01\/brigitte-bardot-00-630-75-e1327626005792.jpg?fit=500%2C486\" loading=\"lazy\" class=\"size-full wp-image-5262\" src=\"https:\/\/i0.wp.com\/www.moda.es\/blog\/wp-content\/uploads\/2012\/01\/brigitte-bardot-00-630-75-e1327626005792.jpg?resize=500%2C486\" alt=\"\" width=\"500\" height=\"486\" srcset=\"https:\/\/i0.wp.com\/www.moda.es\/blog\/wp-content\/uploads\/2012\/01\/brigitte-bardot-00-630-75-e1327626005792.jpg?w=500 500w, https:\/\/i0.wp.com\/www.moda.es\/blog\/wp-content\/uploads\/2012\/01\/brigitte-bardot-00-630-75-e1327626005792.jpg?resize=300%2C291 300w\" sizes=\"(max-width: 500px) 100vw, 500px\" data-recalc-dims=\"1\" \/><\/a><figcaption id=\"caption-attachment-5262\" class=\"wp-caption-text\">Brigitte Bardot. Foto via parlourandloot.blogspot.com<\/figcaption><\/figure>\n<figure id=\"attachment_5263\" aria-describedby=\"caption-attachment-5263\" style=\"width: 363px\" class=\"wp-caption aligncenter\"><a href=\"https:\/\/i0.wp.com\/www.moda.es\/blog\/wp-content\/uploads\/2012\/01\/tumblr_lv54lhZjTm1r6jmgio1_500.jpg\"><img data-attachment-id=\"5263\" data-permalink=\"http:\/\/www.moda.es\/blog\/tumblr_lv54lhzjtm1r6jmgio1_500\/\" data-orig-file=\"https:\/\/i0.wp.com\/www.moda.es\/blog\/wp-content\/uploads\/2012\/01\/tumblr_lv54lhZjTm1r6jmgio1_500-e1327626076742.jpg?fit=363%2C500\" data-orig-size=\"363,500\" data-comments-opened=\"1\" data-image-meta=\"{&quot;aperture&quot;:&quot;0&quot;,&quot;credit&quot;:&quot;&quot;,&quot;camera&quot;:&quot;&quot;,&quot;caption&quot;:&quot;&quot;,&quot;created_timestamp&quot;:&quot;0&quot;,&quot;copyright&quot;:&quot;&quot;,&quot;focal_length&quot;:&quot;0&quot;,&quot;iso&quot;:&quot;0&quot;,&quot;shutter_speed&quot;:&quot;0&quot;,&quot;title&quot;:&quot;&quot;}\" data-image-title=\"tumblr_lv54lhZjTm1r6jmgio1_500\" data-image-description=\"\" data-image-caption=\"&lt;p&gt;Lauren Hutton detr\u00e1s de las gafas. Foto via christopherloney.tumblr.com&lt;\/p&gt;\n\" data-medium-file=\"https:\/\/i0.wp.com\/www.moda.es\/blog\/wp-content\/uploads\/2012\/01\/tumblr_lv54lhZjTm1r6jmgio1_500-e1327626076742.jpg?fit=217%2C300\" data-large-file=\"https:\/\/i0.wp.com\/www.moda.es\/blog\/wp-content\/uploads\/2012\/01\/tumblr_lv54lhZjTm1r6jmgio1_500-e1327626076742.jpg?fit=363%2C500\" loading=\"lazy\" class=\"size-full wp-image-5263\" src=\"https:\/\/i0.wp.com\/www.moda.es\/blog\/wp-content\/uploads\/2012\/01\/tumblr_lv54lhZjTm1r6jmgio1_500-e1327626076742.jpg?resize=363%2C500\" alt=\"\" width=\"363\" height=\"500\" srcset=\"https:\/\/i0.wp.com\/www.moda.es\/blog\/wp-content\/uploads\/2012\/01\/tumblr_lv54lhZjTm1r6jmgio1_500-e1327626076742.jpg?w=363 363w, https:\/\/i0.wp.com\/www.moda.es\/blog\/wp-content\/uploads\/2012\/01\/tumblr_lv54lhZjTm1r6jmgio1_500-e1327626076742.jpg?resize=217%2C300 217w\" sizes=\"(max-width: 363px) 100vw, 363px\" data-recalc-dims=\"1\" \/><\/a><figcaption id=\"caption-attachment-5263\" class=\"wp-caption-text\">Lauren Hutton detr\u00e1s de las gafas. Foto via christopherloney.tumblr.com<\/figcaption><\/figure>\n<p>Los defectos bien llevados pueden ser encantadores.<\/p>\n","protected":false},"excerpt":{"rendered":"<p>Hace un par de d\u00edas habl\u00e1bamos de la genuina y rara belleza de la jovenc\u00edsima Lindsey Wixson cuyos sobredimensionados rasgos llaman la atenci\u00f3n tanto como el hueco entre sus dos dientes. Pero ella no es la \u00fanica en el firmamento de las pasarelas que sobresale, entre otras cosas, por un [&hellip;]<\/p>\n","protected":false},"author":2,"featured_media":16690,"comment_status":"open","ping_status":"open","sticky":false,"template":"","format":"standard","meta":{"jetpack_publicize_message":"","jetpack_is_tweetstorm":false,"jetpack_publicize_feature_enabled":true},"categories":[17],"tags":[],"jetpack_publicize_connections":[],"jetpack_featured_media_url":"https:\/\/i0.wp.com\/www.moda.es\/blog\/wp-content\/uploads\/2012\/01\/v48beforeandafter16natu-e13276246841771.jpg?fit=353%2C500","jetpack_sharing_enabled":true,"jetpack_shortlink":"https:\/\/wp.me\/p4tJCC-1mH","jetpack-related-posts":[{"id":4474,"url":"http:\/\/www.moda.es\/blog\/forjando-joyas\/","url_meta":{"origin":5251,"position":0},"title":"Forjando joyas","date":"noviembre 30, 2011","format":false,"excerpt":"De Barcelona a Londres, de all\u00ed a Barcelona y de aqu\u00ed a la ciudad de los rascacielos, Nueva York, donde se ha establecido con su marca. \u00c9ste es el periplo de Elena Estaun hasta asentar su firma de joyas, como su nombre, Elena Estaun S\u00e1nchez. Construidas con toda la audacia\u2026","rel":"","context":"En \u00abAccesorios\u00bb","img":{"alt_text":"","src":"https:\/\/i0.wp.com\/www.moda.es\/blog\/wp-content\/uploads\/2011\/11\/elena_estaun_sanchez_8-e13226073187181.jpg?fit=500%2C380&resize=350%2C200","width":350,"height":200},"classes":[]},{"id":18279,"url":"http:\/\/www.moda.es\/blog\/el-libro-de-la-belleza\/","url_meta":{"origin":5251,"position":1},"title":"El libro de la belleza","date":"septiembre 12, 2014","format":false,"excerpt":"Las famsoas modelos deVictoria's Secret han participado en un nuevo libro del fot\u00f3grafo Russell James. Adriana Lima, Alessandra Ambrosio, Candice Swanepoel, Behati Prinsloo y Lily Aldridge entre otras\u00a0 han sido fotografiadas llevando incluso menos ropa de lo que la lucen en la vibrante pasarela de la marca. \u00a0 \"En las\u2026","rel":"","context":"En \u00abActualidad\u00bb","img":{"alt_text":"","src":"https:\/\/i0.wp.com\/www.moda.es\/blog\/wp-content\/uploads\/2014\/09\/vas6.jpg?fit=650%2C975&resize=350%2C200","width":350,"height":200},"classes":[]},{"id":2278,"url":"http:\/\/www.moda.es\/blog\/el-culto-a-la-belleza\/","url_meta":{"origin":5251,"position":2},"title":"El culto a la belleza","date":"junio 16, 2011","format":false,"excerpt":"La belleza no es s\u00f3lo tema de las revistas de moda o de las marcas de cosm\u00e9tica, es -como, por supuesto, ha sido siempre- patrimonio del arte. No en vano, el arte y el desarrollo de los diferentes conceptos de la est\u00e9tica van de la mano. Desde el pasado 2\u2026","rel":"","context":"En \u00abExposiciones\u00bb","img":{"alt_text":"","src":"https:\/\/i0.wp.com\/www.moda.es\/blog\/wp-content\/uploads\/2011\/06\/1860_watts.10001.jpg?fit=901%2C1200&resize=350%2C200","width":350,"height":200},"classes":[]},{"id":2696,"url":"http:\/\/www.moda.es\/blog\/eterea-irrealida\/","url_meta":{"origin":5251,"position":3},"title":"Et\u00e9rea irrealidad. La fotograf\u00eda de Sarah Moon","date":"julio 18, 2011","format":false,"excerpt":"Ante una mujer aparentemente bella, pero de rostro borroso, s\u00f3lo se puede sentir la necesidad de querer desvelar su cara. Es inquietante, misterioso. As\u00ed son las im\u00e1genes de Sarah Moon. Parecen sacadas de un album viejo, rescatadas de alg\u00fan desv\u00e1n. Pero no son tan antiguas, y es que\u00a0sus im\u00e1genes estaban\u2026","rel":"","context":"En \u00abFot\u00f3grafos\u00bb","img":{"alt_text":"","src":"https:\/\/i0.wp.com\/www.moda.es\/blog\/wp-content\/uploads\/2011\/07\/Sarah%2BMoon%2B1.jpg?fit=800%2C1016&resize=350%2C200","width":350,"height":200},"classes":[]},{"id":17936,"url":"http:\/\/www.moda.es\/blog\/la-primera-biografia-de-un-gato\/","url_meta":{"origin":5251,"position":4},"title":"La primera biograf\u00eda de un gato","date":"julio 11, 2014","format":false,"excerpt":"Karl Lagerfeld ha tomado como tema de un nuevo libro a su querido gato Choupette para documentar su vida de lujo: Choupette: La vida privada de un gato de altos vuelos. un libro que ver\u00e1 la luz en septiembre poniendo al suave amigo del k\u00e1iser a la altura de Lassie,\u2026","rel":"","context":"En \u00abActualidad\u00bb","img":{"alt_text":"","src":"https:\/\/i0.wp.com\/www.moda.es\/blog\/wp-content\/uploads\/2014\/07\/lagerfeld.jpg?fit=650%2C800&resize=350%2C200","width":350,"height":200},"classes":[]},{"id":18728,"url":"http:\/\/www.moda.es\/blog\/belleza-madura\/","url_meta":{"origin":5251,"position":5},"title":"Belleza madura","date":"enero 7, 2015","format":false,"excerpt":"Ni Cara Delevingne, ni Edie Campbell ni Adriana Lima. Quien piense que la belleza y el cool se reducen a la juventud est\u00e1 muy equivocado. C\u00e9line ha publicado su nueva campa\u00f1a para la temporada de primavera y la elecci\u00f3n de su protagonista no podr\u00eda ser m\u00e1s acertada (ni sorprendente). Joan\u2026","rel":"","context":"En \u00abActualidad\u00bb","img":{"alt_text":"","src":"https:\/\/i0.wp.com\/www.moda.es\/blog\/wp-content\/uploads\/2015\/01\/celine.jpg?fit=650%2C996&resize=350%2C200","width":350,"height":200},"classes":[]}],"_links":{"self":[{"href":"http:\/\/www.moda.es\/blog\/wp-json\/wp\/v2\/posts\/5251"}],"collection":[{"href":"http:\/\/www.moda.es\/blog\/wp-json\/wp\/v2\/posts"}],"about":[{"href":"http:\/\/www.moda.es\/blog\/wp-json\/wp\/v2\/types\/post"}],"author":[{"embeddable":true,"href":"http:\/\/www.moda.es\/blog\/wp-json\/wp\/v2\/users\/2"}],"replies":[{"embeddable":true,"href":"http:\/\/www.moda.es\/blog\/wp-json\/wp\/v2\/comments?post=5251"}],"version-history":[{"count":0,"href":"http:\/\/www.moda.es\/blog\/wp-json\/wp\/v2\/posts\/5251\/revisions"}],"wp:featuredmedia":[{"embeddable":true,"href":"http:\/\/www.moda.es\/blog\/wp-json\/wp\/v2\/media\/16690"}],"wp:attachment":[{"href":"http:\/\/www.moda.es\/blog\/wp-json\/wp\/v2\/media?parent=5251"}],"wp:term":[{"taxonomy":"category","embeddable":true,"href":"http:\/\/www.moda.es\/blog\/wp-json\/wp\/v2\/categories?post=5251"},{"taxonomy":"post_tag","embeddable":true,"href":"http:\/\/www.moda.es\/blog\/wp-json\/wp\/v2\/tags?post=5251"}],"curies":[{"name":"wp","href":"https:\/\/api.w.org\/{rel}","templated":true}]}}