{"id":5231,"date":"2012-01-26T01:58:22","date_gmt":"2012-01-25T23:58:22","guid":{"rendered":"http:\/\/www.moda.es\/blog\/?p=5231"},"modified":"2012-01-26T01:58:22","modified_gmt":"2012-01-25T23:58:22","slug":"prada-y-el-nuevo-hombre","status":"publish","type":"post","link":"http:\/\/www.moda.es\/blog\/prada-y-el-nuevo-hombre\/","title":{"rendered":"Prada y el nuevo hombre"},"content":{"rendered":"<figure id=\"attachment_5237\" aria-describedby=\"caption-attachment-5237\" style=\"width: 320px\" class=\"wp-caption aligncenter\"><a href=\"https:\/\/i0.wp.com\/www.moda.es\/blog\/wp-content\/uploads\/2012\/01\/00130m.jpg\"><img data-attachment-id=\"5237\" data-permalink=\"http:\/\/www.moda.es\/blog\/00130m-6\/\" data-orig-file=\"https:\/\/i0.wp.com\/www.moda.es\/blog\/wp-content\/uploads\/2012\/01\/00130m.jpg?fit=320%2C480\" data-orig-size=\"320,480\" data-comments-opened=\"1\" data-image-meta=\"{&quot;aperture&quot;:&quot;0&quot;,&quot;credit&quot;:&quot;&quot;,&quot;camera&quot;:&quot;&quot;,&quot;caption&quot;:&quot;&quot;,&quot;created_timestamp&quot;:&quot;0&quot;,&quot;copyright&quot;:&quot;&quot;,&quot;focal_length&quot;:&quot;0&quot;,&quot;iso&quot;:&quot;0&quot;,&quot;shutter_speed&quot;:&quot;0&quot;,&quot;title&quot;:&quot;&quot;}\" data-image-title=\"00130m\" data-image-description=\"\" data-image-caption=\"&lt;p&gt;www.style.com&lt;\/p&gt;\n\" data-medium-file=\"https:\/\/i0.wp.com\/www.moda.es\/blog\/wp-content\/uploads\/2012\/01\/00130m.jpg?fit=200%2C300\" data-large-file=\"https:\/\/i0.wp.com\/www.moda.es\/blog\/wp-content\/uploads\/2012\/01\/00130m.jpg?fit=320%2C480\" loading=\"lazy\" class=\"size-full wp-image-5237\" src=\"https:\/\/i0.wp.com\/www.moda.es\/blog\/wp-content\/uploads\/2012\/01\/00130m.jpg?resize=320%2C480\" alt=\"\" width=\"320\" height=\"480\" srcset=\"https:\/\/i0.wp.com\/www.moda.es\/blog\/wp-content\/uploads\/2012\/01\/00130m.jpg?w=320 320w, https:\/\/i0.wp.com\/www.moda.es\/blog\/wp-content\/uploads\/2012\/01\/00130m.jpg?resize=200%2C300 200w\" sizes=\"(max-width: 320px) 100vw, 320px\" data-recalc-dims=\"1\" \/><\/a><figcaption id=\"caption-attachment-5237\" class=\"wp-caption-text\">www.style.com<\/figcaption><\/figure>\n<p>Lo m\u00e1s moderno hoy es lo antiguo. Algo as\u00ed dec\u00eda un art\u00edculo del <a href=\"http:\/\/smoda.elpais.com\/articulos\/lo-peor-que-le-puedes-llamar-a-algunos-jovenes-londinenses-es-moderno\/758\">S Moda<\/a> del s\u00e1bado pasado. Lo mismo que constataba ayer en una \u00f3ptica de la capital, cuando una de sus socias me comentaba que lo que viene son las gafas de metal como las que luc\u00edan los miopes a principios del siglo pasado. El caso es que Miuccia, la gran <em>madonna<\/em> intelectual de la moda que todo lo sabe, presentaba hace diez d\u00edas en\u00a0uno de los desfiles m\u00e1s comentados hasta hoy, el de Prada Hombre para el invierno de 2012,\u00a0al nuevo hombre moderno.<\/p>\n<figure id=\"attachment_5238\" aria-describedby=\"caption-attachment-5238\" style=\"width: 320px\" class=\"wp-caption aligncenter\"><a href=\"https:\/\/i0.wp.com\/www.moda.es\/blog\/wp-content\/uploads\/2012\/01\/00180m.jpg\"><img data-attachment-id=\"5238\" data-permalink=\"http:\/\/www.moda.es\/blog\/00180m-2\/\" data-orig-file=\"https:\/\/i0.wp.com\/www.moda.es\/blog\/wp-content\/uploads\/2012\/01\/00180m.jpg?fit=320%2C480\" data-orig-size=\"320,480\" data-comments-opened=\"1\" data-image-meta=\"{&quot;aperture&quot;:&quot;0&quot;,&quot;credit&quot;:&quot;&quot;,&quot;camera&quot;:&quot;&quot;,&quot;caption&quot;:&quot;&quot;,&quot;created_timestamp&quot;:&quot;0&quot;,&quot;copyright&quot;:&quot;&quot;,&quot;focal_length&quot;:&quot;0&quot;,&quot;iso&quot;:&quot;0&quot;,&quot;shutter_speed&quot;:&quot;0&quot;,&quot;title&quot;:&quot;&quot;}\" data-image-title=\"00180m\" data-image-description=\"\" data-image-caption=\"&lt;p&gt;www.style.com&lt;\/p&gt;\n\" data-medium-file=\"https:\/\/i0.wp.com\/www.moda.es\/blog\/wp-content\/uploads\/2012\/01\/00180m.jpg?fit=200%2C300\" data-large-file=\"https:\/\/i0.wp.com\/www.moda.es\/blog\/wp-content\/uploads\/2012\/01\/00180m.jpg?fit=320%2C480\" loading=\"lazy\" class=\"size-full wp-image-5238\" src=\"https:\/\/i0.wp.com\/www.moda.es\/blog\/wp-content\/uploads\/2012\/01\/00180m.jpg?resize=320%2C480\" alt=\"\" width=\"320\" height=\"480\" srcset=\"https:\/\/i0.wp.com\/www.moda.es\/blog\/wp-content\/uploads\/2012\/01\/00180m.jpg?w=320 320w, https:\/\/i0.wp.com\/www.moda.es\/blog\/wp-content\/uploads\/2012\/01\/00180m.jpg?resize=200%2C300 200w\" sizes=\"(max-width: 320px) 100vw, 320px\" data-recalc-dims=\"1\" \/><\/a><figcaption id=\"caption-attachment-5238\" class=\"wp-caption-text\">www.style.com<\/figcaption><\/figure>\n<figure id=\"attachment_5239\" aria-describedby=\"caption-attachment-5239\" style=\"width: 320px\" class=\"wp-caption aligncenter\"><a href=\"https:\/\/i0.wp.com\/www.moda.es\/blog\/wp-content\/uploads\/2012\/01\/00210m.jpg\"><img data-attachment-id=\"5239\" data-permalink=\"http:\/\/www.moda.es\/blog\/00210m-4\/\" data-orig-file=\"https:\/\/i0.wp.com\/www.moda.es\/blog\/wp-content\/uploads\/2012\/01\/00210m.jpg?fit=320%2C480\" data-orig-size=\"320,480\" data-comments-opened=\"1\" data-image-meta=\"{&quot;aperture&quot;:&quot;0&quot;,&quot;credit&quot;:&quot;&quot;,&quot;camera&quot;:&quot;&quot;,&quot;caption&quot;:&quot;&quot;,&quot;created_timestamp&quot;:&quot;0&quot;,&quot;copyright&quot;:&quot;&quot;,&quot;focal_length&quot;:&quot;0&quot;,&quot;iso&quot;:&quot;0&quot;,&quot;shutter_speed&quot;:&quot;0&quot;,&quot;title&quot;:&quot;&quot;}\" data-image-title=\"00210m\" data-image-description=\"\" data-image-caption=\"&lt;p&gt;www.style.com&lt;\/p&gt;\n\" data-medium-file=\"https:\/\/i0.wp.com\/www.moda.es\/blog\/wp-content\/uploads\/2012\/01\/00210m.jpg?fit=200%2C300\" data-large-file=\"https:\/\/i0.wp.com\/www.moda.es\/blog\/wp-content\/uploads\/2012\/01\/00210m.jpg?fit=320%2C480\" loading=\"lazy\" class=\"size-full wp-image-5239\" src=\"https:\/\/i0.wp.com\/www.moda.es\/blog\/wp-content\/uploads\/2012\/01\/00210m.jpg?resize=320%2C480\" alt=\"\" width=\"320\" height=\"480\" srcset=\"https:\/\/i0.wp.com\/www.moda.es\/blog\/wp-content\/uploads\/2012\/01\/00210m.jpg?w=320 320w, https:\/\/i0.wp.com\/www.moda.es\/blog\/wp-content\/uploads\/2012\/01\/00210m.jpg?resize=200%2C300 200w\" sizes=\"(max-width: 320px) 100vw, 320px\" data-recalc-dims=\"1\" \/><\/a><figcaption id=\"caption-attachment-5239\" class=\"wp-caption-text\">www.style.com<\/figcaption><\/figure>\n<p>El caballero de levita, pantal\u00f3n planchado con raya, doble botonadura, abrigo con cintur\u00f3n, raya diplom\u00e1tica,\u00a0cuello de astrac\u00e1n&#8230; Hombres al estilo eduardiano. Todo con una mirada ir\u00f3nica porque visto con lupa y desde cerca es un juego de formas empleando materiales m\u00e1s contempor\u00e1neos, o al menos unos cuantos -como el vaquero, por ejemplo- que en su momento no ten\u00edan como fin prendas que se ve\u00edan en Prada.<\/p>\n<figure id=\"attachment_5240\" aria-describedby=\"caption-attachment-5240\" style=\"width: 320px\" class=\"wp-caption aligncenter\"><a href=\"https:\/\/i0.wp.com\/www.moda.es\/blog\/wp-content\/uploads\/2012\/01\/00360m.jpg\"><img data-attachment-id=\"5240\" data-permalink=\"http:\/\/www.moda.es\/blog\/00360m\/\" data-orig-file=\"https:\/\/i0.wp.com\/www.moda.es\/blog\/wp-content\/uploads\/2012\/01\/00360m.jpg?fit=320%2C480\" data-orig-size=\"320,480\" data-comments-opened=\"1\" data-image-meta=\"{&quot;aperture&quot;:&quot;0&quot;,&quot;credit&quot;:&quot;&quot;,&quot;camera&quot;:&quot;&quot;,&quot;caption&quot;:&quot;&quot;,&quot;created_timestamp&quot;:&quot;0&quot;,&quot;copyright&quot;:&quot;&quot;,&quot;focal_length&quot;:&quot;0&quot;,&quot;iso&quot;:&quot;0&quot;,&quot;shutter_speed&quot;:&quot;0&quot;,&quot;title&quot;:&quot;&quot;}\" data-image-title=\"00360m\" data-image-description=\"\" data-image-caption=\"&lt;p&gt;www.style.com&lt;\/p&gt;\n\" data-medium-file=\"https:\/\/i0.wp.com\/www.moda.es\/blog\/wp-content\/uploads\/2012\/01\/00360m.jpg?fit=200%2C300\" data-large-file=\"https:\/\/i0.wp.com\/www.moda.es\/blog\/wp-content\/uploads\/2012\/01\/00360m.jpg?fit=320%2C480\" loading=\"lazy\" class=\"size-full wp-image-5240\" src=\"https:\/\/i0.wp.com\/www.moda.es\/blog\/wp-content\/uploads\/2012\/01\/00360m.jpg?resize=320%2C480\" alt=\"\" width=\"320\" height=\"480\" srcset=\"https:\/\/i0.wp.com\/www.moda.es\/blog\/wp-content\/uploads\/2012\/01\/00360m.jpg?w=320 320w, https:\/\/i0.wp.com\/www.moda.es\/blog\/wp-content\/uploads\/2012\/01\/00360m.jpg?resize=200%2C300 200w\" sizes=\"(max-width: 320px) 100vw, 320px\" data-recalc-dims=\"1\" \/><\/a><figcaption id=\"caption-attachment-5240\" class=\"wp-caption-text\">www.style.com<\/figcaption><\/figure>\n<p>Todo este ejercicio de sastrer\u00eda historicista como \u00abparodia del poder masculino\u00bb, explicaba Miuccia a Style.com entre bambalinas. Un ejercicio de estilo sorprendente.<\/p>\n<figure id=\"attachment_5241\" aria-describedby=\"caption-attachment-5241\" style=\"width: 320px\" class=\"wp-caption aligncenter\"><a href=\"https:\/\/i0.wp.com\/www.moda.es\/blog\/wp-content\/uploads\/2012\/01\/00380m.jpg\"><img data-attachment-id=\"5241\" data-permalink=\"http:\/\/www.moda.es\/blog\/00380m-6\/\" data-orig-file=\"https:\/\/i0.wp.com\/www.moda.es\/blog\/wp-content\/uploads\/2012\/01\/00380m.jpg?fit=320%2C480\" data-orig-size=\"320,480\" data-comments-opened=\"1\" data-image-meta=\"{&quot;aperture&quot;:&quot;0&quot;,&quot;credit&quot;:&quot;&quot;,&quot;camera&quot;:&quot;&quot;,&quot;caption&quot;:&quot;&quot;,&quot;created_timestamp&quot;:&quot;0&quot;,&quot;copyright&quot;:&quot;&quot;,&quot;focal_length&quot;:&quot;0&quot;,&quot;iso&quot;:&quot;0&quot;,&quot;shutter_speed&quot;:&quot;0&quot;,&quot;title&quot;:&quot;&quot;}\" data-image-title=\"00380m\" data-image-description=\"\" data-image-caption=\"&lt;p&gt;Jamie Bell. Foto via www.style.com &lt;\/p&gt;\n\" data-medium-file=\"https:\/\/i0.wp.com\/www.moda.es\/blog\/wp-content\/uploads\/2012\/01\/00380m.jpg?fit=200%2C300\" data-large-file=\"https:\/\/i0.wp.com\/www.moda.es\/blog\/wp-content\/uploads\/2012\/01\/00380m.jpg?fit=320%2C480\" loading=\"lazy\" class=\"size-full wp-image-5241\" src=\"https:\/\/i0.wp.com\/www.moda.es\/blog\/wp-content\/uploads\/2012\/01\/00380m.jpg?resize=320%2C480\" alt=\"\" width=\"320\" height=\"480\" srcset=\"https:\/\/i0.wp.com\/www.moda.es\/blog\/wp-content\/uploads\/2012\/01\/00380m.jpg?w=320 320w, https:\/\/i0.wp.com\/www.moda.es\/blog\/wp-content\/uploads\/2012\/01\/00380m.jpg?resize=200%2C300 200w\" sizes=\"(max-width: 320px) 100vw, 320px\" data-recalc-dims=\"1\" \/><\/a><figcaption id=\"caption-attachment-5241\" class=\"wp-caption-text\">Jamie Bell. Foto via www.style.com<\/figcaption><\/figure>\n<p>Por si este despliegue fuera poco, la italiana se guardaba un as en la manga: un ramillete de caballeros del siglo XXI digno de la mejor pel\u00edcula: Gary Oldman, Adrien Brody, Willem Dafoe, Jamie Bell, Emile Hirsch. Prada es capaz de superarse en la forma y en el fondo.<\/p>\n<figure id=\"attachment_5242\" aria-describedby=\"caption-attachment-5242\" style=\"width: 320px\" class=\"wp-caption aligncenter\"><a href=\"https:\/\/i0.wp.com\/www.moda.es\/blog\/wp-content\/uploads\/2012\/01\/00390m.jpg\"><img data-attachment-id=\"5242\" data-permalink=\"http:\/\/www.moda.es\/blog\/00390m-4\/\" data-orig-file=\"https:\/\/i0.wp.com\/www.moda.es\/blog\/wp-content\/uploads\/2012\/01\/00390m.jpg?fit=320%2C480\" data-orig-size=\"320,480\" data-comments-opened=\"1\" data-image-meta=\"{&quot;aperture&quot;:&quot;0&quot;,&quot;credit&quot;:&quot;&quot;,&quot;camera&quot;:&quot;&quot;,&quot;caption&quot;:&quot;&quot;,&quot;created_timestamp&quot;:&quot;0&quot;,&quot;copyright&quot;:&quot;&quot;,&quot;focal_length&quot;:&quot;0&quot;,&quot;iso&quot;:&quot;0&quot;,&quot;shutter_speed&quot;:&quot;0&quot;,&quot;title&quot;:&quot;&quot;}\" data-image-title=\"00390m\" data-image-description=\"\" data-image-caption=\"&lt;p&gt;Emile Hirsch. Foto via www.style.com&lt;\/p&gt;\n\" data-medium-file=\"https:\/\/i0.wp.com\/www.moda.es\/blog\/wp-content\/uploads\/2012\/01\/00390m.jpg?fit=200%2C300\" data-large-file=\"https:\/\/i0.wp.com\/www.moda.es\/blog\/wp-content\/uploads\/2012\/01\/00390m.jpg?fit=320%2C480\" loading=\"lazy\" class=\"size-full wp-image-5242\" src=\"https:\/\/i0.wp.com\/www.moda.es\/blog\/wp-content\/uploads\/2012\/01\/00390m.jpg?resize=320%2C480\" alt=\"\" width=\"320\" height=\"480\" srcset=\"https:\/\/i0.wp.com\/www.moda.es\/blog\/wp-content\/uploads\/2012\/01\/00390m.jpg?w=320 320w, https:\/\/i0.wp.com\/www.moda.es\/blog\/wp-content\/uploads\/2012\/01\/00390m.jpg?resize=200%2C300 200w\" sizes=\"(max-width: 320px) 100vw, 320px\" data-recalc-dims=\"1\" \/><\/a><figcaption id=\"caption-attachment-5242\" class=\"wp-caption-text\">Emile Hirsch. Foto via www.style.com<\/figcaption><\/figure>\n<figure id=\"attachment_5243\" aria-describedby=\"caption-attachment-5243\" style=\"width: 320px\" class=\"wp-caption aligncenter\"><a href=\"https:\/\/i0.wp.com\/www.moda.es\/blog\/wp-content\/uploads\/2012\/01\/00400m.jpg\"><img data-attachment-id=\"5243\" data-permalink=\"http:\/\/www.moda.es\/blog\/00400m-4\/\" data-orig-file=\"https:\/\/i0.wp.com\/www.moda.es\/blog\/wp-content\/uploads\/2012\/01\/00400m.jpg?fit=320%2C480\" data-orig-size=\"320,480\" data-comments-opened=\"1\" data-image-meta=\"{&quot;aperture&quot;:&quot;0&quot;,&quot;credit&quot;:&quot;&quot;,&quot;camera&quot;:&quot;&quot;,&quot;caption&quot;:&quot;&quot;,&quot;created_timestamp&quot;:&quot;0&quot;,&quot;copyright&quot;:&quot;&quot;,&quot;focal_length&quot;:&quot;0&quot;,&quot;iso&quot;:&quot;0&quot;,&quot;shutter_speed&quot;:&quot;0&quot;,&quot;title&quot;:&quot;&quot;}\" data-image-title=\"00400m\" data-image-description=\"\" data-image-caption=\"&lt;p&gt;Tim Roth. Foto via www.style.com&lt;\/p&gt;\n\" data-medium-file=\"https:\/\/i0.wp.com\/www.moda.es\/blog\/wp-content\/uploads\/2012\/01\/00400m.jpg?fit=200%2C300\" data-large-file=\"https:\/\/i0.wp.com\/www.moda.es\/blog\/wp-content\/uploads\/2012\/01\/00400m.jpg?fit=320%2C480\" loading=\"lazy\" class=\"size-full wp-image-5243\" src=\"https:\/\/i0.wp.com\/www.moda.es\/blog\/wp-content\/uploads\/2012\/01\/00400m.jpg?resize=320%2C480\" alt=\"\" width=\"320\" height=\"480\" srcset=\"https:\/\/i0.wp.com\/www.moda.es\/blog\/wp-content\/uploads\/2012\/01\/00400m.jpg?w=320 320w, https:\/\/i0.wp.com\/www.moda.es\/blog\/wp-content\/uploads\/2012\/01\/00400m.jpg?resize=200%2C300 200w\" sizes=\"(max-width: 320px) 100vw, 320px\" data-recalc-dims=\"1\" \/><\/a><figcaption id=\"caption-attachment-5243\" class=\"wp-caption-text\">Tim Roth. Foto via www.style.com<\/figcaption><\/figure>\n<p>&nbsp;<\/p>\n<figure id=\"attachment_5245\" aria-describedby=\"caption-attachment-5245\" style=\"width: 320px\" class=\"wp-caption aligncenter\"><a href=\"https:\/\/i0.wp.com\/www.moda.es\/blog\/wp-content\/uploads\/2012\/01\/00410m1.jpg\"><img data-attachment-id=\"5245\" data-permalink=\"http:\/\/www.moda.es\/blog\/00410m-6\/\" data-orig-file=\"https:\/\/i0.wp.com\/www.moda.es\/blog\/wp-content\/uploads\/2012\/01\/00410m1.jpg?fit=320%2C480\" data-orig-size=\"320,480\" data-comments-opened=\"1\" data-image-meta=\"{&quot;aperture&quot;:&quot;0&quot;,&quot;credit&quot;:&quot;&quot;,&quot;camera&quot;:&quot;&quot;,&quot;caption&quot;:&quot;&quot;,&quot;created_timestamp&quot;:&quot;0&quot;,&quot;copyright&quot;:&quot;&quot;,&quot;focal_length&quot;:&quot;0&quot;,&quot;iso&quot;:&quot;0&quot;,&quot;shutter_speed&quot;:&quot;0&quot;,&quot;title&quot;:&quot;&quot;}\" data-image-title=\"00410m\" data-image-description=\"\" data-image-caption=\"&lt;p&gt;Willem Dafoe. Foto via www.style.com&lt;\/p&gt;\n\" data-medium-file=\"https:\/\/i0.wp.com\/www.moda.es\/blog\/wp-content\/uploads\/2012\/01\/00410m1.jpg?fit=200%2C300\" data-large-file=\"https:\/\/i0.wp.com\/www.moda.es\/blog\/wp-content\/uploads\/2012\/01\/00410m1.jpg?fit=320%2C480\" loading=\"lazy\" class=\"size-full wp-image-5245\" src=\"https:\/\/i0.wp.com\/www.moda.es\/blog\/wp-content\/uploads\/2012\/01\/00410m1.jpg?resize=320%2C480\" alt=\"\" width=\"320\" height=\"480\" srcset=\"https:\/\/i0.wp.com\/www.moda.es\/blog\/wp-content\/uploads\/2012\/01\/00410m1.jpg?w=320 320w, https:\/\/i0.wp.com\/www.moda.es\/blog\/wp-content\/uploads\/2012\/01\/00410m1.jpg?resize=200%2C300 200w\" sizes=\"(max-width: 320px) 100vw, 320px\" data-recalc-dims=\"1\" \/><\/a><figcaption id=\"caption-attachment-5245\" class=\"wp-caption-text\">Willem Dafoe. Foto via www.style.com<\/figcaption><\/figure>\n<figure id=\"attachment_5246\" aria-describedby=\"caption-attachment-5246\" style=\"width: 320px\" class=\"wp-caption aligncenter\"><a href=\"https:\/\/i0.wp.com\/www.moda.es\/blog\/wp-content\/uploads\/2012\/01\/00420m.jpg\"><img data-attachment-id=\"5246\" data-permalink=\"http:\/\/www.moda.es\/blog\/00420m-4\/\" data-orig-file=\"https:\/\/i0.wp.com\/www.moda.es\/blog\/wp-content\/uploads\/2012\/01\/00420m.jpg?fit=320%2C480\" data-orig-size=\"320,480\" data-comments-opened=\"1\" data-image-meta=\"{&quot;aperture&quot;:&quot;0&quot;,&quot;credit&quot;:&quot;&quot;,&quot;camera&quot;:&quot;&quot;,&quot;caption&quot;:&quot;&quot;,&quot;created_timestamp&quot;:&quot;0&quot;,&quot;copyright&quot;:&quot;&quot;,&quot;focal_length&quot;:&quot;0&quot;,&quot;iso&quot;:&quot;0&quot;,&quot;shutter_speed&quot;:&quot;0&quot;,&quot;title&quot;:&quot;&quot;}\" data-image-title=\"00420m\" data-image-description=\"\" data-image-caption=\"&lt;p&gt;Adrien Brody. Foto via www.style.com&lt;\/p&gt;\n\" data-medium-file=\"https:\/\/i0.wp.com\/www.moda.es\/blog\/wp-content\/uploads\/2012\/01\/00420m.jpg?fit=200%2C300\" data-large-file=\"https:\/\/i0.wp.com\/www.moda.es\/blog\/wp-content\/uploads\/2012\/01\/00420m.jpg?fit=320%2C480\" loading=\"lazy\" class=\"size-full wp-image-5246\" src=\"https:\/\/i0.wp.com\/www.moda.es\/blog\/wp-content\/uploads\/2012\/01\/00420m.jpg?resize=320%2C480\" alt=\"\" width=\"320\" height=\"480\" srcset=\"https:\/\/i0.wp.com\/www.moda.es\/blog\/wp-content\/uploads\/2012\/01\/00420m.jpg?w=320 320w, https:\/\/i0.wp.com\/www.moda.es\/blog\/wp-content\/uploads\/2012\/01\/00420m.jpg?resize=200%2C300 200w\" sizes=\"(max-width: 320px) 100vw, 320px\" data-recalc-dims=\"1\" \/><\/a><figcaption id=\"caption-attachment-5246\" class=\"wp-caption-text\">Adrien Brody. Foto via www.style.com<\/figcaption><\/figure>\n<figure id=\"attachment_5235\" aria-describedby=\"caption-attachment-5235\" style=\"width: 334px\" class=\"wp-caption aligncenter\"><a href=\"https:\/\/i0.wp.com\/www.moda.es\/blog\/wp-content\/uploads\/2012\/01\/Gary_Oldman.jpg\"><img data-attachment-id=\"5235\" data-permalink=\"http:\/\/www.moda.es\/blog\/gary_oldman\/\" data-orig-file=\"https:\/\/i0.wp.com\/www.moda.es\/blog\/wp-content\/uploads\/2012\/01\/Gary_Oldman-e1327534371570.jpg?fit=334%2C500\" data-orig-size=\"334,500\" data-comments-opened=\"1\" data-image-meta=\"{&quot;aperture&quot;:&quot;0&quot;,&quot;credit&quot;:&quot;&quot;,&quot;camera&quot;:&quot;&quot;,&quot;caption&quot;:&quot;&quot;,&quot;created_timestamp&quot;:&quot;0&quot;,&quot;copyright&quot;:&quot;&quot;,&quot;focal_length&quot;:&quot;0&quot;,&quot;iso&quot;:&quot;0&quot;,&quot;shutter_speed&quot;:&quot;0&quot;,&quot;title&quot;:&quot;&quot;}\" data-image-title=\"Gary_Oldman\" data-image-description=\"\" data-image-caption=\"&lt;p&gt;Gary Oldman. Foto via www.elpais.com &lt;\/p&gt;\n\" data-medium-file=\"https:\/\/i0.wp.com\/www.moda.es\/blog\/wp-content\/uploads\/2012\/01\/Gary_Oldman-e1327534371570.jpg?fit=200%2C300\" data-large-file=\"https:\/\/i0.wp.com\/www.moda.es\/blog\/wp-content\/uploads\/2012\/01\/Gary_Oldman-e1327534371570.jpg?fit=334%2C500\" loading=\"lazy\" class=\"size-full wp-image-5235\" src=\"https:\/\/i0.wp.com\/www.moda.es\/blog\/wp-content\/uploads\/2012\/01\/Gary_Oldman-e1327534371570.jpg?resize=334%2C500\" alt=\"\" width=\"334\" height=\"500\" srcset=\"https:\/\/i0.wp.com\/www.moda.es\/blog\/wp-content\/uploads\/2012\/01\/Gary_Oldman-e1327534371570.jpg?w=334 334w, https:\/\/i0.wp.com\/www.moda.es\/blog\/wp-content\/uploads\/2012\/01\/Gary_Oldman-e1327534371570.jpg?resize=200%2C300 200w\" sizes=\"(max-width: 334px) 100vw, 334px\" data-recalc-dims=\"1\" \/><\/a><figcaption id=\"caption-attachment-5235\" class=\"wp-caption-text\">Gary Oldman. Foto via www.elpais.com<\/figcaption><\/figure>\n","protected":false},"excerpt":{"rendered":"<p>Lo m\u00e1s moderno hoy es lo antiguo. Algo as\u00ed dec\u00eda un art\u00edculo del S Moda del s\u00e1bado pasado. Lo mismo que constataba ayer en una \u00f3ptica de la capital, cuando una de sus socias me comentaba que lo que viene son las gafas de metal como las que luc\u00edan los [&hellip;]<\/p>\n","protected":false},"author":2,"featured_media":16693,"comment_status":"open","ping_status":"open","sticky":false,"template":"","format":"standard","meta":{"jetpack_publicize_message":"","jetpack_is_tweetstorm":false,"jetpack_publicize_feature_enabled":true},"categories":[23],"tags":[],"jetpack_publicize_connections":[],"jetpack_featured_media_url":"https:\/\/i0.wp.com\/www.moda.es\/blog\/wp-content\/uploads\/2012\/01\/00130m1.jpg?fit=320%2C480","jetpack_sharing_enabled":true,"jetpack_shortlink":"https:\/\/wp.me\/p4tJCC-1mn","jetpack-related-posts":[{"id":8888,"url":"http:\/\/www.moda.es\/blog\/milan-fashion-week-resumen-de-la-semana\/","url_meta":{"origin":5231,"position":0},"title":"Milan Fashion Week. Resumen de la semana","date":"septiembre 25, 2012","format":false,"excerpt":"Hoy se clausura la \u00faltima edici\u00f3n de la Milan Fashion Week por la que ha desfilado lo mejor de la moda italiana desde el pasado mi\u00e9rcoles. La cantidad de propuestas es tal que hemos preferido prepararos un resumen con lo mejor de lo mejor -siempre seg\u00fan el criterio de nuestra\u2026","rel":"","context":"En \u00abPasarelas\u00bb","img":{"alt_text":"","src":"https:\/\/i0.wp.com\/www.moda.es\/blog\/wp-content\/uploads\/2012\/09\/Jil-Sander_Look-1-e13485959435351.jpg?fit=400%2C601&resize=350%2C200","width":350,"height":200},"classes":[]},{"id":7974,"url":"http:\/\/www.moda.es\/blog\/suave-es-el-verano\/","url_meta":{"origin":5231,"position":1},"title":"Suave es el verano","date":"julio 21, 2012","format":false,"excerpt":"Antes que nada, pediros disculpas por el par\u00e9ntesis de estos d\u00edas sin previo aviso, pero la familia obliga y ten\u00edamos un buen motivo para este silencio. Sin m\u00e1s pre\u00e1mbulos, un nuevo post. Nos encanta el verano. No el de 40\u00ba a la sombra del interior de la pen\u00ednsula, sino entendido\u2026","rel":"","context":"En \u00abTendencias\u00bb","img":{"alt_text":"","src":"https:\/\/i0.wp.com\/www.moda.es\/blog\/wp-content\/uploads\/2012\/07\/Chanel-Spring-Summer-2012-Ad-Campaign91.jpg?fit=460%2C305&resize=350%2C200","width":350,"height":200},"classes":[]},{"id":7935,"url":"http:\/\/www.moda.es\/blog\/the-row-obra-de-las-hermanas-olsen\/","url_meta":{"origin":5231,"position":2},"title":"The Row, obra de las hermanas Olsen","date":"julio 11, 2012","format":false,"excerpt":"Las gemelas Olsen, asiduas en desfiles, fiestas y eventos varios\u00a0de moda, tienen un (buen) negocio en este mundo. Y no les va mal, nada mal. En otro post os cont\u00e1bamos que hab\u00eda recibido el premio de\u00a0The Council of Fashion Deisgner of Am\u00e9rica (Consejo de Dise\u00f1adores de Moda de Am\u00e9rica) a\u2026","rel":"","context":"En \u00abFirmas\u00bb","img":{"alt_text":"","src":"https:\/\/i0.wp.com\/www.moda.es\/blog\/wp-content\/uploads\/2012\/07\/0605the-row-cfda-award-womenswear_fa-e13419565972111.jpg?fit=380%2C500&resize=350%2C200","width":350,"height":200},"classes":[]},{"id":9098,"url":"http:\/\/www.moda.es\/blog\/paris-fashion-week-nuestro-resumen-2\/","url_meta":{"origin":5231,"position":3},"title":"Paris Fashion Week, nuestro resumen 2","date":"octubre 10, 2012","format":false,"excerpt":"Continuamos con nuestro resumen personal de Par\u00eds. En su pasarela tambi\u00e9n estuvieron los dise\u00f1os de Nicolas Ghesqui\u00e8re para Balenciaga, cuyo desfile quiz\u00e1 qued\u00f3 eclipsado por la vuelta a las pasarelas de Hedi Slimane y el primer desfile para Christian Dior de Raf Simons. Pero, sin duda, Ghesqui\u00e8re es uno de\u2026","rel":"","context":"En \u00abPasarelas\u00bb","img":{"alt_text":"","src":"https:\/\/i0.wp.com\/www.moda.es\/blog\/wp-content\/uploads\/2012\/10\/Balenciaga_Look-101.jpg?fit=450%2C675&resize=350%2C200","width":350,"height":200},"classes":[]},{"id":8769,"url":"http:\/\/www.moda.es\/blog\/el-romanticismo-nunca-muere\/","url_meta":{"origin":5231,"position":4},"title":"El romanticismo nunca muere","date":"septiembre 15, 2012","format":false,"excerpt":"La tendencia rom\u00e1ntica no se extingue tras el verano. Ya se sabe, algunas, como \u00e9sta, no desaparecen con las temporadas. Los vestidos de gasa, los bordados, los encajes contin\u00faan durante el oto\u00f1o. Como inspiraci\u00f3n podr\u00edamos tomar la pel\u00edcula 'Picnic at Hanging Rock' (Peter Weir, 1975) que reproduce la dulce est\u00e9tica\u2026","rel":"","context":"En \u00abTendencias\u00bb","img":{"alt_text":"","src":"https:\/\/i0.wp.com\/www.moda.es\/blog\/wp-content\/uploads\/2012\/09\/Picnic_41.jpg?fit=500%2C331&resize=350%2C200","width":350,"height":200},"classes":[]},{"id":6705,"url":"http:\/\/www.moda.es\/blog\/michael-pitt-el-hombre-de-ayer-para-prada\/","url_meta":{"origin":5231,"position":5},"title":"Michael Pitt, el hombre de ayer para Prada","date":"abril 19, 2012","format":false,"excerpt":"El viernes pasado le pod\u00edais encontrar en la televisi\u00f3n como uno de los tres protagosnitas de la pel\u00edcula So\u00f1adores (Bernardo Bertolucci, 2003). En una escena la chica protagonista, interpretada por Eva Green, se dirige a Michael Pitt dici\u00e9ndole lo mucho que le gustan sus labios. Y es que son la\u2026","rel":"","context":"En \u00abModa Hombre\u00bb","img":{"alt_text":"","src":"https:\/\/i0.wp.com\/www.moda.es\/blog\/wp-content\/uploads\/2012\/04\/02-e13348694431561.jpg?fit=500%2C321&resize=350%2C200","width":350,"height":200},"classes":[]}],"_links":{"self":[{"href":"http:\/\/www.moda.es\/blog\/wp-json\/wp\/v2\/posts\/5231"}],"collection":[{"href":"http:\/\/www.moda.es\/blog\/wp-json\/wp\/v2\/posts"}],"about":[{"href":"http:\/\/www.moda.es\/blog\/wp-json\/wp\/v2\/types\/post"}],"author":[{"embeddable":true,"href":"http:\/\/www.moda.es\/blog\/wp-json\/wp\/v2\/users\/2"}],"replies":[{"embeddable":true,"href":"http:\/\/www.moda.es\/blog\/wp-json\/wp\/v2\/comments?post=5231"}],"version-history":[{"count":0,"href":"http:\/\/www.moda.es\/blog\/wp-json\/wp\/v2\/posts\/5231\/revisions"}],"wp:featuredmedia":[{"embeddable":true,"href":"http:\/\/www.moda.es\/blog\/wp-json\/wp\/v2\/media\/16693"}],"wp:attachment":[{"href":"http:\/\/www.moda.es\/blog\/wp-json\/wp\/v2\/media?parent=5231"}],"wp:term":[{"taxonomy":"category","embeddable":true,"href":"http:\/\/www.moda.es\/blog\/wp-json\/wp\/v2\/categories?post=5231"},{"taxonomy":"post_tag","embeddable":true,"href":"http:\/\/www.moda.es\/blog\/wp-json\/wp\/v2\/tags?post=5231"}],"curies":[{"name":"wp","href":"https:\/\/api.w.org\/{rel}","templated":true}]}}